{"id":41288,"date":"2026-03-06T05:33:28","date_gmt":"2026-03-06T04:33:28","guid":{"rendered":"https:\/\/www.rwg-bayreuth.de\/home\/?p=41288"},"modified":"2026-04-23T15:04:32","modified_gmt":"2026-04-23T13:04:32","slug":"gemeinsam-ausgezeichnet-das-rwg-wird-modus-schule","status":"publish","type":"post","link":"https:\/\/www.rwg-bayreuth.de\/home\/?p=41288","title":{"rendered":"Gemeinsam ausgezeichnet \u2013 das RWG wird MODUS-Schule"},"content":{"rendered":"<p><!-- Jurenka\n\nver\u00f6ff: 6.3.\n\n--><a href=\"https:\/\/www.rwg-bayreuth.de\/home\/wp-content\/uploads\/2026\/04\/25-26-FestaktModusschule-Gruppenfoto.jpg\"><img loading=\"lazy\" decoding=\"async\" src=\"https:\/\/www.rwg-bayreuth.de\/home\/wp-content\/uploads\/2026\/04\/25-26-FestaktModusschule-Gruppenfoto-450x338.jpg\" alt=\"\" width=\"450\" height=\"338\" class=\"alignright size-medium wp-image-41295 crop219\" style=\"object-position: 50% 55%;\" srcset=\"https:\/\/www.rwg-bayreuth.de\/home\/wp-content\/uploads\/2026\/04\/25-26-FestaktModusschule-Gruppenfoto-450x338.jpg 450w, https:\/\/www.rwg-bayreuth.de\/home\/wp-content\/uploads\/2026\/04\/25-26-FestaktModusschule-Gruppenfoto-150x113.jpg 150w, https:\/\/www.rwg-bayreuth.de\/home\/wp-content\/uploads\/2026\/04\/25-26-FestaktModusschule-Gruppenfoto-768x576.jpg 768w, https:\/\/www.rwg-bayreuth.de\/home\/wp-content\/uploads\/2026\/04\/25-26-FestaktModusschule-Gruppenfoto-1024x768.jpg 1024w, https:\/\/www.rwg-bayreuth.de\/home\/wp-content\/uploads\/2026\/04\/25-26-FestaktModusschule-Gruppenfoto-250x188.jpg 250w, https:\/\/www.rwg-bayreuth.de\/home\/wp-content\/uploads\/2026\/04\/25-26-FestaktModusschule-Gruppenfoto.jpg 1365w\" sizes=\"(max-width: 450px) 100vw, 450px\" \/><\/a><\/p>\n<p>Die Auszeichnung des RWG als MODUS-Schule ist ein besonderer Meilenstein f\u00fcr unsere gesamte Schulfamilie. Sie wurde im Rahmen eines feierlichen Festakts begangen, zu dem wir unter anderem den Ministerialbeauftragten f\u00fcr die Gymnasien in Oberfranken, Herrn Rhode, sowie den Oberb\u00fcrgermeister der Stadt Bayreuth, Herrn Ebersberger, begr\u00fc\u00dfen durften. Auch zahlreiche Vertreterinnen und Vertreter der Schulgemeinschaft nahmen an diesem besonderen Anlass teil.<!--\n\n<a href=\"https:\/\/www.rwg-bayreuth.de\/home\/wp-content\/uploads\/2026\/04\/25-26-FestaktModusschule-Ebersberger.jpg\"><img loading=\"lazy\" decoding=\"async\" src=\"https:\/\/www.rwg-bayreuth.de\/home\/wp-content\/uploads\/2026\/04\/25-26-FestaktModusschule-Ebersberger-338x450.jpg\" alt=\"\" width=\"338\" height=\"450\" class=\"alignright size-medium wp-image-41293 crop219\" style=\"object-position: 50% 60%;\" srcset=\"https:\/\/www.rwg-bayreuth.de\/home\/wp-content\/uploads\/2026\/04\/25-26-FestaktModusschule-Ebersberger-338x450.jpg 338w, https:\/\/www.rwg-bayreuth.de\/home\/wp-content\/uploads\/2026\/04\/25-26-FestaktModusschule-Ebersberger-113x150.jpg 113w, https:\/\/www.rwg-bayreuth.de\/home\/wp-content\/uploads\/2026\/04\/25-26-FestaktModusschule-Ebersberger-768x1024.jpg 768w, https:\/\/www.rwg-bayreuth.de\/home\/wp-content\/uploads\/2026\/04\/25-26-FestaktModusschule-Ebersberger-250x333.jpg 250w, https:\/\/www.rwg-bayreuth.de\/home\/wp-content\/uploads\/2026\/04\/25-26-FestaktModusschule-Ebersberger.jpg 1024w\" sizes=\"(max-width: 338px) 100vw, 338px\" \/><\/a>--><\/p>\n<p>Die Auszeichnung w\u00fcrdigt nicht nur die herausragenden Ergebnisse der externen Evaluation, sondern auch das engagierte Miteinander von Sch\u00fclerinnen und Sch\u00fclern, Lehrkr\u00e4ften und Eltern. Zugleich verstehen wir diese Ehrung als Ansporn, den eingeschlagenen Weg gemeinsam weiterzugehen und Schule auch k\u00fcnftig aktiv und zukunftsorientiert zu gestalten.<\/p>\n<p><a href=\"https:\/\/www.rwg-bayreuth.de\/home\/wp-content\/uploads\/2026\/04\/25-26-FestaktModusschule-Musik.jpg\"><img loading=\"lazy\" decoding=\"async\" src=\"https:\/\/www.rwg-bayreuth.de\/home\/wp-content\/uploads\/2026\/04\/25-26-FestaktModusschule-Musik.jpg\" alt=\"\" width=\"1024\" height=\"1365\" class=\"aligncenter size-full wp-image-41291 crop219\" style=\"object-position: 50% 67%;\" srcset=\"https:\/\/www.rwg-bayreuth.de\/home\/wp-content\/uploads\/2026\/04\/25-26-FestaktModusschule-Musik.jpg 1024w, https:\/\/www.rwg-bayreuth.de\/home\/wp-content\/uploads\/2026\/04\/25-26-FestaktModusschule-Musik-113x150.jpg 113w, https:\/\/www.rwg-bayreuth.de\/home\/wp-content\/uploads\/2026\/04\/25-26-FestaktModusschule-Musik-338x450.jpg 338w, https:\/\/www.rwg-bayreuth.de\/home\/wp-content\/uploads\/2026\/04\/25-26-FestaktModusschule-Musik-768x1024.jpg 768w, https:\/\/www.rwg-bayreuth.de\/home\/wp-content\/uploads\/2026\/04\/25-26-FestaktModusschule-Musik-250x333.jpg 250w\" sizes=\"(max-width: 1024px) 100vw, 1024px\" \/><\/a><\/p>\n<p>Musikalisch wurde der Festakt stimmungsvoll vom Schulchor begleitet, der mit dem Lied \u201eMamma Mia\u201c von ABBA f\u00fcr einen beschwingten Akzent sorgte. Zudem bereicherte die Sch\u00fclerin Juliane Kertsch mit ihrem einf\u00fchlsamen Harfenspiel die Veranstaltung und verlieh ihr eine besonders festliche Atmosph\u00e4re.<\/p>\n<p>Im Folgenden kommen Mitglieder unserer Schulfamilie zu Wort und geben Einblick in ihre Eindr\u00fccke sowie die besondere Stimmung rund um diese Auszeichnung.<\/p>\n<div style=\"transform: rotate(0deg); margin:3px; padding: 20px; box-shadow: 3px 5px 10px gray; border: 1px solid #cccccc; margin-bottom:30px;\">\n<h2>Ursula Graf, Schulleiterin<\/h2>\n<p><a href=\"https:\/\/www.rwg-bayreuth.de\/home\/wp-content\/uploads\/2026\/04\/25-26-FestaktModusschule-Graf.jpg\"><img loading=\"lazy\" decoding=\"async\" src=\"https:\/\/www.rwg-bayreuth.de\/home\/wp-content\/uploads\/2026\/04\/25-26-FestaktModusschule-Graf-338x450.jpg\" alt=\"\" width=\"338\" height=\"450\" class=\"alignright size-medium wp-image-41294 crop219\" style=\"object-position: 50% 38%;\" srcset=\"https:\/\/www.rwg-bayreuth.de\/home\/wp-content\/uploads\/2026\/04\/25-26-FestaktModusschule-Graf-338x450.jpg 338w, https:\/\/www.rwg-bayreuth.de\/home\/wp-content\/uploads\/2026\/04\/25-26-FestaktModusschule-Graf-113x150.jpg 113w, https:\/\/www.rwg-bayreuth.de\/home\/wp-content\/uploads\/2026\/04\/25-26-FestaktModusschule-Graf-768x1024.jpg 768w, https:\/\/www.rwg-bayreuth.de\/home\/wp-content\/uploads\/2026\/04\/25-26-FestaktModusschule-Graf-250x333.jpg 250w, https:\/\/www.rwg-bayreuth.de\/home\/wp-content\/uploads\/2026\/04\/25-26-FestaktModusschule-Graf.jpg 1024w\" sizes=\"(max-width: 338px) 100vw, 338px\" \/><\/a><\/p>\n<p><em>Mamma mia<\/em>, dachten wir, als es hie\u00df, das RWG sei Teil der Externen Evaluation 2025 \u2013 ohne zu ahnen, dass dieser Prozess in die heutige Feier m\u00fcnden w\u00fcrde. Nach der letzten Evaluation 2013 hatten Pandemie und Reformen f\u00fcr eine lange Pause gesorgt. Ende 2024 wurde das Verfahren zun\u00e4chst gestoppt und kurz darauf doch wieder aufgenommen.<br \/>\n<em>Mamma mia, here we go again.<\/em><\/p>\n<p>Es folgten Auftaktkonferenz, das Einreichen von Konzepten, Umfragen bei Sch\u00fclerinnen und Sch\u00fclern, Eltern und Lehrkr\u00e4ften sowie die Schulbesuchstage mit Unterrichtsbesuchen und Gespr\u00e4chen. Danach hie\u00df es: gespannt auf das Ergebnis warten.<\/p>\n<p>Die \u00dcberraschung war gro\u00df: Von 44 Items erreichten wir 22-mal exzellente, 18-mal gute und 4-mal angemessene Praxis \u2013 Handlungsbedarf bestand in keinem Bereich. Damit erf\u00fcllten wir auch die Voraussetzungen f\u00fcr den Status als Modus-Schule und \u00fcbertrafen in drei der vier Bereiche die Anforderungen deutlich. <em>Mamma mia<\/em> \u2013 damit hatten wir nicht gerechnet. Im Nachhinein erwies sich die Evaluation als gro\u00dfer Gl\u00fccksfall.<\/p>\n<p>Modus-Schulen sind aktuell gut 60 von rund 5700 Schulen in Bayern. Wir sind stolz auf diese Auszeichnung und danken allen Kolleginnen und Kollegen f\u00fcr ihr Engagement, ihre Ideen und ihr Herzblut. Ebenso gilt unser Dank den Sch\u00fclerinnen und Sch\u00fclern sowie Eltern, die zu unserem besonderen Schulklima beitragen.<\/p>\n<p>Wie so oft ist das Erreichte nicht das Ende, sondern der Beginn eines Weges: Als Modus-Schule k\u00f6nnen wir neue p\u00e4dagogische Wege gehen \u2013 etwa bei Unterrichts- und Pr\u00fcfungsformaten im Zuge von Digitalisierung und KI oder bei der Gestaltung der Schulaufgaben. Diese Chancen und Herausforderungen nehmen wir gerne an.<\/p>\n<p>Schule bleibt spannend \u2013 <em>here we go again<\/em>!<\/p>\n<\/div>\n<div style=\"transform: rotate(0deg); margin:3px; padding: 20px; box-shadow: 3px 5px 10px gray; border: 1px solid #cccccc; margin-bottom:30px;\">\n<h2>Jakob Ke\u00dfler und Lukas Jahn, Sch\u00fclersprecher<\/h2>\n<p><a href=\"https:\/\/www.rwg-bayreuth.de\/home\/wp-content\/uploads\/2026\/04\/25-26-FestaktModusschule-Schuelersprecher.jpg\"><img loading=\"lazy\" decoding=\"async\" src=\"https:\/\/www.rwg-bayreuth.de\/home\/wp-content\/uploads\/2026\/04\/25-26-FestaktModusschule-Schuelersprecher-338x450.jpg\" alt=\"\" width=\"338\" height=\"450\" class=\"alignright size-medium wp-image-41292 crop219\" style=\"object-position: 50% 50%;\" srcset=\"https:\/\/www.rwg-bayreuth.de\/home\/wp-content\/uploads\/2026\/04\/25-26-FestaktModusschule-Schuelersprecher-338x450.jpg 338w, https:\/\/www.rwg-bayreuth.de\/home\/wp-content\/uploads\/2026\/04\/25-26-FestaktModusschule-Schuelersprecher-113x150.jpg 113w, https:\/\/www.rwg-bayreuth.de\/home\/wp-content\/uploads\/2026\/04\/25-26-FestaktModusschule-Schuelersprecher-768x1024.jpg 768w, https:\/\/www.rwg-bayreuth.de\/home\/wp-content\/uploads\/2026\/04\/25-26-FestaktModusschule-Schuelersprecher-250x333.jpg 250w, https:\/\/www.rwg-bayreuth.de\/home\/wp-content\/uploads\/2026\/04\/25-26-FestaktModusschule-Schuelersprecher.jpg 1024w\" sizes=\"(max-width: 338px) 100vw, 338px\" \/><\/a><\/p>\n<p>Zu Beginn sprechen wir allen Anwesenden unseren Dank aus, die sowohl an der Evaluation als auch an der Veranstaltung selbst mitgewirkt haben. Besondere Merkmale unserer Schule machen deutlich, warum wir diese Auszeichnung verdient haben. Im Mittelpunkt steht dabei die Gemeinschaft und das freundliche Miteinander an unserer Schule, veranschaulicht durch Beispiele aus dem Schulalltag wie das Schulfest, den Aktions- und Infotag oder das Tutorenprinzip. Auch die SMV sowie das gro\u00dfe Engagement vieler Sch\u00fclerinnen und Sch\u00fcler und Lehrkr\u00e4fte tragen ma\u00dfgeblich zu dieser positiven Atmosph\u00e4re bei. Auf dieser Grundlage konnten wir als Schule bereits weitere Auszeichnungen wie \u201eUmweltschule in Europa\u201c oder \u201eSchule ohne Rassismus \u2013 Schule mit Courage\u201c erreichen.<\/p>\n<p>Ab jetzt richten wir unseren Blick in die Zukunft und m\u00f6chten Ziele formulieren, die wir in den kommenden Jahren gemeinsam mit Lehrkr\u00e4ften, Schulleitung und Elternbeirat umsetzen wollen. Besonders wichtig ist uns dabei die st\u00e4rkere Mitsprache von uns als Sch\u00fclerinnen und Sch\u00fclern bei Diskussions- und Entscheidungsprozessen, etwa in Fragen der Pr\u00fcfungs- oder Unterrichtsgestaltung, um teilweise nicht mehr zeitgem\u00e4\u00dfe Methoden durch modernere Ans\u00e4tze zu ersetzen. Damit einhergehend f\u00f6rdern wir den verantwortungsvollen Umgang mit k\u00fcnstlicher Intelligenz sowie das Erlernen neuer F\u00e4higkeiten.<\/p>\n<p>Wir blicken zuversichtlich und mit Vorfreude auf eine erfolgreiche und gemeinsame Zukunft.\n<\/p><\/div>\n<div style=\"transform: rotate(0deg); margin:3px; padding: 20px; box-shadow: 3px 5px 10px gray; border: 1px solid #cccccc; margin-bottom:30px;\">\n<h2>Jana Kraft, Elternbeitratsvorsitzende<\/h2>\n<p><a href=\"https:\/\/www.rwg-bayreuth.de\/home\/wp-content\/uploads\/2026\/04\/25-26-FestaktModusschule-Kraft.jpg\"><img loading=\"lazy\" decoding=\"async\" src=\"https:\/\/www.rwg-bayreuth.de\/home\/wp-content\/uploads\/2026\/04\/25-26-FestaktModusschule-Kraft-338x450.jpg\" alt=\"\" width=\"338\" height=\"450\" class=\"alignright size-medium wp-image-41296 crop219\" style=\"object-position: 50% 65%;\" srcset=\"https:\/\/www.rwg-bayreuth.de\/home\/wp-content\/uploads\/2026\/04\/25-26-FestaktModusschule-Kraft-338x450.jpg 338w, https:\/\/www.rwg-bayreuth.de\/home\/wp-content\/uploads\/2026\/04\/25-26-FestaktModusschule-Kraft-113x150.jpg 113w, https:\/\/www.rwg-bayreuth.de\/home\/wp-content\/uploads\/2026\/04\/25-26-FestaktModusschule-Kraft-768x1024.jpg 768w, https:\/\/www.rwg-bayreuth.de\/home\/wp-content\/uploads\/2026\/04\/25-26-FestaktModusschule-Kraft-250x333.jpg 250w, https:\/\/www.rwg-bayreuth.de\/home\/wp-content\/uploads\/2026\/04\/25-26-FestaktModusschule-Kraft.jpg 1024w\" sizes=\"(max-width: 338px) 100vw, 338px\" \/><\/a><\/p>\n<p>Modusschule ist eine Auszeichnung, aber auch eine Verpflichtung. Wir als Elternbeirat freuen uns sehr \u00fcber die verdiente Auszeichnung und sehen unsere Verpflichtung dahingehend, uns weiterhin f\u00fcr die gesamte Schulfamilie mit ganzer Kraft einzusetzen, Kommunikation zu f\u00f6rdern, um gemeinsam mit Leidenschaft und Kreativit\u00e4t auch k\u00fcnftig viel Gutes zu bewirken.<\/p>\n","protected":false},"excerpt":{"rendered":"<p>Die Auszeichnung des RWG als MODUS-Schule ist ein besonderer Meilenstein f\u00fcr unsere gesamte Schulfamilie. Sie wurde im Rahmen eines feierlichen Festakts begangen, zu dem wir unter anderem den Ministerialbeauftragten f\u00fcr die Gymnasien in Oberfranken, Herrn Rhode, sowie den Oberb\u00fcrgermeister der Stadt Bayreuth, Herrn Ebersberger, begr\u00fc\u00dfen durften. Auch zahlreiche Vertreterinnen und Vertreter der Schulgemeinschaft nahmen an&hellip;<\/p>\n","protected":false},"author":11,"featured_media":41309,"comment_status":"closed","ping_status":"closed","sticky":false,"template":"","format":"standard","meta":{"footnotes":""},"categories":[1],"tags":[51,160],"_links":{"self":[{"href":"https:\/\/www.rwg-bayreuth.de\/home\/index.php?rest_route=\/wp\/v2\/posts\/41288"}],"collection":[{"href":"https:\/\/www.rwg-bayreuth.de\/home\/index.php?rest_route=\/wp\/v2\/posts"}],"about":[{"href":"https:\/\/www.rwg-bayreuth.de\/home\/index.php?rest_route=\/wp\/v2\/types\/post"}],"author":[{"embeddable":true,"href":"https:\/\/www.rwg-bayreuth.de\/home\/index.php?rest_route=\/wp\/v2\/users\/11"}],"replies":[{"embeddable":true,"href":"https:\/\/www.rwg-bayreuth.de\/home\/index.php?rest_route=%2Fwp%2Fv2%2Fcomments&post=41288"}],"version-history":[{"count":20,"href":"https:\/\/www.rwg-bayreuth.de\/home\/index.php?rest_route=\/wp\/v2\/posts\/41288\/revisions"}],"predecessor-version":[{"id":41328,"href":"https:\/\/www.rwg-bayreuth.de\/home\/index.php?rest_route=\/wp\/v2\/posts\/41288\/revisions\/41328"}],"wp:featuredmedia":[{"embeddable":true,"href":"https:\/\/www.rwg-bayreuth.de\/home\/index.php?rest_route=\/wp\/v2\/media\/41309"}],"wp:attachment":[{"href":"https:\/\/www.rwg-bayreuth.de\/home\/index.php?rest_route=%2Fwp%2Fv2%2Fmedia&parent=41288"}],"wp:term":[{"taxonomy":"category","embeddable":true,"href":"https:\/\/www.rwg-bayreuth.de\/home\/index.php?rest_route=%2Fwp%2Fv2%2Fcategories&post=41288"},{"taxonomy":"post_tag","embeddable":true,"href":"https:\/\/www.rwg-bayreuth.de\/home\/index.php?rest_route=%2Fwp%2Fv2%2Ftags&post=41288"}],"curies":[{"name":"wp","href":"https:\/\/api.w.org\/{rel}","templated":true}]}}