{"id":41267,"date":"2026-04-25T05:21:59","date_gmt":"2026-04-25T03:21:59","guid":{"rendered":"https:\/\/www.rwg-bayreuth.de\/home\/?p=41267"},"modified":"2026-04-22T16:28:29","modified_gmt":"2026-04-22T14:28:29","slug":"welttag-des-buches-wir-feiern-das-lesen","status":"publish","type":"post","link":"https:\/\/www.rwg-bayreuth.de\/home\/?p=41267","title":{"rendered":"Welttag des Buches \u2013 wir feiern das Lesen!"},"content":{"rendered":"<p><!-- Westfeld\n\nver\u00f6ff: 22.4.\n\n--><a href=\"https:\/\/www.rwg-bayreuth.de\/home\/wp-content\/uploads\/2026\/04\/25-26-5b-Welttag-des-Buches.jpg\"><img loading=\"lazy\" decoding=\"async\" src=\"https:\/\/www.rwg-bayreuth.de\/home\/wp-content\/uploads\/2026\/04\/25-26-5b-Welttag-des-Buches.jpg\" alt=\"\" width=\"1024\" height=\"683\" class=\"aligncenter size-full wp-image-41268 crop219\" srcset=\"https:\/\/www.rwg-bayreuth.de\/home\/wp-content\/uploads\/2026\/04\/25-26-5b-Welttag-des-Buches.jpg 1024w, https:\/\/www.rwg-bayreuth.de\/home\/wp-content\/uploads\/2026\/04\/25-26-5b-Welttag-des-Buches-150x100.jpg 150w, https:\/\/www.rwg-bayreuth.de\/home\/wp-content\/uploads\/2026\/04\/25-26-5b-Welttag-des-Buches-450x300.jpg 450w, https:\/\/www.rwg-bayreuth.de\/home\/wp-content\/uploads\/2026\/04\/25-26-5b-Welttag-des-Buches-768x512.jpg 768w, https:\/\/www.rwg-bayreuth.de\/home\/wp-content\/uploads\/2026\/04\/25-26-5b-Welttag-des-Buches-250x167.jpg 250w, https:\/\/www.rwg-bayreuth.de\/home\/wp-content\/uploads\/2026\/04\/25-26-5b-Welttag-des-Buches-900x600.jpg 900w\" sizes=\"(max-width: 1024px) 100vw, 1024px\" \/><\/a><\/p>\n<p>Am 23.&nbsp;April wird allj\u00e4hrlich der Welttag des Buches gefeiert. Unsere 5.&nbsp;Klassen haben auch dieses Jahr wieder mit verschiedenen Aktionen mitgemischt: So holten sich die Sch\u00fcler der 5b bereits am 21.&nbsp;April ihre Exemplare von \u201eDer fliegende Klassenscooter\u201c in der Buchhandlung Rupprecht ab. Dieser Comicroman wurde extra f\u00fcr den Welttag des Buches geschrieben und gedruckt und \u00fcber alle Buchhandlungen an Sch\u00fcler der 4. und 5.&nbsp;Klassen verschenkt. In der Buchhandlung bekamen wir zuerst von Frau Kraus auf anschauliche und spannende Weise den Weg von der ersten Idee zum fertigen Buch erkl\u00e4rt. Dann durften wir uns in der Buchhandlung umsehen und erhielten interessante Lekt\u00fcre-Tipps. Zum Schluss konnten wir dann unsere Gutscheine einl\u00f6sen und jeder Sch\u00fcler durfte sein Exemplar des diesj\u00e4hrigen Welttagbuches mit nach Hause nehmen.<\/p>\n<p>Auch die restliche Woche stand ganz im Zeichen des Buches. Unter allen 5.&nbsp;Klassen wurde eine Umfrage gestartet mit Fragen wie \u201eWie oft liest du?\u201c oder \u201eWelches Buch m\u00fcsste deiner Meinung nach unbedingt noch geschrieben werden?\u201c. Die Antwort auf diese und viele andere Fragen findet sich auf den Stellw\u00e4nden, die wir im F\u00fcnftklass-Gang im 2.Stock des Mittelbaus aufgestellt haben. Hier gibt es auch weitere interessante Fakten rund ums Schm\u00f6kern zu entdecken: Welches ist das gr\u00f6\u00dfte Buch der Welt? Und welches das Kleinste? Und das am meisten verkaufte? Wer&#8217;s wissen will, schaut vorbei! Viel Spa\u00df beim Lesen und Entdecken!<\/p>\n","protected":false},"excerpt":{"rendered":"<p>Am 23.&nbsp;April wird allj\u00e4hrlich der Welttag des Buches gefeiert. Unsere 5.&nbsp;Klassen haben auch dieses Jahr wieder mit verschiedenen Aktionen mitgemischt: So holten sich die Sch\u00fcler der 5b bereits am 21.&nbsp;April ihre Exemplare von \u201eDer fliegende Klassenscooter\u201c in der Buchhandlung Rupprecht ab. Dieser Comicroman wurde extra f\u00fcr den Welttag des Buches geschrieben und gedruckt und \u00fcber&hellip;<\/p>\n","protected":false},"author":11,"featured_media":41268,"comment_status":"closed","ping_status":"closed","sticky":false,"template":"","format":"standard","meta":{"footnotes":""},"categories":[1],"tags":[59,51,154],"_links":{"self":[{"href":"https:\/\/www.rwg-bayreuth.de\/home\/index.php?rest_route=\/wp\/v2\/posts\/41267"}],"collection":[{"href":"https:\/\/www.rwg-bayreuth.de\/home\/index.php?rest_route=\/wp\/v2\/posts"}],"about":[{"href":"https:\/\/www.rwg-bayreuth.de\/home\/index.php?rest_route=\/wp\/v2\/types\/post"}],"author":[{"embeddable":true,"href":"https:\/\/www.rwg-bayreuth.de\/home\/index.php?rest_route=\/wp\/v2\/users\/11"}],"replies":[{"embeddable":true,"href":"https:\/\/www.rwg-bayreuth.de\/home\/index.php?rest_route=%2Fwp%2Fv2%2Fcomments&post=41267"}],"version-history":[{"count":5,"href":"https:\/\/www.rwg-bayreuth.de\/home\/index.php?rest_route=\/wp\/v2\/posts\/41267\/revisions"}],"predecessor-version":[{"id":41273,"href":"https:\/\/www.rwg-bayreuth.de\/home\/index.php?rest_route=\/wp\/v2\/posts\/41267\/revisions\/41273"}],"wp:featuredmedia":[{"embeddable":true,"href":"https:\/\/www.rwg-bayreuth.de\/home\/index.php?rest_route=\/wp\/v2\/media\/41268"}],"wp:attachment":[{"href":"https:\/\/www.rwg-bayreuth.de\/home\/index.php?rest_route=%2Fwp%2Fv2%2Fmedia&parent=41267"}],"wp:term":[{"taxonomy":"category","embeddable":true,"href":"https:\/\/www.rwg-bayreuth.de\/home\/index.php?rest_route=%2Fwp%2Fv2%2Fcategories&post=41267"},{"taxonomy":"post_tag","embeddable":true,"href":"https:\/\/www.rwg-bayreuth.de\/home\/index.php?rest_route=%2Fwp%2Fv2%2Ftags&post=41267"}],"curies":[{"name":"wp","href":"https:\/\/api.w.org\/{rel}","templated":true}]}}