{"id":41170,"date":"2026-03-28T06:32:02","date_gmt":"2026-03-28T05:32:02","guid":{"rendered":"https:\/\/www.rwg-bayreuth.de\/home\/?p=41170"},"modified":"2026-04-15T15:35:58","modified_gmt":"2026-04-15T13:35:58","slug":"handwerk-hautnah-neue-perspektiven-jenseits-des-hoersaals","status":"publish","type":"post","link":"https:\/\/www.rwg-bayreuth.de\/home\/?p=41170","title":{"rendered":"Handwerk hautnah: Neue Perspektiven jenseits des H\u00f6rsaals"},"content":{"rendered":"<p><!-- Schill\n\n--><a href=\"https:\/\/www.rwg-bayreuth.de\/home\/wp-content\/uploads\/2026\/04\/25-26-TagDesHandwerks-1.jpg\"><img loading=\"lazy\" decoding=\"async\" src=\"https:\/\/www.rwg-bayreuth.de\/home\/wp-content\/uploads\/2026\/04\/25-26-TagDesHandwerks-1.jpg\" alt=\"\" width=\"1663\" height=\"1247\" class=\"aligncenter size-full wp-image-41172 crop219\" style=\"object-position: 50% 40%;\" srcset=\"https:\/\/www.rwg-bayreuth.de\/home\/wp-content\/uploads\/2026\/04\/25-26-TagDesHandwerks-1.jpg 1663w, https:\/\/www.rwg-bayreuth.de\/home\/wp-content\/uploads\/2026\/04\/25-26-TagDesHandwerks-1-1536x1152.jpg 1536w, https:\/\/www.rwg-bayreuth.de\/home\/wp-content\/uploads\/2026\/04\/25-26-TagDesHandwerks-1-150x112.jpg 150w, https:\/\/www.rwg-bayreuth.de\/home\/wp-content\/uploads\/2026\/04\/25-26-TagDesHandwerks-1-450x337.jpg 450w, https:\/\/www.rwg-bayreuth.de\/home\/wp-content\/uploads\/2026\/04\/25-26-TagDesHandwerks-1-768x576.jpg 768w, https:\/\/www.rwg-bayreuth.de\/home\/wp-content\/uploads\/2026\/04\/25-26-TagDesHandwerks-1-1024x768.jpg 1024w, https:\/\/www.rwg-bayreuth.de\/home\/wp-content\/uploads\/2026\/04\/25-26-TagDesHandwerks-1-250x187.jpg 250w\" sizes=\"(max-width: 1663px) 100vw, 1663px\" \/><\/a><\/p>\n<p>Grundschule, Gymnasium, dort Abi machen und ab ins Studium. Das ist der \u00fcbliche Weg zum sp\u00e4teren Berufsleben, der den Sch\u00fclerinnen und Sch\u00fclern, nicht nur des Richard-Wagner-Gymnasiums, vorgelebt wird. Doch es geht auch anders. Die Handwerkskammer Bayreuth hat es sich deshalb zum Ziel gesetzt, den Jugendlichen zu zeigen, dass ein Studium nicht das Einzige sein muss, auf das man hinarbeitet.<\/p>\n<p>Am Tag des Handwerks wurden ihnen in der Handwerkskammer und der gewerblichen Berufsschule auf spielerische Art und Weise verschiedenste Ausbildungsberufe n\u00e4hergebracht: Von der Backstube \u00fcber die Elektrik bis zum Mauerbau erkl\u00e4rten Auszubildende den Sch\u00fclerinnen und Sch\u00fclern, wie sie sich in ihrer Ausbildung kreativ ausleben k\u00f6nnen. Neben selbst hergestellten Flaschen\u00f6ffnern, Bruschetta und Linealen konnten die Sch\u00fclerinnen und Sch\u00fcler eine Menge neuer Eindr\u00fccke, Erfahrungen und Perspektiven mit nach Hause nehmen.<\/p>\n<div class=\"su-image-carousel  clear su-image-carousel-columns-3 su-image-carousel-has-spacing su-image-carousel-crop su-image-carousel-crop-4-3 su-image-carousel-has-lightbox su-image-carousel-has-outline su-image-carousel-slides-style-minimal su-image-carousel-controls-style-light su-image-carousel-align-none\" style=\"\" data-flickity-options='{\"groupCells\":true,\"cellSelector\":\".su-image-carousel-item\",\"adaptiveHeight\":false,\"cellAlign\":\"left\",\"prevNextButtons\":true,\"pageDots\":false,\"autoPlay\":4000,\"imagesLoaded\":true,\"contain\":true,\"selectedAttraction\":0.025000000000000001,\"friction\":0.28000000000000003}' id=\"su_image_carousel_69f180988916f\"><div class=\"su-image-carousel-item\"><div class=\"su-image-carousel-item-content\"><a href=\"https:\/\/www.rwg-bayreuth.de\/home\/wp-content\/uploads\/2026\/04\/25-26-TagDesHandwerks-2.jpg\" data-caption=\"\"><img loading=\"lazy\" decoding=\"async\" width=\"1024\" height=\"768\" src=\"https:\/\/www.rwg-bayreuth.de\/home\/wp-content\/uploads\/2026\/04\/25-26-TagDesHandwerks-2.jpg\" class=\"\" alt=\"\" srcset=\"https:\/\/www.rwg-bayreuth.de\/home\/wp-content\/uploads\/2026\/04\/25-26-TagDesHandwerks-2.jpg 1024w, https:\/\/www.rwg-bayreuth.de\/home\/wp-content\/uploads\/2026\/04\/25-26-TagDesHandwerks-2-150x113.jpg 150w, https:\/\/www.rwg-bayreuth.de\/home\/wp-content\/uploads\/2026\/04\/25-26-TagDesHandwerks-2-450x338.jpg 450w, https:\/\/www.rwg-bayreuth.de\/home\/wp-content\/uploads\/2026\/04\/25-26-TagDesHandwerks-2-768x576.jpg 768w, https:\/\/www.rwg-bayreuth.de\/home\/wp-content\/uploads\/2026\/04\/25-26-TagDesHandwerks-2-250x188.jpg 250w\" sizes=\"(max-width: 1024px) 100vw, 1024px\" \/><\/a><\/div><\/div><div class=\"su-image-carousel-item\"><div class=\"su-image-carousel-item-content\"><a href=\"https:\/\/www.rwg-bayreuth.de\/home\/wp-content\/uploads\/2026\/04\/25-26-TagDesHandwerks-3.jpg\" data-caption=\"\"><img loading=\"lazy\" decoding=\"async\" width=\"768\" height=\"1024\" src=\"https:\/\/www.rwg-bayreuth.de\/home\/wp-content\/uploads\/2026\/04\/25-26-TagDesHandwerks-3.jpg\" class=\"\" alt=\"\" srcset=\"https:\/\/www.rwg-bayreuth.de\/home\/wp-content\/uploads\/2026\/04\/25-26-TagDesHandwerks-3.jpg 768w, https:\/\/www.rwg-bayreuth.de\/home\/wp-content\/uploads\/2026\/04\/25-26-TagDesHandwerks-3-113x150.jpg 113w, https:\/\/www.rwg-bayreuth.de\/home\/wp-content\/uploads\/2026\/04\/25-26-TagDesHandwerks-3-338x450.jpg 338w, https:\/\/www.rwg-bayreuth.de\/home\/wp-content\/uploads\/2026\/04\/25-26-TagDesHandwerks-3-250x333.jpg 250w\" sizes=\"(max-width: 768px) 100vw, 768px\" \/><\/a><\/div><\/div><div class=\"su-image-carousel-item\"><div class=\"su-image-carousel-item-content\"><a href=\"https:\/\/www.rwg-bayreuth.de\/home\/wp-content\/uploads\/2026\/04\/25-26-TagDesHandwerks-4.jpg\" data-caption=\"\"><img loading=\"lazy\" decoding=\"async\" width=\"768\" height=\"1024\" src=\"https:\/\/www.rwg-bayreuth.de\/home\/wp-content\/uploads\/2026\/04\/25-26-TagDesHandwerks-4.jpg\" class=\"\" alt=\"\" srcset=\"https:\/\/www.rwg-bayreuth.de\/home\/wp-content\/uploads\/2026\/04\/25-26-TagDesHandwerks-4.jpg 768w, https:\/\/www.rwg-bayreuth.de\/home\/wp-content\/uploads\/2026\/04\/25-26-TagDesHandwerks-4-113x150.jpg 113w, https:\/\/www.rwg-bayreuth.de\/home\/wp-content\/uploads\/2026\/04\/25-26-TagDesHandwerks-4-338x450.jpg 338w, https:\/\/www.rwg-bayreuth.de\/home\/wp-content\/uploads\/2026\/04\/25-26-TagDesHandwerks-4-250x333.jpg 250w\" sizes=\"(max-width: 768px) 100vw, 768px\" \/><\/a><\/div><\/div><\/div><script id=\"su_image_carousel_69f180988916f_script\">if(window.SUImageCarousel){setTimeout(function() {window.SUImageCarousel.initGallery(document.getElementById(\"su_image_carousel_69f180988916f\"))}, 0);}var su_image_carousel_69f180988916f_script=document.getElementById(\"su_image_carousel_69f180988916f_script\");if(su_image_carousel_69f180988916f_script){su_image_carousel_69f180988916f_script.parentNode.removeChild(su_image_carousel_69f180988916f_script);}<\/script>\n<p>Gerade diese direkte Begegnung mit den Auszubildenden machte den Tag besonders greifbar: Viele der Sch\u00fclerinnen und Sch\u00fcler konnten sich zum ersten Mal wirklich vorstellen, wie abwechslungsreich und praxisnah ein handwerklicher Beruf sein kann. Es wurde deutlich, dass nicht nur ein Studium T\u00fcren \u00f6ffnet, sondern auch eine Ausbildung spannende Chancen und pers\u00f6nliche Erf\u00fcllung bieten kann \u2013 eine Erkenntnis, die bei einigen sicherlich noch lange nachwirken wird.<\/p>\n<p><em>Rosalie Jakob, 10d<\/em><\/p>\n","protected":false},"excerpt":{"rendered":"<p>Grundschule, Gymnasium, dort Abi machen und ab ins Studium. Das ist der \u00fcbliche Weg zum sp\u00e4teren Berufsleben, der den Sch\u00fclerinnen und Sch\u00fclern, nicht nur des Richard-Wagner-Gymnasiums, vorgelebt wird. Doch es geht auch anders. Die Handwerkskammer Bayreuth hat es sich deshalb zum Ziel gesetzt, den Jugendlichen zu zeigen, dass ein Studium nicht das Einzige sein muss,&hellip;<\/p>\n","protected":false},"author":11,"featured_media":41171,"comment_status":"closed","ping_status":"closed","sticky":false,"template":"","format":"standard","meta":{"footnotes":""},"categories":[1],"tags":[51,152],"_links":{"self":[{"href":"https:\/\/www.rwg-bayreuth.de\/home\/index.php?rest_route=\/wp\/v2\/posts\/41170"}],"collection":[{"href":"https:\/\/www.rwg-bayreuth.de\/home\/index.php?rest_route=\/wp\/v2\/posts"}],"about":[{"href":"https:\/\/www.rwg-bayreuth.de\/home\/index.php?rest_route=\/wp\/v2\/types\/post"}],"author":[{"embeddable":true,"href":"https:\/\/www.rwg-bayreuth.de\/home\/index.php?rest_route=\/wp\/v2\/users\/11"}],"replies":[{"embeddable":true,"href":"https:\/\/www.rwg-bayreuth.de\/home\/index.php?rest_route=%2Fwp%2Fv2%2Fcomments&post=41170"}],"version-history":[{"count":5,"href":"https:\/\/www.rwg-bayreuth.de\/home\/index.php?rest_route=\/wp\/v2\/posts\/41170\/revisions"}],"predecessor-version":[{"id":41180,"href":"https:\/\/www.rwg-bayreuth.de\/home\/index.php?rest_route=\/wp\/v2\/posts\/41170\/revisions\/41180"}],"wp:featuredmedia":[{"embeddable":true,"href":"https:\/\/www.rwg-bayreuth.de\/home\/index.php?rest_route=\/wp\/v2\/media\/41171"}],"wp:attachment":[{"href":"https:\/\/www.rwg-bayreuth.de\/home\/index.php?rest_route=%2Fwp%2Fv2%2Fmedia&parent=41170"}],"wp:term":[{"taxonomy":"category","embeddable":true,"href":"https:\/\/www.rwg-bayreuth.de\/home\/index.php?rest_route=%2Fwp%2Fv2%2Fcategories&post=41170"},{"taxonomy":"post_tag","embeddable":true,"href":"https:\/\/www.rwg-bayreuth.de\/home\/index.php?rest_route=%2Fwp%2Fv2%2Ftags&post=41170"}],"curies":[{"name":"wp","href":"https:\/\/api.w.org\/{rel}","templated":true}]}}