{"id":41045,"date":"2026-03-15T05:27:22","date_gmt":"2026-03-15T04:27:22","guid":{"rendered":"https:\/\/www.rwg-bayreuth.de\/home\/?p=41045"},"modified":"2026-03-17T06:49:13","modified_gmt":"2026-03-17T05:49:13","slug":"auf-entdeckungstour-durchs-richard-wagner-gymnasium","status":"publish","type":"post","link":"https:\/\/www.rwg-bayreuth.de\/home\/?p=41045","title":{"rendered":"Auf Entdeckungstour durchs Richard-Wagner-Gymnasium"},"content":{"rendered":"<p><!-- Babl\n\nVer\u00f6ff: 1.3.\n\n--><a href=\"https:\/\/www.rwg-bayreuth.de\/home\/wp-content\/uploads\/2026\/03\/25-26-Entdeckertag-B.jpg\"><img decoding=\"async\" src=\"https:\/\/www.rwg-bayreuth.de\/home\/wp-content\/uploads\/2026\/03\/25-26-Entdeckertag-B.jpg\" alt=\"\" width=\"100%\" height=\"auto\" class=\"aligncenter size-full wp-image-41069 crop219\" srcset=\"https:\/\/www.rwg-bayreuth.de\/home\/wp-content\/uploads\/2026\/03\/25-26-Entdeckertag-B.jpg 1024w, https:\/\/www.rwg-bayreuth.de\/home\/wp-content\/uploads\/2026\/03\/25-26-Entdeckertag-B-150x100.jpg 150w, https:\/\/www.rwg-bayreuth.de\/home\/wp-content\/uploads\/2026\/03\/25-26-Entdeckertag-B-450x300.jpg 450w, https:\/\/www.rwg-bayreuth.de\/home\/wp-content\/uploads\/2026\/03\/25-26-Entdeckertag-B-768x512.jpg 768w, https:\/\/www.rwg-bayreuth.de\/home\/wp-content\/uploads\/2026\/03\/25-26-Entdeckertag-B-250x167.jpg 250w, https:\/\/www.rwg-bayreuth.de\/home\/wp-content\/uploads\/2026\/03\/25-26-Entdeckertag-B-900x600.jpg 900w\" sizes=\"(max-width: 1024px) 100vw, 1024px\" \/><\/a><\/p>\n<p>Am Samstag, dem 28.&nbsp;Februar, \u00f6ffnete das Richard-Wagner-Gymnasium Bayreuth von 10 bis 13 Uhr seine T\u00fcren f\u00fcr alle neugierigen Viertkl\u00e4sslerinnen und Viertkl\u00e4ssler sowie deren Eltern. Beim diesj\u00e4hrigen Entdeckertag konnten die Besucherinnen und Besucher unsere Schule auf ganz besondere Weise kennenlernen \u2013 n\u00e4mlich selbstst\u00e4ndig und aktiv auf Entdeckungstour.<\/p>\n<p>Nach der Begr\u00fc\u00dfung machten sich die Kinder gemeinsam mit ihren Familien auf den Weg durch das Schulhaus. Ausgestattet mit einer Entdeckerkarte ging es von Station zu Station: \u00dcberall warteten aufregende Mitmachangebote, spannende Einblicke und viele interessante Begegnungen mit Lehrkr\u00e4ften, Sch\u00fclerinnen und Sch\u00fclern sowie dem Elternbeirat des RWG. So wurde der Rundgang schnell zu einer kleinen Schatzsuche durch das Geb\u00e4ude.<\/p>\n<div class=\"su-image-carousel  clear su-image-carousel-columns-3 su-image-carousel-has-spacing su-image-carousel-crop su-image-carousel-crop-4-3 su-image-carousel-has-lightbox su-image-carousel-has-outline su-image-carousel-slides-style-minimal su-image-carousel-controls-style-light su-image-carousel-align-none\" style=\"\" data-flickity-options='{\"groupCells\":true,\"cellSelector\":\".su-image-carousel-item\",\"adaptiveHeight\":false,\"cellAlign\":\"left\",\"prevNextButtons\":true,\"pageDots\":false,\"autoPlay\":4000,\"imagesLoaded\":true,\"contain\":true,\"selectedAttraction\":0.025000000000000001,\"friction\":0.28000000000000003}' id=\"su_image_carousel_69f31a860a47b\"><div class=\"su-image-carousel-item\"><div class=\"su-image-carousel-item-content\"><a href=\"https:\/\/www.rwg-bayreuth.de\/home\/wp-content\/uploads\/2026\/03\/25-26-Entdeckertag-Sprachencafe-9.jpg\" data-caption=\"\"><img loading=\"lazy\" decoding=\"async\" width=\"1024\" height=\"768\" src=\"https:\/\/www.rwg-bayreuth.de\/home\/wp-content\/uploads\/2026\/03\/25-26-Entdeckertag-Sprachencafe-9.jpg\" class=\"\" alt=\"\" srcset=\"https:\/\/www.rwg-bayreuth.de\/home\/wp-content\/uploads\/2026\/03\/25-26-Entdeckertag-Sprachencafe-9.jpg 1024w, https:\/\/www.rwg-bayreuth.de\/home\/wp-content\/uploads\/2026\/03\/25-26-Entdeckertag-Sprachencafe-9-150x113.jpg 150w, https:\/\/www.rwg-bayreuth.de\/home\/wp-content\/uploads\/2026\/03\/25-26-Entdeckertag-Sprachencafe-9-450x338.jpg 450w, https:\/\/www.rwg-bayreuth.de\/home\/wp-content\/uploads\/2026\/03\/25-26-Entdeckertag-Sprachencafe-9-768x576.jpg 768w, https:\/\/www.rwg-bayreuth.de\/home\/wp-content\/uploads\/2026\/03\/25-26-Entdeckertag-Sprachencafe-9-250x188.jpg 250w\" sizes=\"(max-width: 1024px) 100vw, 1024px\" \/><\/a><\/div><\/div><div class=\"su-image-carousel-item\"><div class=\"su-image-carousel-item-content\"><a href=\"https:\/\/www.rwg-bayreuth.de\/home\/wp-content\/uploads\/2026\/03\/25-26-Entdeckertag-Sprachencafe-4.jpg\" data-caption=\"\"><img loading=\"lazy\" decoding=\"async\" width=\"768\" height=\"1024\" src=\"https:\/\/www.rwg-bayreuth.de\/home\/wp-content\/uploads\/2026\/03\/25-26-Entdeckertag-Sprachencafe-4.jpg\" class=\"\" alt=\"\" srcset=\"https:\/\/www.rwg-bayreuth.de\/home\/wp-content\/uploads\/2026\/03\/25-26-Entdeckertag-Sprachencafe-4.jpg 768w, https:\/\/www.rwg-bayreuth.de\/home\/wp-content\/uploads\/2026\/03\/25-26-Entdeckertag-Sprachencafe-4-113x150.jpg 113w, https:\/\/www.rwg-bayreuth.de\/home\/wp-content\/uploads\/2026\/03\/25-26-Entdeckertag-Sprachencafe-4-338x450.jpg 338w, https:\/\/www.rwg-bayreuth.de\/home\/wp-content\/uploads\/2026\/03\/25-26-Entdeckertag-Sprachencafe-4-250x333.jpg 250w\" sizes=\"(max-width: 768px) 100vw, 768px\" \/><\/a><\/div><\/div><div class=\"su-image-carousel-item\"><div class=\"su-image-carousel-item-content\"><a href=\"https:\/\/www.rwg-bayreuth.de\/home\/wp-content\/uploads\/2026\/03\/25-26-Entdeckertag-Sprachencafe-5.jpg\" data-caption=\"\"><img loading=\"lazy\" decoding=\"async\" width=\"768\" height=\"1024\" src=\"https:\/\/www.rwg-bayreuth.de\/home\/wp-content\/uploads\/2026\/03\/25-26-Entdeckertag-Sprachencafe-5.jpg\" class=\"\" alt=\"\" srcset=\"https:\/\/www.rwg-bayreuth.de\/home\/wp-content\/uploads\/2026\/03\/25-26-Entdeckertag-Sprachencafe-5.jpg 768w, https:\/\/www.rwg-bayreuth.de\/home\/wp-content\/uploads\/2026\/03\/25-26-Entdeckertag-Sprachencafe-5-113x150.jpg 113w, https:\/\/www.rwg-bayreuth.de\/home\/wp-content\/uploads\/2026\/03\/25-26-Entdeckertag-Sprachencafe-5-338x450.jpg 338w, https:\/\/www.rwg-bayreuth.de\/home\/wp-content\/uploads\/2026\/03\/25-26-Entdeckertag-Sprachencafe-5-250x333.jpg 250w\" sizes=\"(max-width: 768px) 100vw, 768px\" \/><\/a><\/div><\/div><div class=\"su-image-carousel-item\"><div class=\"su-image-carousel-item-content\"><a href=\"https:\/\/www.rwg-bayreuth.de\/home\/wp-content\/uploads\/2026\/03\/25-26-Entdeckertag-Sprachencafe-6.jpg\" data-caption=\"\"><img loading=\"lazy\" decoding=\"async\" width=\"1024\" height=\"768\" src=\"https:\/\/www.rwg-bayreuth.de\/home\/wp-content\/uploads\/2026\/03\/25-26-Entdeckertag-Sprachencafe-6.jpg\" class=\"\" alt=\"\" srcset=\"https:\/\/www.rwg-bayreuth.de\/home\/wp-content\/uploads\/2026\/03\/25-26-Entdeckertag-Sprachencafe-6.jpg 1024w, https:\/\/www.rwg-bayreuth.de\/home\/wp-content\/uploads\/2026\/03\/25-26-Entdeckertag-Sprachencafe-6-150x113.jpg 150w, https:\/\/www.rwg-bayreuth.de\/home\/wp-content\/uploads\/2026\/03\/25-26-Entdeckertag-Sprachencafe-6-450x338.jpg 450w, https:\/\/www.rwg-bayreuth.de\/home\/wp-content\/uploads\/2026\/03\/25-26-Entdeckertag-Sprachencafe-6-768x576.jpg 768w, https:\/\/www.rwg-bayreuth.de\/home\/wp-content\/uploads\/2026\/03\/25-26-Entdeckertag-Sprachencafe-6-250x188.jpg 250w\" sizes=\"(max-width: 1024px) 100vw, 1024px\" \/><\/a><\/div><\/div><div class=\"su-image-carousel-item\"><div class=\"su-image-carousel-item-content\"><a href=\"https:\/\/www.rwg-bayreuth.de\/home\/wp-content\/uploads\/2026\/03\/25-26-Entdeckertag-Sprachencafe-7.jpg\" data-caption=\"\"><img loading=\"lazy\" decoding=\"async\" width=\"1024\" height=\"768\" src=\"https:\/\/www.rwg-bayreuth.de\/home\/wp-content\/uploads\/2026\/03\/25-26-Entdeckertag-Sprachencafe-7.jpg\" class=\"\" alt=\"\" srcset=\"https:\/\/www.rwg-bayreuth.de\/home\/wp-content\/uploads\/2026\/03\/25-26-Entdeckertag-Sprachencafe-7.jpg 1024w, https:\/\/www.rwg-bayreuth.de\/home\/wp-content\/uploads\/2026\/03\/25-26-Entdeckertag-Sprachencafe-7-150x113.jpg 150w, https:\/\/www.rwg-bayreuth.de\/home\/wp-content\/uploads\/2026\/03\/25-26-Entdeckertag-Sprachencafe-7-450x338.jpg 450w, https:\/\/www.rwg-bayreuth.de\/home\/wp-content\/uploads\/2026\/03\/25-26-Entdeckertag-Sprachencafe-7-768x576.jpg 768w, https:\/\/www.rwg-bayreuth.de\/home\/wp-content\/uploads\/2026\/03\/25-26-Entdeckertag-Sprachencafe-7-250x188.jpg 250w\" sizes=\"(max-width: 1024px) 100vw, 1024px\" \/><\/a><\/div><\/div><div class=\"su-image-carousel-item\"><div class=\"su-image-carousel-item-content\"><a href=\"https:\/\/www.rwg-bayreuth.de\/home\/wp-content\/uploads\/2026\/03\/25-26-Entdeckertag-Sprachencafe-8.jpg\" data-caption=\"\"><img loading=\"lazy\" decoding=\"async\" width=\"1024\" height=\"768\" src=\"https:\/\/www.rwg-bayreuth.de\/home\/wp-content\/uploads\/2026\/03\/25-26-Entdeckertag-Sprachencafe-8.jpg\" class=\"\" alt=\"\" srcset=\"https:\/\/www.rwg-bayreuth.de\/home\/wp-content\/uploads\/2026\/03\/25-26-Entdeckertag-Sprachencafe-8.jpg 1024w, https:\/\/www.rwg-bayreuth.de\/home\/wp-content\/uploads\/2026\/03\/25-26-Entdeckertag-Sprachencafe-8-150x113.jpg 150w, https:\/\/www.rwg-bayreuth.de\/home\/wp-content\/uploads\/2026\/03\/25-26-Entdeckertag-Sprachencafe-8-450x338.jpg 450w, https:\/\/www.rwg-bayreuth.de\/home\/wp-content\/uploads\/2026\/03\/25-26-Entdeckertag-Sprachencafe-8-768x576.jpg 768w, https:\/\/www.rwg-bayreuth.de\/home\/wp-content\/uploads\/2026\/03\/25-26-Entdeckertag-Sprachencafe-8-250x188.jpg 250w\" sizes=\"(max-width: 1024px) 100vw, 1024px\" \/><\/a><\/div><\/div><div class=\"su-image-carousel-item\"><div class=\"su-image-carousel-item-content\"><a href=\"https:\/\/www.rwg-bayreuth.de\/home\/wp-content\/uploads\/2026\/03\/25-26-Entdeckertag-Sprachencafe-1.jpg\" data-caption=\"\"><img loading=\"lazy\" decoding=\"async\" width=\"1024\" height=\"768\" src=\"https:\/\/www.rwg-bayreuth.de\/home\/wp-content\/uploads\/2026\/03\/25-26-Entdeckertag-Sprachencafe-1.jpg\" class=\"\" alt=\"\" srcset=\"https:\/\/www.rwg-bayreuth.de\/home\/wp-content\/uploads\/2026\/03\/25-26-Entdeckertag-Sprachencafe-1.jpg 1024w, https:\/\/www.rwg-bayreuth.de\/home\/wp-content\/uploads\/2026\/03\/25-26-Entdeckertag-Sprachencafe-1-150x113.jpg 150w, https:\/\/www.rwg-bayreuth.de\/home\/wp-content\/uploads\/2026\/03\/25-26-Entdeckertag-Sprachencafe-1-450x338.jpg 450w, https:\/\/www.rwg-bayreuth.de\/home\/wp-content\/uploads\/2026\/03\/25-26-Entdeckertag-Sprachencafe-1-768x576.jpg 768w, https:\/\/www.rwg-bayreuth.de\/home\/wp-content\/uploads\/2026\/03\/25-26-Entdeckertag-Sprachencafe-1-250x188.jpg 250w\" sizes=\"(max-width: 1024px) 100vw, 1024px\" \/><\/a><\/div><\/div><div class=\"su-image-carousel-item\"><div class=\"su-image-carousel-item-content\"><a href=\"https:\/\/www.rwg-bayreuth.de\/home\/wp-content\/uploads\/2026\/03\/25-26-Entdeckertag-Sprachencafe-2.jpg\" data-caption=\"\"><img loading=\"lazy\" decoding=\"async\" width=\"1024\" height=\"768\" src=\"https:\/\/www.rwg-bayreuth.de\/home\/wp-content\/uploads\/2026\/03\/25-26-Entdeckertag-Sprachencafe-2.jpg\" class=\"\" alt=\"\" srcset=\"https:\/\/www.rwg-bayreuth.de\/home\/wp-content\/uploads\/2026\/03\/25-26-Entdeckertag-Sprachencafe-2.jpg 1024w, https:\/\/www.rwg-bayreuth.de\/home\/wp-content\/uploads\/2026\/03\/25-26-Entdeckertag-Sprachencafe-2-150x113.jpg 150w, https:\/\/www.rwg-bayreuth.de\/home\/wp-content\/uploads\/2026\/03\/25-26-Entdeckertag-Sprachencafe-2-450x338.jpg 450w, https:\/\/www.rwg-bayreuth.de\/home\/wp-content\/uploads\/2026\/03\/25-26-Entdeckertag-Sprachencafe-2-768x576.jpg 768w, https:\/\/www.rwg-bayreuth.de\/home\/wp-content\/uploads\/2026\/03\/25-26-Entdeckertag-Sprachencafe-2-250x188.jpg 250w\" sizes=\"(max-width: 1024px) 100vw, 1024px\" \/><\/a><\/div><\/div><div class=\"su-image-carousel-item\"><div class=\"su-image-carousel-item-content\"><a href=\"https:\/\/www.rwg-bayreuth.de\/home\/wp-content\/uploads\/2026\/03\/25-26-Entdeckertag-Sprachencafe-3.jpg\" data-caption=\"\"><img loading=\"lazy\" decoding=\"async\" width=\"768\" height=\"1024\" src=\"https:\/\/www.rwg-bayreuth.de\/home\/wp-content\/uploads\/2026\/03\/25-26-Entdeckertag-Sprachencafe-3.jpg\" class=\"\" alt=\"\" srcset=\"https:\/\/www.rwg-bayreuth.de\/home\/wp-content\/uploads\/2026\/03\/25-26-Entdeckertag-Sprachencafe-3.jpg 768w, https:\/\/www.rwg-bayreuth.de\/home\/wp-content\/uploads\/2026\/03\/25-26-Entdeckertag-Sprachencafe-3-113x150.jpg 113w, https:\/\/www.rwg-bayreuth.de\/home\/wp-content\/uploads\/2026\/03\/25-26-Entdeckertag-Sprachencafe-3-338x450.jpg 338w, https:\/\/www.rwg-bayreuth.de\/home\/wp-content\/uploads\/2026\/03\/25-26-Entdeckertag-Sprachencafe-3-250x333.jpg 250w\" sizes=\"(max-width: 768px) 100vw, 768px\" \/><\/a><\/div><\/div><div class=\"su-image-carousel-item\"><div class=\"su-image-carousel-item-content\"><a href=\"https:\/\/www.rwg-bayreuth.de\/home\/wp-content\/uploads\/2026\/03\/25-26-Entdeckertag-Sport-7.jpg\" data-caption=\"\"><img loading=\"lazy\" decoding=\"async\" width=\"1024\" height=\"768\" src=\"https:\/\/www.rwg-bayreuth.de\/home\/wp-content\/uploads\/2026\/03\/25-26-Entdeckertag-Sport-7.jpg\" class=\"\" alt=\"\" srcset=\"https:\/\/www.rwg-bayreuth.de\/home\/wp-content\/uploads\/2026\/03\/25-26-Entdeckertag-Sport-7.jpg 1024w, https:\/\/www.rwg-bayreuth.de\/home\/wp-content\/uploads\/2026\/03\/25-26-Entdeckertag-Sport-7-150x113.jpg 150w, https:\/\/www.rwg-bayreuth.de\/home\/wp-content\/uploads\/2026\/03\/25-26-Entdeckertag-Sport-7-450x338.jpg 450w, https:\/\/www.rwg-bayreuth.de\/home\/wp-content\/uploads\/2026\/03\/25-26-Entdeckertag-Sport-7-768x576.jpg 768w, https:\/\/www.rwg-bayreuth.de\/home\/wp-content\/uploads\/2026\/03\/25-26-Entdeckertag-Sport-7-250x188.jpg 250w\" sizes=\"(max-width: 1024px) 100vw, 1024px\" \/><\/a><\/div><\/div><div class=\"su-image-carousel-item\"><div class=\"su-image-carousel-item-content\"><a href=\"https:\/\/www.rwg-bayreuth.de\/home\/wp-content\/uploads\/2026\/03\/25-26-Entdeckertag-Sport-8.jpg\" data-caption=\"\"><img loading=\"lazy\" decoding=\"async\" width=\"1024\" height=\"768\" src=\"https:\/\/www.rwg-bayreuth.de\/home\/wp-content\/uploads\/2026\/03\/25-26-Entdeckertag-Sport-8.jpg\" class=\"\" alt=\"\" srcset=\"https:\/\/www.rwg-bayreuth.de\/home\/wp-content\/uploads\/2026\/03\/25-26-Entdeckertag-Sport-8.jpg 1024w, https:\/\/www.rwg-bayreuth.de\/home\/wp-content\/uploads\/2026\/03\/25-26-Entdeckertag-Sport-8-150x113.jpg 150w, https:\/\/www.rwg-bayreuth.de\/home\/wp-content\/uploads\/2026\/03\/25-26-Entdeckertag-Sport-8-450x338.jpg 450w, https:\/\/www.rwg-bayreuth.de\/home\/wp-content\/uploads\/2026\/03\/25-26-Entdeckertag-Sport-8-768x576.jpg 768w, https:\/\/www.rwg-bayreuth.de\/home\/wp-content\/uploads\/2026\/03\/25-26-Entdeckertag-Sport-8-250x188.jpg 250w\" sizes=\"(max-width: 1024px) 100vw, 1024px\" \/><\/a><\/div><\/div><div class=\"su-image-carousel-item\"><div class=\"su-image-carousel-item-content\"><a href=\"https:\/\/www.rwg-bayreuth.de\/home\/wp-content\/uploads\/2026\/03\/25-26-Entdeckertag-Sport-1.jpg\" data-caption=\"\"><img loading=\"lazy\" decoding=\"async\" width=\"1024\" height=\"768\" src=\"https:\/\/www.rwg-bayreuth.de\/home\/wp-content\/uploads\/2026\/03\/25-26-Entdeckertag-Sport-1.jpg\" class=\"\" alt=\"\" srcset=\"https:\/\/www.rwg-bayreuth.de\/home\/wp-content\/uploads\/2026\/03\/25-26-Entdeckertag-Sport-1.jpg 1024w, https:\/\/www.rwg-bayreuth.de\/home\/wp-content\/uploads\/2026\/03\/25-26-Entdeckertag-Sport-1-150x113.jpg 150w, https:\/\/www.rwg-bayreuth.de\/home\/wp-content\/uploads\/2026\/03\/25-26-Entdeckertag-Sport-1-450x338.jpg 450w, https:\/\/www.rwg-bayreuth.de\/home\/wp-content\/uploads\/2026\/03\/25-26-Entdeckertag-Sport-1-768x576.jpg 768w, https:\/\/www.rwg-bayreuth.de\/home\/wp-content\/uploads\/2026\/03\/25-26-Entdeckertag-Sport-1-250x188.jpg 250w\" sizes=\"(max-width: 1024px) 100vw, 1024px\" \/><\/a><\/div><\/div><div class=\"su-image-carousel-item\"><div class=\"su-image-carousel-item-content\"><a href=\"https:\/\/www.rwg-bayreuth.de\/home\/wp-content\/uploads\/2026\/03\/25-26-Entdeckertag-Sport-2.jpg\" data-caption=\"\"><img loading=\"lazy\" decoding=\"async\" width=\"768\" height=\"1024\" src=\"https:\/\/www.rwg-bayreuth.de\/home\/wp-content\/uploads\/2026\/03\/25-26-Entdeckertag-Sport-2.jpg\" class=\"\" alt=\"\" srcset=\"https:\/\/www.rwg-bayreuth.de\/home\/wp-content\/uploads\/2026\/03\/25-26-Entdeckertag-Sport-2.jpg 768w, https:\/\/www.rwg-bayreuth.de\/home\/wp-content\/uploads\/2026\/03\/25-26-Entdeckertag-Sport-2-113x150.jpg 113w, https:\/\/www.rwg-bayreuth.de\/home\/wp-content\/uploads\/2026\/03\/25-26-Entdeckertag-Sport-2-338x450.jpg 338w, https:\/\/www.rwg-bayreuth.de\/home\/wp-content\/uploads\/2026\/03\/25-26-Entdeckertag-Sport-2-250x333.jpg 250w\" sizes=\"(max-width: 768px) 100vw, 768px\" \/><\/a><\/div><\/div><div class=\"su-image-carousel-item\"><div class=\"su-image-carousel-item-content\"><a href=\"https:\/\/www.rwg-bayreuth.de\/home\/wp-content\/uploads\/2026\/03\/25-26-Entdeckertag-Sport-3.jpg\" data-caption=\"\"><img loading=\"lazy\" decoding=\"async\" width=\"768\" height=\"1024\" src=\"https:\/\/www.rwg-bayreuth.de\/home\/wp-content\/uploads\/2026\/03\/25-26-Entdeckertag-Sport-3.jpg\" class=\"\" alt=\"\" srcset=\"https:\/\/www.rwg-bayreuth.de\/home\/wp-content\/uploads\/2026\/03\/25-26-Entdeckertag-Sport-3.jpg 768w, https:\/\/www.rwg-bayreuth.de\/home\/wp-content\/uploads\/2026\/03\/25-26-Entdeckertag-Sport-3-113x150.jpg 113w, https:\/\/www.rwg-bayreuth.de\/home\/wp-content\/uploads\/2026\/03\/25-26-Entdeckertag-Sport-3-338x450.jpg 338w, https:\/\/www.rwg-bayreuth.de\/home\/wp-content\/uploads\/2026\/03\/25-26-Entdeckertag-Sport-3-250x333.jpg 250w\" sizes=\"(max-width: 768px) 100vw, 768px\" \/><\/a><\/div><\/div><div class=\"su-image-carousel-item\"><div class=\"su-image-carousel-item-content\"><a href=\"https:\/\/www.rwg-bayreuth.de\/home\/wp-content\/uploads\/2026\/03\/25-26-Entdeckertag-Sport-4.jpg\" data-caption=\"\"><img loading=\"lazy\" decoding=\"async\" width=\"976\" height=\"1024\" src=\"https:\/\/www.rwg-bayreuth.de\/home\/wp-content\/uploads\/2026\/03\/25-26-Entdeckertag-Sport-4.jpg\" class=\"\" alt=\"\" srcset=\"https:\/\/www.rwg-bayreuth.de\/home\/wp-content\/uploads\/2026\/03\/25-26-Entdeckertag-Sport-4.jpg 976w, https:\/\/www.rwg-bayreuth.de\/home\/wp-content\/uploads\/2026\/03\/25-26-Entdeckertag-Sport-4-143x150.jpg 143w, https:\/\/www.rwg-bayreuth.de\/home\/wp-content\/uploads\/2026\/03\/25-26-Entdeckertag-Sport-4-429x450.jpg 429w, https:\/\/www.rwg-bayreuth.de\/home\/wp-content\/uploads\/2026\/03\/25-26-Entdeckertag-Sport-4-768x806.jpg 768w, https:\/\/www.rwg-bayreuth.de\/home\/wp-content\/uploads\/2026\/03\/25-26-Entdeckertag-Sport-4-250x262.jpg 250w\" sizes=\"(max-width: 976px) 100vw, 976px\" \/><\/a><\/div><\/div><div class=\"su-image-carousel-item\"><div class=\"su-image-carousel-item-content\"><a href=\"https:\/\/www.rwg-bayreuth.de\/home\/wp-content\/uploads\/2026\/03\/25-26-Entdeckertag-Sport-5.jpg\" data-caption=\"\"><img loading=\"lazy\" decoding=\"async\" width=\"768\" height=\"1024\" src=\"https:\/\/www.rwg-bayreuth.de\/home\/wp-content\/uploads\/2026\/03\/25-26-Entdeckertag-Sport-5.jpg\" class=\"\" alt=\"\" srcset=\"https:\/\/www.rwg-bayreuth.de\/home\/wp-content\/uploads\/2026\/03\/25-26-Entdeckertag-Sport-5.jpg 768w, https:\/\/www.rwg-bayreuth.de\/home\/wp-content\/uploads\/2026\/03\/25-26-Entdeckertag-Sport-5-113x150.jpg 113w, https:\/\/www.rwg-bayreuth.de\/home\/wp-content\/uploads\/2026\/03\/25-26-Entdeckertag-Sport-5-338x450.jpg 338w, https:\/\/www.rwg-bayreuth.de\/home\/wp-content\/uploads\/2026\/03\/25-26-Entdeckertag-Sport-5-250x333.jpg 250w\" sizes=\"(max-width: 768px) 100vw, 768px\" \/><\/a><\/div><\/div><div class=\"su-image-carousel-item\"><div class=\"su-image-carousel-item-content\"><a href=\"https:\/\/www.rwg-bayreuth.de\/home\/wp-content\/uploads\/2026\/03\/25-26-Entdeckertag-Sport-6.jpg\" data-caption=\"\"><img loading=\"lazy\" decoding=\"async\" width=\"1024\" height=\"890\" src=\"https:\/\/www.rwg-bayreuth.de\/home\/wp-content\/uploads\/2026\/03\/25-26-Entdeckertag-Sport-6.jpg\" class=\"\" alt=\"\" srcset=\"https:\/\/www.rwg-bayreuth.de\/home\/wp-content\/uploads\/2026\/03\/25-26-Entdeckertag-Sport-6.jpg 1024w, https:\/\/www.rwg-bayreuth.de\/home\/wp-content\/uploads\/2026\/03\/25-26-Entdeckertag-Sport-6-150x130.jpg 150w, https:\/\/www.rwg-bayreuth.de\/home\/wp-content\/uploads\/2026\/03\/25-26-Entdeckertag-Sport-6-450x391.jpg 450w, https:\/\/www.rwg-bayreuth.de\/home\/wp-content\/uploads\/2026\/03\/25-26-Entdeckertag-Sport-6-768x668.jpg 768w, https:\/\/www.rwg-bayreuth.de\/home\/wp-content\/uploads\/2026\/03\/25-26-Entdeckertag-Sport-6-250x217.jpg 250w\" sizes=\"(max-width: 1024px) 100vw, 1024px\" \/><\/a><\/div><\/div><div class=\"su-image-carousel-item\"><div class=\"su-image-carousel-item-content\"><a href=\"https:\/\/www.rwg-bayreuth.de\/home\/wp-content\/uploads\/2026\/03\/25-26-Entdeckertag-Modellbau-1.jpg\" data-caption=\"\"><img loading=\"lazy\" decoding=\"async\" width=\"1024\" height=\"768\" src=\"https:\/\/www.rwg-bayreuth.de\/home\/wp-content\/uploads\/2026\/03\/25-26-Entdeckertag-Modellbau-1.jpg\" class=\"\" alt=\"\" srcset=\"https:\/\/www.rwg-bayreuth.de\/home\/wp-content\/uploads\/2026\/03\/25-26-Entdeckertag-Modellbau-1.jpg 1024w, https:\/\/www.rwg-bayreuth.de\/home\/wp-content\/uploads\/2026\/03\/25-26-Entdeckertag-Modellbau-1-150x113.jpg 150w, https:\/\/www.rwg-bayreuth.de\/home\/wp-content\/uploads\/2026\/03\/25-26-Entdeckertag-Modellbau-1-450x338.jpg 450w, https:\/\/www.rwg-bayreuth.de\/home\/wp-content\/uploads\/2026\/03\/25-26-Entdeckertag-Modellbau-1-768x576.jpg 768w, https:\/\/www.rwg-bayreuth.de\/home\/wp-content\/uploads\/2026\/03\/25-26-Entdeckertag-Modellbau-1-250x188.jpg 250w\" sizes=\"(max-width: 1024px) 100vw, 1024px\" \/><\/a><\/div><\/div><div class=\"su-image-carousel-item\"><div class=\"su-image-carousel-item-content\"><a href=\"https:\/\/www.rwg-bayreuth.de\/home\/wp-content\/uploads\/2026\/03\/25-26-Entdeckertag-Modellbau-2.jpg\" data-caption=\"\"><img loading=\"lazy\" decoding=\"async\" width=\"1024\" height=\"768\" src=\"https:\/\/www.rwg-bayreuth.de\/home\/wp-content\/uploads\/2026\/03\/25-26-Entdeckertag-Modellbau-2.jpg\" class=\"\" alt=\"\" srcset=\"https:\/\/www.rwg-bayreuth.de\/home\/wp-content\/uploads\/2026\/03\/25-26-Entdeckertag-Modellbau-2.jpg 1024w, https:\/\/www.rwg-bayreuth.de\/home\/wp-content\/uploads\/2026\/03\/25-26-Entdeckertag-Modellbau-2-150x113.jpg 150w, https:\/\/www.rwg-bayreuth.de\/home\/wp-content\/uploads\/2026\/03\/25-26-Entdeckertag-Modellbau-2-450x338.jpg 450w, https:\/\/www.rwg-bayreuth.de\/home\/wp-content\/uploads\/2026\/03\/25-26-Entdeckertag-Modellbau-2-768x576.jpg 768w, https:\/\/www.rwg-bayreuth.de\/home\/wp-content\/uploads\/2026\/03\/25-26-Entdeckertag-Modellbau-2-250x188.jpg 250w\" sizes=\"(max-width: 1024px) 100vw, 1024px\" \/><\/a><\/div><\/div><div class=\"su-image-carousel-item\"><div class=\"su-image-carousel-item-content\"><a href=\"https:\/\/www.rwg-bayreuth.de\/home\/wp-content\/uploads\/2026\/03\/25-26-Entdeckertag-Modellbau-3.jpg\" data-caption=\"\"><img loading=\"lazy\" decoding=\"async\" width=\"1024\" height=\"768\" src=\"https:\/\/www.rwg-bayreuth.de\/home\/wp-content\/uploads\/2026\/03\/25-26-Entdeckertag-Modellbau-3.jpg\" class=\"\" alt=\"\" srcset=\"https:\/\/www.rwg-bayreuth.de\/home\/wp-content\/uploads\/2026\/03\/25-26-Entdeckertag-Modellbau-3.jpg 1024w, https:\/\/www.rwg-bayreuth.de\/home\/wp-content\/uploads\/2026\/03\/25-26-Entdeckertag-Modellbau-3-150x113.jpg 150w, https:\/\/www.rwg-bayreuth.de\/home\/wp-content\/uploads\/2026\/03\/25-26-Entdeckertag-Modellbau-3-450x338.jpg 450w, https:\/\/www.rwg-bayreuth.de\/home\/wp-content\/uploads\/2026\/03\/25-26-Entdeckertag-Modellbau-3-768x576.jpg 768w, https:\/\/www.rwg-bayreuth.de\/home\/wp-content\/uploads\/2026\/03\/25-26-Entdeckertag-Modellbau-3-250x188.jpg 250w\" sizes=\"(max-width: 1024px) 100vw, 1024px\" \/><\/a><\/div><\/div><div class=\"su-image-carousel-item\"><div class=\"su-image-carousel-item-content\"><a href=\"https:\/\/www.rwg-bayreuth.de\/home\/wp-content\/uploads\/2026\/03\/25-26-Entdeckertag-Infopoint-1.jpg\" data-caption=\"\"><img loading=\"lazy\" decoding=\"async\" width=\"768\" height=\"1024\" src=\"https:\/\/www.rwg-bayreuth.de\/home\/wp-content\/uploads\/2026\/03\/25-26-Entdeckertag-Infopoint-1.jpg\" class=\"\" alt=\"\" srcset=\"https:\/\/www.rwg-bayreuth.de\/home\/wp-content\/uploads\/2026\/03\/25-26-Entdeckertag-Infopoint-1.jpg 768w, https:\/\/www.rwg-bayreuth.de\/home\/wp-content\/uploads\/2026\/03\/25-26-Entdeckertag-Infopoint-1-113x150.jpg 113w, https:\/\/www.rwg-bayreuth.de\/home\/wp-content\/uploads\/2026\/03\/25-26-Entdeckertag-Infopoint-1-338x450.jpg 338w, https:\/\/www.rwg-bayreuth.de\/home\/wp-content\/uploads\/2026\/03\/25-26-Entdeckertag-Infopoint-1-250x333.jpg 250w\" sizes=\"(max-width: 768px) 100vw, 768px\" \/><\/a><\/div><\/div><div class=\"su-image-carousel-item\"><div class=\"su-image-carousel-item-content\"><a href=\"https:\/\/www.rwg-bayreuth.de\/home\/wp-content\/uploads\/2026\/03\/25-26-Entdeckertag-Infopoint-2.jpg\" data-caption=\"\"><img loading=\"lazy\" decoding=\"async\" width=\"768\" height=\"1024\" src=\"https:\/\/www.rwg-bayreuth.de\/home\/wp-content\/uploads\/2026\/03\/25-26-Entdeckertag-Infopoint-2.jpg\" class=\"\" alt=\"\" srcset=\"https:\/\/www.rwg-bayreuth.de\/home\/wp-content\/uploads\/2026\/03\/25-26-Entdeckertag-Infopoint-2.jpg 768w, https:\/\/www.rwg-bayreuth.de\/home\/wp-content\/uploads\/2026\/03\/25-26-Entdeckertag-Infopoint-2-113x150.jpg 113w, https:\/\/www.rwg-bayreuth.de\/home\/wp-content\/uploads\/2026\/03\/25-26-Entdeckertag-Infopoint-2-338x450.jpg 338w, https:\/\/www.rwg-bayreuth.de\/home\/wp-content\/uploads\/2026\/03\/25-26-Entdeckertag-Infopoint-2-250x333.jpg 250w\" sizes=\"(max-width: 768px) 100vw, 768px\" \/><\/a><\/div><\/div><\/div><script id=\"su_image_carousel_69f31a860a47b_script\">if(window.SUImageCarousel){setTimeout(function() {window.SUImageCarousel.initGallery(document.getElementById(\"su_image_carousel_69f31a860a47b\"))}, 0);}var su_image_carousel_69f31a860a47b_script=document.getElementById(\"su_image_carousel_69f31a860a47b_script\");if(su_image_carousel_69f31a860a47b_script){su_image_carousel_69f31a860a47b_script.parentNode.removeChild(su_image_carousel_69f31a860a47b_script);}<\/script>\n<p>Dabei konnten die Kinder entdecken, wie vielf\u00e4ltig das Leben am RWG ist: vom Lernen und Unterricht \u00fcber Experimentieren und Forschen bis hin zu kreativen, sportlichen und gemeinschaftlichen Angeboten. Auch Informationen zum \u00dcbertritt ans Gymnasium und zum Schulleben am RWG standen f\u00fcr die Eltern und Kinder bereit.<\/p>\n<p>Wer seine Entdecker-Tour absolviert hatte, durfte sich im Sekretariat \u00fcber eine kleine \u00dcberraschung freuen \u2013 ein sch\u00f6ner Abschluss f\u00fcr eine spannende Reise durch unsere Schule.<\/p>\n<p>Der Entdeckertag zeigte einmal mehr, wie lebendig und vielf\u00e4ltig unsere Schulfamilie ist. Wir haben uns sehr \u00fcber die vielen interessierten Kinder und Eltern gefreut \u2013 und hoffen, viele von ihnen im kommenden Schuljahr nach der 4. Klasse wiederzusehen.<\/p>\n<p>Vielen Dank an alle Kolleginnen und Kollegen, Sch\u00fclerinnen und Sch\u00fcler sowie den Elternbereit f\u00fcr das gro\u00dfartige Engagement an diesem Tag.<\/p>\n<p>Wir freuen uns schon jetzt auf alle neuen Sch\u00fclerinnen und Sch\u00fcler, die bald ihren Weg zu uns ans RWG finden!<\/p>\n<p><em>Fabian Babl<\/em><\/p>\n","protected":false},"excerpt":{"rendered":"<p>Am Samstag, dem 28.&nbsp;Februar, \u00f6ffnete das Richard-Wagner-Gymnasium Bayreuth von 10 bis 13 Uhr seine T\u00fcren f\u00fcr alle neugierigen Viertkl\u00e4sslerinnen und Viertkl\u00e4ssler sowie deren Eltern. Beim diesj\u00e4hrigen Entdeckertag konnten die Besucherinnen und Besucher unsere Schule auf ganz besondere Weise kennenlernen \u2013 n\u00e4mlich selbstst\u00e4ndig und aktiv auf Entdeckungstour. Nach der Begr\u00fc\u00dfung machten sich die Kinder gemeinsam mit&hellip;<\/p>\n","protected":false},"author":11,"featured_media":41069,"comment_status":"closed","ping_status":"closed","sticky":false,"template":"","format":"standard","meta":{"footnotes":""},"categories":[1],"tags":[51,125,154],"_links":{"self":[{"href":"https:\/\/www.rwg-bayreuth.de\/home\/index.php?rest_route=\/wp\/v2\/posts\/41045"}],"collection":[{"href":"https:\/\/www.rwg-bayreuth.de\/home\/index.php?rest_route=\/wp\/v2\/posts"}],"about":[{"href":"https:\/\/www.rwg-bayreuth.de\/home\/index.php?rest_route=\/wp\/v2\/types\/post"}],"author":[{"embeddable":true,"href":"https:\/\/www.rwg-bayreuth.de\/home\/index.php?rest_route=\/wp\/v2\/users\/11"}],"replies":[{"embeddable":true,"href":"https:\/\/www.rwg-bayreuth.de\/home\/index.php?rest_route=%2Fwp%2Fv2%2Fcomments&post=41045"}],"version-history":[{"count":4,"href":"https:\/\/www.rwg-bayreuth.de\/home\/index.php?rest_route=\/wp\/v2\/posts\/41045\/revisions"}],"predecessor-version":[{"id":41076,"href":"https:\/\/www.rwg-bayreuth.de\/home\/index.php?rest_route=\/wp\/v2\/posts\/41045\/revisions\/41076"}],"wp:featuredmedia":[{"embeddable":true,"href":"https:\/\/www.rwg-bayreuth.de\/home\/index.php?rest_route=\/wp\/v2\/media\/41069"}],"wp:attachment":[{"href":"https:\/\/www.rwg-bayreuth.de\/home\/index.php?rest_route=%2Fwp%2Fv2%2Fmedia&parent=41045"}],"wp:term":[{"taxonomy":"category","embeddable":true,"href":"https:\/\/www.rwg-bayreuth.de\/home\/index.php?rest_route=%2Fwp%2Fv2%2Fcategories&post=41045"},{"taxonomy":"post_tag","embeddable":true,"href":"https:\/\/www.rwg-bayreuth.de\/home\/index.php?rest_route=%2Fwp%2Fv2%2Ftags&post=41045"}],"curies":[{"name":"wp","href":"https:\/\/api.w.org\/{rel}","templated":true}]}}