{"id":40963,"date":"2026-03-13T05:05:15","date_gmt":"2026-03-13T04:05:15","guid":{"rendered":"https:\/\/www.rwg-bayreuth.de\/home\/?p=40963"},"modified":"2026-03-03T07:02:51","modified_gmt":"2026-03-03T06:02:51","slug":"kleists-zerbrochener-krug-als-gastspiel-auf-der-rwg-buehne","status":"publish","type":"post","link":"https:\/\/www.rwg-bayreuth.de\/home\/?p=40963","title":{"rendered":"Kleists \u201aZerbrochener Krug\u2018 als Gastspiel auf der RWG-B\u00fchne"},"content":{"rendered":"<p><!-- Track\n\nver\u00f6ff: 5.2.\n\n--><a href=\"https:\/\/www.rwg-bayreuth.de\/home\/wp-content\/uploads\/2026\/03\/25-26-NeueWerkbuehneMuenchen-Einstieg.jpg\"><img loading=\"lazy\" decoding=\"async\" src=\"https:\/\/www.rwg-bayreuth.de\/home\/wp-content\/uploads\/2026\/03\/25-26-NeueWerkbuehneMuenchen-Einstieg.jpg\" alt=\"\" width=\"1024\" height=\"683\" class=\"aligncenter size-full wp-image-40964 crop219\" srcset=\"https:\/\/www.rwg-bayreuth.de\/home\/wp-content\/uploads\/2026\/03\/25-26-NeueWerkbuehneMuenchen-Einstieg.jpg 1024w, https:\/\/www.rwg-bayreuth.de\/home\/wp-content\/uploads\/2026\/03\/25-26-NeueWerkbuehneMuenchen-Einstieg-150x100.jpg 150w, https:\/\/www.rwg-bayreuth.de\/home\/wp-content\/uploads\/2026\/03\/25-26-NeueWerkbuehneMuenchen-Einstieg-450x300.jpg 450w, https:\/\/www.rwg-bayreuth.de\/home\/wp-content\/uploads\/2026\/03\/25-26-NeueWerkbuehneMuenchen-Einstieg-768x512.jpg 768w, https:\/\/www.rwg-bayreuth.de\/home\/wp-content\/uploads\/2026\/03\/25-26-NeueWerkbuehneMuenchen-Einstieg-250x167.jpg 250w, https:\/\/www.rwg-bayreuth.de\/home\/wp-content\/uploads\/2026\/03\/25-26-NeueWerkbuehneMuenchen-Einstieg-900x600.jpg 900w\" sizes=\"(max-width: 1024px) 100vw, 1024px\" \/><\/a><\/p>\n<p>Rund ums Zwischenzeugnis gastierte die Neue Werkb\u00fchne M\u00fcnchen am RWG, um f\u00fcr die Sch\u00fcler\/-innen der Oberstufe Heinrich von Kleists Werk \u201eDer zerbrochne Krug\u201c aufzuf\u00fchren. Das St\u00fcck, das als einaktiges Lustspiel bzw. dramatische Justizkom\u00f6die bezeichnet werden k\u00f6nnte, stellt dabei richterliche Korruption bzw. Willk\u00fcr in einem fiktiven niederl\u00e4ndischen Dorf in den Mittelpunkt. Dass das f\u00fcr den Titel verantwortliche, zu Bruch gegangene Erbst\u00fcck \u2013 der Krug \u2013 der Familie lediglich symbolische Bedeutung besitzt, wird hierbei dem Publikum schnell klar:\u00a0 Dorfrichter Adam verk\u00f6rpert in seiner Rolle eine fragw\u00fcrdige Figur, welche die eigene Autorit\u00e4t f\u00fcr Erpressung, Intrigen und Machtmissbrauch benutzt \u2013 um am Ende des sich u.a. in R\u00fcckblicken entwickelnden Handlungsgeschehens selbst an den eigenen Verstrickungen zu scheitern.<\/p>\n<p>Kleists Drama ist f\u00fcr alle Abiturient(inn)en der Jahrg\u00e4nge 2026 und 2027 <strong>sog. l\u00e4ndergemeinsame Lekt\u00fcre f\u00fcr das Deutschabitur<\/strong>, sodass sich zur unterst\u00fctzenden Lekt\u00fcre w\u00e4hrend der Kursphase (Q12) bzw. zur Wiederholung bereits behandelter Lekt\u00fcreinhalte (Q13) eine Verkn\u00fcpfung mit dem Theaterbesuch gut anbot.<\/p>\n<p><strong>[Link: <a href=\"https:\/\/www.isb.bayern.de\/schularten\/gymnasium\/leistungserhebungen\/abiturpruefung\/deutsch\/\" rel=\"noopener\" target=\"_blank\">https:\/\/www.isb.bayern.de\/schularten\/gymnasium\/leistungserhebungen\/abiturpruefung\/deutsch\/<\/a>]<\/strong><\/p>\n<p>Die Schauspieler\/-innen aus Bergkirchen begeisterten dabei nicht nur durch eine kurzweilige Version der Kleist&#8217;schen Vorlage; durch kleine, aber durchaus bedeutsame Adaptionen des St\u00fcckes gelang es dem Ensemble sehr gut, die werkimmanente Motivik auf eine f\u00fcr die Jugendlichen nachvollziehbare, \u00fcber weite Strecken modernere Ebene zu transportieren. Dass dabei der traditionelle M\u00e4nner-Kl\u00fcngel zwischen Dorfrichter Adam bzw. Gerichtsrat Walter aufgebrochen wird und in Frau Gerichtsr\u00e4tin (Walter) einen wichtigen Gegenpol erh\u00e4lt, der insbesondere auch f\u00fcr die Gegenseite der weiblichen Protagonistin Eve einzustehen vermag, erscheint angesichts der Gegebenheiten der heutigen Zeit eine notwendige Konsequenz! Ebenso auff\u00e4llig wie bewusst als Mittel der Inszenierung eingesetzt waren die beiden Liebenden, Eve und Ruprecht, im \u201aLook der heutigen Zeit\u2018 gekleidet \u2013 mit Minikleid, Vans bzw. Basecap\u2026 dabei versteht es sich fast von selbst, dass die moderne Jugend sich teils auch in der Sprache zeigen musste, indem sowohl aus Eve als auch Rupprecht immer wieder \u201ekrasse\u201c Ausdr\u00fccke mit \u201emega\u201c Wirkung bei ihren Aussagen vor Gericht hervorsprudeln. Auch auf dieser Ebene wird somit einer klassisch-traditionellen Kleist-Auff\u00fchrung Einhalt geboten. Und so kommt es, wie es (konsequenterweise!) kommen muss: Eve erz\u00e4hlt vor dem Publikum von den \u00dcbergriffen \u2013 in Form der versuchten Vergewaltigung \u2013 durch den Dorfrichter Adam, erh\u00e4lt jedoch Beistand von Frau Gerichtsr\u00e4tin Walter, sodass an dieser Stelle auch auf die #metoo-Debatte eingegangen werden kann. Somit wird am Ende der Inszenierung klar, dass hier der Dorfrichter Adam nicht (mehr) der Justiz entkommen kann, seinen Worten immer weniger Geh\u00f6r geschenkt wird, da insbesondere das Schicksal des M\u00e4dchens bzw. der jungen Frau mehr in den Blick genommen werden soll. Nicht zuletzt auch deshalb erweist sich die Darbietung als sehr lehrreiche Adaption des St\u00fcckes \u2013 in vielerlei Hinsicht, was schlie\u00dflich auch an dem anhaltenden Applaus f\u00fcr die Schauspieler(innen) vonseiten des Publikums zu erkennen war.<\/p>\n<div class=\"su-image-carousel  clear su-image-carousel-columns-4 su-image-carousel-has-spacing su-image-carousel-crop su-image-carousel-crop-4-3 su-image-carousel-has-lightbox su-image-carousel-has-outline su-image-carousel-slides-style-minimal su-image-carousel-controls-style-light su-image-carousel-align-none\" style=\"\" data-flickity-options='{\"groupCells\":true,\"cellSelector\":\".su-image-carousel-item\",\"adaptiveHeight\":false,\"cellAlign\":\"left\",\"prevNextButtons\":true,\"pageDots\":false,\"autoPlay\":4000,\"imagesLoaded\":true,\"contain\":true,\"selectedAttraction\":0.025000000000000001,\"friction\":0.28000000000000003}' id=\"su_image_carousel_69f18ef2b63ab\"><div class=\"su-image-carousel-item\"><div class=\"su-image-carousel-item-content\"><a href=\"https:\/\/www.rwg-bayreuth.de\/home\/wp-content\/uploads\/2026\/03\/25-26-NeueWerkbuehneMuenchen-Auffuehrung1.jpg\" data-caption=\"\"><img loading=\"lazy\" decoding=\"async\" width=\"1024\" height=\"768\" src=\"https:\/\/www.rwg-bayreuth.de\/home\/wp-content\/uploads\/2026\/03\/25-26-NeueWerkbuehneMuenchen-Auffuehrung1.jpg\" class=\"\" alt=\"\" srcset=\"https:\/\/www.rwg-bayreuth.de\/home\/wp-content\/uploads\/2026\/03\/25-26-NeueWerkbuehneMuenchen-Auffuehrung1.jpg 1024w, https:\/\/www.rwg-bayreuth.de\/home\/wp-content\/uploads\/2026\/03\/25-26-NeueWerkbuehneMuenchen-Auffuehrung1-150x113.jpg 150w, https:\/\/www.rwg-bayreuth.de\/home\/wp-content\/uploads\/2026\/03\/25-26-NeueWerkbuehneMuenchen-Auffuehrung1-450x338.jpg 450w, https:\/\/www.rwg-bayreuth.de\/home\/wp-content\/uploads\/2026\/03\/25-26-NeueWerkbuehneMuenchen-Auffuehrung1-768x576.jpg 768w, https:\/\/www.rwg-bayreuth.de\/home\/wp-content\/uploads\/2026\/03\/25-26-NeueWerkbuehneMuenchen-Auffuehrung1-250x188.jpg 250w\" sizes=\"(max-width: 1024px) 100vw, 1024px\" \/><\/a><\/div><\/div><div class=\"su-image-carousel-item\"><div class=\"su-image-carousel-item-content\"><a href=\"https:\/\/www.rwg-bayreuth.de\/home\/wp-content\/uploads\/2026\/03\/25-26-NeueWerkbuehneMuenchen-Auffuehrung2.jpg\" data-caption=\"\"><img loading=\"lazy\" decoding=\"async\" width=\"1024\" height=\"768\" src=\"https:\/\/www.rwg-bayreuth.de\/home\/wp-content\/uploads\/2026\/03\/25-26-NeueWerkbuehneMuenchen-Auffuehrung2.jpg\" class=\"\" alt=\"\" srcset=\"https:\/\/www.rwg-bayreuth.de\/home\/wp-content\/uploads\/2026\/03\/25-26-NeueWerkbuehneMuenchen-Auffuehrung2.jpg 1024w, https:\/\/www.rwg-bayreuth.de\/home\/wp-content\/uploads\/2026\/03\/25-26-NeueWerkbuehneMuenchen-Auffuehrung2-150x113.jpg 150w, https:\/\/www.rwg-bayreuth.de\/home\/wp-content\/uploads\/2026\/03\/25-26-NeueWerkbuehneMuenchen-Auffuehrung2-450x338.jpg 450w, https:\/\/www.rwg-bayreuth.de\/home\/wp-content\/uploads\/2026\/03\/25-26-NeueWerkbuehneMuenchen-Auffuehrung2-768x576.jpg 768w, https:\/\/www.rwg-bayreuth.de\/home\/wp-content\/uploads\/2026\/03\/25-26-NeueWerkbuehneMuenchen-Auffuehrung2-250x188.jpg 250w\" sizes=\"(max-width: 1024px) 100vw, 1024px\" \/><\/a><\/div><\/div><div class=\"su-image-carousel-item\"><div class=\"su-image-carousel-item-content\"><a href=\"https:\/\/www.rwg-bayreuth.de\/home\/wp-content\/uploads\/2026\/03\/25-26-NeueWerkbuehneMuenchen-Auffuehrung3.jpg\" data-caption=\"\"><img loading=\"lazy\" decoding=\"async\" width=\"1024\" height=\"768\" src=\"https:\/\/www.rwg-bayreuth.de\/home\/wp-content\/uploads\/2026\/03\/25-26-NeueWerkbuehneMuenchen-Auffuehrung3.jpg\" class=\"\" alt=\"\" srcset=\"https:\/\/www.rwg-bayreuth.de\/home\/wp-content\/uploads\/2026\/03\/25-26-NeueWerkbuehneMuenchen-Auffuehrung3.jpg 1024w, https:\/\/www.rwg-bayreuth.de\/home\/wp-content\/uploads\/2026\/03\/25-26-NeueWerkbuehneMuenchen-Auffuehrung3-150x113.jpg 150w, https:\/\/www.rwg-bayreuth.de\/home\/wp-content\/uploads\/2026\/03\/25-26-NeueWerkbuehneMuenchen-Auffuehrung3-450x338.jpg 450w, https:\/\/www.rwg-bayreuth.de\/home\/wp-content\/uploads\/2026\/03\/25-26-NeueWerkbuehneMuenchen-Auffuehrung3-768x576.jpg 768w, https:\/\/www.rwg-bayreuth.de\/home\/wp-content\/uploads\/2026\/03\/25-26-NeueWerkbuehneMuenchen-Auffuehrung3-250x188.jpg 250w\" sizes=\"(max-width: 1024px) 100vw, 1024px\" \/><\/a><\/div><\/div><div class=\"su-image-carousel-item\"><div class=\"su-image-carousel-item-content\"><a href=\"https:\/\/www.rwg-bayreuth.de\/home\/wp-content\/uploads\/2026\/03\/25-26-NeueWerkbuehneMuenchen-Auffuehrung4.jpg\" data-caption=\"\"><img loading=\"lazy\" decoding=\"async\" width=\"1024\" height=\"768\" src=\"https:\/\/www.rwg-bayreuth.de\/home\/wp-content\/uploads\/2026\/03\/25-26-NeueWerkbuehneMuenchen-Auffuehrung4.jpg\" class=\"\" alt=\"\" srcset=\"https:\/\/www.rwg-bayreuth.de\/home\/wp-content\/uploads\/2026\/03\/25-26-NeueWerkbuehneMuenchen-Auffuehrung4.jpg 1024w, https:\/\/www.rwg-bayreuth.de\/home\/wp-content\/uploads\/2026\/03\/25-26-NeueWerkbuehneMuenchen-Auffuehrung4-150x113.jpg 150w, https:\/\/www.rwg-bayreuth.de\/home\/wp-content\/uploads\/2026\/03\/25-26-NeueWerkbuehneMuenchen-Auffuehrung4-450x338.jpg 450w, https:\/\/www.rwg-bayreuth.de\/home\/wp-content\/uploads\/2026\/03\/25-26-NeueWerkbuehneMuenchen-Auffuehrung4-768x576.jpg 768w, https:\/\/www.rwg-bayreuth.de\/home\/wp-content\/uploads\/2026\/03\/25-26-NeueWerkbuehneMuenchen-Auffuehrung4-250x188.jpg 250w\" sizes=\"(max-width: 1024px) 100vw, 1024px\" \/><\/a><\/div><\/div><div class=\"su-image-carousel-item\"><div class=\"su-image-carousel-item-content\"><a href=\"https:\/\/www.rwg-bayreuth.de\/home\/wp-content\/uploads\/2026\/03\/25-26-NeueWerkbuehneMuenchen-Auffuehrung5.jpg\" data-caption=\"\"><img loading=\"lazy\" decoding=\"async\" width=\"1024\" height=\"768\" src=\"https:\/\/www.rwg-bayreuth.de\/home\/wp-content\/uploads\/2026\/03\/25-26-NeueWerkbuehneMuenchen-Auffuehrung5.jpg\" class=\"\" alt=\"\" srcset=\"https:\/\/www.rwg-bayreuth.de\/home\/wp-content\/uploads\/2026\/03\/25-26-NeueWerkbuehneMuenchen-Auffuehrung5.jpg 1024w, https:\/\/www.rwg-bayreuth.de\/home\/wp-content\/uploads\/2026\/03\/25-26-NeueWerkbuehneMuenchen-Auffuehrung5-150x113.jpg 150w, https:\/\/www.rwg-bayreuth.de\/home\/wp-content\/uploads\/2026\/03\/25-26-NeueWerkbuehneMuenchen-Auffuehrung5-450x338.jpg 450w, https:\/\/www.rwg-bayreuth.de\/home\/wp-content\/uploads\/2026\/03\/25-26-NeueWerkbuehneMuenchen-Auffuehrung5-768x576.jpg 768w, https:\/\/www.rwg-bayreuth.de\/home\/wp-content\/uploads\/2026\/03\/25-26-NeueWerkbuehneMuenchen-Auffuehrung5-250x188.jpg 250w\" sizes=\"(max-width: 1024px) 100vw, 1024px\" \/><\/a><\/div><\/div><div class=\"su-image-carousel-item\"><div class=\"su-image-carousel-item-content\"><a href=\"https:\/\/www.rwg-bayreuth.de\/home\/wp-content\/uploads\/2026\/03\/25-26-NeueWerkbuehneMuenchen-Auffuehrung6.jpg\" data-caption=\"\"><img loading=\"lazy\" decoding=\"async\" width=\"1024\" height=\"768\" src=\"https:\/\/www.rwg-bayreuth.de\/home\/wp-content\/uploads\/2026\/03\/25-26-NeueWerkbuehneMuenchen-Auffuehrung6.jpg\" class=\"\" alt=\"\" srcset=\"https:\/\/www.rwg-bayreuth.de\/home\/wp-content\/uploads\/2026\/03\/25-26-NeueWerkbuehneMuenchen-Auffuehrung6.jpg 1024w, https:\/\/www.rwg-bayreuth.de\/home\/wp-content\/uploads\/2026\/03\/25-26-NeueWerkbuehneMuenchen-Auffuehrung6-150x113.jpg 150w, https:\/\/www.rwg-bayreuth.de\/home\/wp-content\/uploads\/2026\/03\/25-26-NeueWerkbuehneMuenchen-Auffuehrung6-450x338.jpg 450w, https:\/\/www.rwg-bayreuth.de\/home\/wp-content\/uploads\/2026\/03\/25-26-NeueWerkbuehneMuenchen-Auffuehrung6-768x576.jpg 768w, https:\/\/www.rwg-bayreuth.de\/home\/wp-content\/uploads\/2026\/03\/25-26-NeueWerkbuehneMuenchen-Auffuehrung6-250x188.jpg 250w\" sizes=\"(max-width: 1024px) 100vw, 1024px\" \/><\/a><\/div><\/div><div class=\"su-image-carousel-item\"><div class=\"su-image-carousel-item-content\"><a href=\"https:\/\/www.rwg-bayreuth.de\/home\/wp-content\/uploads\/2026\/03\/25-26-NeueWerkbuehneMuenchen-Auffuehrung7.jpg\" data-caption=\"\"><img loading=\"lazy\" decoding=\"async\" width=\"1024\" height=\"768\" src=\"https:\/\/www.rwg-bayreuth.de\/home\/wp-content\/uploads\/2026\/03\/25-26-NeueWerkbuehneMuenchen-Auffuehrung7.jpg\" class=\"\" alt=\"\" srcset=\"https:\/\/www.rwg-bayreuth.de\/home\/wp-content\/uploads\/2026\/03\/25-26-NeueWerkbuehneMuenchen-Auffuehrung7.jpg 1024w, https:\/\/www.rwg-bayreuth.de\/home\/wp-content\/uploads\/2026\/03\/25-26-NeueWerkbuehneMuenchen-Auffuehrung7-150x113.jpg 150w, https:\/\/www.rwg-bayreuth.de\/home\/wp-content\/uploads\/2026\/03\/25-26-NeueWerkbuehneMuenchen-Auffuehrung7-450x338.jpg 450w, https:\/\/www.rwg-bayreuth.de\/home\/wp-content\/uploads\/2026\/03\/25-26-NeueWerkbuehneMuenchen-Auffuehrung7-768x576.jpg 768w, https:\/\/www.rwg-bayreuth.de\/home\/wp-content\/uploads\/2026\/03\/25-26-NeueWerkbuehneMuenchen-Auffuehrung7-250x188.jpg 250w\" sizes=\"(max-width: 1024px) 100vw, 1024px\" \/><\/a><\/div><\/div><div class=\"su-image-carousel-item\"><div class=\"su-image-carousel-item-content\"><a href=\"https:\/\/www.rwg-bayreuth.de\/home\/wp-content\/uploads\/2026\/03\/25-26-NeueWerkbuehneMuenchen-Auffuehrung8.jpg\" data-caption=\"\"><img loading=\"lazy\" decoding=\"async\" width=\"1024\" height=\"768\" src=\"https:\/\/www.rwg-bayreuth.de\/home\/wp-content\/uploads\/2026\/03\/25-26-NeueWerkbuehneMuenchen-Auffuehrung8.jpg\" class=\"\" alt=\"\" srcset=\"https:\/\/www.rwg-bayreuth.de\/home\/wp-content\/uploads\/2026\/03\/25-26-NeueWerkbuehneMuenchen-Auffuehrung8.jpg 1024w, https:\/\/www.rwg-bayreuth.de\/home\/wp-content\/uploads\/2026\/03\/25-26-NeueWerkbuehneMuenchen-Auffuehrung8-150x113.jpg 150w, https:\/\/www.rwg-bayreuth.de\/home\/wp-content\/uploads\/2026\/03\/25-26-NeueWerkbuehneMuenchen-Auffuehrung8-450x338.jpg 450w, https:\/\/www.rwg-bayreuth.de\/home\/wp-content\/uploads\/2026\/03\/25-26-NeueWerkbuehneMuenchen-Auffuehrung8-768x576.jpg 768w, https:\/\/www.rwg-bayreuth.de\/home\/wp-content\/uploads\/2026\/03\/25-26-NeueWerkbuehneMuenchen-Auffuehrung8-250x188.jpg 250w\" sizes=\"(max-width: 1024px) 100vw, 1024px\" \/><\/a><\/div><\/div><div class=\"su-image-carousel-item\"><div class=\"su-image-carousel-item-content\"><a href=\"https:\/\/www.rwg-bayreuth.de\/home\/wp-content\/uploads\/2026\/03\/25-26-NeueWerkbuehneMuenchen-Auffuehrung9.jpg\" data-caption=\"\"><img loading=\"lazy\" decoding=\"async\" width=\"1024\" height=\"768\" src=\"https:\/\/www.rwg-bayreuth.de\/home\/wp-content\/uploads\/2026\/03\/25-26-NeueWerkbuehneMuenchen-Auffuehrung9.jpg\" class=\"\" alt=\"\" srcset=\"https:\/\/www.rwg-bayreuth.de\/home\/wp-content\/uploads\/2026\/03\/25-26-NeueWerkbuehneMuenchen-Auffuehrung9.jpg 1024w, https:\/\/www.rwg-bayreuth.de\/home\/wp-content\/uploads\/2026\/03\/25-26-NeueWerkbuehneMuenchen-Auffuehrung9-150x113.jpg 150w, https:\/\/www.rwg-bayreuth.de\/home\/wp-content\/uploads\/2026\/03\/25-26-NeueWerkbuehneMuenchen-Auffuehrung9-450x338.jpg 450w, https:\/\/www.rwg-bayreuth.de\/home\/wp-content\/uploads\/2026\/03\/25-26-NeueWerkbuehneMuenchen-Auffuehrung9-768x576.jpg 768w, https:\/\/www.rwg-bayreuth.de\/home\/wp-content\/uploads\/2026\/03\/25-26-NeueWerkbuehneMuenchen-Auffuehrung9-250x188.jpg 250w\" sizes=\"(max-width: 1024px) 100vw, 1024px\" \/><\/a><\/div><\/div><div class=\"su-image-carousel-item\"><div class=\"su-image-carousel-item-content\"><a href=\"https:\/\/www.rwg-bayreuth.de\/home\/wp-content\/uploads\/2026\/03\/25-26-NeueWerkbuehneMuenchen-Auffuehrung10.jpg\" data-caption=\"\"><img loading=\"lazy\" decoding=\"async\" width=\"1024\" height=\"768\" src=\"https:\/\/www.rwg-bayreuth.de\/home\/wp-content\/uploads\/2026\/03\/25-26-NeueWerkbuehneMuenchen-Auffuehrung10.jpg\" class=\"\" alt=\"\" srcset=\"https:\/\/www.rwg-bayreuth.de\/home\/wp-content\/uploads\/2026\/03\/25-26-NeueWerkbuehneMuenchen-Auffuehrung10.jpg 1024w, https:\/\/www.rwg-bayreuth.de\/home\/wp-content\/uploads\/2026\/03\/25-26-NeueWerkbuehneMuenchen-Auffuehrung10-150x113.jpg 150w, https:\/\/www.rwg-bayreuth.de\/home\/wp-content\/uploads\/2026\/03\/25-26-NeueWerkbuehneMuenchen-Auffuehrung10-450x338.jpg 450w, https:\/\/www.rwg-bayreuth.de\/home\/wp-content\/uploads\/2026\/03\/25-26-NeueWerkbuehneMuenchen-Auffuehrung10-768x576.jpg 768w, https:\/\/www.rwg-bayreuth.de\/home\/wp-content\/uploads\/2026\/03\/25-26-NeueWerkbuehneMuenchen-Auffuehrung10-250x188.jpg 250w\" sizes=\"(max-width: 1024px) 100vw, 1024px\" \/><\/a><\/div><\/div><div class=\"su-image-carousel-item\"><div class=\"su-image-carousel-item-content\"><a href=\"https:\/\/www.rwg-bayreuth.de\/home\/wp-content\/uploads\/2026\/03\/25-26-NeueWerkbuehneMuenchen-Auffuehrung11.jpg\" data-caption=\"\"><img loading=\"lazy\" decoding=\"async\" width=\"1024\" height=\"768\" src=\"https:\/\/www.rwg-bayreuth.de\/home\/wp-content\/uploads\/2026\/03\/25-26-NeueWerkbuehneMuenchen-Auffuehrung11.jpg\" class=\"\" alt=\"\" srcset=\"https:\/\/www.rwg-bayreuth.de\/home\/wp-content\/uploads\/2026\/03\/25-26-NeueWerkbuehneMuenchen-Auffuehrung11.jpg 1024w, https:\/\/www.rwg-bayreuth.de\/home\/wp-content\/uploads\/2026\/03\/25-26-NeueWerkbuehneMuenchen-Auffuehrung11-150x113.jpg 150w, https:\/\/www.rwg-bayreuth.de\/home\/wp-content\/uploads\/2026\/03\/25-26-NeueWerkbuehneMuenchen-Auffuehrung11-450x338.jpg 450w, https:\/\/www.rwg-bayreuth.de\/home\/wp-content\/uploads\/2026\/03\/25-26-NeueWerkbuehneMuenchen-Auffuehrung11-768x576.jpg 768w, https:\/\/www.rwg-bayreuth.de\/home\/wp-content\/uploads\/2026\/03\/25-26-NeueWerkbuehneMuenchen-Auffuehrung11-250x188.jpg 250w\" sizes=\"(max-width: 1024px) 100vw, 1024px\" \/><\/a><\/div><\/div><div class=\"su-image-carousel-item\"><div class=\"su-image-carousel-item-content\"><a href=\"https:\/\/www.rwg-bayreuth.de\/home\/wp-content\/uploads\/2026\/03\/25-26-NeueWerkbuehneMuenchen-Auffuehrung12.jpg\" data-caption=\"\"><img loading=\"lazy\" decoding=\"async\" width=\"1024\" height=\"1365\" src=\"https:\/\/www.rwg-bayreuth.de\/home\/wp-content\/uploads\/2026\/03\/25-26-NeueWerkbuehneMuenchen-Auffuehrung12.jpg\" class=\"\" alt=\"\" srcset=\"https:\/\/www.rwg-bayreuth.de\/home\/wp-content\/uploads\/2026\/03\/25-26-NeueWerkbuehneMuenchen-Auffuehrung12.jpg 1024w, https:\/\/www.rwg-bayreuth.de\/home\/wp-content\/uploads\/2026\/03\/25-26-NeueWerkbuehneMuenchen-Auffuehrung12-113x150.jpg 113w, https:\/\/www.rwg-bayreuth.de\/home\/wp-content\/uploads\/2026\/03\/25-26-NeueWerkbuehneMuenchen-Auffuehrung12-338x450.jpg 338w, https:\/\/www.rwg-bayreuth.de\/home\/wp-content\/uploads\/2026\/03\/25-26-NeueWerkbuehneMuenchen-Auffuehrung12-768x1024.jpg 768w, https:\/\/www.rwg-bayreuth.de\/home\/wp-content\/uploads\/2026\/03\/25-26-NeueWerkbuehneMuenchen-Auffuehrung12-250x333.jpg 250w\" sizes=\"(max-width: 1024px) 100vw, 1024px\" \/><\/a><\/div><\/div><\/div><script id=\"su_image_carousel_69f18ef2b63ab_script\">if(window.SUImageCarousel){setTimeout(function() {window.SUImageCarousel.initGallery(document.getElementById(\"su_image_carousel_69f18ef2b63ab\"))}, 0);}var su_image_carousel_69f18ef2b63ab_script=document.getElementById(\"su_image_carousel_69f18ef2b63ab_script\");if(su_image_carousel_69f18ef2b63ab_script){su_image_carousel_69f18ef2b63ab_script.parentNode.removeChild(su_image_carousel_69f18ef2b63ab_script);}<\/script>\n<p>\u00c4u\u00dferst gewinnbringend f\u00fcr alle Anwesenden gestaltete sich im Anschluss an die Auff\u00fchrung auch das Theatergespr\u00e4ch mit allem Akteuren, die in einem lockeren Austausch allen Fragen von Sch\u00fclerseite Rede und Antwort standen. Ganz herzlichen Dank an das Ensemble auch hierf\u00fcr!<br \/>\nUnsere Sch\u00fcler\/-innen konnten dabei durch ihre gleicherma\u00dfen interessierten wie auch sehr kenntnisreichen Nachfragen unter Beweis stellen, dass sie im Laufe der Oberstufe in ihren Kursen schon einiges zum Thema Theater gelernt haben \u2013 das macht doch Lust auf mehr im Laufe der n\u00e4chsten eineinhalb Jahr bis zum Abitur! Gerne ist bis dahin wieder einmal die eine oder andere kreative Aktion rund um Lekt\u00fcre, Literatur &amp; Co. geplant.<\/p>\n<p><em>S. Track<\/em><\/p>\n<p>&nbsp;<\/p>\n","protected":false},"excerpt":{"rendered":"<p>Rund ums Zwischenzeugnis gastierte die Neue Werkb\u00fchne M\u00fcnchen am RWG, um f\u00fcr die Sch\u00fcler\/-innen der Oberstufe Heinrich von Kleists Werk \u201eDer zerbrochne Krug\u201c aufzuf\u00fchren. Das St\u00fcck, das als einaktiges Lustspiel bzw. dramatische Justizkom\u00f6die bezeichnet werden k\u00f6nnte, stellt dabei richterliche Korruption bzw. Willk\u00fcr in einem fiktiven niederl\u00e4ndischen Dorf in den Mittelpunkt. Dass das f\u00fcr den Titel&hellip;<\/p>\n","protected":false},"author":11,"featured_media":40964,"comment_status":"closed","ping_status":"closed","sticky":false,"template":"","format":"standard","meta":{"footnotes":""},"categories":[1],"tags":[59,51],"_links":{"self":[{"href":"https:\/\/www.rwg-bayreuth.de\/home\/index.php?rest_route=\/wp\/v2\/posts\/40963"}],"collection":[{"href":"https:\/\/www.rwg-bayreuth.de\/home\/index.php?rest_route=\/wp\/v2\/posts"}],"about":[{"href":"https:\/\/www.rwg-bayreuth.de\/home\/index.php?rest_route=\/wp\/v2\/types\/post"}],"author":[{"embeddable":true,"href":"https:\/\/www.rwg-bayreuth.de\/home\/index.php?rest_route=\/wp\/v2\/users\/11"}],"replies":[{"embeddable":true,"href":"https:\/\/www.rwg-bayreuth.de\/home\/index.php?rest_route=%2Fwp%2Fv2%2Fcomments&post=40963"}],"version-history":[{"count":5,"href":"https:\/\/www.rwg-bayreuth.de\/home\/index.php?rest_route=\/wp\/v2\/posts\/40963\/revisions"}],"predecessor-version":[{"id":40982,"href":"https:\/\/www.rwg-bayreuth.de\/home\/index.php?rest_route=\/wp\/v2\/posts\/40963\/revisions\/40982"}],"wp:featuredmedia":[{"embeddable":true,"href":"https:\/\/www.rwg-bayreuth.de\/home\/index.php?rest_route=\/wp\/v2\/media\/40964"}],"wp:attachment":[{"href":"https:\/\/www.rwg-bayreuth.de\/home\/index.php?rest_route=%2Fwp%2Fv2%2Fmedia&parent=40963"}],"wp:term":[{"taxonomy":"category","embeddable":true,"href":"https:\/\/www.rwg-bayreuth.de\/home\/index.php?rest_route=%2Fwp%2Fv2%2Fcategories&post=40963"},{"taxonomy":"post_tag","embeddable":true,"href":"https:\/\/www.rwg-bayreuth.de\/home\/index.php?rest_route=%2Fwp%2Fv2%2Ftags&post=40963"}],"curies":[{"name":"wp","href":"https:\/\/api.w.org\/{rel}","templated":true}]}}