{"id":40945,"date":"2026-03-10T05:01:05","date_gmt":"2026-03-10T04:01:05","guid":{"rendered":"https:\/\/www.rwg-bayreuth.de\/home\/?p=40945"},"modified":"2026-03-01T15:02:47","modified_gmt":"2026-03-01T14:02:47","slug":"ein-videodreh-in-lateinischer-sprache-echt-jetzt","status":"publish","type":"post","link":"https:\/\/www.rwg-bayreuth.de\/home\/?p=40945","title":{"rendered":"Ein Videodreh in lateinischer Sprache \u2013 echt jetzt?!"},"content":{"rendered":"<p><!-- Track\n\n--><a href=\"https:\/\/www.rwg-bayreuth.de\/home\/wp-content\/uploads\/2026\/03\/25-26-Begabtenfoerderung-Einstieg.jpg\"><img loading=\"lazy\" decoding=\"async\" src=\"https:\/\/www.rwg-bayreuth.de\/home\/wp-content\/uploads\/2026\/03\/25-26-Begabtenfoerderung-Einstieg.jpg\" alt=\"\" width=\"1024\" height=\"683\" class=\"aligncenter size-full wp-image-40947 crop219bottom\" srcset=\"https:\/\/www.rwg-bayreuth.de\/home\/wp-content\/uploads\/2026\/03\/25-26-Begabtenfoerderung-Einstieg.jpg 1024w, https:\/\/www.rwg-bayreuth.de\/home\/wp-content\/uploads\/2026\/03\/25-26-Begabtenfoerderung-Einstieg-150x100.jpg 150w, https:\/\/www.rwg-bayreuth.de\/home\/wp-content\/uploads\/2026\/03\/25-26-Begabtenfoerderung-Einstieg-450x300.jpg 450w, https:\/\/www.rwg-bayreuth.de\/home\/wp-content\/uploads\/2026\/03\/25-26-Begabtenfoerderung-Einstieg-768x512.jpg 768w, https:\/\/www.rwg-bayreuth.de\/home\/wp-content\/uploads\/2026\/03\/25-26-Begabtenfoerderung-Einstieg-250x167.jpg 250w, https:\/\/www.rwg-bayreuth.de\/home\/wp-content\/uploads\/2026\/03\/25-26-Begabtenfoerderung-Einstieg-900x600.jpg 900w\" sizes=\"(max-width: 1024px) 100vw, 1024px\" \/><\/a><\/p>\n<p>Auch in diesem Schuljahr findet am RWG im Rahmen der regionalen Begabtenf\u00f6rderung Oberfranken wieder ein Kurs zum Thema Latein\/Alte Geschichte statt, der es sich zum Ziel gesetzt hat, die Bedeutsamkeit der lateinischen Sprache genauer zu betrachten.<br \/>\nSo haben sich seit dem letzten Durchgang im vergangenen Jahr einige sprachentalentierte Sch\u00fcler\/-innen des RWG, aber auch von weiteren Schulen in Bayreuth sowie der Umgebung (Pegnitz, Bamberg, M\u00fcnchberg) zusammengefunden, um an besonderen Kurstagen der oftmals gestellten Frage nachzugehen, wozu Latein denn heute eigentlich noch von Nutzen ist. Schnell kam innerhalb der illustren Runde die Idee auf, die Nachforschungen zu diesen \u00dcberlegungen zeitgem\u00e4\u00df innerhalb eines gleicherma\u00dfen anschaulichen wie auch lehrreichen Video-settings zu \u201averpacken\u2018 \u2013 gesagt, getan!<\/p>\n<p>So entstand bereits im Vorjahr das Konzept in Form eines sorgsam aufgesetzten Skripts zum Kurzfilm, der als Grundidee die Thematik einer Zeitreise eines traditionellen R\u00f6mers in die heutige Alltagswelt aufgreift.<\/p>\n<div class=\"su-image-carousel  clear su-image-carousel-columns-3 su-image-carousel-has-spacing su-image-carousel-crop su-image-carousel-crop-4-3 su-image-carousel-has-lightbox su-image-carousel-has-outline su-image-carousel-slides-style-minimal su-image-carousel-controls-style-light su-image-carousel-align-none\" style=\"\" data-flickity-options='{\"groupCells\":true,\"cellSelector\":\".su-image-carousel-item\",\"adaptiveHeight\":false,\"cellAlign\":\"left\",\"prevNextButtons\":true,\"pageDots\":false,\"autoPlay\":4000,\"imagesLoaded\":true,\"contain\":true,\"selectedAttraction\":0.025000000000000001,\"friction\":0.28000000000000003}' id=\"su_image_carousel_69f18ef547b24\"><div class=\"su-image-carousel-item\"><div class=\"su-image-carousel-item-content\"><a href=\"https:\/\/www.rwg-bayreuth.de\/home\/wp-content\/uploads\/2026\/03\/25-26-Begabtenfoerderung-Videodreh1.jpg\" data-caption=\"\"><img loading=\"lazy\" decoding=\"async\" width=\"1280\" height=\"960\" src=\"https:\/\/www.rwg-bayreuth.de\/home\/wp-content\/uploads\/2026\/03\/25-26-Begabtenfoerderung-Videodreh1.jpg\" class=\"\" alt=\"\" srcset=\"https:\/\/www.rwg-bayreuth.de\/home\/wp-content\/uploads\/2026\/03\/25-26-Begabtenfoerderung-Videodreh1.jpg 1280w, https:\/\/www.rwg-bayreuth.de\/home\/wp-content\/uploads\/2026\/03\/25-26-Begabtenfoerderung-Videodreh1-150x113.jpg 150w, https:\/\/www.rwg-bayreuth.de\/home\/wp-content\/uploads\/2026\/03\/25-26-Begabtenfoerderung-Videodreh1-450x338.jpg 450w, https:\/\/www.rwg-bayreuth.de\/home\/wp-content\/uploads\/2026\/03\/25-26-Begabtenfoerderung-Videodreh1-768x576.jpg 768w, https:\/\/www.rwg-bayreuth.de\/home\/wp-content\/uploads\/2026\/03\/25-26-Begabtenfoerderung-Videodreh1-1024x768.jpg 1024w, https:\/\/www.rwg-bayreuth.de\/home\/wp-content\/uploads\/2026\/03\/25-26-Begabtenfoerderung-Videodreh1-250x188.jpg 250w\" sizes=\"(max-width: 1280px) 100vw, 1280px\" \/><\/a><\/div><\/div><div class=\"su-image-carousel-item\"><div class=\"su-image-carousel-item-content\"><a href=\"https:\/\/www.rwg-bayreuth.de\/home\/wp-content\/uploads\/2026\/03\/25-26-Begabtenfoerderung-Videodreh2.jpg\" data-caption=\"\"><img loading=\"lazy\" decoding=\"async\" width=\"1280\" height=\"960\" src=\"https:\/\/www.rwg-bayreuth.de\/home\/wp-content\/uploads\/2026\/03\/25-26-Begabtenfoerderung-Videodreh2.jpg\" class=\"\" alt=\"\" srcset=\"https:\/\/www.rwg-bayreuth.de\/home\/wp-content\/uploads\/2026\/03\/25-26-Begabtenfoerderung-Videodreh2.jpg 1280w, https:\/\/www.rwg-bayreuth.de\/home\/wp-content\/uploads\/2026\/03\/25-26-Begabtenfoerderung-Videodreh2-150x113.jpg 150w, https:\/\/www.rwg-bayreuth.de\/home\/wp-content\/uploads\/2026\/03\/25-26-Begabtenfoerderung-Videodreh2-450x338.jpg 450w, https:\/\/www.rwg-bayreuth.de\/home\/wp-content\/uploads\/2026\/03\/25-26-Begabtenfoerderung-Videodreh2-768x576.jpg 768w, https:\/\/www.rwg-bayreuth.de\/home\/wp-content\/uploads\/2026\/03\/25-26-Begabtenfoerderung-Videodreh2-1024x768.jpg 1024w, https:\/\/www.rwg-bayreuth.de\/home\/wp-content\/uploads\/2026\/03\/25-26-Begabtenfoerderung-Videodreh2-250x188.jpg 250w\" sizes=\"(max-width: 1280px) 100vw, 1280px\" \/><\/a><\/div><\/div><div class=\"su-image-carousel-item\"><div class=\"su-image-carousel-item-content\"><a href=\"https:\/\/www.rwg-bayreuth.de\/home\/wp-content\/uploads\/2026\/03\/25-26-Begabtenfoerderung-Videodreh3.jpg\" data-caption=\"\"><img loading=\"lazy\" decoding=\"async\" width=\"1280\" height=\"960\" src=\"https:\/\/www.rwg-bayreuth.de\/home\/wp-content\/uploads\/2026\/03\/25-26-Begabtenfoerderung-Videodreh3.jpg\" class=\"\" alt=\"\" srcset=\"https:\/\/www.rwg-bayreuth.de\/home\/wp-content\/uploads\/2026\/03\/25-26-Begabtenfoerderung-Videodreh3.jpg 1280w, https:\/\/www.rwg-bayreuth.de\/home\/wp-content\/uploads\/2026\/03\/25-26-Begabtenfoerderung-Videodreh3-150x113.jpg 150w, https:\/\/www.rwg-bayreuth.de\/home\/wp-content\/uploads\/2026\/03\/25-26-Begabtenfoerderung-Videodreh3-450x338.jpg 450w, https:\/\/www.rwg-bayreuth.de\/home\/wp-content\/uploads\/2026\/03\/25-26-Begabtenfoerderung-Videodreh3-768x576.jpg 768w, https:\/\/www.rwg-bayreuth.de\/home\/wp-content\/uploads\/2026\/03\/25-26-Begabtenfoerderung-Videodreh3-1024x768.jpg 1024w, https:\/\/www.rwg-bayreuth.de\/home\/wp-content\/uploads\/2026\/03\/25-26-Begabtenfoerderung-Videodreh3-250x188.jpg 250w\" sizes=\"(max-width: 1280px) 100vw, 1280px\" \/><\/a><\/div><\/div><div class=\"su-image-carousel-item\"><div class=\"su-image-carousel-item-content\"><a href=\"https:\/\/www.rwg-bayreuth.de\/home\/wp-content\/uploads\/2026\/03\/25-26-Begabtenfoerderung-Videodreh4.jpg\" data-caption=\"\"><img loading=\"lazy\" decoding=\"async\" width=\"1024\" height=\"768\" src=\"https:\/\/www.rwg-bayreuth.de\/home\/wp-content\/uploads\/2026\/03\/25-26-Begabtenfoerderung-Videodreh4.jpg\" class=\"\" alt=\"\" srcset=\"https:\/\/www.rwg-bayreuth.de\/home\/wp-content\/uploads\/2026\/03\/25-26-Begabtenfoerderung-Videodreh4.jpg 1024w, https:\/\/www.rwg-bayreuth.de\/home\/wp-content\/uploads\/2026\/03\/25-26-Begabtenfoerderung-Videodreh4-150x113.jpg 150w, https:\/\/www.rwg-bayreuth.de\/home\/wp-content\/uploads\/2026\/03\/25-26-Begabtenfoerderung-Videodreh4-450x338.jpg 450w, https:\/\/www.rwg-bayreuth.de\/home\/wp-content\/uploads\/2026\/03\/25-26-Begabtenfoerderung-Videodreh4-768x576.jpg 768w, https:\/\/www.rwg-bayreuth.de\/home\/wp-content\/uploads\/2026\/03\/25-26-Begabtenfoerderung-Videodreh4-250x188.jpg 250w\" sizes=\"(max-width: 1024px) 100vw, 1024px\" \/><\/a><\/div><\/div><\/div><script id=\"su_image_carousel_69f18ef547b24_script\">if(window.SUImageCarousel){setTimeout(function() {window.SUImageCarousel.initGallery(document.getElementById(\"su_image_carousel_69f18ef547b24\"))}, 0);}var su_image_carousel_69f18ef547b24_script=document.getElementById(\"su_image_carousel_69f18ef547b24_script\");if(su_image_carousel_69f18ef547b24_script){su_image_carousel_69f18ef547b24_script.parentNode.removeChild(su_image_carousel_69f18ef547b24_script);}<\/script>\n<p>Schnell stellt unsere R\u00f6merin \u2013 absolut stilecht verk\u00f6rpert von Marike in standesgem\u00e4\u00dfer Kleidung \ud83d\ude42 \u2013 dabei fest, dass die eigene Sprache irgendwie doch fast so klingt, wie ihre \u201aromanischen Nachfahren\u2018\u2026da braucht es also eigentlich fast keinen Dolmetscher mehr (<em>auch wenn es die in-ear-Kopfh\u00f6rer \u2013 lat. conchae auditoriae \u2013 im Technikshop von Nebenan kostenlos zur Reise durch die Welt der modernen Sprachen dazu gibt<\/em>): Und ab geht der wilde \u201aRitt\u2018 durch die verschiedenen Sprachen, die hier \u2013 zugegebenerma\u00dfen \u2013 etwas klischeehaft \u00fcberspitzt dargestellt werden: Schlie\u00dflich soll und darf man als Zuschauer ja auch die stereotypen Charakteristika der jeweiligen Nation erkennen \u2013 ein leichtes Augenzwinkern bleibt dabei stets mitgedacht!<br \/>\nDie \u201aaus der Zeit gefallene R\u00f6merin\u2018 kommt dabei p\u00fcnktlich zur <em>tea time<\/em> in Kontakt mit hilfsbereiten Engl\u00e4ndern und erf\u00e4hrt im Zusammentreffen mit Italienern einiges \u00fcber <em>la dolce vita<\/em>; \u00fcber ein Fu\u00dfballspiel entsteht u.a. die Freundschaft mit Spaniern, die nebenbei zum Tapas-Essen einladen, um schlie\u00dflich festzustellen, dass man im Fu\u00dfball-Trikot wohl kaum ad\u00e4quat bekleidet die Festspiele wird besuchen k\u00f6nnen \u2013 wie gut, dass hier im Nu Modeexperten aus dem Nachbarland Frankreich zu Hilfe eilen! Somit spricht sich das Video am Ende f\u00fcr ein gemeinsames, tolerantes Miteinander vor malerischer Kulisse der Wagner-Stadt Bayreuth aus, das ohne jegliche Sprachbarrieren funktioniert.<\/p>\n<div class=\"su-image-carousel  clear su-image-carousel-columns-3 su-image-carousel-has-spacing su-image-carousel-crop su-image-carousel-crop-4-3 su-image-carousel-has-lightbox su-image-carousel-has-outline su-image-carousel-slides-style-minimal su-image-carousel-controls-style-light su-image-carousel-align-none\" style=\"\" data-flickity-options='{\"groupCells\":true,\"cellSelector\":\".su-image-carousel-item\",\"adaptiveHeight\":false,\"cellAlign\":\"left\",\"prevNextButtons\":true,\"pageDots\":false,\"autoPlay\":4000,\"imagesLoaded\":true,\"contain\":true,\"selectedAttraction\":0.025000000000000001,\"friction\":0.28000000000000003}' id=\"su_image_carousel_69f18ef547f00\"><div class=\"su-image-carousel-item\"><div class=\"su-image-carousel-item-content\"><a href=\"https:\/\/www.rwg-bayreuth.de\/home\/wp-content\/uploads\/2026\/03\/25-26-Begabtenfoerderung-Videodreh5.jpg\" data-caption=\"\"><img loading=\"lazy\" decoding=\"async\" width=\"1024\" height=\"768\" src=\"https:\/\/www.rwg-bayreuth.de\/home\/wp-content\/uploads\/2026\/03\/25-26-Begabtenfoerderung-Videodreh5.jpg\" class=\"\" alt=\"\" srcset=\"https:\/\/www.rwg-bayreuth.de\/home\/wp-content\/uploads\/2026\/03\/25-26-Begabtenfoerderung-Videodreh5.jpg 1024w, https:\/\/www.rwg-bayreuth.de\/home\/wp-content\/uploads\/2026\/03\/25-26-Begabtenfoerderung-Videodreh5-150x113.jpg 150w, https:\/\/www.rwg-bayreuth.de\/home\/wp-content\/uploads\/2026\/03\/25-26-Begabtenfoerderung-Videodreh5-450x338.jpg 450w, https:\/\/www.rwg-bayreuth.de\/home\/wp-content\/uploads\/2026\/03\/25-26-Begabtenfoerderung-Videodreh5-768x576.jpg 768w, https:\/\/www.rwg-bayreuth.de\/home\/wp-content\/uploads\/2026\/03\/25-26-Begabtenfoerderung-Videodreh5-250x188.jpg 250w\" sizes=\"(max-width: 1024px) 100vw, 1024px\" \/><\/a><\/div><\/div><div class=\"su-image-carousel-item\"><div class=\"su-image-carousel-item-content\"><a href=\"https:\/\/www.rwg-bayreuth.de\/home\/wp-content\/uploads\/2026\/03\/25-26-Begabtenfoerderung-Videodreh6.jpg\" data-caption=\"\"><img loading=\"lazy\" decoding=\"async\" width=\"1024\" height=\"768\" src=\"https:\/\/www.rwg-bayreuth.de\/home\/wp-content\/uploads\/2026\/03\/25-26-Begabtenfoerderung-Videodreh6.jpg\" class=\"\" alt=\"\" srcset=\"https:\/\/www.rwg-bayreuth.de\/home\/wp-content\/uploads\/2026\/03\/25-26-Begabtenfoerderung-Videodreh6.jpg 1024w, https:\/\/www.rwg-bayreuth.de\/home\/wp-content\/uploads\/2026\/03\/25-26-Begabtenfoerderung-Videodreh6-150x113.jpg 150w, https:\/\/www.rwg-bayreuth.de\/home\/wp-content\/uploads\/2026\/03\/25-26-Begabtenfoerderung-Videodreh6-450x338.jpg 450w, https:\/\/www.rwg-bayreuth.de\/home\/wp-content\/uploads\/2026\/03\/25-26-Begabtenfoerderung-Videodreh6-768x576.jpg 768w, https:\/\/www.rwg-bayreuth.de\/home\/wp-content\/uploads\/2026\/03\/25-26-Begabtenfoerderung-Videodreh6-250x188.jpg 250w\" sizes=\"(max-width: 1024px) 100vw, 1024px\" \/><\/a><\/div><\/div><div class=\"su-image-carousel-item\"><div class=\"su-image-carousel-item-content\"><a href=\"https:\/\/www.rwg-bayreuth.de\/home\/wp-content\/uploads\/2026\/03\/25-26-Begabtenfoerderung-Videodreh7.jpg\" data-caption=\"\"><img loading=\"lazy\" decoding=\"async\" width=\"1024\" height=\"1365\" src=\"https:\/\/www.rwg-bayreuth.de\/home\/wp-content\/uploads\/2026\/03\/25-26-Begabtenfoerderung-Videodreh7.jpg\" class=\"\" alt=\"\" srcset=\"https:\/\/www.rwg-bayreuth.de\/home\/wp-content\/uploads\/2026\/03\/25-26-Begabtenfoerderung-Videodreh7.jpg 1024w, https:\/\/www.rwg-bayreuth.de\/home\/wp-content\/uploads\/2026\/03\/25-26-Begabtenfoerderung-Videodreh7-113x150.jpg 113w, https:\/\/www.rwg-bayreuth.de\/home\/wp-content\/uploads\/2026\/03\/25-26-Begabtenfoerderung-Videodreh7-338x450.jpg 338w, https:\/\/www.rwg-bayreuth.de\/home\/wp-content\/uploads\/2026\/03\/25-26-Begabtenfoerderung-Videodreh7-768x1024.jpg 768w, https:\/\/www.rwg-bayreuth.de\/home\/wp-content\/uploads\/2026\/03\/25-26-Begabtenfoerderung-Videodreh7-250x333.jpg 250w\" sizes=\"(max-width: 1024px) 100vw, 1024px\" \/><\/a><\/div><\/div><div class=\"su-image-carousel-item\"><div class=\"su-image-carousel-item-content\"><a href=\"https:\/\/www.rwg-bayreuth.de\/home\/wp-content\/uploads\/2026\/03\/25-26-Begabtenfoerderung-Videodreh8.jpg\" data-caption=\"\"><img loading=\"lazy\" decoding=\"async\" width=\"1024\" height=\"768\" src=\"https:\/\/www.rwg-bayreuth.de\/home\/wp-content\/uploads\/2026\/03\/25-26-Begabtenfoerderung-Videodreh8.jpg\" class=\"\" alt=\"\" srcset=\"https:\/\/www.rwg-bayreuth.de\/home\/wp-content\/uploads\/2026\/03\/25-26-Begabtenfoerderung-Videodreh8.jpg 1024w, https:\/\/www.rwg-bayreuth.de\/home\/wp-content\/uploads\/2026\/03\/25-26-Begabtenfoerderung-Videodreh8-150x113.jpg 150w, https:\/\/www.rwg-bayreuth.de\/home\/wp-content\/uploads\/2026\/03\/25-26-Begabtenfoerderung-Videodreh8-450x338.jpg 450w, https:\/\/www.rwg-bayreuth.de\/home\/wp-content\/uploads\/2026\/03\/25-26-Begabtenfoerderung-Videodreh8-768x576.jpg 768w, https:\/\/www.rwg-bayreuth.de\/home\/wp-content\/uploads\/2026\/03\/25-26-Begabtenfoerderung-Videodreh8-250x188.jpg 250w\" sizes=\"(max-width: 1024px) 100vw, 1024px\" \/><\/a><\/div><\/div><\/div><script id=\"su_image_carousel_69f18ef547f00_script\">if(window.SUImageCarousel){setTimeout(function() {window.SUImageCarousel.initGallery(document.getElementById(\"su_image_carousel_69f18ef547f00\"))}, 0);}var su_image_carousel_69f18ef547f00_script=document.getElementById(\"su_image_carousel_69f18ef547f00_script\");if(su_image_carousel_69f18ef547f00_script){su_image_carousel_69f18ef547f00_script.parentNode.removeChild(su_image_carousel_69f18ef547f00_script);}<\/script>\n<p>Die bisherigen Kurstage in diesem Schuljahr wurden nach intensiver Vorarbeit (inkl. \u00dcbersetzungen in 5 Sprachen!) nun dazu genutzt, das Skript technisch in Videosequenzen zu \u00fcbertragen \u2013 was aufgrund von Finjas herausragenden Blicks f\u00fcr das Wesentliche bisher hervorragend gelungen ist. Ein ganz besonderer Dank geb\u00fchrt bereits an dieser Stelle auch Lukas, der \u00e4u\u00dferst versiert in allen technischen Bereichen ist.<\/p>\n<div class=\"su-image-carousel  clear su-image-carousel-columns-3 su-image-carousel-has-spacing su-image-carousel-crop su-image-carousel-crop-4-3 su-image-carousel-has-lightbox su-image-carousel-has-outline su-image-carousel-slides-style-minimal su-image-carousel-controls-style-light su-image-carousel-align-none\" style=\"\" data-flickity-options='{\"groupCells\":true,\"cellSelector\":\".su-image-carousel-item\",\"adaptiveHeight\":false,\"cellAlign\":\"left\",\"prevNextButtons\":true,\"pageDots\":false,\"autoPlay\":4000,\"imagesLoaded\":true,\"contain\":true,\"selectedAttraction\":0.025000000000000001,\"friction\":0.28000000000000003}' id=\"su_image_carousel_69f18ef548235\"><div class=\"su-image-carousel-item\"><div class=\"su-image-carousel-item-content\"><a href=\"https:\/\/www.rwg-bayreuth.de\/home\/wp-content\/uploads\/2026\/03\/25-26-Begabtenfoerderung-Skript.jpg\" data-caption=\"\"><img loading=\"lazy\" decoding=\"async\" width=\"1024\" height=\"768\" src=\"https:\/\/www.rwg-bayreuth.de\/home\/wp-content\/uploads\/2026\/03\/25-26-Begabtenfoerderung-Skript.jpg\" class=\"\" alt=\"\" srcset=\"https:\/\/www.rwg-bayreuth.de\/home\/wp-content\/uploads\/2026\/03\/25-26-Begabtenfoerderung-Skript.jpg 1024w, https:\/\/www.rwg-bayreuth.de\/home\/wp-content\/uploads\/2026\/03\/25-26-Begabtenfoerderung-Skript-150x113.jpg 150w, https:\/\/www.rwg-bayreuth.de\/home\/wp-content\/uploads\/2026\/03\/25-26-Begabtenfoerderung-Skript-450x338.jpg 450w, https:\/\/www.rwg-bayreuth.de\/home\/wp-content\/uploads\/2026\/03\/25-26-Begabtenfoerderung-Skript-768x576.jpg 768w, https:\/\/www.rwg-bayreuth.de\/home\/wp-content\/uploads\/2026\/03\/25-26-Begabtenfoerderung-Skript-250x188.jpg 250w\" sizes=\"(max-width: 1024px) 100vw, 1024px\" \/><\/a><\/div><\/div><div class=\"su-image-carousel-item\"><div class=\"su-image-carousel-item-content\"><a href=\"https:\/\/www.rwg-bayreuth.de\/home\/wp-content\/uploads\/2026\/03\/25-26-Begabtenfoerderung-Vorbereitung1.jpg\" data-caption=\"\"><img loading=\"lazy\" decoding=\"async\" width=\"1280\" height=\"960\" src=\"https:\/\/www.rwg-bayreuth.de\/home\/wp-content\/uploads\/2026\/03\/25-26-Begabtenfoerderung-Vorbereitung1.jpg\" class=\"\" alt=\"\" srcset=\"https:\/\/www.rwg-bayreuth.de\/home\/wp-content\/uploads\/2026\/03\/25-26-Begabtenfoerderung-Vorbereitung1.jpg 1280w, https:\/\/www.rwg-bayreuth.de\/home\/wp-content\/uploads\/2026\/03\/25-26-Begabtenfoerderung-Vorbereitung1-150x113.jpg 150w, https:\/\/www.rwg-bayreuth.de\/home\/wp-content\/uploads\/2026\/03\/25-26-Begabtenfoerderung-Vorbereitung1-450x338.jpg 450w, https:\/\/www.rwg-bayreuth.de\/home\/wp-content\/uploads\/2026\/03\/25-26-Begabtenfoerderung-Vorbereitung1-768x576.jpg 768w, https:\/\/www.rwg-bayreuth.de\/home\/wp-content\/uploads\/2026\/03\/25-26-Begabtenfoerderung-Vorbereitung1-1024x768.jpg 1024w, https:\/\/www.rwg-bayreuth.de\/home\/wp-content\/uploads\/2026\/03\/25-26-Begabtenfoerderung-Vorbereitung1-250x188.jpg 250w\" sizes=\"(max-width: 1280px) 100vw, 1280px\" \/><\/a><\/div><\/div><div class=\"su-image-carousel-item\"><div class=\"su-image-carousel-item-content\"><a href=\"https:\/\/www.rwg-bayreuth.de\/home\/wp-content\/uploads\/2026\/03\/25-26-Begabtenfoerderung-Vorbereitung2.jpg\" data-caption=\"\"><img loading=\"lazy\" decoding=\"async\" width=\"1024\" height=\"768\" src=\"https:\/\/www.rwg-bayreuth.de\/home\/wp-content\/uploads\/2026\/03\/25-26-Begabtenfoerderung-Vorbereitung2.jpg\" class=\"\" alt=\"\" srcset=\"https:\/\/www.rwg-bayreuth.de\/home\/wp-content\/uploads\/2026\/03\/25-26-Begabtenfoerderung-Vorbereitung2.jpg 1024w, https:\/\/www.rwg-bayreuth.de\/home\/wp-content\/uploads\/2026\/03\/25-26-Begabtenfoerderung-Vorbereitung2-150x113.jpg 150w, https:\/\/www.rwg-bayreuth.de\/home\/wp-content\/uploads\/2026\/03\/25-26-Begabtenfoerderung-Vorbereitung2-450x338.jpg 450w, https:\/\/www.rwg-bayreuth.de\/home\/wp-content\/uploads\/2026\/03\/25-26-Begabtenfoerderung-Vorbereitung2-768x576.jpg 768w, https:\/\/www.rwg-bayreuth.de\/home\/wp-content\/uploads\/2026\/03\/25-26-Begabtenfoerderung-Vorbereitung2-250x188.jpg 250w\" sizes=\"(max-width: 1024px) 100vw, 1024px\" \/><\/a><\/div><\/div><\/div><script id=\"su_image_carousel_69f18ef548235_script\">if(window.SUImageCarousel){setTimeout(function() {window.SUImageCarousel.initGallery(document.getElementById(\"su_image_carousel_69f18ef548235\"))}, 0);}var su_image_carousel_69f18ef548235_script=document.getElementById(\"su_image_carousel_69f18ef548235_script\");if(su_image_carousel_69f18ef548235_script){su_image_carousel_69f18ef548235_script.parentNode.removeChild(su_image_carousel_69f18ef548235_script);}<\/script>\n<p>F\u00fcr mich als Kursleiterin ist es sehr schon mitanzusehen, wie der zielf\u00fchrende Einsatz von iPads, Aufnahme- sowie Schnittprogrammen fast schon zu einer Selbstverst\u00e4ndlichkeit f\u00fcr alle Teilnehmenden geworden ist. Es ist auch vonseiten der Lehrkraft \u00e4u\u00dferst bereichernd, gemeinsam mit allen Sch\u00fcler\/-innen miterleben zu d\u00fcrfen, welch tolles und auch vielf\u00e4ltiges Endprodukt durch den motivierten Einsatz aller Beteiligten sicherlich entstehen kann \u2013 so sind wir alle schon sehr gespannt darauf, wie unser Kurzfilm in der fertigen Version aussehen wird.<br \/>\nIhr seid ein wirklich super Team, vor dessen Gemeinschaftsleistung ich gro\u00dfen Respekt habe &#8211; <em>optime fecistis<\/em>! \ud83d\ude42<\/p>\n<p><em>S. Track<\/em><\/p>\n","protected":false},"excerpt":{"rendered":"<p>Auch in diesem Schuljahr findet am RWG im Rahmen der regionalen Begabtenf\u00f6rderung Oberfranken wieder ein Kurs zum Thema Latein\/Alte Geschichte statt, der es sich zum Ziel gesetzt hat, die Bedeutsamkeit der lateinischen Sprache genauer zu betrachten. So haben sich seit dem letzten Durchgang im vergangenen Jahr einige sprachentalentierte Sch\u00fcler\/-innen des RWG, aber auch von weiteren&hellip;<\/p>\n","protected":false},"author":11,"featured_media":40947,"comment_status":"closed","ping_status":"closed","sticky":false,"template":"","format":"standard","meta":{"footnotes":""},"categories":[1],"tags":[155,51,67],"_links":{"self":[{"href":"https:\/\/www.rwg-bayreuth.de\/home\/index.php?rest_route=\/wp\/v2\/posts\/40945"}],"collection":[{"href":"https:\/\/www.rwg-bayreuth.de\/home\/index.php?rest_route=\/wp\/v2\/posts"}],"about":[{"href":"https:\/\/www.rwg-bayreuth.de\/home\/index.php?rest_route=\/wp\/v2\/types\/post"}],"author":[{"embeddable":true,"href":"https:\/\/www.rwg-bayreuth.de\/home\/index.php?rest_route=\/wp\/v2\/users\/11"}],"replies":[{"embeddable":true,"href":"https:\/\/www.rwg-bayreuth.de\/home\/index.php?rest_route=%2Fwp%2Fv2%2Fcomments&post=40945"}],"version-history":[{"count":5,"href":"https:\/\/www.rwg-bayreuth.de\/home\/index.php?rest_route=\/wp\/v2\/posts\/40945\/revisions"}],"predecessor-version":[{"id":40962,"href":"https:\/\/www.rwg-bayreuth.de\/home\/index.php?rest_route=\/wp\/v2\/posts\/40945\/revisions\/40962"}],"wp:featuredmedia":[{"embeddable":true,"href":"https:\/\/www.rwg-bayreuth.de\/home\/index.php?rest_route=\/wp\/v2\/media\/40947"}],"wp:attachment":[{"href":"https:\/\/www.rwg-bayreuth.de\/home\/index.php?rest_route=%2Fwp%2Fv2%2Fmedia&parent=40945"}],"wp:term":[{"taxonomy":"category","embeddable":true,"href":"https:\/\/www.rwg-bayreuth.de\/home\/index.php?rest_route=%2Fwp%2Fv2%2Fcategories&post=40945"},{"taxonomy":"post_tag","embeddable":true,"href":"https:\/\/www.rwg-bayreuth.de\/home\/index.php?rest_route=%2Fwp%2Fv2%2Ftags&post=40945"}],"curies":[{"name":"wp","href":"https:\/\/api.w.org\/{rel}","templated":true}]}}