{"id":40934,"date":"2026-02-27T05:34:56","date_gmt":"2026-02-27T04:34:56","guid":{"rendered":"https:\/\/www.rwg-bayreuth.de\/home\/?p=40934"},"modified":"2026-03-23T14:09:59","modified_gmt":"2026-03-23T13:09:59","slug":"exkursion-nach-flossenbuerg","status":"publish","type":"post","link":"https:\/\/www.rwg-bayreuth.de\/home\/?p=40934","title":{"rendered":"Geschichte vor Ort: Besuch der KZ-Gedenkst\u00e4tte Flossenb\u00fcrg"},"content":{"rendered":"<p><!-- D\u00f6rfler F.\n\n--><a href=\"https:\/\/www.rwg-bayreuth.de\/home\/wp-content\/uploads\/2026\/02\/25-26-Flossenbuerg.jpg\"><img loading=\"lazy\" decoding=\"async\" src=\"https:\/\/www.rwg-bayreuth.de\/home\/wp-content\/uploads\/2026\/02\/25-26-Flossenbuerg.jpg\" alt=\"\" width=\"1601\" height=\"1067\" class=\"aligncenter size-full wp-image-40935 crop219\" srcset=\"https:\/\/www.rwg-bayreuth.de\/home\/wp-content\/uploads\/2026\/02\/25-26-Flossenbuerg.jpg 1601w, https:\/\/www.rwg-bayreuth.de\/home\/wp-content\/uploads\/2026\/02\/25-26-Flossenbuerg-1536x1024.jpg 1536w, https:\/\/www.rwg-bayreuth.de\/home\/wp-content\/uploads\/2026\/02\/25-26-Flossenbuerg-150x100.jpg 150w, https:\/\/www.rwg-bayreuth.de\/home\/wp-content\/uploads\/2026\/02\/25-26-Flossenbuerg-450x300.jpg 450w, https:\/\/www.rwg-bayreuth.de\/home\/wp-content\/uploads\/2026\/02\/25-26-Flossenbuerg-768x512.jpg 768w, https:\/\/www.rwg-bayreuth.de\/home\/wp-content\/uploads\/2026\/02\/25-26-Flossenbuerg-1024x682.jpg 1024w, https:\/\/www.rwg-bayreuth.de\/home\/wp-content\/uploads\/2026\/02\/25-26-Flossenbuerg-250x167.jpg 250w, https:\/\/www.rwg-bayreuth.de\/home\/wp-content\/uploads\/2026\/02\/25-26-Flossenbuerg-900x600.jpg 900w\" sizes=\"(max-width: 1601px) 100vw, 1601px\" \/><\/a><\/p>\n<p>Am 25. Februar 2026 besuchten die Klassen 9a, 9c und 9d, am 26. Februar 2026 die Klassen 9b und 9e im Rahmen des Geschichtsunterrichts die KZ-Gedenkst\u00e4tte Flossenb\u00fcrg. Der Besuch ist in der 9. Jahrgangsstufe fester Bestandteil des Lehrplans zur Auseinandersetzung mit dem Nationalsozialismus. <\/p>\n<p>W\u00e4hrend einer F\u00fchrung \u00fcber das Gel\u00e4nde erhielten die Sch\u00fclerinnen und Sch\u00fcler Einblicke in die Geschichte des ehemaligen Konzentrationslagers und setzten sich am historischen Ort mit dem Schicksal der H\u00e4ftlinge auseinander. Die thematische und auch emotionale Vor- und Nachbereitung erfolgte intensiv im Geschichtsunterricht. <\/p>\n<p>Die Exkursion stellte eine wichtige und nachhaltige Erg\u00e4nzung zum Unterricht dar und regte zum Nachdenken \u00fcber Verantwortung, Menschenw\u00fcrde und Demokratie an. <\/p>\n","protected":false},"excerpt":{"rendered":"<p>Am 25. Februar 2026 besuchten die Klassen 9a, 9c und 9d, am 26. Februar 2026 die Klassen 9b und 9e im Rahmen des Geschichtsunterrichts die KZ-Gedenkst\u00e4tte Flossenb\u00fcrg. Der Besuch ist in der 9. Jahrgangsstufe fester Bestandteil des Lehrplans zur Auseinandersetzung mit dem Nationalsozialismus. W\u00e4hrend einer F\u00fchrung \u00fcber das Gel\u00e4nde erhielten die Sch\u00fclerinnen und Sch\u00fcler Einblicke&hellip;<\/p>\n","protected":false},"author":11,"featured_media":40935,"comment_status":"closed","ping_status":"closed","sticky":false,"template":"","format":"standard","meta":{"footnotes":""},"categories":[1],"tags":[90,51],"_links":{"self":[{"href":"https:\/\/www.rwg-bayreuth.de\/home\/index.php?rest_route=\/wp\/v2\/posts\/40934"}],"collection":[{"href":"https:\/\/www.rwg-bayreuth.de\/home\/index.php?rest_route=\/wp\/v2\/posts"}],"about":[{"href":"https:\/\/www.rwg-bayreuth.de\/home\/index.php?rest_route=\/wp\/v2\/types\/post"}],"author":[{"embeddable":true,"href":"https:\/\/www.rwg-bayreuth.de\/home\/index.php?rest_route=\/wp\/v2\/users\/11"}],"replies":[{"embeddable":true,"href":"https:\/\/www.rwg-bayreuth.de\/home\/index.php?rest_route=%2Fwp%2Fv2%2Fcomments&post=40934"}],"version-history":[{"count":2,"href":"https:\/\/www.rwg-bayreuth.de\/home\/index.php?rest_route=\/wp\/v2\/posts\/40934\/revisions"}],"predecessor-version":[{"id":40937,"href":"https:\/\/www.rwg-bayreuth.de\/home\/index.php?rest_route=\/wp\/v2\/posts\/40934\/revisions\/40937"}],"wp:featuredmedia":[{"embeddable":true,"href":"https:\/\/www.rwg-bayreuth.de\/home\/index.php?rest_route=\/wp\/v2\/media\/40935"}],"wp:attachment":[{"href":"https:\/\/www.rwg-bayreuth.de\/home\/index.php?rest_route=%2Fwp%2Fv2%2Fmedia&parent=40934"}],"wp:term":[{"taxonomy":"category","embeddable":true,"href":"https:\/\/www.rwg-bayreuth.de\/home\/index.php?rest_route=%2Fwp%2Fv2%2Fcategories&post=40934"},{"taxonomy":"post_tag","embeddable":true,"href":"https:\/\/www.rwg-bayreuth.de\/home\/index.php?rest_route=%2Fwp%2Fv2%2Ftags&post=40934"}],"curies":[{"name":"wp","href":"https:\/\/api.w.org\/{rel}","templated":true}]}}