{"id":40864,"date":"2025-07-27T05:11:31","date_gmt":"2025-07-27T03:11:31","guid":{"rendered":"https:\/\/www.rwg-bayreuth.de\/home\/?p=40864"},"modified":"2026-02-22T18:31:59","modified_gmt":"2026-02-22T17:31:59","slug":"europafahrt-nach-bruessel-politik-geschichte-und-kultur-hautnah-erlebt","status":"publish","type":"post","link":"https:\/\/www.rwg-bayreuth.de\/home\/?p=40864","title":{"rendered":"Europafahrt nach Br\u00fcssel \u2013 Politik, Geschichte und Kultur hautnah erlebt"},"content":{"rendered":"<p><a href=\"https:\/\/www.rwg-bayreuth.de\/home\/wp-content\/uploads\/2025\/02\/24-25-Europafahrt-Bruessel-2025-Gruppenbild-Atomium.jpg\"><img loading=\"lazy\" decoding=\"async\" src=\"https:\/\/www.rwg-bayreuth.de\/home\/wp-content\/uploads\/2025\/02\/24-25-Europafahrt-Bruessel-2025-Gruppenbild-Atomium.jpg\" alt=\"\" width=\"1024\" height=\"1365\" class=\"aligncenter size-full wp-image-40868 crop219bottom\" srcset=\"https:\/\/www.rwg-bayreuth.de\/home\/wp-content\/uploads\/2025\/02\/24-25-Europafahrt-Bruessel-2025-Gruppenbild-Atomium.jpg 1024w, https:\/\/www.rwg-bayreuth.de\/home\/wp-content\/uploads\/2025\/02\/24-25-Europafahrt-Bruessel-2025-Gruppenbild-Atomium-113x150.jpg 113w, https:\/\/www.rwg-bayreuth.de\/home\/wp-content\/uploads\/2025\/02\/24-25-Europafahrt-Bruessel-2025-Gruppenbild-Atomium-338x450.jpg 338w, https:\/\/www.rwg-bayreuth.de\/home\/wp-content\/uploads\/2025\/02\/24-25-Europafahrt-Bruessel-2025-Gruppenbild-Atomium-768x1024.jpg 768w, https:\/\/www.rwg-bayreuth.de\/home\/wp-content\/uploads\/2025\/02\/24-25-Europafahrt-Bruessel-2025-Gruppenbild-Atomium-250x333.jpg 250w\" sizes=\"(max-width: 1024px) 100vw, 1024px\" \/><\/a><\/p>\n<p>Vom 20. bis 25. Juli 2025 begaben sich Sch\u00fclerinnen und Sch\u00fcler des RWG im Rahmen einer Studienfahrt nach Br\u00fcssel. Die Fahrt bot zahlreiche M\u00f6glichkeiten, politische Prozesse, europ\u00e4ische Geschichte, die Stadt selbst und die kulturellen Besonderheiten vor Ort kennenzulernen.<\/p>\n<p>Treffpunkt war am Sonntagmorgen um 8.00&nbsp;Uhr am Kreuzer, bevor der Bus um 8.30&nbsp;Uhr Richtung belgische Hauptstadt startete. Nach der Ankunft begann am Montag das offizielle Programm mit einem Stadtrundgang durch Br\u00fcssel. Bei dieser Gelegenheit konnten die Sch\u00fclerinnen und Sch\u00fcler auch gleich noch die Feierlichkeiten zum belgischen Nationalfeiertag erleben. Ein Highlight war nachmittags die Rallye entlang der bekannten Comic-Strip-Route, bei der die Sch\u00fclerinnen und Sch\u00fcler zahlreiche Wandgem\u00e4lde ber\u00fchmter belgischer Comicfiguren entdecken konnten bzw. mussten, den es gab verschiedene Kreativ-Challenges zu bew\u00e4ltigen Auf die Gewinnergruppen freuten sich \u00fcber Eis- bzw. Waffelgutscheine. <\/p>\n<p><a href=\"https:\/\/www.rwg-bayreuth.de\/home\/wp-content\/uploads\/2025\/02\/24-25-Europafahrt-Bruessel-2025-Planspiel.jpg\"><img loading=\"lazy\" decoding=\"async\" src=\"https:\/\/www.rwg-bayreuth.de\/home\/wp-content\/uploads\/2025\/02\/24-25-Europafahrt-Bruessel-2025-Planspiel.jpg\" alt=\"\" width=\"1024\" height=\"768\" class=\"aligncenter size-full wp-image-40870 crop219top\" srcset=\"https:\/\/www.rwg-bayreuth.de\/home\/wp-content\/uploads\/2025\/02\/24-25-Europafahrt-Bruessel-2025-Planspiel.jpg 1024w, https:\/\/www.rwg-bayreuth.de\/home\/wp-content\/uploads\/2025\/02\/24-25-Europafahrt-Bruessel-2025-Planspiel-150x113.jpg 150w, https:\/\/www.rwg-bayreuth.de\/home\/wp-content\/uploads\/2025\/02\/24-25-Europafahrt-Bruessel-2025-Planspiel-450x338.jpg 450w, https:\/\/www.rwg-bayreuth.de\/home\/wp-content\/uploads\/2025\/02\/24-25-Europafahrt-Bruessel-2025-Planspiel-768x576.jpg 768w, https:\/\/www.rwg-bayreuth.de\/home\/wp-content\/uploads\/2025\/02\/24-25-Europafahrt-Bruessel-2025-Planspiel-250x188.jpg 250w\" sizes=\"(max-width: 1024px) 100vw, 1024px\" \/><\/a><\/p>\n<p>Der Schwerpunkt der Fahrt lag auf der Europ\u00e4ischen Union bzw. europ\u00e4ischer Politik. An zwei Tagen nahmen die Sch\u00fclerinnen und Sch\u00fcler in verschiedenen Gruppen an einem Planspiel im Europ\u00e4isches Parlament teil. Dabei schl\u00fcpften sie selbst in die Rolle von Abgeordneten, diskutierten aktuelle Fragestellungen und erlebten hautnah, wie komplex Entscheidungsprozesse auf europ\u00e4ischer Ebene sind. Erg\u00e4nzend dazu standen Besuche im Haus der Europ\u00e4ischen Geschichte sowie in der Bayerischen Vertretung in Br\u00fcssel auf dem Programm, wo sie Einblicke in die Arbeit regionaler Interessenvertretungen innerhalb der EU erhielten.<\/p>\n<p><a href=\"https:\/\/www.rwg-bayreuth.de\/home\/wp-content\/uploads\/2025\/02\/24-25-Europafahrt-Bruessel-2025-Gruppenbild-Stadtrundgang.jpg\"><img loading=\"lazy\" decoding=\"async\" src=\"https:\/\/www.rwg-bayreuth.de\/home\/wp-content\/uploads\/2025\/02\/24-25-Europafahrt-Bruessel-2025-Gruppenbild-Stadtrundgang.jpg\" alt=\"\" width=\"1024\" height=\"768\" class=\"aligncenter size-full wp-image-40871 crop219\" srcset=\"https:\/\/www.rwg-bayreuth.de\/home\/wp-content\/uploads\/2025\/02\/24-25-Europafahrt-Bruessel-2025-Gruppenbild-Stadtrundgang.jpg 1024w, https:\/\/www.rwg-bayreuth.de\/home\/wp-content\/uploads\/2025\/02\/24-25-Europafahrt-Bruessel-2025-Gruppenbild-Stadtrundgang-150x113.jpg 150w, https:\/\/www.rwg-bayreuth.de\/home\/wp-content\/uploads\/2025\/02\/24-25-Europafahrt-Bruessel-2025-Gruppenbild-Stadtrundgang-450x338.jpg 450w, https:\/\/www.rwg-bayreuth.de\/home\/wp-content\/uploads\/2025\/02\/24-25-Europafahrt-Bruessel-2025-Gruppenbild-Stadtrundgang-768x576.jpg 768w, https:\/\/www.rwg-bayreuth.de\/home\/wp-content\/uploads\/2025\/02\/24-25-Europafahrt-Bruessel-2025-Gruppenbild-Stadtrundgang-250x188.jpg 250w\" sizes=\"(max-width: 1024px) 100vw, 1024px\" \/><\/a><\/p>\n<p>Auch kulturell hatte die Reise viel zu bieten: Neben dem ber\u00fchmten Atomium besuchten die Sch\u00fclerinnen und Sch\u00fcler das Comic-Museum sowie das Museum der Illusionen. Diese Programmpunkte erm\u00f6glichten einen abwechslungsreichen Perspektivwechsel zwischen Politik, Geschichte, Kunst und interaktiver Wissenschaft und stellten somit inhaltlich eine Ankn\u00fcpfung an die Wissenschaftswoche dar.<\/p>\n<p>Am Donnerstagabend trat die Gruppe am fr\u00fchen Abend die R\u00fcckreise nach Bayreuth an und traf dort in den fr\u00fchen Morgenstunden am Freitag m\u00fcde aber gl\u00fccklich ein. <\/p>\n","protected":false},"excerpt":{"rendered":"<p>Vom 20. bis 25. Juli 2025 begaben sich Sch\u00fclerinnen und Sch\u00fcler des RWG im Rahmen einer Studienfahrt nach Br\u00fcssel. Die Fahrt bot zahlreiche M\u00f6glichkeiten, politische Prozesse, europ\u00e4ische Geschichte, die Stadt selbst und die kulturellen Besonderheiten vor Ort kennenzulernen. Treffpunkt war am Sonntagmorgen um 8.00&nbsp;Uhr am Kreuzer, bevor der Bus um 8.30&nbsp;Uhr Richtung belgische Hauptstadt startete.&hellip;<\/p>\n","protected":false},"author":11,"featured_media":40873,"comment_status":"closed","ping_status":"closed","sticky":false,"template":"","format":"standard","meta":{"footnotes":""},"categories":[1],"tags":[153,51,52],"_links":{"self":[{"href":"https:\/\/www.rwg-bayreuth.de\/home\/index.php?rest_route=\/wp\/v2\/posts\/40864"}],"collection":[{"href":"https:\/\/www.rwg-bayreuth.de\/home\/index.php?rest_route=\/wp\/v2\/posts"}],"about":[{"href":"https:\/\/www.rwg-bayreuth.de\/home\/index.php?rest_route=\/wp\/v2\/types\/post"}],"author":[{"embeddable":true,"href":"https:\/\/www.rwg-bayreuth.de\/home\/index.php?rest_route=\/wp\/v2\/users\/11"}],"replies":[{"embeddable":true,"href":"https:\/\/www.rwg-bayreuth.de\/home\/index.php?rest_route=%2Fwp%2Fv2%2Fcomments&post=40864"}],"version-history":[{"count":4,"href":"https:\/\/www.rwg-bayreuth.de\/home\/index.php?rest_route=\/wp\/v2\/posts\/40864\/revisions"}],"predecessor-version":[{"id":40872,"href":"https:\/\/www.rwg-bayreuth.de\/home\/index.php?rest_route=\/wp\/v2\/posts\/40864\/revisions\/40872"}],"wp:featuredmedia":[{"embeddable":true,"href":"https:\/\/www.rwg-bayreuth.de\/home\/index.php?rest_route=\/wp\/v2\/media\/40873"}],"wp:attachment":[{"href":"https:\/\/www.rwg-bayreuth.de\/home\/index.php?rest_route=%2Fwp%2Fv2%2Fmedia&parent=40864"}],"wp:term":[{"taxonomy":"category","embeddable":true,"href":"https:\/\/www.rwg-bayreuth.de\/home\/index.php?rest_route=%2Fwp%2Fv2%2Fcategories&post=40864"},{"taxonomy":"post_tag","embeddable":true,"href":"https:\/\/www.rwg-bayreuth.de\/home\/index.php?rest_route=%2Fwp%2Fv2%2Ftags&post=40864"}],"curies":[{"name":"wp","href":"https:\/\/api.w.org\/{rel}","templated":true}]}}