{"id":40831,"date":"2026-02-13T05:29:28","date_gmt":"2026-02-13T04:29:28","guid":{"rendered":"https:\/\/www.rwg-bayreuth.de\/home\/?p=40831"},"modified":"2026-03-19T21:37:43","modified_gmt":"2026-03-19T20:37:43","slug":"bunte-kostueme-strahlende-gesichter-unterstufenfasching-am-rwg","status":"publish","type":"post","link":"https:\/\/www.rwg-bayreuth.de\/home\/?p=40831","title":{"rendered":"Bunte Kost\u00fcme, strahlende Gesichter \u2013 Unterstufenfasching am RWG"},"content":{"rendered":"<p><!-- Thiele\n\n--> <a href=\"https:\/\/www.rwg-bayreuth.de\/home\/wp-content\/uploads\/2026\/02\/25-26-Unterstufenfasching-Titelfoto.jpg\"><img loading=\"lazy\" decoding=\"async\" src=\"https:\/\/www.rwg-bayreuth.de\/home\/wp-content\/uploads\/2026\/02\/25-26-Unterstufenfasching-Titelfoto.jpg\" alt=\"\" width=\"1206\" height=\"804\" class=\"aligncenter size-full wp-image-40832 crop219\" srcset=\"https:\/\/www.rwg-bayreuth.de\/home\/wp-content\/uploads\/2026\/02\/25-26-Unterstufenfasching-Titelfoto.jpg 1206w, https:\/\/www.rwg-bayreuth.de\/home\/wp-content\/uploads\/2026\/02\/25-26-Unterstufenfasching-Titelfoto-150x100.jpg 150w, https:\/\/www.rwg-bayreuth.de\/home\/wp-content\/uploads\/2026\/02\/25-26-Unterstufenfasching-Titelfoto-450x300.jpg 450w, https:\/\/www.rwg-bayreuth.de\/home\/wp-content\/uploads\/2026\/02\/25-26-Unterstufenfasching-Titelfoto-768x512.jpg 768w, https:\/\/www.rwg-bayreuth.de\/home\/wp-content\/uploads\/2026\/02\/25-26-Unterstufenfasching-Titelfoto-1024x683.jpg 1024w, https:\/\/www.rwg-bayreuth.de\/home\/wp-content\/uploads\/2026\/02\/25-26-Unterstufenfasching-Titelfoto-250x167.jpg 250w, https:\/\/www.rwg-bayreuth.de\/home\/wp-content\/uploads\/2026\/02\/25-26-Unterstufenfasching-Titelfoto-900x600.jpg 900w\" sizes=\"(max-width: 1206px) 100vw, 1206px\" \/><\/a><\/p>\n<p>In der Faschingszeit verwandelte unser SMV-Partyteam die Aula in eine bunte Faschingsmeile. Die Sch\u00fclerinnen und Sch\u00fcler der f\u00fcnften Klassen duften ausgelassen feiern, sich bei kreativen Spielen miteinander messen und leckere Krapfen genie\u00dfen.<\/p>\n<div class=\"su-image-carousel  clear su-image-carousel-columns-3 su-image-carousel-has-spacing su-image-carousel-crop su-image-carousel-crop-4-3 su-image-carousel-has-lightbox su-image-carousel-has-outline su-image-carousel-slides-style-minimal su-image-carousel-controls-style-light su-image-carousel-align-none\" style=\"\" data-flickity-options='{\"groupCells\":true,\"cellSelector\":\".su-image-carousel-item\",\"adaptiveHeight\":false,\"cellAlign\":\"left\",\"prevNextButtons\":true,\"pageDots\":false,\"autoPlay\":4000,\"imagesLoaded\":true,\"contain\":true,\"selectedAttraction\":0.025000000000000001,\"friction\":0.28000000000000003}' id=\"su_image_carousel_69f18f1725ae2\"><div class=\"su-image-carousel-item\"><div class=\"su-image-carousel-item-content\"><a href=\"https:\/\/www.rwg-bayreuth.de\/home\/wp-content\/uploads\/2026\/02\/25-26-Unterstufenfasching-1.jpg\" data-caption=\"\"><img loading=\"lazy\" decoding=\"async\" width=\"600\" height=\"800\" src=\"https:\/\/www.rwg-bayreuth.de\/home\/wp-content\/uploads\/2026\/02\/25-26-Unterstufenfasching-1.jpg\" class=\"\" alt=\"\" srcset=\"https:\/\/www.rwg-bayreuth.de\/home\/wp-content\/uploads\/2026\/02\/25-26-Unterstufenfasching-1.jpg 600w, https:\/\/www.rwg-bayreuth.de\/home\/wp-content\/uploads\/2026\/02\/25-26-Unterstufenfasching-1-113x150.jpg 113w, https:\/\/www.rwg-bayreuth.de\/home\/wp-content\/uploads\/2026\/02\/25-26-Unterstufenfasching-1-338x450.jpg 338w, https:\/\/www.rwg-bayreuth.de\/home\/wp-content\/uploads\/2026\/02\/25-26-Unterstufenfasching-1-250x333.jpg 250w\" sizes=\"(max-width: 600px) 100vw, 600px\" \/><\/a><\/div><\/div><div class=\"su-image-carousel-item\"><div class=\"su-image-carousel-item-content\"><a href=\"https:\/\/www.rwg-bayreuth.de\/home\/wp-content\/uploads\/2026\/02\/25-26-Unterstufenfasching-2.jpg\" data-caption=\"\"><img loading=\"lazy\" decoding=\"async\" width=\"800\" height=\"600\" src=\"https:\/\/www.rwg-bayreuth.de\/home\/wp-content\/uploads\/2026\/02\/25-26-Unterstufenfasching-2.jpg\" class=\"\" alt=\"\" srcset=\"https:\/\/www.rwg-bayreuth.de\/home\/wp-content\/uploads\/2026\/02\/25-26-Unterstufenfasching-2.jpg 800w, https:\/\/www.rwg-bayreuth.de\/home\/wp-content\/uploads\/2026\/02\/25-26-Unterstufenfasching-2-150x113.jpg 150w, https:\/\/www.rwg-bayreuth.de\/home\/wp-content\/uploads\/2026\/02\/25-26-Unterstufenfasching-2-450x338.jpg 450w, https:\/\/www.rwg-bayreuth.de\/home\/wp-content\/uploads\/2026\/02\/25-26-Unterstufenfasching-2-768x576.jpg 768w, https:\/\/www.rwg-bayreuth.de\/home\/wp-content\/uploads\/2026\/02\/25-26-Unterstufenfasching-2-250x188.jpg 250w\" sizes=\"(max-width: 800px) 100vw, 800px\" \/><\/a><\/div><\/div><div class=\"su-image-carousel-item\"><div class=\"su-image-carousel-item-content\"><a href=\"https:\/\/www.rwg-bayreuth.de\/home\/wp-content\/uploads\/2026\/02\/25-26-Unterstufenfasching-3.jpg\" data-caption=\"\"><img loading=\"lazy\" decoding=\"async\" width=\"1600\" height=\"1200\" src=\"https:\/\/www.rwg-bayreuth.de\/home\/wp-content\/uploads\/2026\/02\/25-26-Unterstufenfasching-3.jpg\" class=\"\" alt=\"\" srcset=\"https:\/\/www.rwg-bayreuth.de\/home\/wp-content\/uploads\/2026\/02\/25-26-Unterstufenfasching-3.jpg 1600w, https:\/\/www.rwg-bayreuth.de\/home\/wp-content\/uploads\/2026\/02\/25-26-Unterstufenfasching-3-1536x1152.jpg 1536w, https:\/\/www.rwg-bayreuth.de\/home\/wp-content\/uploads\/2026\/02\/25-26-Unterstufenfasching-3-150x113.jpg 150w, https:\/\/www.rwg-bayreuth.de\/home\/wp-content\/uploads\/2026\/02\/25-26-Unterstufenfasching-3-450x338.jpg 450w, https:\/\/www.rwg-bayreuth.de\/home\/wp-content\/uploads\/2026\/02\/25-26-Unterstufenfasching-3-768x576.jpg 768w, https:\/\/www.rwg-bayreuth.de\/home\/wp-content\/uploads\/2026\/02\/25-26-Unterstufenfasching-3-1024x768.jpg 1024w, https:\/\/www.rwg-bayreuth.de\/home\/wp-content\/uploads\/2026\/02\/25-26-Unterstufenfasching-3-250x188.jpg 250w\" sizes=\"(max-width: 1600px) 100vw, 1600px\" \/><\/a><\/div><\/div><\/div><script id=\"su_image_carousel_69f18f1725ae2_script\">if(window.SUImageCarousel){setTimeout(function() {window.SUImageCarousel.initGallery(document.getElementById(\"su_image_carousel_69f18f1725ae2\"))}, 0);}var su_image_carousel_69f18f1725ae2_script=document.getElementById(\"su_image_carousel_69f18f1725ae2_script\");if(su_image_carousel_69f18f1725ae2_script){su_image_carousel_69f18f1725ae2_script.parentNode.removeChild(su_image_carousel_69f18f1725ae2_script);}<\/script>\n<p>Viele kreative Kost\u00fcme schm\u00fcckten das Fest sowie die G\u00e4nge unserer Schule.<\/p>\n<p>Unser Dank geht an die vielen Helferinnen und Helfer sowie das Orga-Team der SMV, die den Schultag f\u00fcr unsere 5. Klassen zu einem Besonderen gemacht haben.<\/p>\n","protected":false},"excerpt":{"rendered":"<p>In der Faschingszeit verwandelte unser SMV-Partyteam die Aula in eine bunte Faschingsmeile. Die Sch\u00fclerinnen und Sch\u00fcler der f\u00fcnften Klassen duften ausgelassen feiern, sich bei kreativen Spielen miteinander messen und leckere Krapfen genie\u00dfen. Viele kreative Kost\u00fcme schm\u00fcckten das Fest sowie die G\u00e4nge unserer Schule. Unser Dank geht an die vielen Helferinnen und Helfer sowie das Orga-Team&hellip;<\/p>\n","protected":false},"author":11,"featured_media":40832,"comment_status":"closed","ping_status":"closed","sticky":false,"template":"","format":"standard","meta":{"footnotes":""},"categories":[1],"tags":[51,35],"_links":{"self":[{"href":"https:\/\/www.rwg-bayreuth.de\/home\/index.php?rest_route=\/wp\/v2\/posts\/40831"}],"collection":[{"href":"https:\/\/www.rwg-bayreuth.de\/home\/index.php?rest_route=\/wp\/v2\/posts"}],"about":[{"href":"https:\/\/www.rwg-bayreuth.de\/home\/index.php?rest_route=\/wp\/v2\/types\/post"}],"author":[{"embeddable":true,"href":"https:\/\/www.rwg-bayreuth.de\/home\/index.php?rest_route=\/wp\/v2\/users\/11"}],"replies":[{"embeddable":true,"href":"https:\/\/www.rwg-bayreuth.de\/home\/index.php?rest_route=%2Fwp%2Fv2%2Fcomments&post=40831"}],"version-history":[{"count":6,"href":"https:\/\/www.rwg-bayreuth.de\/home\/index.php?rest_route=\/wp\/v2\/posts\/40831\/revisions"}],"predecessor-version":[{"id":41080,"href":"https:\/\/www.rwg-bayreuth.de\/home\/index.php?rest_route=\/wp\/v2\/posts\/40831\/revisions\/41080"}],"wp:featuredmedia":[{"embeddable":true,"href":"https:\/\/www.rwg-bayreuth.de\/home\/index.php?rest_route=\/wp\/v2\/media\/40832"}],"wp:attachment":[{"href":"https:\/\/www.rwg-bayreuth.de\/home\/index.php?rest_route=%2Fwp%2Fv2%2Fmedia&parent=40831"}],"wp:term":[{"taxonomy":"category","embeddable":true,"href":"https:\/\/www.rwg-bayreuth.de\/home\/index.php?rest_route=%2Fwp%2Fv2%2Fcategories&post=40831"},{"taxonomy":"post_tag","embeddable":true,"href":"https:\/\/www.rwg-bayreuth.de\/home\/index.php?rest_route=%2Fwp%2Fv2%2Ftags&post=40831"}],"curies":[{"name":"wp","href":"https:\/\/api.w.org\/{rel}","templated":true}]}}