{"id":4082,"date":"2014-10-15T17:42:42","date_gmt":"2014-10-15T15:42:42","guid":{"rendered":"http:\/\/www.rwg-bayreuth.de\/home\/?page_id=4082"},"modified":"2014-10-15T17:42:42","modified_gmt":"2014-10-15T15:42:42","slug":"ausflug-in-den-sportjournalismus","status":"publish","type":"post","link":"https:\/\/www.rwg-bayreuth.de\/home\/?p=4082","title":{"rendered":"Ausflug in den Sportjournalismus"},"content":{"rendered":"<div id=\"attachment_4083\" style=\"width: 310px\" class=\"wp-caption alignleft\"><a href=\"https:\/\/www.rwg-bayreuth.de\/home\/wp-content\/uploads\/2014\/10\/Rundfunk_web.jpg\"><img loading=\"lazy\" decoding=\"async\" aria-describedby=\"caption-attachment-4083\" src=\"https:\/\/www.rwg-bayreuth.de\/home\/wp-content\/uploads\/2014\/10\/Rundfunk_web.jpg\" alt=\"Die Teilnehmer des P-Seminars reisten mit ihrer Leiterin, Frau Rupp (links), nach N\u00fcrnberg.\" width=\"300\" height=\"204\" class=\"size-full wp-image-4083\" srcset=\"https:\/\/www.rwg-bayreuth.de\/home\/wp-content\/uploads\/2014\/10\/Rundfunk_web.jpg 300w, https:\/\/www.rwg-bayreuth.de\/home\/wp-content\/uploads\/2014\/10\/Rundfunk_web-150x102.jpg 150w, https:\/\/www.rwg-bayreuth.de\/home\/wp-content\/uploads\/2014\/10\/Rundfunk_web-250x170.jpg 250w\" sizes=\"(max-width: 300px) 100vw, 300px\" \/><\/a><p id=\"caption-attachment-4083\" class=\"wp-caption-text\">Die Teilnehmer des P-Seminars reisten mit ihrer Leiterin, Frau Rupp (links), nach N\u00fcrnberg.<\/p><\/div>F\u00fcr das P-Seminar \u201eSportmoderation\u201c unter der Leitung von Frau Rupp und in Kooperation mit dem Bayerischen Rundfunk fand eine Informationsveranstaltung beim Bayerischen Rundfunk in N\u00fcrnberg statt. <\/p>\n<p>Nachdem die acht Seminar-Teilnehmer (vier M\u00e4dchen und vier Jungen) samt Lehrkraft p\u00fcnktlich um 10.30 Uhr beim Bayerischen Rundfunk angekommen waren, wurden sie in einen Vortragsraum, das Studio 1, geleitet, wo weitere Sch\u00fclergruppen von anderen Gymnasien, die auch ein P-Seminar in Zusammenarbeit mit dem BR belegt hatten, schon auf den Beginn der Veranstaltung warteten. <\/p>\n<p>Als ersten Programmpunkt gab es eine Einf\u00fchrung zur Arbeit des Bayerischen Rundfunks. Hierzu geh\u00f6rte auch eine Befragung der Anwesenden zu ihren bisherigen Kenntnissen \u00fcber den BR. Im Anschluss wurde uns erkl\u00e4rt, dass der Sender sowohl f\u00fcr das Fernsehen als auch f\u00fcr das Radio produziert. Ebenso erfuhren wir, dass es neben dem Bayerischen Rundfunk acht weitere Landesrundfunkanstalten gibt, die den \u00f6ffentlich-rechtlichen Fernsehsender ARD tragen. <\/p>\n<p>Als N\u00e4chstes wurde uns der Begriff \u201e\u00f6ffentlich-rechtlicher Sender\u201c sowie die Abgrenzung zu den \u201eprivaten Sendern\u201c erl\u00e4utert: \u00d6ffentlich-rechtliche Fernsehsender finanzieren sich im Gegensatz zu den Privaten nur zu 3% durch Werbung. Der Gro\u00dfteil der Finanzierung erfolgt durch den Beitrag, den jeder deutsche Haushalt j\u00e4hrlich zahlen muss. Zudem erfuhren wir, dass der BR mehrere Studios in Bayern hat. Neben dem Hauptstandort in M\u00fcnchen gibt es regionale B\u00fcros in N\u00fcrnberg, W\u00fcrzburg sowie Regensburg. Des Weitern gibt es 22 regionale Korrespondenten-Studios und nat\u00fcrlich Reporter, die aus aller Welt, z.B. aus Tel Aviv in Israel, berichten. Der Bayerische Rundfunk liefert auch Sendematerial f\u00fcr 50 Tage pro Jahr an die ARD. Darunter sind sowohl informative Nachrichtensendungen als auch spannende Spielfilme. <\/p>\n<p>Nach der Pr\u00e4sentation bekamen wir noch einige Tipps, die eine gute Zusammenarbeit mit unseren zuk\u00fcnftigen Coaches f\u00f6rdern sollten, den Journalisten, die uns helfen sollen, dass wir zur Abschlussfeier am 10. Juli 2015 in M\u00fcnchen unser Projekt \u201eSportmoderation\u201c vor allen 180 Teilnehmern erfolgreich vorstellen k\u00f6nnen.<\/p>\n<p>Weiter ging es mit einer Umfrage \u00fcber die Erwartungen und W\u00fcnsche der Sch\u00fcler und Lehrer an bzw. f\u00fcr die P-Seminare. Hierf\u00fcr hatten wir in der Gruppe jeweils zehn Minuten Zeit um Vorschl\u00e4ge zu sammeln und nacheinander trug jedes Team mit jeweils drei Repr\u00e4sentanten ihre Ergebnisse vor.<br \/>\n.<br \/>\nAm Ende des Vormittages gab uns die Radio-Journalistin Ursula B\u00f6hm noch einige Einblicke in ihre Arbeit als Produzentin des Kinderradios \u201eRadio mikro\u201c, welches ebenfalls vom Bayrischen Rundfunk ausgestrahlt wird. <\/p>\n<p>Nach dem gemeinsamen Mittagessen begann der Nachmittag mit der Vorstellung unseres zuk\u00fcnftigen Coaches Florian Weber. Getrennt von den anderen Gruppen sammelten wir uns in einem Schnittzimmer und machten eine Vorstellungsrunde, bei welcher wir alle zudem kurz begr\u00fcnden sollten, wieso wir uns f\u00fcr dieses Seminar entschieden hatten und f\u00fcr welche Sportart wir uns am meisten interessieren. Die Atmosph\u00e4re war von Anfang an sehr entspannt und locker.<\/p>\n<p>Da sich viele Teilnehmer haupts\u00e4chlich f\u00fcr Fu\u00dfball interessieren, starteten wir mit einer Diskussion \u00fcber das Champions-League Spiel von Bayern M\u00fcnchen vom Vortag. Unser Coach zeigte uns Reportagen, die jeweils vor, w\u00e4hrend und nach dem Spiel geschnitten und gesendet wurden. Zudem erl\u00e4uterte er uns die Arbeit eines Au\u00dfenreporters. <\/p>\n<p>Wir setzten uns das Ziel, am Ende des Schuljahres eine eigene halbst\u00fcndige Sportsendung zu erarbeiten, \u00e4hnlich der, die sonntags jeweils auf B5 aktuell gesendet wird. Daf\u00fcr werden wir bei Sportevents in Bayreuth und Umgebung das Kommentieren von Sportveranstaltungen \u00fcben und erlernen, eigene Berichte zusammenzustellen und zu schneiden. Zum Abschluss zeigte uns unser Coach noch den Sendebus, im welchem die Moderatoren bei Gro\u00dfveranstaltungen ihrer Arbeit nachgehen.<\/p>\n<p>Der Tag endete mit einer informativen F\u00fchrung durch die Ton- und Filmstudios des BR.<\/p>\n<p><em>Eva Leonhardt (Q11)<\/em><\/p>\n","protected":false},"excerpt":{"rendered":"<p>F\u00fcr das P-Seminar \u201eSportmoderation\u201c unter der Leitung von Frau Rupp und in Kooperation mit dem Bayerischen Rundfunk fand eine Informationsveranstaltung beim Bayerischen Rundfunk in N\u00fcrnberg statt. Nachdem die acht Seminar-Teilnehmer (vier M\u00e4dchen und vier Jungen) samt Lehrkraft p\u00fcnktlich um 10.30 Uhr beim Bayerischen Rundfunk angekommen waren, wurden sie in einen Vortragsraum, das Studio 1, geleitet,&hellip;<\/p>\n","protected":false},"author":2,"featured_media":0,"comment_status":"closed","ping_status":"closed","sticky":false,"template":"","format":"standard","meta":{"footnotes":""},"categories":[],"tags":[],"_links":{"self":[{"href":"https:\/\/www.rwg-bayreuth.de\/home\/index.php?rest_route=\/wp\/v2\/posts\/4082"}],"collection":[{"href":"https:\/\/www.rwg-bayreuth.de\/home\/index.php?rest_route=\/wp\/v2\/posts"}],"about":[{"href":"https:\/\/www.rwg-bayreuth.de\/home\/index.php?rest_route=\/wp\/v2\/types\/post"}],"author":[{"embeddable":true,"href":"https:\/\/www.rwg-bayreuth.de\/home\/index.php?rest_route=\/wp\/v2\/users\/2"}],"replies":[{"embeddable":true,"href":"https:\/\/www.rwg-bayreuth.de\/home\/index.php?rest_route=%2Fwp%2Fv2%2Fcomments&post=4082"}],"version-history":[{"count":1,"href":"https:\/\/www.rwg-bayreuth.de\/home\/index.php?rest_route=\/wp\/v2\/posts\/4082\/revisions"}],"predecessor-version":[{"id":4084,"href":"https:\/\/www.rwg-bayreuth.de\/home\/index.php?rest_route=\/wp\/v2\/posts\/4082\/revisions\/4084"}],"wp:attachment":[{"href":"https:\/\/www.rwg-bayreuth.de\/home\/index.php?rest_route=%2Fwp%2Fv2%2Fmedia&parent=4082"}],"wp:term":[{"taxonomy":"category","embeddable":true,"href":"https:\/\/www.rwg-bayreuth.de\/home\/index.php?rest_route=%2Fwp%2Fv2%2Fcategories&post=4082"},{"taxonomy":"post_tag","embeddable":true,"href":"https:\/\/www.rwg-bayreuth.de\/home\/index.php?rest_route=%2Fwp%2Fv2%2Ftags&post=4082"}],"curies":[{"name":"wp","href":"https:\/\/api.w.org\/{rel}","templated":true}]}}