{"id":40809,"date":"2026-01-28T05:39:29","date_gmt":"2026-01-28T04:39:29","guid":{"rendered":"https:\/\/www.rwg-bayreuth.de\/home\/?p=40809"},"modified":"2026-03-19T21:35:31","modified_gmt":"2026-03-19T20:35:31","slug":"internationaler-holocaust-gedenktag-everynamecounts","status":"publish","type":"post","link":"https:\/\/www.rwg-bayreuth.de\/home\/?p=40809","title":{"rendered":"Internationaler Holocaust-Gedenktag: #everynamecounts"},"content":{"rendered":"<p><!-- Schmitz\n\n--><div id=\"attachment_40810\" style=\"width: 1930px\" class=\"wp-caption aligncenter\"><a href=\"https:\/\/www.rwg-bayreuth.de\/home\/wp-content\/uploads\/2026\/02\/25-26-Internationaler-Holocaust-Gedenktag.jpg\"><img loading=\"lazy\" decoding=\"async\" aria-describedby=\"caption-attachment-40810\" src=\"https:\/\/www.rwg-bayreuth.de\/home\/wp-content\/uploads\/2026\/02\/25-26-Internationaler-Holocaust-Gedenktag.jpg\" alt=\"\" width=\"1920\" height=\"1080\" class=\"size-full wp-image-40810\" srcset=\"https:\/\/www.rwg-bayreuth.de\/home\/wp-content\/uploads\/2026\/02\/25-26-Internationaler-Holocaust-Gedenktag.jpg 1920w, https:\/\/www.rwg-bayreuth.de\/home\/wp-content\/uploads\/2026\/02\/25-26-Internationaler-Holocaust-Gedenktag-1536x864.jpg 1536w, https:\/\/www.rwg-bayreuth.de\/home\/wp-content\/uploads\/2026\/02\/25-26-Internationaler-Holocaust-Gedenktag-150x84.jpg 150w, https:\/\/www.rwg-bayreuth.de\/home\/wp-content\/uploads\/2026\/02\/25-26-Internationaler-Holocaust-Gedenktag-450x253.jpg 450w, https:\/\/www.rwg-bayreuth.de\/home\/wp-content\/uploads\/2026\/02\/25-26-Internationaler-Holocaust-Gedenktag-768x432.jpg 768w, https:\/\/www.rwg-bayreuth.de\/home\/wp-content\/uploads\/2026\/02\/25-26-Internationaler-Holocaust-Gedenktag-1024x576.jpg 1024w, https:\/\/www.rwg-bayreuth.de\/home\/wp-content\/uploads\/2026\/02\/25-26-Internationaler-Holocaust-Gedenktag-250x141.jpg 250w, https:\/\/www.rwg-bayreuth.de\/home\/wp-content\/uploads\/2026\/02\/25-26-Internationaler-Holocaust-Gedenktag-1260x709.jpg 1260w, https:\/\/www.rwg-bayreuth.de\/home\/wp-content\/uploads\/2026\/02\/25-26-Internationaler-Holocaust-Gedenktag-800x450.jpg 800w\" sizes=\"(max-width: 1920px) 100vw, 1920px\" \/><\/a><p id=\"caption-attachment-40810\" class=\"wp-caption-text\">Quelle: Arolsen Archive<\/p><\/div>\n<p>Anl\u00e4sslich des Internationalen Holocaust-Gedenktages am 27. Januar beteiligten sich die Klassen 9e und 10a unserer Schule an der Challenge 2026 #everynamecounts der Arolsen Archives. Die Arolsen Archives sind das internationale Zentrum zur Dokumentation der nationalsozialistischen Verfolgung.<\/p>\n<div id=\"attachment_40829\" style=\"width: 2570px\" class=\"wp-caption aligncenter\"><a href=\"https:\/\/www.rwg-bayreuth.de\/home\/wp-content\/uploads\/2026\/02\/25-26-Internationaler-Holocaust-Gedenktag-everynamecounts-dsc0709.jpg\"><img loading=\"lazy\" decoding=\"async\" aria-describedby=\"caption-attachment-40829\" src=\"https:\/\/www.rwg-bayreuth.de\/home\/wp-content\/uploads\/2026\/02\/25-26-Internationaler-Holocaust-Gedenktag-everynamecounts-dsc0709.jpg\" alt=\"\" width=\"2560\" height=\"1708\" class=\"size-full wp-image-40829 crop219\" srcset=\"https:\/\/www.rwg-bayreuth.de\/home\/wp-content\/uploads\/2026\/02\/25-26-Internationaler-Holocaust-Gedenktag-everynamecounts-dsc0709.jpg 2560w, https:\/\/www.rwg-bayreuth.de\/home\/wp-content\/uploads\/2026\/02\/25-26-Internationaler-Holocaust-Gedenktag-everynamecounts-dsc0709-1536x1025.jpg 1536w, https:\/\/www.rwg-bayreuth.de\/home\/wp-content\/uploads\/2026\/02\/25-26-Internationaler-Holocaust-Gedenktag-everynamecounts-dsc0709-2048x1366.jpg 2048w, https:\/\/www.rwg-bayreuth.de\/home\/wp-content\/uploads\/2026\/02\/25-26-Internationaler-Holocaust-Gedenktag-everynamecounts-dsc0709-150x100.jpg 150w, https:\/\/www.rwg-bayreuth.de\/home\/wp-content\/uploads\/2026\/02\/25-26-Internationaler-Holocaust-Gedenktag-everynamecounts-dsc0709-450x300.jpg 450w, https:\/\/www.rwg-bayreuth.de\/home\/wp-content\/uploads\/2026\/02\/25-26-Internationaler-Holocaust-Gedenktag-everynamecounts-dsc0709-768x512.jpg 768w, https:\/\/www.rwg-bayreuth.de\/home\/wp-content\/uploads\/2026\/02\/25-26-Internationaler-Holocaust-Gedenktag-everynamecounts-dsc0709-1024x683.jpg 1024w, https:\/\/www.rwg-bayreuth.de\/home\/wp-content\/uploads\/2026\/02\/25-26-Internationaler-Holocaust-Gedenktag-everynamecounts-dsc0709-250x167.jpg 250w, https:\/\/www.rwg-bayreuth.de\/home\/wp-content\/uploads\/2026\/02\/25-26-Internationaler-Holocaust-Gedenktag-everynamecounts-dsc0709-900x600.jpg 900w\" sizes=\"(max-width: 2560px) 100vw, 2560px\" \/><\/a><p id=\"caption-attachment-40829\" class=\"wp-caption-text\">Zehntausende Freiwillige machen bei dem Projekt #everynamecounts mit.<br \/>Fotocredit: Arolsen Archives<\/p><\/div>\n<p>Im Rahmen des Projekts halfen die Sch\u00fclerinnen und Sch\u00fcler, historische Dokumente digital zu erfassen. Dabei steht jede eingetragene Information f\u00fcr einen Menschen mit einem Namen und einer eigenen Geschichte.<br \/>\nDie Teilnahme der Sch\u00fclerinnen und Sch\u00fcler am weltweit gr\u00f6\u00dften digitalen Denkmal leistet daher einen wichtigen Beitrag gegen das Vergessen und unterstreicht die Bedeutung von Verantwortung, Empathie, historischer Bildung und Demokratie.<\/p>\n<p><em>Hannah Schmitz<\/em><\/p>\n<h3>Weitere Informationen<\/h3>\n<ul class=\"linkliste\">\n<li><a href=\"https:\/\/arolsen-archives.org\/\" rel=\"noopener\" target=\"_blank\">Website &#8222;Arolsen Archives&#8220; &#8211; gr\u00f6\u00dftes Archiv \u00fcber Opfer und \u00dcberlebende des Nationalsozialismus<\/a><\/li>\n<li><a href=\"https:\/\/arolsen-archives.org\/pressemitteilungen\/everynamecounts-challenge-zum-holocaust-gedenktag-2026\/\" rel=\"noopener\" target=\"_blank\">Pressemitteilung des Arolsen Arcives zur #everynamecounts-Challange zum Holocaust-Gedenktag 2026<\/a><\/li>\n<\/ul>\n<p class=\"ohne\">Sollte die Pressemitteilung nicht mehr verf\u00fcgbar sein, finden Sie hier die pdf-Datei der Pressemitteilung:<\/p>\n<ul class=\"linkliste\">\n<li><a href=\"https:\/\/www.rwg-bayreuth.de\/home\/wp-content\/uploads\/2026\/02\/260122_PM_everynamecounts_challenge.pdf\">Pressemitteilung des Arolsen Arcives zur #everynamecounts-Challange zum Holocaust-Gedenktag 2026<\/a><\/li>\n<\/ul>\n","protected":false},"excerpt":{"rendered":"<p>Anl\u00e4sslich des Internationalen Holocaust-Gedenktages am 27. Januar beteiligten sich die Klassen 9e und 10a unserer Schule an der Challenge 2026 #everynamecounts der Arolsen Archives. Die Arolsen Archives sind das internationale Zentrum zur Dokumentation der nationalsozialistischen Verfolgung. Im Rahmen des Projekts halfen die Sch\u00fclerinnen und Sch\u00fcler, historische Dokumente digital zu erfassen. Dabei steht jede eingetragene Information&hellip;<\/p>\n","protected":false},"author":11,"featured_media":40811,"comment_status":"closed","ping_status":"closed","sticky":false,"template":"","format":"standard","meta":{"footnotes":""},"categories":[1],"tags":[90,51],"_links":{"self":[{"href":"https:\/\/www.rwg-bayreuth.de\/home\/index.php?rest_route=\/wp\/v2\/posts\/40809"}],"collection":[{"href":"https:\/\/www.rwg-bayreuth.de\/home\/index.php?rest_route=\/wp\/v2\/posts"}],"about":[{"href":"https:\/\/www.rwg-bayreuth.de\/home\/index.php?rest_route=\/wp\/v2\/types\/post"}],"author":[{"embeddable":true,"href":"https:\/\/www.rwg-bayreuth.de\/home\/index.php?rest_route=\/wp\/v2\/users\/11"}],"replies":[{"embeddable":true,"href":"https:\/\/www.rwg-bayreuth.de\/home\/index.php?rest_route=%2Fwp%2Fv2%2Fcomments&post=40809"}],"version-history":[{"count":10,"href":"https:\/\/www.rwg-bayreuth.de\/home\/index.php?rest_route=\/wp\/v2\/posts\/40809\/revisions"}],"predecessor-version":[{"id":41079,"href":"https:\/\/www.rwg-bayreuth.de\/home\/index.php?rest_route=\/wp\/v2\/posts\/40809\/revisions\/41079"}],"wp:featuredmedia":[{"embeddable":true,"href":"https:\/\/www.rwg-bayreuth.de\/home\/index.php?rest_route=\/wp\/v2\/media\/40811"}],"wp:attachment":[{"href":"https:\/\/www.rwg-bayreuth.de\/home\/index.php?rest_route=%2Fwp%2Fv2%2Fmedia&parent=40809"}],"wp:term":[{"taxonomy":"category","embeddable":true,"href":"https:\/\/www.rwg-bayreuth.de\/home\/index.php?rest_route=%2Fwp%2Fv2%2Fcategories&post=40809"},{"taxonomy":"post_tag","embeddable":true,"href":"https:\/\/www.rwg-bayreuth.de\/home\/index.php?rest_route=%2Fwp%2Fv2%2Ftags&post=40809"}],"curies":[{"name":"wp","href":"https:\/\/api.w.org\/{rel}","templated":true}]}}