{"id":40753,"date":"2026-01-28T05:04:31","date_gmt":"2026-01-28T04:04:31","guid":{"rendered":"https:\/\/www.rwg-bayreuth.de\/home\/?p=40753"},"modified":"2026-02-11T07:38:44","modified_gmt":"2026-02-11T06:38:44","slug":"leistungsfach-pug-goes-uni-bayreuth","status":"publish","type":"post","link":"https:\/\/www.rwg-bayreuth.de\/home\/?p=40753","title":{"rendered":"Leistungsfach PuG goes Uni Bayreuth"},"content":{"rendered":"<p><!-- Knappe\n\n--><a href=\"https:\/\/www.rwg-bayreuth.de\/home\/wp-content\/uploads\/2026\/02\/25-26-LeistungsfachPuGanUni.jpg\"><img loading=\"lazy\" decoding=\"async\" src=\"https:\/\/www.rwg-bayreuth.de\/home\/wp-content\/uploads\/2026\/02\/25-26-LeistungsfachPuGanUni.jpg\" alt=\"\" width=\"1024\" height=\"683\" class=\"aligncenter size-full wp-image-40754 crop169\" srcset=\"https:\/\/www.rwg-bayreuth.de\/home\/wp-content\/uploads\/2026\/02\/25-26-LeistungsfachPuGanUni.jpg 1024w, https:\/\/www.rwg-bayreuth.de\/home\/wp-content\/uploads\/2026\/02\/25-26-LeistungsfachPuGanUni-150x100.jpg 150w, https:\/\/www.rwg-bayreuth.de\/home\/wp-content\/uploads\/2026\/02\/25-26-LeistungsfachPuGanUni-450x300.jpg 450w, https:\/\/www.rwg-bayreuth.de\/home\/wp-content\/uploads\/2026\/02\/25-26-LeistungsfachPuGanUni-768x512.jpg 768w, https:\/\/www.rwg-bayreuth.de\/home\/wp-content\/uploads\/2026\/02\/25-26-LeistungsfachPuGanUni-250x167.jpg 250w, https:\/\/www.rwg-bayreuth.de\/home\/wp-content\/uploads\/2026\/02\/25-26-LeistungsfachPuGanUni-900x600.jpg 900w\" sizes=\"(max-width: 1024px) 100vw, 1024px\" \/><\/a><\/p>\n<p>Sch\u00fclerinnen und Sch\u00fcler des Leistungsfachs Politik und Gesellschaft des Richard-Wagner-Gymnasiums Bayreuth besuchten am 27.01.2026 eine Vorlesung aus der Reihe \u201eEinf\u00fchrung in die Soziologie\u201c an der Universit\u00e4t Bayreuth. Thema der Veranstaltung an diesem Abend waren die Soziale Kreise nach Georg Simmel. Gehalten wurde die Vorlesung von Prof. Dr. Eva-Maria Ziege, die den Teilnehmenden einen umfassenden Einblick in zentrale soziologische Fragestellungen bot. Die Sch\u00fclerinnen und Sch\u00fcler konnten dabei universit\u00e4re Lehrmethoden und Inhalte aus erster Hand kennenlernen. Besonders gewinnbringend war die enge Ankn\u00fcpfung an die im Unterricht bereits behandelten Lerninhalte. Der Besuch stellte somit eine abwechslungsreiche Erg\u00e4nzung des Lehrplans dar und bot den Sch\u00fclerinnen und Sch\u00fclern schon einmal einen Einblick in ihren m\u00f6glichen Alltag in naher Zukunft.<\/p>\n","protected":false},"excerpt":{"rendered":"<p>Sch\u00fclerinnen und Sch\u00fcler des Leistungsfachs Politik und Gesellschaft des Richard-Wagner-Gymnasiums Bayreuth besuchten am 27.01.2026 eine Vorlesung aus der Reihe \u201eEinf\u00fchrung in die Soziologie\u201c an der Universit\u00e4t Bayreuth. Thema der Veranstaltung an diesem Abend waren die Soziale Kreise nach Georg Simmel. Gehalten wurde die Vorlesung von Prof. Dr. Eva-Maria Ziege, die den Teilnehmenden einen umfassenden Einblick&hellip;<\/p>\n","protected":false},"author":11,"featured_media":40754,"comment_status":"closed","ping_status":"closed","sticky":false,"template":"","format":"standard","meta":{"footnotes":""},"categories":[1],"tags":[51,52],"_links":{"self":[{"href":"https:\/\/www.rwg-bayreuth.de\/home\/index.php?rest_route=\/wp\/v2\/posts\/40753"}],"collection":[{"href":"https:\/\/www.rwg-bayreuth.de\/home\/index.php?rest_route=\/wp\/v2\/posts"}],"about":[{"href":"https:\/\/www.rwg-bayreuth.de\/home\/index.php?rest_route=\/wp\/v2\/types\/post"}],"author":[{"embeddable":true,"href":"https:\/\/www.rwg-bayreuth.de\/home\/index.php?rest_route=\/wp\/v2\/users\/11"}],"replies":[{"embeddable":true,"href":"https:\/\/www.rwg-bayreuth.de\/home\/index.php?rest_route=%2Fwp%2Fv2%2Fcomments&post=40753"}],"version-history":[{"count":3,"href":"https:\/\/www.rwg-bayreuth.de\/home\/index.php?rest_route=\/wp\/v2\/posts\/40753\/revisions"}],"predecessor-version":[{"id":40788,"href":"https:\/\/www.rwg-bayreuth.de\/home\/index.php?rest_route=\/wp\/v2\/posts\/40753\/revisions\/40788"}],"wp:featuredmedia":[{"embeddable":true,"href":"https:\/\/www.rwg-bayreuth.de\/home\/index.php?rest_route=\/wp\/v2\/media\/40754"}],"wp:attachment":[{"href":"https:\/\/www.rwg-bayreuth.de\/home\/index.php?rest_route=%2Fwp%2Fv2%2Fmedia&parent=40753"}],"wp:term":[{"taxonomy":"category","embeddable":true,"href":"https:\/\/www.rwg-bayreuth.de\/home\/index.php?rest_route=%2Fwp%2Fv2%2Fcategories&post=40753"},{"taxonomy":"post_tag","embeddable":true,"href":"https:\/\/www.rwg-bayreuth.de\/home\/index.php?rest_route=%2Fwp%2Fv2%2Ftags&post=40753"}],"curies":[{"name":"wp","href":"https:\/\/api.w.org\/{rel}","templated":true}]}}