{"id":40415,"date":"2025-12-16T05:29:05","date_gmt":"2025-12-16T04:29:05","guid":{"rendered":"https:\/\/www.rwg-bayreuth.de\/home\/?p=40415"},"modified":"2026-01-28T07:04:12","modified_gmt":"2026-01-28T06:04:12","slug":"barista-workshop","status":"publish","type":"post","link":"https:\/\/www.rwg-bayreuth.de\/home\/?p=40415","title":{"rendered":"Barista-Workshop"},"content":{"rendered":"<p><!-- D\u00f6rfler F.\n\n--><a href=\"https:\/\/www.rwg-bayreuth.de\/home\/wp-content\/uploads\/2025\/12\/25-26-Italienisch-Barista-Workshop.jpg\"><img loading=\"lazy\" decoding=\"async\" src=\"https:\/\/www.rwg-bayreuth.de\/home\/wp-content\/uploads\/2025\/12\/25-26-Italienisch-Barista-Workshop.jpg\" alt=\"\" width=\"540\" height=\"720\" class=\"aligncenter size-full wp-image-40417 crop219\" style=\"object-position: 50% 67%;\" srcset=\"https:\/\/www.rwg-bayreuth.de\/home\/wp-content\/uploads\/2025\/12\/25-26-Italienisch-Barista-Workshop.jpg 540w, https:\/\/www.rwg-bayreuth.de\/home\/wp-content\/uploads\/2025\/12\/25-26-Italienisch-Barista-Workshop-113x150.jpg 113w, https:\/\/www.rwg-bayreuth.de\/home\/wp-content\/uploads\/2025\/12\/25-26-Italienisch-Barista-Workshop-338x450.jpg 338w, https:\/\/www.rwg-bayreuth.de\/home\/wp-content\/uploads\/2025\/12\/25-26-Italienisch-Barista-Workshop-250x333.jpg 250w\" sizes=\"(max-width: 540px) 100vw, 540px\" \/><\/a><\/p>\n<p>Am Montag, <strong>15.12.2025<\/strong>, lag ein Hauch von <em>Italia<\/em> in der Luft: Die Italienischstunde der 10abcd verwandelte sich in einen <strong>Barista-Workshop<\/strong>, der die italienische Kaffeekultur lebendig, duftend und vor allem k\u00f6stlich erlebbar machte. Schon beim Betreten des Raums war klar: <em>Che giornata speciale!<\/em><\/p>\n<p>In bew\u00e4hrter Tradition erschienen die Sch\u00fclerinnen und Sch\u00fcler <strong>elegant gekleidet<\/strong> \u2013 Kleider und Anz\u00fcge sorgten f\u00fcr ein stilvolles italienisches Flair. Kein Wunder, schlie\u00dflich war es der Tag nach dem Abschlussballwochenende. So wurde die Stunde nicht nur kulinarisch, sondern auch optisch zu einem echten Highlight.<\/p>\n<p>Mit viel Neugier und <em>passione<\/em> tauchten die Lernenden in die Welt des italienischen Kaffees ein. Begriffe wie <strong>espresso<\/strong>, <strong><em>latte macchiato<\/em><\/strong> und <strong><em>cappuccino<\/em><\/strong> wurden erkl\u00e4rt, Unterschiede diskutiert und die richtige Zubereitung Schritt f\u00fcr Schritt gezeigt. Auch kulinarische Begleiter durften nicht fehlen: Die <strong><em>Piadina<\/em><\/strong> \u2013 ein d\u00fcnnes Fladenbrot aus der Romagna \u2013 wurde vorgestellt, zubereitet und nat\u00fcrlich probiert. <em>Buonissimo!<\/em><\/p>\n<p>Besonders sch\u00f6n war, dass Theorie und Praxis Hand in Hand gingen. Es wurde nicht nur erkl\u00e4rt, sondern auch selbst gemacht, verkostet und bewertet. Dabei wurde viel gelacht, gefragt und ausprobiert \u2013 ganz im Sinne von <em>imparare facendo<\/em> (lernen durch Tun).<\/p>\n<p>Diese besondere Doppelstunde zeigte eindrucksvoll, wie eng Sprache, Kultur und Genuss zusammengeh\u00f6ren. <strong>90 Minuten voller Geschmack, Eleganz und italienischem Lebensgef\u00fchl <em>come al bar<\/em><\/strong>, die wunderbar auf das bevorstehende Weihnachtsfest einstimmten.<\/p>\n","protected":false},"excerpt":{"rendered":"<p>Am Montag, 15.12.2025, lag ein Hauch von Italia in der Luft: Die Italienischstunde der 10abcd verwandelte sich in einen Barista-Workshop, der die italienische Kaffeekultur lebendig, duftend und vor allem k\u00f6stlich erlebbar machte. Schon beim Betreten des Raums war klar: Che giornata speciale! In bew\u00e4hrter Tradition erschienen die Sch\u00fclerinnen und Sch\u00fcler elegant gekleidet \u2013 Kleider und&hellip;<\/p>\n","protected":false},"author":11,"featured_media":40418,"comment_status":"closed","ping_status":"closed","sticky":false,"template":"","format":"standard","meta":{"footnotes":""},"categories":[1],"tags":[51,69],"_links":{"self":[{"href":"https:\/\/www.rwg-bayreuth.de\/home\/index.php?rest_route=\/wp\/v2\/posts\/40415"}],"collection":[{"href":"https:\/\/www.rwg-bayreuth.de\/home\/index.php?rest_route=\/wp\/v2\/posts"}],"about":[{"href":"https:\/\/www.rwg-bayreuth.de\/home\/index.php?rest_route=\/wp\/v2\/types\/post"}],"author":[{"embeddable":true,"href":"https:\/\/www.rwg-bayreuth.de\/home\/index.php?rest_route=\/wp\/v2\/users\/11"}],"replies":[{"embeddable":true,"href":"https:\/\/www.rwg-bayreuth.de\/home\/index.php?rest_route=%2Fwp%2Fv2%2Fcomments&post=40415"}],"version-history":[{"count":5,"href":"https:\/\/www.rwg-bayreuth.de\/home\/index.php?rest_route=\/wp\/v2\/posts\/40415\/revisions"}],"predecessor-version":[{"id":40729,"href":"https:\/\/www.rwg-bayreuth.de\/home\/index.php?rest_route=\/wp\/v2\/posts\/40415\/revisions\/40729"}],"wp:featuredmedia":[{"embeddable":true,"href":"https:\/\/www.rwg-bayreuth.de\/home\/index.php?rest_route=\/wp\/v2\/media\/40418"}],"wp:attachment":[{"href":"https:\/\/www.rwg-bayreuth.de\/home\/index.php?rest_route=%2Fwp%2Fv2%2Fmedia&parent=40415"}],"wp:term":[{"taxonomy":"category","embeddable":true,"href":"https:\/\/www.rwg-bayreuth.de\/home\/index.php?rest_route=%2Fwp%2Fv2%2Fcategories&post=40415"},{"taxonomy":"post_tag","embeddable":true,"href":"https:\/\/www.rwg-bayreuth.de\/home\/index.php?rest_route=%2Fwp%2Fv2%2Ftags&post=40415"}],"curies":[{"name":"wp","href":"https:\/\/api.w.org\/{rel}","templated":true}]}}