{"id":40372,"date":"2025-12-18T18:17:32","date_gmt":"2025-12-18T17:17:32","guid":{"rendered":"https:\/\/www.rwg-bayreuth.de\/home\/?p=40372"},"modified":"2025-12-20T19:38:51","modified_gmt":"2025-12-20T18:38:51","slug":"gemeinsam-kreativ-in-der-adventszeit","status":"publish","type":"post","link":"https:\/\/www.rwg-bayreuth.de\/home\/?p=40372","title":{"rendered":"Gemeinsam kreativ in der Adventszeit"},"content":{"rendered":"<p><!-- Jurenka\n\n--><a href=\"https:\/\/www.rwg-bayreuth.de\/home\/wp-content\/uploads\/2025\/12\/25-26-Tuerdekoaktion-B.jpg\"><img loading=\"lazy\" decoding=\"async\" src=\"https:\/\/www.rwg-bayreuth.de\/home\/wp-content\/uploads\/2025\/12\/25-26-Tuerdekoaktion-B.jpg\" alt=\"\" width=\"1024\" height=\"683\" class=\"aligncenter size-full wp-image-40381 crop219\"  style=\"object-position: 50% 37%;\" srcset=\"https:\/\/www.rwg-bayreuth.de\/home\/wp-content\/uploads\/2025\/12\/25-26-Tuerdekoaktion-B.jpg 1024w, https:\/\/www.rwg-bayreuth.de\/home\/wp-content\/uploads\/2025\/12\/25-26-Tuerdekoaktion-B-150x100.jpg 150w, https:\/\/www.rwg-bayreuth.de\/home\/wp-content\/uploads\/2025\/12\/25-26-Tuerdekoaktion-B-450x300.jpg 450w, https:\/\/www.rwg-bayreuth.de\/home\/wp-content\/uploads\/2025\/12\/25-26-Tuerdekoaktion-B-768x512.jpg 768w, https:\/\/www.rwg-bayreuth.de\/home\/wp-content\/uploads\/2025\/12\/25-26-Tuerdekoaktion-B-250x167.jpg 250w, https:\/\/www.rwg-bayreuth.de\/home\/wp-content\/uploads\/2025\/12\/25-26-Tuerdekoaktion-B-900x600.jpg 900w\" sizes=\"(max-width: 1024px) 100vw, 1024px\" \/><\/a><\/p>\n<p>In der Vorweihnachtszeit wurde es am RWG besonders festlich: Die Sch\u00fclerinnen und Sch\u00fcler der 5. und 6. Klassen verwandelten im Rahmen der weihnachtlichen T\u00fcrdeko-Aktion ihre Klassenzimmert\u00fcren in kleine Kunstwerke voller Winterzauber, Farbe und Kreativit\u00e4t.<\/p>\n<p>Mit viel Engagement, Fantasie und Teamgeist gestalteten die Klassen gemeinsam ihre T\u00fcren \u2013 ob winterlich verschneit, lustig verspielt oder glitzernd und festlich. Dabei stand nicht nur das Basteln im Vordergrund, sondern vor allem das gemeinsame Arbeiten als Klassengemeinschaft. Ideen wurden gesammelt, Aufgaben verteilt und zusammen umgesetzt \u2013 ganz im Sinne der weihnachtlichen Werte von Zusammenhalt und Miteinander.<\/p>\n<div class=\"su-image-carousel  clear su-image-carousel-columns-4 su-image-carousel-has-spacing su-image-carousel-crop su-image-carousel-crop-3-4 su-image-carousel-has-lightbox su-image-carousel-has-outline su-image-carousel-slides-style-minimal su-image-carousel-controls-style-light su-image-carousel-align-none\" style=\"\" data-flickity-options='{\"groupCells\":true,\"cellSelector\":\".su-image-carousel-item\",\"adaptiveHeight\":false,\"cellAlign\":\"left\",\"prevNextButtons\":true,\"pageDots\":false,\"autoPlay\":4000,\"imagesLoaded\":true,\"contain\":true,\"selectedAttraction\":0.025000000000000001,\"friction\":0.28000000000000003}' id=\"su_image_carousel_69f1b24f15b0a\"><div class=\"su-image-carousel-item\"><div class=\"su-image-carousel-item-content\"><a href=\"https:\/\/www.rwg-bayreuth.de\/home\/wp-content\/uploads\/2025\/12\/25-26-Tuerdekoaktion-2.jpg\" data-caption=\"\"><img loading=\"lazy\" decoding=\"async\" width=\"1187\" height=\"1583\" src=\"https:\/\/www.rwg-bayreuth.de\/home\/wp-content\/uploads\/2025\/12\/25-26-Tuerdekoaktion-2.jpg\" class=\"\" alt=\"\" srcset=\"https:\/\/www.rwg-bayreuth.de\/home\/wp-content\/uploads\/2025\/12\/25-26-Tuerdekoaktion-2.jpg 1187w, https:\/\/www.rwg-bayreuth.de\/home\/wp-content\/uploads\/2025\/12\/25-26-Tuerdekoaktion-2-1152x1536.jpg 1152w, https:\/\/www.rwg-bayreuth.de\/home\/wp-content\/uploads\/2025\/12\/25-26-Tuerdekoaktion-2-112x150.jpg 112w, https:\/\/www.rwg-bayreuth.de\/home\/wp-content\/uploads\/2025\/12\/25-26-Tuerdekoaktion-2-337x450.jpg 337w, https:\/\/www.rwg-bayreuth.de\/home\/wp-content\/uploads\/2025\/12\/25-26-Tuerdekoaktion-2-768x1024.jpg 768w, https:\/\/www.rwg-bayreuth.de\/home\/wp-content\/uploads\/2025\/12\/25-26-Tuerdekoaktion-2-250x333.jpg 250w\" sizes=\"(max-width: 1187px) 100vw, 1187px\" \/><\/a><\/div><\/div><div class=\"su-image-carousel-item\"><div class=\"su-image-carousel-item-content\"><a href=\"https:\/\/www.rwg-bayreuth.de\/home\/wp-content\/uploads\/2025\/12\/25-26-Tuerdekoaktion-3.jpg\" data-caption=\"\"><img loading=\"lazy\" decoding=\"async\" width=\"1253\" height=\"1671\" src=\"https:\/\/www.rwg-bayreuth.de\/home\/wp-content\/uploads\/2025\/12\/25-26-Tuerdekoaktion-3.jpg\" class=\"\" alt=\"\" srcset=\"https:\/\/www.rwg-bayreuth.de\/home\/wp-content\/uploads\/2025\/12\/25-26-Tuerdekoaktion-3.jpg 1253w, https:\/\/www.rwg-bayreuth.de\/home\/wp-content\/uploads\/2025\/12\/25-26-Tuerdekoaktion-3-1152x1536.jpg 1152w, https:\/\/www.rwg-bayreuth.de\/home\/wp-content\/uploads\/2025\/12\/25-26-Tuerdekoaktion-3-112x150.jpg 112w, https:\/\/www.rwg-bayreuth.de\/home\/wp-content\/uploads\/2025\/12\/25-26-Tuerdekoaktion-3-337x450.jpg 337w, https:\/\/www.rwg-bayreuth.de\/home\/wp-content\/uploads\/2025\/12\/25-26-Tuerdekoaktion-3-768x1024.jpg 768w, https:\/\/www.rwg-bayreuth.de\/home\/wp-content\/uploads\/2025\/12\/25-26-Tuerdekoaktion-3-250x333.jpg 250w\" sizes=\"(max-width: 1253px) 100vw, 1253px\" \/><\/a><\/div><\/div><div class=\"su-image-carousel-item\"><div class=\"su-image-carousel-item-content\"><a href=\"https:\/\/www.rwg-bayreuth.de\/home\/wp-content\/uploads\/2025\/12\/25-26-Tuerdekoaktion-4.jpg\" data-caption=\"\"><img loading=\"lazy\" decoding=\"async\" width=\"1244\" height=\"1659\" src=\"https:\/\/www.rwg-bayreuth.de\/home\/wp-content\/uploads\/2025\/12\/25-26-Tuerdekoaktion-4.jpg\" class=\"\" alt=\"\" srcset=\"https:\/\/www.rwg-bayreuth.de\/home\/wp-content\/uploads\/2025\/12\/25-26-Tuerdekoaktion-4.jpg 1244w, https:\/\/www.rwg-bayreuth.de\/home\/wp-content\/uploads\/2025\/12\/25-26-Tuerdekoaktion-4-1152x1536.jpg 1152w, https:\/\/www.rwg-bayreuth.de\/home\/wp-content\/uploads\/2025\/12\/25-26-Tuerdekoaktion-4-112x150.jpg 112w, https:\/\/www.rwg-bayreuth.de\/home\/wp-content\/uploads\/2025\/12\/25-26-Tuerdekoaktion-4-337x450.jpg 337w, https:\/\/www.rwg-bayreuth.de\/home\/wp-content\/uploads\/2025\/12\/25-26-Tuerdekoaktion-4-768x1024.jpg 768w, https:\/\/www.rwg-bayreuth.de\/home\/wp-content\/uploads\/2025\/12\/25-26-Tuerdekoaktion-4-250x333.jpg 250w\" sizes=\"(max-width: 1244px) 100vw, 1244px\" \/><\/a><\/div><\/div><div class=\"su-image-carousel-item\"><div class=\"su-image-carousel-item-content\"><a href=\"https:\/\/www.rwg-bayreuth.de\/home\/wp-content\/uploads\/2025\/12\/25-26-Tuerdekoaktion-1.jpg\" data-caption=\"\"><img loading=\"lazy\" decoding=\"async\" width=\"1274\" height=\"1698\" src=\"https:\/\/www.rwg-bayreuth.de\/home\/wp-content\/uploads\/2025\/12\/25-26-Tuerdekoaktion-1.jpg\" class=\"\" alt=\"\" srcset=\"https:\/\/www.rwg-bayreuth.de\/home\/wp-content\/uploads\/2025\/12\/25-26-Tuerdekoaktion-1.jpg 1274w, https:\/\/www.rwg-bayreuth.de\/home\/wp-content\/uploads\/2025\/12\/25-26-Tuerdekoaktion-1-1152x1536.jpg 1152w, https:\/\/www.rwg-bayreuth.de\/home\/wp-content\/uploads\/2025\/12\/25-26-Tuerdekoaktion-1-113x150.jpg 113w, https:\/\/www.rwg-bayreuth.de\/home\/wp-content\/uploads\/2025\/12\/25-26-Tuerdekoaktion-1-338x450.jpg 338w, https:\/\/www.rwg-bayreuth.de\/home\/wp-content\/uploads\/2025\/12\/25-26-Tuerdekoaktion-1-768x1024.jpg 768w, https:\/\/www.rwg-bayreuth.de\/home\/wp-content\/uploads\/2025\/12\/25-26-Tuerdekoaktion-1-250x333.jpg 250w\" sizes=\"(max-width: 1274px) 100vw, 1274px\" \/><\/a><\/div><\/div><div class=\"su-image-carousel-item\"><div class=\"su-image-carousel-item-content\"><a href=\"https:\/\/www.rwg-bayreuth.de\/home\/wp-content\/uploads\/2025\/12\/25-26-Tuerdekoaktion-8.jpg\" data-caption=\"\"><img loading=\"lazy\" decoding=\"async\" width=\"1208\" height=\"1611\" src=\"https:\/\/www.rwg-bayreuth.de\/home\/wp-content\/uploads\/2025\/12\/25-26-Tuerdekoaktion-8.jpg\" class=\"\" alt=\"\" srcset=\"https:\/\/www.rwg-bayreuth.de\/home\/wp-content\/uploads\/2025\/12\/25-26-Tuerdekoaktion-8.jpg 1208w, https:\/\/www.rwg-bayreuth.de\/home\/wp-content\/uploads\/2025\/12\/25-26-Tuerdekoaktion-8-1152x1536.jpg 1152w, https:\/\/www.rwg-bayreuth.de\/home\/wp-content\/uploads\/2025\/12\/25-26-Tuerdekoaktion-8-112x150.jpg 112w, https:\/\/www.rwg-bayreuth.de\/home\/wp-content\/uploads\/2025\/12\/25-26-Tuerdekoaktion-8-337x450.jpg 337w, https:\/\/www.rwg-bayreuth.de\/home\/wp-content\/uploads\/2025\/12\/25-26-Tuerdekoaktion-8-768x1024.jpg 768w, https:\/\/www.rwg-bayreuth.de\/home\/wp-content\/uploads\/2025\/12\/25-26-Tuerdekoaktion-8-250x333.jpg 250w\" sizes=\"(max-width: 1208px) 100vw, 1208px\" \/><\/a><\/div><\/div><div class=\"su-image-carousel-item\"><div class=\"su-image-carousel-item-content\"><a href=\"https:\/\/www.rwg-bayreuth.de\/home\/wp-content\/uploads\/2025\/12\/25-26-Tuerdekoaktion-7.jpg\" data-caption=\"\"><img loading=\"lazy\" decoding=\"async\" width=\"1609\" height=\"1207\" src=\"https:\/\/www.rwg-bayreuth.de\/home\/wp-content\/uploads\/2025\/12\/25-26-Tuerdekoaktion-7.jpg\" class=\"\" alt=\"\" srcset=\"https:\/\/www.rwg-bayreuth.de\/home\/wp-content\/uploads\/2025\/12\/25-26-Tuerdekoaktion-7.jpg 1609w, https:\/\/www.rwg-bayreuth.de\/home\/wp-content\/uploads\/2025\/12\/25-26-Tuerdekoaktion-7-1536x1152.jpg 1536w, https:\/\/www.rwg-bayreuth.de\/home\/wp-content\/uploads\/2025\/12\/25-26-Tuerdekoaktion-7-150x113.jpg 150w, https:\/\/www.rwg-bayreuth.de\/home\/wp-content\/uploads\/2025\/12\/25-26-Tuerdekoaktion-7-450x338.jpg 450w, https:\/\/www.rwg-bayreuth.de\/home\/wp-content\/uploads\/2025\/12\/25-26-Tuerdekoaktion-7-768x576.jpg 768w, https:\/\/www.rwg-bayreuth.de\/home\/wp-content\/uploads\/2025\/12\/25-26-Tuerdekoaktion-7-1024x768.jpg 1024w, https:\/\/www.rwg-bayreuth.de\/home\/wp-content\/uploads\/2025\/12\/25-26-Tuerdekoaktion-7-250x188.jpg 250w\" sizes=\"(max-width: 1609px) 100vw, 1609px\" \/><\/a><\/div><\/div><div class=\"su-image-carousel-item\"><div class=\"su-image-carousel-item-content\"><a href=\"https:\/\/www.rwg-bayreuth.de\/home\/wp-content\/uploads\/2025\/12\/25-26-Tuerdekoaktion-6.jpg\" data-caption=\"\"><img loading=\"lazy\" decoding=\"async\" width=\"1358\" height=\"1810\" src=\"https:\/\/www.rwg-bayreuth.de\/home\/wp-content\/uploads\/2025\/12\/25-26-Tuerdekoaktion-6.jpg\" class=\"\" alt=\"\" srcset=\"https:\/\/www.rwg-bayreuth.de\/home\/wp-content\/uploads\/2025\/12\/25-26-Tuerdekoaktion-6.jpg 1358w, https:\/\/www.rwg-bayreuth.de\/home\/wp-content\/uploads\/2025\/12\/25-26-Tuerdekoaktion-6-1152x1536.jpg 1152w, https:\/\/www.rwg-bayreuth.de\/home\/wp-content\/uploads\/2025\/12\/25-26-Tuerdekoaktion-6-113x150.jpg 113w, https:\/\/www.rwg-bayreuth.de\/home\/wp-content\/uploads\/2025\/12\/25-26-Tuerdekoaktion-6-338x450.jpg 338w, https:\/\/www.rwg-bayreuth.de\/home\/wp-content\/uploads\/2025\/12\/25-26-Tuerdekoaktion-6-768x1024.jpg 768w, https:\/\/www.rwg-bayreuth.de\/home\/wp-content\/uploads\/2025\/12\/25-26-Tuerdekoaktion-6-250x333.jpg 250w\" sizes=\"(max-width: 1358px) 100vw, 1358px\" \/><\/a><\/div><\/div><\/div><script id=\"su_image_carousel_69f1b24f15b0a_script\">if(window.SUImageCarousel){setTimeout(function() {window.SUImageCarousel.initGallery(document.getElementById(\"su_image_carousel_69f1b24f15b0a\"))}, 0);}var su_image_carousel_69f1b24f15b0a_script=document.getElementById(\"su_image_carousel_69f1b24f15b0a_script\");if(su_image_carousel_69f1b24f15b0a_script){su_image_carousel_69f1b24f15b0a_script.parentNode.removeChild(su_image_carousel_69f1b24f15b0a_script);}<\/script>\n<p>Besonders sch\u00f6n war, dass die Aktion das gesamte Schulhaus in eine warme, vorweihnachtliche Atmosph\u00e4re tauchte. Beim Rundgang durch die G\u00e4nge konnte man \u00fcberall liebevoll gestaltete T\u00fcren entdecken, die zeigten, wie vielf\u00e4ltig und kreativ unsere Sch\u00fclerschaft ist.<\/p>\n<p>Ein weiteres Highlight war die Abstimmung: An zwei Tagen durften die Sch\u00fclerinnen und Sch\u00fcler selbst entscheiden, welche T\u00fcr ihnen am besten gefiel. So wurde die Aktion nicht nur kreativ, sondern auch demokratisch gestaltet. Die feierliche Pr\u00e4mierung der sch\u00f6nsten T\u00fcren bildete schlie\u00dflich einen gelungenen Abschluss und sorgte f\u00fcr gro\u00dfe Freude und stolze Gesichter.<\/p>\n<p>Die Weihnachtliche T\u00fcrdeko-Aktion hat eindrucksvoll gezeigt, wie viel man gemeinsam erreichen kann \u2013 und wie Gemeinschaft, Kreativit\u00e4t und Weihnachtsfreude unser Schulleben bereichern. Ein herzliches Dankesch\u00f6n an alle beteiligten Klassen und an das SMV-Schulaktionsteam f\u00fcr die Organisation dieser gelungenen Aktion!<\/p>\n<p><em>Astrid Jurenka (Verbindungslehrerin)<\/em><\/p>\n","protected":false},"excerpt":{"rendered":"<p>In der Vorweihnachtszeit wurde es am RWG besonders festlich: Die Sch\u00fclerinnen und Sch\u00fcler der 5. und 6. Klassen verwandelten im Rahmen der weihnachtlichen T\u00fcrdeko-Aktion ihre Klassenzimmert\u00fcren in kleine Kunstwerke voller Winterzauber, Farbe und Kreativit\u00e4t. Mit viel Engagement, Fantasie und Teamgeist gestalteten die Klassen gemeinsam ihre T\u00fcren \u2013 ob winterlich verschneit, lustig verspielt oder glitzernd und&hellip;<\/p>\n","protected":false},"author":11,"featured_media":40381,"comment_status":"closed","ping_status":"closed","sticky":false,"template":"","format":"standard","meta":{"footnotes":""},"categories":[1],"tags":[51],"_links":{"self":[{"href":"https:\/\/www.rwg-bayreuth.de\/home\/index.php?rest_route=\/wp\/v2\/posts\/40372"}],"collection":[{"href":"https:\/\/www.rwg-bayreuth.de\/home\/index.php?rest_route=\/wp\/v2\/posts"}],"about":[{"href":"https:\/\/www.rwg-bayreuth.de\/home\/index.php?rest_route=\/wp\/v2\/types\/post"}],"author":[{"embeddable":true,"href":"https:\/\/www.rwg-bayreuth.de\/home\/index.php?rest_route=\/wp\/v2\/users\/11"}],"replies":[{"embeddable":true,"href":"https:\/\/www.rwg-bayreuth.de\/home\/index.php?rest_route=%2Fwp%2Fv2%2Fcomments&post=40372"}],"version-history":[{"count":5,"href":"https:\/\/www.rwg-bayreuth.de\/home\/index.php?rest_route=\/wp\/v2\/posts\/40372\/revisions"}],"predecessor-version":[{"id":40430,"href":"https:\/\/www.rwg-bayreuth.de\/home\/index.php?rest_route=\/wp\/v2\/posts\/40372\/revisions\/40430"}],"wp:featuredmedia":[{"embeddable":true,"href":"https:\/\/www.rwg-bayreuth.de\/home\/index.php?rest_route=\/wp\/v2\/media\/40381"}],"wp:attachment":[{"href":"https:\/\/www.rwg-bayreuth.de\/home\/index.php?rest_route=%2Fwp%2Fv2%2Fmedia&parent=40372"}],"wp:term":[{"taxonomy":"category","embeddable":true,"href":"https:\/\/www.rwg-bayreuth.de\/home\/index.php?rest_route=%2Fwp%2Fv2%2Fcategories&post=40372"},{"taxonomy":"post_tag","embeddable":true,"href":"https:\/\/www.rwg-bayreuth.de\/home\/index.php?rest_route=%2Fwp%2Fv2%2Ftags&post=40372"}],"curies":[{"name":"wp","href":"https:\/\/api.w.org\/{rel}","templated":true}]}}