{"id":40219,"date":"2025-10-20T05:54:52","date_gmt":"2025-10-20T03:54:52","guid":{"rendered":"https:\/\/www.rwg-bayreuth.de\/home\/?p=40219"},"modified":"2025-12-20T19:29:07","modified_gmt":"2025-12-20T18:29:07","slug":"la-spezia-gastfreundschaft-meer-und-bella-italia","status":"publish","type":"post","link":"https:\/\/www.rwg-bayreuth.de\/home\/?p=40219","title":{"rendered":"La Spezia \u2013 Gastfreundschaft, Meer und\u00a0bella Italia"},"content":{"rendered":"<p><!-- R\u00fcger\n\n--><a href=\"https:\/\/www.rwg-bayreuth.de\/home\/wp-content\/uploads\/2025\/11\/25-26-Austausch-LaSpezia-5.jpg\"><img loading=\"lazy\" decoding=\"async\" src=\"https:\/\/www.rwg-bayreuth.de\/home\/wp-content\/uploads\/2025\/11\/25-26-Austausch-LaSpezia-5.jpg\" alt=\"\" width=\"1024\" height=\"768\" class=\"aligncenter size-full wp-image-40221 crop219\" srcset=\"https:\/\/www.rwg-bayreuth.de\/home\/wp-content\/uploads\/2025\/11\/25-26-Austausch-LaSpezia-5.jpg 1024w, https:\/\/www.rwg-bayreuth.de\/home\/wp-content\/uploads\/2025\/11\/25-26-Austausch-LaSpezia-5-150x113.jpg 150w, https:\/\/www.rwg-bayreuth.de\/home\/wp-content\/uploads\/2025\/11\/25-26-Austausch-LaSpezia-5-450x338.jpg 450w, https:\/\/www.rwg-bayreuth.de\/home\/wp-content\/uploads\/2025\/11\/25-26-Austausch-LaSpezia-5-768x576.jpg 768w, https:\/\/www.rwg-bayreuth.de\/home\/wp-content\/uploads\/2025\/11\/25-26-Austausch-LaSpezia-5-250x188.jpg 250w\" sizes=\"(max-width: 1024px) 100vw, 1024px\" \/><\/a><\/p>\n<p>Unsere Reise nach La Spezia begann fr\u00fch am Morgen am Kreuzsteinbad. Mit Koffern, Vorfreude und einem \u201eandiamo!\u201c starteten wir Richtung S\u00fcden. Nach einigen Stunden auf der\u00a0autostrada\u00a0und dem unvermeidlichen Stau erreichten wir am Abend endlich die ligurische K\u00fcste. Die Gastfamilien empfingen uns herzlich und schon nach wenigen Minuten f\u00fchlte sich alles vertraut an. Manche von uns machten gleich den ersten Spaziergang durch die Stadt, andere genossen den Abend zu Hause bei Pasta und netten Gespr\u00e4chen.<\/p>\n<p>Am ersten gemeinsamen Tag nutzten viele die Gelegenheit, die Region zu entdecken. W\u00e4hrend einige den schiefen Turm von Pisa besuchten, zog es andere nach Genua, wo man die typische Hafenatmosph\u00e4re sp\u00fcren konnte. Dabei sp\u00fcrten wir schon, was\u00a0<em>bella Italia<\/em> so besonders macht \u2013 Lebensfreude, Offenheit und dieses Gef\u00fchl, sofort willkommen zu sein.<\/p>\n<div class=\"su-image-carousel  clear su-image-carousel-has-spacing su-image-carousel-crop su-image-carousel-crop-21-9 su-image-carousel-has-lightbox su-image-carousel-has-outline su-image-carousel-slides-style-minimal su-image-carousel-controls-style-light su-image-carousel-align-none\" style=\"\" data-flickity-options='{\"groupCells\":true,\"cellSelector\":\".su-image-carousel-item\",\"adaptiveHeight\":false,\"cellAlign\":\"left\",\"prevNextButtons\":true,\"pageDots\":false,\"autoPlay\":4000,\"imagesLoaded\":true,\"contain\":true,\"selectedAttraction\":0.025000000000000001,\"friction\":0.28000000000000003}' id=\"su_image_carousel_69f19ff49284b\"><div class=\"su-image-carousel-item\"><div class=\"su-image-carousel-item-content\"><a href=\"https:\/\/www.rwg-bayreuth.de\/home\/wp-content\/uploads\/2025\/11\/25-26-Austausch-LaSpezia-1.jpg\" data-caption=\"\"><img loading=\"lazy\" decoding=\"async\" width=\"1024\" height=\"768\" src=\"https:\/\/www.rwg-bayreuth.de\/home\/wp-content\/uploads\/2025\/11\/25-26-Austausch-LaSpezia-1.jpg\" class=\"\" alt=\"\" srcset=\"https:\/\/www.rwg-bayreuth.de\/home\/wp-content\/uploads\/2025\/11\/25-26-Austausch-LaSpezia-1.jpg 1024w, https:\/\/www.rwg-bayreuth.de\/home\/wp-content\/uploads\/2025\/11\/25-26-Austausch-LaSpezia-1-150x113.jpg 150w, https:\/\/www.rwg-bayreuth.de\/home\/wp-content\/uploads\/2025\/11\/25-26-Austausch-LaSpezia-1-450x338.jpg 450w, https:\/\/www.rwg-bayreuth.de\/home\/wp-content\/uploads\/2025\/11\/25-26-Austausch-LaSpezia-1-768x576.jpg 768w, https:\/\/www.rwg-bayreuth.de\/home\/wp-content\/uploads\/2025\/11\/25-26-Austausch-LaSpezia-1-250x188.jpg 250w\" sizes=\"(max-width: 1024px) 100vw, 1024px\" \/><\/a><\/div><\/div><div class=\"su-image-carousel-item\"><div class=\"su-image-carousel-item-content\"><a href=\"https:\/\/www.rwg-bayreuth.de\/home\/wp-content\/uploads\/2025\/11\/25-26-Austausch-LaSpezia-2.jpg\" data-caption=\"\"><img loading=\"lazy\" decoding=\"async\" width=\"1024\" height=\"768\" src=\"https:\/\/www.rwg-bayreuth.de\/home\/wp-content\/uploads\/2025\/11\/25-26-Austausch-LaSpezia-2.jpg\" class=\"\" alt=\"\" srcset=\"https:\/\/www.rwg-bayreuth.de\/home\/wp-content\/uploads\/2025\/11\/25-26-Austausch-LaSpezia-2.jpg 1024w, https:\/\/www.rwg-bayreuth.de\/home\/wp-content\/uploads\/2025\/11\/25-26-Austausch-LaSpezia-2-150x113.jpg 150w, https:\/\/www.rwg-bayreuth.de\/home\/wp-content\/uploads\/2025\/11\/25-26-Austausch-LaSpezia-2-450x338.jpg 450w, https:\/\/www.rwg-bayreuth.de\/home\/wp-content\/uploads\/2025\/11\/25-26-Austausch-LaSpezia-2-768x576.jpg 768w, https:\/\/www.rwg-bayreuth.de\/home\/wp-content\/uploads\/2025\/11\/25-26-Austausch-LaSpezia-2-250x188.jpg 250w\" sizes=\"(max-width: 1024px) 100vw, 1024px\" \/><\/a><\/div><\/div><div class=\"su-image-carousel-item\"><div class=\"su-image-carousel-item-content\"><a href=\"https:\/\/www.rwg-bayreuth.de\/home\/wp-content\/uploads\/2025\/11\/25-26-Austausch-LaSpezia-3.jpg\" data-caption=\"\"><img loading=\"lazy\" decoding=\"async\" width=\"1024\" height=\"768\" src=\"https:\/\/www.rwg-bayreuth.de\/home\/wp-content\/uploads\/2025\/11\/25-26-Austausch-LaSpezia-3.jpg\" class=\"\" alt=\"\" srcset=\"https:\/\/www.rwg-bayreuth.de\/home\/wp-content\/uploads\/2025\/11\/25-26-Austausch-LaSpezia-3.jpg 1024w, https:\/\/www.rwg-bayreuth.de\/home\/wp-content\/uploads\/2025\/11\/25-26-Austausch-LaSpezia-3-150x113.jpg 150w, https:\/\/www.rwg-bayreuth.de\/home\/wp-content\/uploads\/2025\/11\/25-26-Austausch-LaSpezia-3-450x338.jpg 450w, https:\/\/www.rwg-bayreuth.de\/home\/wp-content\/uploads\/2025\/11\/25-26-Austausch-LaSpezia-3-768x576.jpg 768w, https:\/\/www.rwg-bayreuth.de\/home\/wp-content\/uploads\/2025\/11\/25-26-Austausch-LaSpezia-3-250x188.jpg 250w\" sizes=\"(max-width: 1024px) 100vw, 1024px\" \/><\/a><\/div><\/div><\/div><script id=\"su_image_carousel_69f19ff49284b_script\">if(window.SUImageCarousel){setTimeout(function() {window.SUImageCarousel.initGallery(document.getElementById(\"su_image_carousel_69f19ff49284b\"))}, 0);}var su_image_carousel_69f19ff49284b_script=document.getElementById(\"su_image_carousel_69f19ff49284b_script\");if(su_image_carousel_69f19ff49284b_script){su_image_carousel_69f19ff49284b_script.parentNode.removeChild(su_image_carousel_69f19ff49284b_script);}<\/script>\n<p>In den folgenden Tagen durften wir die italienische Schule kennenlernen. Besonders spannend war, dass wir auch eine Stunde lang am Unterricht teilnehmen durften \u2013 die einen besuchten zum Beispiel den Italienischunterricht, w\u00e4hrend andere einen Einblick in Psychologie bekamen. So konnten wir das italienische Schulsystem hautnah erleben und mit den Sch\u00fclerinnen und Sch\u00fclern ins Gespr\u00e4ch kommen. Daraufhin bekamen wir eine F\u00fchrung durch La Spezia und besuchten das Rathaus, wo uns der B\u00fcrgermeister herzlich willkommen hie\u00df und La Spezia als unser \u201ezweites Zuhause\u201c bezeichnete. Bei einer Stadtf\u00fchrung entdeckten wir das Castello San Giorgio mit seinem traumhaften Blick \u00fcber den \u201eGolf der Poeten\u201c \u2013 und lernten viel \u00fcber Geschichte, Kultur und das Leben am Meer.<\/p>\n<p>Ein absolutes Highlight war der Ausflug nach Florenz. Schon beim ersten Blick auf die Ponte Vecchio und den imposanten Dom waren wir begeistert. Wir bekamen eine spannende F\u00fchrung durch die Stadt, bei der wir die wichtigsten Sehensw\u00fcrdigkeiten sahen und viel \u00fcber die Geschichte und Kunst der toskanischen Hauptstadt erfuhren. Zwischen engen Gassen, alten Pal\u00e4sten und kleinen Eisdielen sp\u00fcrten wir die ganze Sch\u00f6nheit dieser wunderbaren Gegend. Ob\u00a0ein gelato\u00a0in der Sonne oder ein kurzer\u00a0shopping trip\u00a0\u2013 jeder genoss den Tag auf seine Weise.<\/p>\n<p>Auch die Bootsfahrt nach Portovenere bleibt unvergessen: die bunten H\u00e4user, die kleine Kirche San Pietro auf den Klippen und die Fahrt entlang der Byron-Grotte \u2013\u00a0che bello!\u00a0Wir bekamen von einer unserer Lehrerinnen aus Italien eine kleine F\u00fchrung durch die charmante Ortschaft, bei der wir noch mehr \u00fcber die Geschichte und Besonderheiten dieses malerischen K\u00fcstenortes erfuhren. Bei traumhaftem Wetter f\u00fchlte sich dieser Tag wie Urlaub an.<\/p>\n<p><a href=\"https:\/\/www.rwg-bayreuth.de\/home\/wp-content\/uploads\/2025\/11\/25-26-Austausch-LaSpezia-4.jpg\"><img loading=\"lazy\" decoding=\"async\" src=\"https:\/\/www.rwg-bayreuth.de\/home\/wp-content\/uploads\/2025\/11\/25-26-Austausch-LaSpezia-4.jpg\" alt=\"\" width=\"1024\" height=\"768\" class=\"aligncenter size-full wp-image-40223 crop219\" srcset=\"https:\/\/www.rwg-bayreuth.de\/home\/wp-content\/uploads\/2025\/11\/25-26-Austausch-LaSpezia-4.jpg 1024w, https:\/\/www.rwg-bayreuth.de\/home\/wp-content\/uploads\/2025\/11\/25-26-Austausch-LaSpezia-4-150x113.jpg 150w, https:\/\/www.rwg-bayreuth.de\/home\/wp-content\/uploads\/2025\/11\/25-26-Austausch-LaSpezia-4-450x338.jpg 450w, https:\/\/www.rwg-bayreuth.de\/home\/wp-content\/uploads\/2025\/11\/25-26-Austausch-LaSpezia-4-768x576.jpg 768w, https:\/\/www.rwg-bayreuth.de\/home\/wp-content\/uploads\/2025\/11\/25-26-Austausch-LaSpezia-4-250x188.jpg 250w\" sizes=\"(max-width: 1024px) 100vw, 1024px\" \/><\/a><\/p>\n<p>Ein weiterer H\u00f6hepunkt war die Wanderung durch die Cinque Terre. Von Corniglia nach Vernazza und weiter nach Monterosso f\u00fchrte der Weg durch Olivenhaine und Weinberge mit herrlichem Meerblick. Begleitet wurden wir dabei von einer F\u00fchrerin, die uns viel \u00fcber die D\u00f6rfer und deren landwirtschaftliche Traditionen erz\u00e4hlte \u2013 zum Beispiel, dass in dieser Region der ber\u00fchmte Wein der Cinque Terre angebaut wird.<\/p>\n<p>Leider verging die Woche wie im Flug. Beim Abschied am Freitagmorgen flossen einige Tr\u00e4nen, es gab aber auch viele L\u00e4cheln. Wir nahmen Souvenirs, Fotos und viele neue italienische W\u00f6rter mit \u2013 vor allem aber neue Freundschaften, viele Eindr\u00fccke und das Gef\u00fchl, in La Spezia ein St\u00fcck zuhause gefunden zu haben. Beim letzten \u201earrivederci!\u201c wussten wir: Diese Woche war mehr als nur ein Austausch \u2013 sie war der Beginn vieler neuer Freundschaften und unvergesslicher Erinnerungen.<\/p>\n<p><em>Eva Persau und Finja K\u00f6rber, 10a<\/em><\/p>\n","protected":false},"excerpt":{"rendered":"<p>Unsere Reise nach La Spezia begann fr\u00fch am Morgen am Kreuzsteinbad. Mit Koffern, Vorfreude und einem \u201eandiamo!\u201c starteten wir Richtung S\u00fcden. Nach einigen Stunden auf der\u00a0autostrada\u00a0und dem unvermeidlichen Stau erreichten wir am Abend endlich die ligurische K\u00fcste. Die Gastfamilien empfingen uns herzlich und schon nach wenigen Minuten f\u00fchlte sich alles vertraut an. Manche von uns&hellip;<\/p>\n","protected":false},"author":11,"featured_media":40222,"comment_status":"closed","ping_status":"closed","sticky":false,"template":"","format":"standard","meta":{"footnotes":""},"categories":[1],"tags":[68,51,69],"_links":{"self":[{"href":"https:\/\/www.rwg-bayreuth.de\/home\/index.php?rest_route=\/wp\/v2\/posts\/40219"}],"collection":[{"href":"https:\/\/www.rwg-bayreuth.de\/home\/index.php?rest_route=\/wp\/v2\/posts"}],"about":[{"href":"https:\/\/www.rwg-bayreuth.de\/home\/index.php?rest_route=\/wp\/v2\/types\/post"}],"author":[{"embeddable":true,"href":"https:\/\/www.rwg-bayreuth.de\/home\/index.php?rest_route=\/wp\/v2\/users\/11"}],"replies":[{"embeddable":true,"href":"https:\/\/www.rwg-bayreuth.de\/home\/index.php?rest_route=%2Fwp%2Fv2%2Fcomments&post=40219"}],"version-history":[{"count":6,"href":"https:\/\/www.rwg-bayreuth.de\/home\/index.php?rest_route=\/wp\/v2\/posts\/40219\/revisions"}],"predecessor-version":[{"id":40426,"href":"https:\/\/www.rwg-bayreuth.de\/home\/index.php?rest_route=\/wp\/v2\/posts\/40219\/revisions\/40426"}],"wp:featuredmedia":[{"embeddable":true,"href":"https:\/\/www.rwg-bayreuth.de\/home\/index.php?rest_route=\/wp\/v2\/media\/40222"}],"wp:attachment":[{"href":"https:\/\/www.rwg-bayreuth.de\/home\/index.php?rest_route=%2Fwp%2Fv2%2Fmedia&parent=40219"}],"wp:term":[{"taxonomy":"category","embeddable":true,"href":"https:\/\/www.rwg-bayreuth.de\/home\/index.php?rest_route=%2Fwp%2Fv2%2Fcategories&post=40219"},{"taxonomy":"post_tag","embeddable":true,"href":"https:\/\/www.rwg-bayreuth.de\/home\/index.php?rest_route=%2Fwp%2Fv2%2Ftags&post=40219"}],"curies":[{"name":"wp","href":"https:\/\/api.w.org\/{rel}","templated":true}]}}