{"id":40209,"date":"2025-11-24T00:04:44","date_gmt":"2025-11-23T23:04:44","guid":{"rendered":"https:\/\/www.rwg-bayreuth.de\/home\/?p=40209"},"modified":"2025-11-25T19:19:16","modified_gmt":"2025-11-25T18:19:16","slug":"einladung-zum-weihnachtskonzert","status":"publish","type":"post","link":"https:\/\/www.rwg-bayreuth.de\/home\/?p=40209","title":{"rendered":"Einladung zum Weihnachtskonzert"},"content":{"rendered":"<p><!-- Fink-Porr\n\n--><a href=\"https:\/\/www.rwg-bayreuth.de\/home\/wp-content\/uploads\/2025\/11\/25-26-Einladung-Weihnachtskonzert-t.jpg\"><img loading=\"lazy\" decoding=\"async\" class=\"aligncenter size-full wp-image-40211\" src=\"https:\/\/www.rwg-bayreuth.de\/home\/wp-content\/uploads\/2025\/11\/25-26-Einladung-Weihnachtskonzert-t.jpg\" alt=\"\" width=\"1024\" height=\"405\" srcset=\"https:\/\/www.rwg-bayreuth.de\/home\/wp-content\/uploads\/2025\/11\/25-26-Einladung-Weihnachtskonzert-t.jpg 1024w, https:\/\/www.rwg-bayreuth.de\/home\/wp-content\/uploads\/2025\/11\/25-26-Einladung-Weihnachtskonzert-t-150x59.jpg 150w, https:\/\/www.rwg-bayreuth.de\/home\/wp-content\/uploads\/2025\/11\/25-26-Einladung-Weihnachtskonzert-t-450x178.jpg 450w, https:\/\/www.rwg-bayreuth.de\/home\/wp-content\/uploads\/2025\/11\/25-26-Einladung-Weihnachtskonzert-t-768x304.jpg 768w, https:\/\/www.rwg-bayreuth.de\/home\/wp-content\/uploads\/2025\/11\/25-26-Einladung-Weihnachtskonzert-t-250x99.jpg 250w\" sizes=\"(max-width: 1024px) 100vw, 1024px\" \/><\/a><\/p>\n<p style=\"margin-bottom: 5px;\">Liebe Schulfamilie,<br \/>\nin diesem Schuljahr wollen wir das Kalenderjahr einmal etwas anders ausklingen lassen als mit unserem \u00fcblichen Weihnachtskonzert. Deswegen laden wir Sie\/Euch alle am<\/p>\n<p style=\"text-align: center; margin-bottom: 5px;\">\n<strong>Donnerstag, 18. Dezember um 19 Uhr in der Stadtkirche<\/strong><\/p>\n<p>herzlich zu einem sch\u00f6nen Abend mit Musik, Geschichten und Gedichten ein, der uns alle in die wohlverdienten Ferien und in hoffentlich ruhige und besinnliche Weihnachtstage begleiten soll.<br \/>\nUnsere Sch\u00fclerinnen und Sch\u00fcler sind wie immer bereits flei\u00dfig am Proben und freuen sich gemeinsam mit der Fachschaft Musik auf Ihr\/Euer Kommen.<\/p>\n<p>Herzliche Gr\u00fc\u00dfe von der Fachschaft Musik im Namen aller Mitwirkenden.<\/p>\n","protected":false},"excerpt":{"rendered":"<p>Liebe Schulfamilie, in diesem Schuljahr wollen wir das Kalenderjahr einmal etwas anders ausklingen lassen als mit unserem \u00fcblichen Weihnachtskonzert. Deswegen laden wir Sie\/Euch alle am Donnerstag, 18. Dezember um 19 Uhr in der Stadtkirche herzlich zu einem sch\u00f6nen Abend mit Musik, Geschichten und Gedichten ein, der uns alle in die wohlverdienten Ferien und in hoffentlich&hellip;<\/p>\n","protected":false},"author":11,"featured_media":40212,"comment_status":"closed","ping_status":"closed","sticky":false,"template":"","format":"standard","meta":{"footnotes":""},"categories":[1],"tags":[44],"_links":{"self":[{"href":"https:\/\/www.rwg-bayreuth.de\/home\/index.php?rest_route=\/wp\/v2\/posts\/40209"}],"collection":[{"href":"https:\/\/www.rwg-bayreuth.de\/home\/index.php?rest_route=\/wp\/v2\/posts"}],"about":[{"href":"https:\/\/www.rwg-bayreuth.de\/home\/index.php?rest_route=\/wp\/v2\/types\/post"}],"author":[{"embeddable":true,"href":"https:\/\/www.rwg-bayreuth.de\/home\/index.php?rest_route=\/wp\/v2\/users\/11"}],"replies":[{"embeddable":true,"href":"https:\/\/www.rwg-bayreuth.de\/home\/index.php?rest_route=%2Fwp%2Fv2%2Fcomments&post=40209"}],"version-history":[{"count":6,"href":"https:\/\/www.rwg-bayreuth.de\/home\/index.php?rest_route=\/wp\/v2\/posts\/40209\/revisions"}],"predecessor-version":[{"id":40231,"href":"https:\/\/www.rwg-bayreuth.de\/home\/index.php?rest_route=\/wp\/v2\/posts\/40209\/revisions\/40231"}],"wp:featuredmedia":[{"embeddable":true,"href":"https:\/\/www.rwg-bayreuth.de\/home\/index.php?rest_route=\/wp\/v2\/media\/40212"}],"wp:attachment":[{"href":"https:\/\/www.rwg-bayreuth.de\/home\/index.php?rest_route=%2Fwp%2Fv2%2Fmedia&parent=40209"}],"wp:term":[{"taxonomy":"category","embeddable":true,"href":"https:\/\/www.rwg-bayreuth.de\/home\/index.php?rest_route=%2Fwp%2Fv2%2Fcategories&post=40209"},{"taxonomy":"post_tag","embeddable":true,"href":"https:\/\/www.rwg-bayreuth.de\/home\/index.php?rest_route=%2Fwp%2Fv2%2Ftags&post=40209"}],"curies":[{"name":"wp","href":"https:\/\/api.w.org\/{rel}","templated":true}]}}