{"id":40148,"date":"2025-10-25T05:28:39","date_gmt":"2025-10-25T03:28:39","guid":{"rendered":"https:\/\/www.rwg-bayreuth.de\/home\/?p=40148"},"modified":"2025-12-20T19:27:58","modified_gmt":"2025-12-20T18:27:58","slug":"deutsche-literaturgeschichte-kompakt-in-weimar","status":"publish","type":"post","link":"https:\/\/www.rwg-bayreuth.de\/home\/?p=40148","title":{"rendered":"Deutsche Literatur(geschichte) kompakt in Weimar"},"content":{"rendered":"<p><!-- Track\n\n--><a href=\"https:\/\/www.rwg-bayreuth.de\/home\/wp-content\/uploads\/2025\/11\/25-26-Weimarfahrt-Goethes-und-Schillers-Zusammenarbeit.jpg\"><img loading=\"lazy\" decoding=\"async\" src=\"https:\/\/www.rwg-bayreuth.de\/home\/wp-content\/uploads\/2025\/11\/25-26-Weimarfahrt-Goethes-und-Schillers-Zusammenarbeit.jpg\" alt=\"\" width=\"1024\" height=\"768\" class=\"aligncenter size-full wp-image-40149 crop219\" style=\"object-position: 50% 88%;\" srcset=\"https:\/\/www.rwg-bayreuth.de\/home\/wp-content\/uploads\/2025\/11\/25-26-Weimarfahrt-Goethes-und-Schillers-Zusammenarbeit.jpg 1024w, https:\/\/www.rwg-bayreuth.de\/home\/wp-content\/uploads\/2025\/11\/25-26-Weimarfahrt-Goethes-und-Schillers-Zusammenarbeit-150x113.jpg 150w, https:\/\/www.rwg-bayreuth.de\/home\/wp-content\/uploads\/2025\/11\/25-26-Weimarfahrt-Goethes-und-Schillers-Zusammenarbeit-450x338.jpg 450w, https:\/\/www.rwg-bayreuth.de\/home\/wp-content\/uploads\/2025\/11\/25-26-Weimarfahrt-Goethes-und-Schillers-Zusammenarbeit-768x576.jpg 768w, https:\/\/www.rwg-bayreuth.de\/home\/wp-content\/uploads\/2025\/11\/25-26-Weimarfahrt-Goethes-und-Schillers-Zusammenarbeit-250x188.jpg 250w\" sizes=\"(max-width: 1024px) 100vw, 1024px\" \/><\/a><\/p>\n<p>Traditionell ging es auch im aktuellen Schuljahr Ende Oktober f\u00fcr alle Sch\u00fcler\/-innen mitsamt den Kursleiterinnen der Q12 in die Stadt an der Ilm: Das th\u00fcringische Weimar ist dabei eng mit den Literaten Herder und Wieland und insbesondere Goethe und Schiller verbunden, die als \u201aklassische\u2018 Autoren die gleichnamige literarische Epoche ma\u00dfgeblich durch ihre Schaffenszeit (inkl. ihrer Werke) gepr\u00e4gt haben.<\/p>\n<p>Vor Ort angekommen erkundeten die RWGler\/-innen in Kleingruppen die historische Altstadt, in der an fast jeder Ecke (Literatur)geschichte zum (Be-)Greifen nahe scheint: Von Goethes pr\u00e4chtigen Wohnhaus am Frauenplan, \u00fcber das imposante Goethe- und Schillerdenkmal vor dem Nationaltheater, bis hin zum kleineren und daher unscheinbareren Wohnhaus Schillers oder aber der Anna-Amalia-Bibliothek, die den Besucher einen faszinierenden Einblick \u00fcber die gro\u00dfartigen Buchbest\u00e4nde erleben l\u00e4sst\u2026<\/p>\n<div class=\"su-image-carousel  clear su-image-carousel-columns-3 su-image-carousel-has-spacing su-image-carousel-crop su-image-carousel-crop-4-3 su-image-carousel-has-lightbox su-image-carousel-has-outline su-image-carousel-slides-style-minimal su-image-carousel-controls-style-light su-image-carousel-align-none\" style=\"\" data-flickity-options='{\"groupCells\":true,\"cellSelector\":\".su-image-carousel-item\",\"adaptiveHeight\":false,\"cellAlign\":\"left\",\"prevNextButtons\":true,\"pageDots\":false,\"autoPlay\":4000,\"imagesLoaded\":true,\"contain\":true,\"selectedAttraction\":0.025000000000000001,\"friction\":0.28000000000000003}' id=\"su_image_carousel_69f1a1a2471ca\"><div class=\"su-image-carousel-item\"><div class=\"su-image-carousel-item-content\"><a href=\"https:\/\/www.rwg-bayreuth.de\/home\/wp-content\/uploads\/2025\/11\/25-26-Weimarfahrt-Nationaltheater.jpg\" data-caption=\"\"><img loading=\"lazy\" decoding=\"async\" width=\"1024\" height=\"1365\" src=\"https:\/\/www.rwg-bayreuth.de\/home\/wp-content\/uploads\/2025\/11\/25-26-Weimarfahrt-Nationaltheater.jpg\" class=\"\" alt=\"\" srcset=\"https:\/\/www.rwg-bayreuth.de\/home\/wp-content\/uploads\/2025\/11\/25-26-Weimarfahrt-Nationaltheater.jpg 1024w, https:\/\/www.rwg-bayreuth.de\/home\/wp-content\/uploads\/2025\/11\/25-26-Weimarfahrt-Nationaltheater-113x150.jpg 113w, https:\/\/www.rwg-bayreuth.de\/home\/wp-content\/uploads\/2025\/11\/25-26-Weimarfahrt-Nationaltheater-338x450.jpg 338w, https:\/\/www.rwg-bayreuth.de\/home\/wp-content\/uploads\/2025\/11\/25-26-Weimarfahrt-Nationaltheater-768x1024.jpg 768w, https:\/\/www.rwg-bayreuth.de\/home\/wp-content\/uploads\/2025\/11\/25-26-Weimarfahrt-Nationaltheater-250x333.jpg 250w\" sizes=\"(max-width: 1024px) 100vw, 1024px\" \/><\/a><\/div><\/div><div class=\"su-image-carousel-item\"><div class=\"su-image-carousel-item-content\"><a href=\"https:\/\/www.rwg-bayreuth.de\/home\/wp-content\/uploads\/2025\/11\/25-26-Weimarfahrt-Nationaltheater2.jpg\" data-caption=\"\"><img loading=\"lazy\" decoding=\"async\" width=\"1024\" height=\"1365\" src=\"https:\/\/www.rwg-bayreuth.de\/home\/wp-content\/uploads\/2025\/11\/25-26-Weimarfahrt-Nationaltheater2.jpg\" class=\"\" alt=\"\" srcset=\"https:\/\/www.rwg-bayreuth.de\/home\/wp-content\/uploads\/2025\/11\/25-26-Weimarfahrt-Nationaltheater2.jpg 1024w, https:\/\/www.rwg-bayreuth.de\/home\/wp-content\/uploads\/2025\/11\/25-26-Weimarfahrt-Nationaltheater2-113x150.jpg 113w, https:\/\/www.rwg-bayreuth.de\/home\/wp-content\/uploads\/2025\/11\/25-26-Weimarfahrt-Nationaltheater2-338x450.jpg 338w, https:\/\/www.rwg-bayreuth.de\/home\/wp-content\/uploads\/2025\/11\/25-26-Weimarfahrt-Nationaltheater2-768x1024.jpg 768w, https:\/\/www.rwg-bayreuth.de\/home\/wp-content\/uploads\/2025\/11\/25-26-Weimarfahrt-Nationaltheater2-250x333.jpg 250w\" sizes=\"(max-width: 1024px) 100vw, 1024px\" \/><\/a><\/div><\/div><div class=\"su-image-carousel-item\"><div class=\"su-image-carousel-item-content\"><a href=\"https:\/\/www.rwg-bayreuth.de\/home\/wp-content\/uploads\/2025\/11\/25-26-Weimarfahrt-Gingko.jpg\" data-caption=\"\"><img loading=\"lazy\" decoding=\"async\" width=\"1024\" height=\"1365\" src=\"https:\/\/www.rwg-bayreuth.de\/home\/wp-content\/uploads\/2025\/11\/25-26-Weimarfahrt-Gingko.jpg\" class=\"\" alt=\"\" srcset=\"https:\/\/www.rwg-bayreuth.de\/home\/wp-content\/uploads\/2025\/11\/25-26-Weimarfahrt-Gingko.jpg 1024w, https:\/\/www.rwg-bayreuth.de\/home\/wp-content\/uploads\/2025\/11\/25-26-Weimarfahrt-Gingko-113x150.jpg 113w, https:\/\/www.rwg-bayreuth.de\/home\/wp-content\/uploads\/2025\/11\/25-26-Weimarfahrt-Gingko-338x450.jpg 338w, https:\/\/www.rwg-bayreuth.de\/home\/wp-content\/uploads\/2025\/11\/25-26-Weimarfahrt-Gingko-768x1024.jpg 768w, https:\/\/www.rwg-bayreuth.de\/home\/wp-content\/uploads\/2025\/11\/25-26-Weimarfahrt-Gingko-250x333.jpg 250w\" sizes=\"(max-width: 1024px) 100vw, 1024px\" \/><\/a><\/div><\/div><div class=\"su-image-carousel-item\"><div class=\"su-image-carousel-item-content\"><a href=\"https:\/\/www.rwg-bayreuth.de\/home\/wp-content\/uploads\/2025\/11\/25-26-Weimarfahrt-am-Frauenplan.jpg\" data-caption=\"\"><img loading=\"lazy\" decoding=\"async\" width=\"1024\" height=\"768\" src=\"https:\/\/www.rwg-bayreuth.de\/home\/wp-content\/uploads\/2025\/11\/25-26-Weimarfahrt-am-Frauenplan.jpg\" class=\"\" alt=\"\" srcset=\"https:\/\/www.rwg-bayreuth.de\/home\/wp-content\/uploads\/2025\/11\/25-26-Weimarfahrt-am-Frauenplan.jpg 1024w, https:\/\/www.rwg-bayreuth.de\/home\/wp-content\/uploads\/2025\/11\/25-26-Weimarfahrt-am-Frauenplan-150x113.jpg 150w, https:\/\/www.rwg-bayreuth.de\/home\/wp-content\/uploads\/2025\/11\/25-26-Weimarfahrt-am-Frauenplan-450x338.jpg 450w, https:\/\/www.rwg-bayreuth.de\/home\/wp-content\/uploads\/2025\/11\/25-26-Weimarfahrt-am-Frauenplan-768x576.jpg 768w, https:\/\/www.rwg-bayreuth.de\/home\/wp-content\/uploads\/2025\/11\/25-26-Weimarfahrt-am-Frauenplan-250x188.jpg 250w\" sizes=\"(max-width: 1024px) 100vw, 1024px\" \/><\/a><\/div><\/div><div class=\"su-image-carousel-item\"><div class=\"su-image-carousel-item-content\"><a href=\"https:\/\/www.rwg-bayreuth.de\/home\/wp-content\/uploads\/2025\/11\/25-26-Weimarfahrt-Schillerhaus-aussen.jpg\" data-caption=\"\"><img loading=\"lazy\" decoding=\"async\" width=\"1024\" height=\"768\" src=\"https:\/\/www.rwg-bayreuth.de\/home\/wp-content\/uploads\/2025\/11\/25-26-Weimarfahrt-Schillerhaus-aussen.jpg\" class=\"\" alt=\"\" srcset=\"https:\/\/www.rwg-bayreuth.de\/home\/wp-content\/uploads\/2025\/11\/25-26-Weimarfahrt-Schillerhaus-aussen.jpg 1024w, https:\/\/www.rwg-bayreuth.de\/home\/wp-content\/uploads\/2025\/11\/25-26-Weimarfahrt-Schillerhaus-aussen-150x113.jpg 150w, https:\/\/www.rwg-bayreuth.de\/home\/wp-content\/uploads\/2025\/11\/25-26-Weimarfahrt-Schillerhaus-aussen-450x338.jpg 450w, https:\/\/www.rwg-bayreuth.de\/home\/wp-content\/uploads\/2025\/11\/25-26-Weimarfahrt-Schillerhaus-aussen-768x576.jpg 768w, https:\/\/www.rwg-bayreuth.de\/home\/wp-content\/uploads\/2025\/11\/25-26-Weimarfahrt-Schillerhaus-aussen-250x188.jpg 250w\" sizes=\"(max-width: 1024px) 100vw, 1024px\" \/><\/a><\/div><\/div><\/div><script id=\"su_image_carousel_69f1a1a2471ca_script\">if(window.SUImageCarousel){setTimeout(function() {window.SUImageCarousel.initGallery(document.getElementById(\"su_image_carousel_69f1a1a2471ca\"))}, 0);}var su_image_carousel_69f1a1a2471ca_script=document.getElementById(\"su_image_carousel_69f1a1a2471ca_script\");if(su_image_carousel_69f1a1a2471ca_script){su_image_carousel_69f1a1a2471ca_script.parentNode.removeChild(su_image_carousel_69f1a1a2471ca_script);}<\/script>\n<p>Goethes Wohnhaus konnte \u2013 ebenso wie die R\u00e4umlichkeiten Schillers \u2013 per Audioguide selbstst\u00e4ndig besichtigt werden; besonders beeindruckend waren in dem herrschaftlichen R\u00e4umen Goethes insbesondere die mannigfaltigen Farbgestaltungen der unterschiedlichen Zimmer sowie die vielen Sammlungsgegenst\u00e4nde und Kunstwerke, welche nicht zuletzt das insbesondere an antiken Vorbildern orientierte Interesse des Schriftstellers und Staatsmannes spiegeln.<br \/>\nIm Anschluss an den individuellen Rundgang besuchten die Sch\u00fcler\/-innen jeweils in Kursgr\u00f6\u00dfe eine kurzweilige F\u00fchrung im angrenzenden Goethe-Nationalmuseum: Hier erl\u00e4uterten Expertinnen jeweils \u00e4u\u00dferst fachkundig, teils augenzwinkernd, teils launig die unterschiedlichsten Ausstellungsst\u00fccke innerhalb der Ausstellung \u201eLebensfluten \u2013 Tatensturm\u201c, welche die verschiedenen Etappen bzw. Zeitumst\u00e4nde von Goethes Leben unter jeweils spezifischen Schlagworten beleuchten: Genie \u2013 Gewalt \u2013 Liebe etc. stehen hier im Zentrum der thematisch geb\u00fcndelten Ausstallungsr\u00e4ume.<\/p>\n<div class=\"su-image-carousel  clear su-image-carousel-columns-3 su-image-carousel-has-spacing su-image-carousel-crop su-image-carousel-crop-4-3 su-image-carousel-has-lightbox su-image-carousel-has-outline su-image-carousel-slides-style-minimal su-image-carousel-controls-style-light su-image-carousel-align-none\" style=\"\" data-flickity-options='{\"groupCells\":true,\"cellSelector\":\".su-image-carousel-item\",\"adaptiveHeight\":false,\"cellAlign\":\"left\",\"prevNextButtons\":true,\"pageDots\":false,\"autoPlay\":4000,\"imagesLoaded\":true,\"contain\":true,\"selectedAttraction\":0.025000000000000001,\"friction\":0.28000000000000003}' id=\"su_image_carousel_69f1a1a24777c\"><div class=\"su-image-carousel-item\"><div class=\"su-image-carousel-item-content\"><a href=\"https:\/\/www.rwg-bayreuth.de\/home\/wp-content\/uploads\/2025\/11\/25-26-Weimarfahrt-Ausstellung1.jpg\" data-caption=\"\"><img loading=\"lazy\" decoding=\"async\" width=\"1024\" height=\"768\" src=\"https:\/\/www.rwg-bayreuth.de\/home\/wp-content\/uploads\/2025\/11\/25-26-Weimarfahrt-Ausstellung1.jpg\" class=\"\" alt=\"\" srcset=\"https:\/\/www.rwg-bayreuth.de\/home\/wp-content\/uploads\/2025\/11\/25-26-Weimarfahrt-Ausstellung1.jpg 1024w, https:\/\/www.rwg-bayreuth.de\/home\/wp-content\/uploads\/2025\/11\/25-26-Weimarfahrt-Ausstellung1-150x113.jpg 150w, https:\/\/www.rwg-bayreuth.de\/home\/wp-content\/uploads\/2025\/11\/25-26-Weimarfahrt-Ausstellung1-450x338.jpg 450w, https:\/\/www.rwg-bayreuth.de\/home\/wp-content\/uploads\/2025\/11\/25-26-Weimarfahrt-Ausstellung1-768x576.jpg 768w, https:\/\/www.rwg-bayreuth.de\/home\/wp-content\/uploads\/2025\/11\/25-26-Weimarfahrt-Ausstellung1-250x188.jpg 250w\" sizes=\"(max-width: 1024px) 100vw, 1024px\" \/><\/a><\/div><\/div><div class=\"su-image-carousel-item\"><div class=\"su-image-carousel-item-content\"><a href=\"https:\/\/www.rwg-bayreuth.de\/home\/wp-content\/uploads\/2025\/11\/25-26-Weimarfahrt-Ausstellung2.jpg\" data-caption=\"\"><img loading=\"lazy\" decoding=\"async\" width=\"1024\" height=\"768\" src=\"https:\/\/www.rwg-bayreuth.de\/home\/wp-content\/uploads\/2025\/11\/25-26-Weimarfahrt-Ausstellung2.jpg\" class=\"\" alt=\"\" srcset=\"https:\/\/www.rwg-bayreuth.de\/home\/wp-content\/uploads\/2025\/11\/25-26-Weimarfahrt-Ausstellung2.jpg 1024w, https:\/\/www.rwg-bayreuth.de\/home\/wp-content\/uploads\/2025\/11\/25-26-Weimarfahrt-Ausstellung2-150x113.jpg 150w, https:\/\/www.rwg-bayreuth.de\/home\/wp-content\/uploads\/2025\/11\/25-26-Weimarfahrt-Ausstellung2-450x338.jpg 450w, https:\/\/www.rwg-bayreuth.de\/home\/wp-content\/uploads\/2025\/11\/25-26-Weimarfahrt-Ausstellung2-768x576.jpg 768w, https:\/\/www.rwg-bayreuth.de\/home\/wp-content\/uploads\/2025\/11\/25-26-Weimarfahrt-Ausstellung2-250x188.jpg 250w\" sizes=\"(max-width: 1024px) 100vw, 1024px\" \/><\/a><\/div><\/div><div class=\"su-image-carousel-item\"><div class=\"su-image-carousel-item-content\"><a href=\"https:\/\/www.rwg-bayreuth.de\/home\/wp-content\/uploads\/2025\/11\/25-26-Weimarfahrt-Ausstellung3.jpg\" data-caption=\"\"><img loading=\"lazy\" decoding=\"async\" width=\"1024\" height=\"768\" src=\"https:\/\/www.rwg-bayreuth.de\/home\/wp-content\/uploads\/2025\/11\/25-26-Weimarfahrt-Ausstellung3.jpg\" class=\"\" alt=\"\" srcset=\"https:\/\/www.rwg-bayreuth.de\/home\/wp-content\/uploads\/2025\/11\/25-26-Weimarfahrt-Ausstellung3.jpg 1024w, https:\/\/www.rwg-bayreuth.de\/home\/wp-content\/uploads\/2025\/11\/25-26-Weimarfahrt-Ausstellung3-150x113.jpg 150w, https:\/\/www.rwg-bayreuth.de\/home\/wp-content\/uploads\/2025\/11\/25-26-Weimarfahrt-Ausstellung3-450x338.jpg 450w, https:\/\/www.rwg-bayreuth.de\/home\/wp-content\/uploads\/2025\/11\/25-26-Weimarfahrt-Ausstellung3-768x576.jpg 768w, https:\/\/www.rwg-bayreuth.de\/home\/wp-content\/uploads\/2025\/11\/25-26-Weimarfahrt-Ausstellung3-250x188.jpg 250w\" sizes=\"(max-width: 1024px) 100vw, 1024px\" \/><\/a><\/div><\/div><div class=\"su-image-carousel-item\"><div class=\"su-image-carousel-item-content\"><a href=\"https:\/\/www.rwg-bayreuth.de\/home\/wp-content\/uploads\/2025\/11\/25-26-Weimarfahrt-Faust1.jpg\" data-caption=\"\"><img loading=\"lazy\" decoding=\"async\" width=\"1024\" height=\"768\" src=\"https:\/\/www.rwg-bayreuth.de\/home\/wp-content\/uploads\/2025\/11\/25-26-Weimarfahrt-Faust1.jpg\" class=\"\" alt=\"\" srcset=\"https:\/\/www.rwg-bayreuth.de\/home\/wp-content\/uploads\/2025\/11\/25-26-Weimarfahrt-Faust1.jpg 1024w, https:\/\/www.rwg-bayreuth.de\/home\/wp-content\/uploads\/2025\/11\/25-26-Weimarfahrt-Faust1-150x113.jpg 150w, https:\/\/www.rwg-bayreuth.de\/home\/wp-content\/uploads\/2025\/11\/25-26-Weimarfahrt-Faust1-450x338.jpg 450w, https:\/\/www.rwg-bayreuth.de\/home\/wp-content\/uploads\/2025\/11\/25-26-Weimarfahrt-Faust1-768x576.jpg 768w, https:\/\/www.rwg-bayreuth.de\/home\/wp-content\/uploads\/2025\/11\/25-26-Weimarfahrt-Faust1-250x188.jpg 250w\" sizes=\"(max-width: 1024px) 100vw, 1024px\" \/><\/a><\/div><\/div><div class=\"su-image-carousel-item\"><div class=\"su-image-carousel-item-content\"><a href=\"https:\/\/www.rwg-bayreuth.de\/home\/wp-content\/uploads\/2025\/11\/25-26-Weimarfahrt-Salve.jpg\" data-caption=\"\"><img loading=\"lazy\" decoding=\"async\" width=\"1024\" height=\"1365\" src=\"https:\/\/www.rwg-bayreuth.de\/home\/wp-content\/uploads\/2025\/11\/25-26-Weimarfahrt-Salve.jpg\" class=\"\" alt=\"\" srcset=\"https:\/\/www.rwg-bayreuth.de\/home\/wp-content\/uploads\/2025\/11\/25-26-Weimarfahrt-Salve.jpg 1024w, https:\/\/www.rwg-bayreuth.de\/home\/wp-content\/uploads\/2025\/11\/25-26-Weimarfahrt-Salve-113x150.jpg 113w, https:\/\/www.rwg-bayreuth.de\/home\/wp-content\/uploads\/2025\/11\/25-26-Weimarfahrt-Salve-338x450.jpg 338w, https:\/\/www.rwg-bayreuth.de\/home\/wp-content\/uploads\/2025\/11\/25-26-Weimarfahrt-Salve-768x1024.jpg 768w, https:\/\/www.rwg-bayreuth.de\/home\/wp-content\/uploads\/2025\/11\/25-26-Weimarfahrt-Salve-250x333.jpg 250w\" sizes=\"(max-width: 1024px) 100vw, 1024px\" \/><\/a><\/div><\/div><div class=\"su-image-carousel-item\"><div class=\"su-image-carousel-item-content\"><a href=\"https:\/\/www.rwg-bayreuth.de\/home\/wp-content\/uploads\/2025\/11\/25-26-Weimarfahrt-Goethehaus.jpg\" data-caption=\"\"><img loading=\"lazy\" decoding=\"async\" width=\"1024\" height=\"768\" src=\"https:\/\/www.rwg-bayreuth.de\/home\/wp-content\/uploads\/2025\/11\/25-26-Weimarfahrt-Goethehaus.jpg\" class=\"\" alt=\"\" srcset=\"https:\/\/www.rwg-bayreuth.de\/home\/wp-content\/uploads\/2025\/11\/25-26-Weimarfahrt-Goethehaus.jpg 1024w, https:\/\/www.rwg-bayreuth.de\/home\/wp-content\/uploads\/2025\/11\/25-26-Weimarfahrt-Goethehaus-150x113.jpg 150w, https:\/\/www.rwg-bayreuth.de\/home\/wp-content\/uploads\/2025\/11\/25-26-Weimarfahrt-Goethehaus-450x338.jpg 450w, https:\/\/www.rwg-bayreuth.de\/home\/wp-content\/uploads\/2025\/11\/25-26-Weimarfahrt-Goethehaus-768x576.jpg 768w, https:\/\/www.rwg-bayreuth.de\/home\/wp-content\/uploads\/2025\/11\/25-26-Weimarfahrt-Goethehaus-250x188.jpg 250w\" sizes=\"(max-width: 1024px) 100vw, 1024px\" \/><\/a><\/div><\/div><div class=\"su-image-carousel-item\"><div class=\"su-image-carousel-item-content\"><a href=\"https:\/\/www.rwg-bayreuth.de\/home\/wp-content\/uploads\/2025\/11\/25-26-Weimarfahrt-Ausblick-Goethehaus.jpg\" data-caption=\"\"><img loading=\"lazy\" decoding=\"async\" width=\"1024\" height=\"768\" src=\"https:\/\/www.rwg-bayreuth.de\/home\/wp-content\/uploads\/2025\/11\/25-26-Weimarfahrt-Ausblick-Goethehaus.jpg\" class=\"\" alt=\"\" srcset=\"https:\/\/www.rwg-bayreuth.de\/home\/wp-content\/uploads\/2025\/11\/25-26-Weimarfahrt-Ausblick-Goethehaus.jpg 1024w, https:\/\/www.rwg-bayreuth.de\/home\/wp-content\/uploads\/2025\/11\/25-26-Weimarfahrt-Ausblick-Goethehaus-150x113.jpg 150w, https:\/\/www.rwg-bayreuth.de\/home\/wp-content\/uploads\/2025\/11\/25-26-Weimarfahrt-Ausblick-Goethehaus-450x338.jpg 450w, https:\/\/www.rwg-bayreuth.de\/home\/wp-content\/uploads\/2025\/11\/25-26-Weimarfahrt-Ausblick-Goethehaus-768x576.jpg 768w, https:\/\/www.rwg-bayreuth.de\/home\/wp-content\/uploads\/2025\/11\/25-26-Weimarfahrt-Ausblick-Goethehaus-250x188.jpg 250w\" sizes=\"(max-width: 1024px) 100vw, 1024px\" \/><\/a><\/div><\/div><div class=\"su-image-carousel-item\"><div class=\"su-image-carousel-item-content\"><a href=\"https:\/\/www.rwg-bayreuth.de\/home\/wp-content\/uploads\/2025\/11\/25-26-Weimarfahrt-Ausblick-Garten.jpg\" data-caption=\"\"><img loading=\"lazy\" decoding=\"async\" width=\"1024\" height=\"768\" src=\"https:\/\/www.rwg-bayreuth.de\/home\/wp-content\/uploads\/2025\/11\/25-26-Weimarfahrt-Ausblick-Garten.jpg\" class=\"\" alt=\"\" srcset=\"https:\/\/www.rwg-bayreuth.de\/home\/wp-content\/uploads\/2025\/11\/25-26-Weimarfahrt-Ausblick-Garten.jpg 1024w, https:\/\/www.rwg-bayreuth.de\/home\/wp-content\/uploads\/2025\/11\/25-26-Weimarfahrt-Ausblick-Garten-150x113.jpg 150w, https:\/\/www.rwg-bayreuth.de\/home\/wp-content\/uploads\/2025\/11\/25-26-Weimarfahrt-Ausblick-Garten-450x338.jpg 450w, https:\/\/www.rwg-bayreuth.de\/home\/wp-content\/uploads\/2025\/11\/25-26-Weimarfahrt-Ausblick-Garten-768x576.jpg 768w, https:\/\/www.rwg-bayreuth.de\/home\/wp-content\/uploads\/2025\/11\/25-26-Weimarfahrt-Ausblick-Garten-250x188.jpg 250w\" sizes=\"(max-width: 1024px) 100vw, 1024px\" \/><\/a><\/div><\/div><\/div><script id=\"su_image_carousel_69f1a1a24777c_script\">if(window.SUImageCarousel){setTimeout(function() {window.SUImageCarousel.initGallery(document.getElementById(\"su_image_carousel_69f1a1a24777c\"))}, 0);}var su_image_carousel_69f1a1a24777c_script=document.getElementById(\"su_image_carousel_69f1a1a24777c_script\");if(su_image_carousel_69f1a1a24777c_script){su_image_carousel_69f1a1a24777c_script.parentNode.removeChild(su_image_carousel_69f1a1a24777c_script);}<\/script>\n<p>Als weitere Station war die Person Goethes auch im Schillerhaus pr\u00e4sent: Seit Mai 2025 befindet sich dort n\u00e4mlich eine \u00e4u\u00dferst sehenswerte, sehr vielschichtig und aufw\u00e4ndige angelegte Dauerausstellung rund um die \u201aFaust\u2018-Thematik \u2013 nat\u00fcrlich gab es dort f\u00fcr alle Oberstufensch\u00fcler\/-innen bereits einen ersten Eindruck zur anstehenden Dramenlekt\u00fcre! Es wurde sich also tatkr\u00e4ftig und dabei stets interessiert und aufmerksam mit den Einzelheiten des weltber\u00fchmten Werkes besch\u00e4ftigt, dessen Inhalt immerhin ganze zwei Etagen zu f\u00fcllen vermag.<\/p>\n<p>Damit schlie\u00dflich auch der zweite der beiden \u201aDichterf\u00fcrsten\u2018 geb\u00fchrend vor Ort gew\u00fcrdigt werden konnte, folgte als letzte Station auch noch eine Erkundung des ebenfalls zum Museum umgebauten Wohnhauses Schillers; auch hier war es anhand der teils noch originalen M\u00f6blierung m\u00f6glich, sich ein m\u00f6glichst authentisches Bild von der (literarischen) Schaffenszeit des zweiten wichtigen Dichters der Weimarer Klassik zu machen.<\/p>\n<p>Die wohlverdienten kurzen Pausen zwischen den einzelnen Programmpunkten konnten meist ganz individuell genutzt werden: Ob sich angesichts der relativen knappen Zeit wohl der Eine oder Andere sogar auch noch zum Gartenhaus Goethes am Rande des Ilmparkes aufgemacht hat?! Es bleibt spannend \u2013 immerhin war gleichzeitig ja auch noch eine Challenge nach dem kreativsten\/lustigsten \/ ungew\u00f6hnlichsten Selfie ausgerufen\u2026 Eine Pr\u00e4mierung erfolgt zeitnah.<\/p>\n<div class=\"su-image-carousel  clear su-image-carousel-columns-3 su-image-carousel-has-spacing su-image-carousel-crop su-image-carousel-crop-4-3 su-image-carousel-has-lightbox su-image-carousel-has-outline su-image-carousel-slides-style-minimal su-image-carousel-controls-style-light su-image-carousel-align-none\" style=\"\" data-flickity-options='{\"groupCells\":true,\"cellSelector\":\".su-image-carousel-item\",\"adaptiveHeight\":false,\"cellAlign\":\"left\",\"prevNextButtons\":true,\"pageDots\":false,\"autoPlay\":4000,\"imagesLoaded\":true,\"contain\":true,\"selectedAttraction\":0.025000000000000001,\"friction\":0.28000000000000003}' id=\"su_image_carousel_69f1a1a247b34\"><div class=\"su-image-carousel-item\"><div class=\"su-image-carousel-item-content\"><a href=\"https:\/\/www.rwg-bayreuth.de\/home\/wp-content\/uploads\/2025\/11\/25-26-Weimarfahrt-Weimar-kreativ.jpg\" data-caption=\"\"><img loading=\"lazy\" decoding=\"async\" width=\"1024\" height=\"1365\" src=\"https:\/\/www.rwg-bayreuth.de\/home\/wp-content\/uploads\/2025\/11\/25-26-Weimarfahrt-Weimar-kreativ.jpg\" class=\"\" alt=\"\" srcset=\"https:\/\/www.rwg-bayreuth.de\/home\/wp-content\/uploads\/2025\/11\/25-26-Weimarfahrt-Weimar-kreativ.jpg 1024w, https:\/\/www.rwg-bayreuth.de\/home\/wp-content\/uploads\/2025\/11\/25-26-Weimarfahrt-Weimar-kreativ-113x150.jpg 113w, https:\/\/www.rwg-bayreuth.de\/home\/wp-content\/uploads\/2025\/11\/25-26-Weimarfahrt-Weimar-kreativ-338x450.jpg 338w, https:\/\/www.rwg-bayreuth.de\/home\/wp-content\/uploads\/2025\/11\/25-26-Weimarfahrt-Weimar-kreativ-768x1024.jpg 768w, https:\/\/www.rwg-bayreuth.de\/home\/wp-content\/uploads\/2025\/11\/25-26-Weimarfahrt-Weimar-kreativ-250x333.jpg 250w\" sizes=\"(max-width: 1024px) 100vw, 1024px\" \/><\/a><\/div><\/div><div class=\"su-image-carousel-item\"><div class=\"su-image-carousel-item-content\"><a href=\"https:\/\/www.rwg-bayreuth.de\/home\/wp-content\/uploads\/2025\/11\/25-26-Weimarfahrt-Gartenhaus1.jpg\" data-caption=\"\"><img loading=\"lazy\" decoding=\"async\" width=\"1024\" height=\"768\" src=\"https:\/\/www.rwg-bayreuth.de\/home\/wp-content\/uploads\/2025\/11\/25-26-Weimarfahrt-Gartenhaus1.jpg\" class=\"\" alt=\"\" srcset=\"https:\/\/www.rwg-bayreuth.de\/home\/wp-content\/uploads\/2025\/11\/25-26-Weimarfahrt-Gartenhaus1.jpg 1024w, https:\/\/www.rwg-bayreuth.de\/home\/wp-content\/uploads\/2025\/11\/25-26-Weimarfahrt-Gartenhaus1-150x113.jpg 150w, https:\/\/www.rwg-bayreuth.de\/home\/wp-content\/uploads\/2025\/11\/25-26-Weimarfahrt-Gartenhaus1-450x338.jpg 450w, https:\/\/www.rwg-bayreuth.de\/home\/wp-content\/uploads\/2025\/11\/25-26-Weimarfahrt-Gartenhaus1-768x576.jpg 768w, https:\/\/www.rwg-bayreuth.de\/home\/wp-content\/uploads\/2025\/11\/25-26-Weimarfahrt-Gartenhaus1-250x188.jpg 250w\" sizes=\"(max-width: 1024px) 100vw, 1024px\" \/><\/a><\/div><\/div><div class=\"su-image-carousel-item\"><div class=\"su-image-carousel-item-content\"><a href=\"https:\/\/www.rwg-bayreuth.de\/home\/wp-content\/uploads\/2025\/11\/25-26-Weimarfahrt-pompejanische-Bank.jpg\" data-caption=\"\"><img loading=\"lazy\" decoding=\"async\" width=\"1024\" height=\"768\" src=\"https:\/\/www.rwg-bayreuth.de\/home\/wp-content\/uploads\/2025\/11\/25-26-Weimarfahrt-pompejanische-Bank.jpg\" class=\"\" alt=\"\" srcset=\"https:\/\/www.rwg-bayreuth.de\/home\/wp-content\/uploads\/2025\/11\/25-26-Weimarfahrt-pompejanische-Bank.jpg 1024w, https:\/\/www.rwg-bayreuth.de\/home\/wp-content\/uploads\/2025\/11\/25-26-Weimarfahrt-pompejanische-Bank-150x113.jpg 150w, https:\/\/www.rwg-bayreuth.de\/home\/wp-content\/uploads\/2025\/11\/25-26-Weimarfahrt-pompejanische-Bank-450x338.jpg 450w, https:\/\/www.rwg-bayreuth.de\/home\/wp-content\/uploads\/2025\/11\/25-26-Weimarfahrt-pompejanische-Bank-768x576.jpg 768w, https:\/\/www.rwg-bayreuth.de\/home\/wp-content\/uploads\/2025\/11\/25-26-Weimarfahrt-pompejanische-Bank-250x188.jpg 250w\" sizes=\"(max-width: 1024px) 100vw, 1024px\" \/><\/a><\/div><\/div><div class=\"su-image-carousel-item\"><div class=\"su-image-carousel-item-content\"><a href=\"https:\/\/www.rwg-bayreuth.de\/home\/wp-content\/uploads\/2025\/11\/25-26-Weimarfahrt-Schiller-Museum.jpg\" data-caption=\"\"><img loading=\"lazy\" decoding=\"async\" width=\"1024\" height=\"768\" src=\"https:\/\/www.rwg-bayreuth.de\/home\/wp-content\/uploads\/2025\/11\/25-26-Weimarfahrt-Schiller-Museum.jpg\" class=\"\" alt=\"\" srcset=\"https:\/\/www.rwg-bayreuth.de\/home\/wp-content\/uploads\/2025\/11\/25-26-Weimarfahrt-Schiller-Museum.jpg 1024w, https:\/\/www.rwg-bayreuth.de\/home\/wp-content\/uploads\/2025\/11\/25-26-Weimarfahrt-Schiller-Museum-150x113.jpg 150w, https:\/\/www.rwg-bayreuth.de\/home\/wp-content\/uploads\/2025\/11\/25-26-Weimarfahrt-Schiller-Museum-450x338.jpg 450w, https:\/\/www.rwg-bayreuth.de\/home\/wp-content\/uploads\/2025\/11\/25-26-Weimarfahrt-Schiller-Museum-768x576.jpg 768w, https:\/\/www.rwg-bayreuth.de\/home\/wp-content\/uploads\/2025\/11\/25-26-Weimarfahrt-Schiller-Museum-250x188.jpg 250w\" sizes=\"(max-width: 1024px) 100vw, 1024px\" \/><\/a><\/div><\/div><\/div><script id=\"su_image_carousel_69f1a1a247b34_script\">if(window.SUImageCarousel){setTimeout(function() {window.SUImageCarousel.initGallery(document.getElementById(\"su_image_carousel_69f1a1a247b34\"))}, 0);}var su_image_carousel_69f1a1a247b34_script=document.getElementById(\"su_image_carousel_69f1a1a247b34_script\");if(su_image_carousel_69f1a1a247b34_script){su_image_carousel_69f1a1a247b34_script.parentNode.removeChild(su_image_carousel_69f1a1a247b34_script);}<\/script>\n<p>Liebe Q12, ihr wart super! Vielen Dank f\u00fcr euren gro\u00dfartigen Einsatz und eure unerm\u00fcdliche Ausdauer an unserem gemeinsamen Exkursionstag!<\/p>\n<p><em>Die Kursleiterinnen der Q12<\/em><\/p>\n","protected":false},"excerpt":{"rendered":"<p>Traditionell ging es auch im aktuellen Schuljahr Ende Oktober f\u00fcr alle Sch\u00fcler\/-innen mitsamt den Kursleiterinnen der Q12 in die Stadt an der Ilm: Das th\u00fcringische Weimar ist dabei eng mit den Literaten Herder und Wieland und insbesondere Goethe und Schiller verbunden, die als \u201aklassische\u2018 Autoren die gleichnamige literarische Epoche ma\u00dfgeblich durch ihre Schaffenszeit (inkl. ihrer&hellip;<\/p>\n","protected":false},"author":11,"featured_media":40174,"comment_status":"closed","ping_status":"closed","sticky":false,"template":"","format":"standard","meta":{"footnotes":""},"categories":[1],"tags":[59,51],"_links":{"self":[{"href":"https:\/\/www.rwg-bayreuth.de\/home\/index.php?rest_route=\/wp\/v2\/posts\/40148"}],"collection":[{"href":"https:\/\/www.rwg-bayreuth.de\/home\/index.php?rest_route=\/wp\/v2\/posts"}],"about":[{"href":"https:\/\/www.rwg-bayreuth.de\/home\/index.php?rest_route=\/wp\/v2\/types\/post"}],"author":[{"embeddable":true,"href":"https:\/\/www.rwg-bayreuth.de\/home\/index.php?rest_route=\/wp\/v2\/users\/11"}],"replies":[{"embeddable":true,"href":"https:\/\/www.rwg-bayreuth.de\/home\/index.php?rest_route=%2Fwp%2Fv2%2Fcomments&post=40148"}],"version-history":[{"count":10,"href":"https:\/\/www.rwg-bayreuth.de\/home\/index.php?rest_route=\/wp\/v2\/posts\/40148\/revisions"}],"predecessor-version":[{"id":40425,"href":"https:\/\/www.rwg-bayreuth.de\/home\/index.php?rest_route=\/wp\/v2\/posts\/40148\/revisions\/40425"}],"wp:featuredmedia":[{"embeddable":true,"href":"https:\/\/www.rwg-bayreuth.de\/home\/index.php?rest_route=\/wp\/v2\/media\/40174"}],"wp:attachment":[{"href":"https:\/\/www.rwg-bayreuth.de\/home\/index.php?rest_route=%2Fwp%2Fv2%2Fmedia&parent=40148"}],"wp:term":[{"taxonomy":"category","embeddable":true,"href":"https:\/\/www.rwg-bayreuth.de\/home\/index.php?rest_route=%2Fwp%2Fv2%2Fcategories&post=40148"},{"taxonomy":"post_tag","embeddable":true,"href":"https:\/\/www.rwg-bayreuth.de\/home\/index.php?rest_route=%2Fwp%2Fv2%2Ftags&post=40148"}],"curies":[{"name":"wp","href":"https:\/\/api.w.org\/{rel}","templated":true}]}}