{"id":40112,"date":"2025-11-30T21:51:09","date_gmt":"2025-11-30T20:51:09","guid":{"rendered":"https:\/\/www.rwg-bayreuth.de\/home\/?p=40112"},"modified":"2026-01-04T11:24:19","modified_gmt":"2026-01-04T10:24:19","slug":"calendario-dellavvento","status":"publish","type":"post","link":"https:\/\/www.rwg-bayreuth.de\/home\/?p=40112","title":{"rendered":"calendario dell&#8217;avvento"},"content":{"rendered":"<p><!--[su_expand more_text=\"Text vollst\u00e4ndig anzeigen\" less_text=\"weniger anzeigen\" height=\"127\" hide_less=\"no\" text_color=\"#1a1a1a\" link_color=\"#2b2b2b\" link_style=\"dashed\" more_icon=\"icon: angle-right\" less_icon=\"icon: angle-up\" class=\"\"]\n\n<strong>Liebe Schulgemeinschaft, liebe Sch\u00fcler, liebe Eltern, \nCari amici, <\/strong>\n\nNatale si sta avvicinando. Weihnachten r\u00fcckt mit gro\u00dfen Schritten n\u00e4her. \n\nUm euch\/ Ihnen die Adventszeit etwas zu verk\u00fcrzen, hat das Studienseminar und die Fachschaft Italienisch einen kleinen digitalen Adventskalender (calendario dell`avvento) zusammengestellt. \nGenie\u00dfen Sie die kleinen \u201epillole italiane\u201c und frischen Sie zugleich Ihre Italienisch- Kenntnisse auf. \n\nBuon divertimento! Viel Spa\u00df! \n\nW\u00fcnscht die Fachschaft Italienisch am RWG \n\n<em>Katrin Klamt <\/em> \n\n[\/su_expand]\n\n--><\/p>\n<p><!-- \n\nKalender mit den sich \u00f6ffnenden T\u00fcrchen \n\n\n\n<a href=\"https:\/\/www.rwg-bayreuth.de\/home\/wp-content\/uploads\/2025\/11\/Adventskalender_Tuerchen1.pdf\">Adventskalender_T\u00fcrchen1<\/a>\n\n<a href=\"https:\/\/www.rwg-bayreuth.de\/home\/wp-content\/uploads\/2025\/11\/Adventskalender_Tuerchen2.pdf\">Adventskalender_T\u00fcrchen2<\/a>\n\n<a href=\"https:\/\/www.rwg-bayreuth.de\/home\/wp-content\/uploads\/2025\/11\/Adventskalender_Tuerchen3.pdf\">Adventskalender_T\u00fcrchen3<\/a>\n\n<a href=\"https:\/\/www.rwg-bayreuth.de\/home\/wp-content\/uploads\/2025\/11\/Adventskalender_Tuerchen4.pdf\">Adventskalender_T\u00fcrchen4<\/a>\n\n<a href=\"https:\/\/www.rwg-bayreuth.de\/home\/wp-content\/uploads\/2025\/11\/Adventskalender_Tuerchen5.pdf\">Adventskalender_T\u00fcrchen5<\/a>\n\n<a href=\"https:\/\/www.rwg-bayreuth.de\/home\/wp-content\/uploads\/2025\/11\/Adventskalender_Tuerchen6.pdf\">Adventskalender_T\u00fcrchen6<\/a>\n\n<a href=\"https:\/\/www.rwg-bayreuth.de\/home\/wp-content\/uploads\/2025\/11\/Adventskalender_Tuerchen7.pdf\">Adventskalender_T\u00fcrchen7<\/a>\n\n<a href=\"https:\/\/www.rwg-bayreuth.de\/home\/wp-content\/uploads\/2025\/11\/Adventskalender_Tuerchen8.pdf\">Adventskalender_T\u00fcrchen8<\/a>\n\n<a href=\"https:\/\/www.rwg-bayreuth.de\/home\/wp-content\/uploads\/2025\/11\/Adventskalender_Tuerchen9.pdf\">Adventskalender_T\u00fcrchen9<\/a>\n\n<a href=\"https:\/\/www.rwg-bayreuth.de\/home\/wp-content\/uploads\/2025\/11\/Adventskalender_Tuerchen10.pdf\">Adventskalender_T\u00fcrchen10<\/a>\n\n<a href=\"https:\/\/www.rwg-bayreuth.de\/home\/wp-content\/uploads\/2025\/11\/Adventskalender_Tuerchen11.pdf\">Adventskalender_T\u00fcrchen11<\/a>\n\n<a href=\"https:\/\/www.rwg-bayreuth.de\/home\/wp-content\/uploads\/2025\/11\/Adventskalender_Tuerchen12.pdf\">Adventskalender_T\u00fcrchen12<\/a>\n\n<a href=\"https:\/\/www.rwg-bayreuth.de\/home\/wp-content\/uploads\/2025\/11\/Adventskalender_Tuerchen13.pdf\">Adventskalender_T\u00fcrchen13<\/a>\n\n<a href=\"https:\/\/www.rwg-bayreuth.de\/home\/wp-content\/uploads\/2025\/11\/Adventskalender_Tuerchen14.pdf\">Adventskalender_T\u00fcrchen14<\/a>\n\n<a href=\"https:\/\/www.rwg-bayreuth.de\/home\/wp-content\/uploads\/2025\/11\/Adventskalender_Tuerchen15.pdf\">Adventskalender_T\u00fcrchen15<\/a>\n\n<a href=\"https:\/\/www.rwg-bayreuth.de\/home\/wp-content\/uploads\/2025\/11\/Adventskalender_Tuerchen16.pdf\">Adventskalender_T\u00fcrchen16<\/a>\n\n<a href=\"https:\/\/www.rwg-bayreuth.de\/home\/wp-content\/uploads\/2025\/11\/Adventskalender_Tuerchen17.pdf\">Adventskalender_T\u00fcrchen17<\/a>\n\n<a href=\"https:\/\/www.rwg-bayreuth.de\/home\/wp-content\/uploads\/2025\/11\/Adventskalender_Tuerchen18.pdf\">Adventskalender_T\u00fcrchen18<\/a>\n\n<a href=\"https:\/\/www.rwg-bayreuth.de\/home\/wp-content\/uploads\/2025\/11\/Adventskalender_Tuerchen19.pdf\">Adventskalender_T\u00fcrchen19<\/a>\n\n<a href=\"https:\/\/www.rwg-bayreuth.de\/home\/wp-content\/uploads\/2025\/11\/Adventskalender_Tuerchen20.pdf\">Adventskalender_T\u00fcrchen20<\/a>\n\n<a href=\"https:\/\/www.rwg-bayreuth.de\/home\/wp-content\/uploads\/2025\/11\/Adventskalender_Tuerchen22.pdf\">Adventskalender_T\u00fcrchen22<\/a>\n\n<a href=\"https:\/\/www.rwg-bayreuth.de\/home\/wp-content\/uploads\/2025\/11\/Adventskalender-Tuerchen21.pdf\">Adventskalender-T\u00fcrchen21<\/a>\n\n<a href=\"https:\/\/www.rwg-bayreuth.de\/home\/wp-content\/uploads\/2025\/11\/Adventskalender-Tuerchen23.pdf\">Adventskalender-T\u00fcrchen23<\/a>\n\n<a href=\"https:\/\/www.rwg-bayreuth.de\/home\/wp-content\/uploads\/2025\/11\/Adventskalender-Tuerchen24.pdf\">Adventskalender-T\u00fcrchen24<\/a>\n\n\n\n\n\n\n\n\n--><\/p>\n<div style=\"width: 24%; margin: 0px; padding: 0px; display: inline-block; \">\n\n<a \nhref=\"https:\/\/www.rwg-bayreuth.de\/home\/wp-content\/uploads\/2025\/11\/Adventskalender_Tuerchen1.pdf\"\n><img loading=\"lazy\" decoding=\"async\" src=\"https:\/\/www.rwg-bayreuth.de\/home\/wp-content\/uploads\/2021\/12\/ItalienischAdventskalender2021-1.jpg\" alt=\"\" width=\"600\" height=\"600\" class=\"alignnone size-full wp-image-29907\" srcset=\"https:\/\/www.rwg-bayreuth.de\/home\/wp-content\/uploads\/2021\/12\/ItalienischAdventskalender2021-1.jpg 600w, https:\/\/www.rwg-bayreuth.de\/home\/wp-content\/uploads\/2021\/12\/ItalienischAdventskalender2021-1-450x450.jpg 450w, https:\/\/www.rwg-bayreuth.de\/home\/wp-content\/uploads\/2021\/12\/ItalienischAdventskalender2021-1-150x150.jpg 150w, https:\/\/www.rwg-bayreuth.de\/home\/wp-content\/uploads\/2021\/12\/ItalienischAdventskalender2021-1-250x250.jpg 250w\" sizes=\"(max-width: 600px) 100vw, 600px\" \/><\/a>\n\n<\/div>\n<div style=\"width: 24%; margin: 0px; padding: 0px; display: inline-block\">\n\n<a \n\nhref=\"https:\/\/www.rwg-bayreuth.de\/home\/wp-content\/uploads\/2025\/11\/Adventskalender_Tuerchen2.pdf\"\n\n><img loading=\"lazy\" decoding=\"async\" src=\"https:\/\/www.rwg-bayreuth.de\/home\/wp-content\/uploads\/2021\/12\/ItalienischAdventskalender2021-2.jpg\" alt=\"\" width=\"600\" height=\"600\" class=\"alignnone size-full wp-image-29908\" srcset=\"https:\/\/www.rwg-bayreuth.de\/home\/wp-content\/uploads\/2021\/12\/ItalienischAdventskalender2021-2.jpg 600w, https:\/\/www.rwg-bayreuth.de\/home\/wp-content\/uploads\/2021\/12\/ItalienischAdventskalender2021-2-450x450.jpg 450w, https:\/\/www.rwg-bayreuth.de\/home\/wp-content\/uploads\/2021\/12\/ItalienischAdventskalender2021-2-150x150.jpg 150w, https:\/\/www.rwg-bayreuth.de\/home\/wp-content\/uploads\/2021\/12\/ItalienischAdventskalender2021-2-250x250.jpg 250w\" sizes=\"(max-width: 600px) 100vw, 600px\" \/><\/a>\n\n<\/div>\n<div style=\"width: 24%; margin: 0px; padding: 0px; display: inline-block\">\n\n<a \n\nhref=\"https:\/\/www.rwg-bayreuth.de\/home\/wp-content\/uploads\/2025\/11\/Adventskalender_Tuerchen3.pdf\"\n\n><img loading=\"lazy\" decoding=\"async\" src=\"https:\/\/www.rwg-bayreuth.de\/home\/wp-content\/uploads\/2021\/12\/ItalienischAdventskalender2021-3.jpg\" alt=\"\" width=\"600\" height=\"600\" class=\"alignnone size-full wp-image-29909\" srcset=\"https:\/\/www.rwg-bayreuth.de\/home\/wp-content\/uploads\/2021\/12\/ItalienischAdventskalender2021-3.jpg 600w, https:\/\/www.rwg-bayreuth.de\/home\/wp-content\/uploads\/2021\/12\/ItalienischAdventskalender2021-3-450x450.jpg 450w, https:\/\/www.rwg-bayreuth.de\/home\/wp-content\/uploads\/2021\/12\/ItalienischAdventskalender2021-3-150x150.jpg 150w, https:\/\/www.rwg-bayreuth.de\/home\/wp-content\/uploads\/2021\/12\/ItalienischAdventskalender2021-3-250x250.jpg 250w\" sizes=\"(max-width: 600px) 100vw, 600px\" \/><\/a>\n\n<\/div>\n<div style=\"width: 24%; margin: 0px; padding: 0px; display: inline-block\">\n\n<a \n\nhref=\"https:\/\/www.rwg-bayreuth.de\/home\/wp-content\/uploads\/2025\/11\/Adventskalender_Tuerchen4.pdf\"\n\n><img loading=\"lazy\" decoding=\"async\" src=\"https:\/\/www.rwg-bayreuth.de\/home\/wp-content\/uploads\/2021\/12\/ItalienischAdventskalender2021-4.jpg\" alt=\"\" width=\"600\" height=\"600\" class=\"alignnone size-full wp-image-29910\" srcset=\"https:\/\/www.rwg-bayreuth.de\/home\/wp-content\/uploads\/2021\/12\/ItalienischAdventskalender2021-4.jpg 600w, https:\/\/www.rwg-bayreuth.de\/home\/wp-content\/uploads\/2021\/12\/ItalienischAdventskalender2021-4-450x450.jpg 450w, https:\/\/www.rwg-bayreuth.de\/home\/wp-content\/uploads\/2021\/12\/ItalienischAdventskalender2021-4-150x150.jpg 150w, https:\/\/www.rwg-bayreuth.de\/home\/wp-content\/uploads\/2021\/12\/ItalienischAdventskalender2021-4-250x250.jpg 250w\" sizes=\"(max-width: 600px) 100vw, 600px\" \/><\/a>\n\n<\/div>\n<div style=\"width: 24%; margin: 0px; padding: 0px; display: inline-block\">\n\n<a \n\nhref=\"https:\/\/www.rwg-bayreuth.de\/home\/wp-content\/uploads\/2025\/11\/Adventskalender_Tuerchen5.pdf\"\n\n><img loading=\"lazy\" decoding=\"async\" src=\"https:\/\/www.rwg-bayreuth.de\/home\/wp-content\/uploads\/2021\/12\/ItalienischAdventskalender2021-5.jpg\" alt=\"\" width=\"600\" height=\"600\" class=\"alignnone size-full wp-image-29911\" srcset=\"https:\/\/www.rwg-bayreuth.de\/home\/wp-content\/uploads\/2021\/12\/ItalienischAdventskalender2021-5.jpg 600w, https:\/\/www.rwg-bayreuth.de\/home\/wp-content\/uploads\/2021\/12\/ItalienischAdventskalender2021-5-450x450.jpg 450w, https:\/\/www.rwg-bayreuth.de\/home\/wp-content\/uploads\/2021\/12\/ItalienischAdventskalender2021-5-150x150.jpg 150w, https:\/\/www.rwg-bayreuth.de\/home\/wp-content\/uploads\/2021\/12\/ItalienischAdventskalender2021-5-250x250.jpg 250w\" sizes=\"(max-width: 600px) 100vw, 600px\" \/><\/a>\n\n<\/div>\n<div style=\"width: 24%; margin: 0px; padding: 0px; display: inline-block;\">\n\n<a \n\nhref=\"https:\/\/www.rwg-bayreuth.de\/home\/wp-content\/uploads\/2025\/11\/Adventskalender_Tuerchen6.pdf\"\n\n><img loading=\"lazy\" decoding=\"async\" src=\"https:\/\/www.rwg-bayreuth.de\/home\/wp-content\/uploads\/2021\/12\/ItalienischAdventskalender2021-6.jpg\" alt=\"\" width=\"600\" height=\"600\" class=\"alignnone size-full wp-image-29912\" srcset=\"https:\/\/www.rwg-bayreuth.de\/home\/wp-content\/uploads\/2021\/12\/ItalienischAdventskalender2021-6.jpg 600w, https:\/\/www.rwg-bayreuth.de\/home\/wp-content\/uploads\/2021\/12\/ItalienischAdventskalender2021-6-450x450.jpg 450w, https:\/\/www.rwg-bayreuth.de\/home\/wp-content\/uploads\/2021\/12\/ItalienischAdventskalender2021-6-150x150.jpg 150w, https:\/\/www.rwg-bayreuth.de\/home\/wp-content\/uploads\/2021\/12\/ItalienischAdventskalender2021-6-250x250.jpg 250w\" sizes=\"(max-width: 600px) 100vw, 600px\" \/><\/a>\n\n<\/div>\n<div style=\"width: 24%; margin: 0px; padding: 0px; display: inline-block\">\n\n<a \n\nhref=\"https:\/\/www.rwg-bayreuth.de\/home\/wp-content\/uploads\/2025\/11\/Adventskalender_Tuerchen7.pdf\"\n\n><img loading=\"lazy\" decoding=\"async\" src=\"https:\/\/www.rwg-bayreuth.de\/home\/wp-content\/uploads\/2021\/12\/ItalienischAdventskalender2021-7.jpg\" alt=\"\" width=\"600\" height=\"600\" class=\"alignnone size-full wp-image-29913\" srcset=\"https:\/\/www.rwg-bayreuth.de\/home\/wp-content\/uploads\/2021\/12\/ItalienischAdventskalender2021-7.jpg 600w, https:\/\/www.rwg-bayreuth.de\/home\/wp-content\/uploads\/2021\/12\/ItalienischAdventskalender2021-7-450x450.jpg 450w, https:\/\/www.rwg-bayreuth.de\/home\/wp-content\/uploads\/2021\/12\/ItalienischAdventskalender2021-7-150x150.jpg 150w, https:\/\/www.rwg-bayreuth.de\/home\/wp-content\/uploads\/2021\/12\/ItalienischAdventskalender2021-7-250x250.jpg 250w\" sizes=\"(max-width: 600px) 100vw, 600px\" \/><\/a>\n\n<\/div>\n<div style=\"width: 24%; margin: 0px; padding: 0px; display: inline-block\">\n\n<a \n\nhref=\"https:\/\/www.rwg-bayreuth.de\/home\/wp-content\/uploads\/2025\/11\/Adventskalender_Tuerchen8.pdf\"\n\n><img loading=\"lazy\" decoding=\"async\" src=\"https:\/\/www.rwg-bayreuth.de\/home\/wp-content\/uploads\/2021\/12\/ItalienischAdventskalender2021-8.jpg\" alt=\"\" width=\"600\" height=\"600\" class=\"alignnone size-full wp-image-29914\" srcset=\"https:\/\/www.rwg-bayreuth.de\/home\/wp-content\/uploads\/2021\/12\/ItalienischAdventskalender2021-8.jpg 600w, https:\/\/www.rwg-bayreuth.de\/home\/wp-content\/uploads\/2021\/12\/ItalienischAdventskalender2021-8-450x450.jpg 450w, https:\/\/www.rwg-bayreuth.de\/home\/wp-content\/uploads\/2021\/12\/ItalienischAdventskalender2021-8-150x150.jpg 150w, https:\/\/www.rwg-bayreuth.de\/home\/wp-content\/uploads\/2021\/12\/ItalienischAdventskalender2021-8-250x250.jpg 250w\" sizes=\"(max-width: 600px) 100vw, 600px\" \/><\/a>\n\n<\/div>\n<div style=\"width: 24%; margin: 0px; padding: 0px; display: inline-block\">\n\n<a \n\nhref=\"https:\/\/www.rwg-bayreuth.de\/home\/wp-content\/uploads\/2025\/11\/Adventskalender_Tuerchen9.pdf\"\n\n><img loading=\"lazy\" decoding=\"async\" src=\"https:\/\/www.rwg-bayreuth.de\/home\/wp-content\/uploads\/2021\/12\/ItalienischAdventskalender2021-9.jpg\" alt=\"\" width=\"600\" height=\"600\" class=\"alignnone size-full wp-image-29915\" srcset=\"https:\/\/www.rwg-bayreuth.de\/home\/wp-content\/uploads\/2021\/12\/ItalienischAdventskalender2021-9.jpg 600w, https:\/\/www.rwg-bayreuth.de\/home\/wp-content\/uploads\/2021\/12\/ItalienischAdventskalender2021-9-450x450.jpg 450w, https:\/\/www.rwg-bayreuth.de\/home\/wp-content\/uploads\/2021\/12\/ItalienischAdventskalender2021-9-150x150.jpg 150w, https:\/\/www.rwg-bayreuth.de\/home\/wp-content\/uploads\/2021\/12\/ItalienischAdventskalender2021-9-250x250.jpg 250w\" sizes=\"(max-width: 600px) 100vw, 600px\" \/><\/a>\n\n<\/div>\n<div style=\"width: 24%; margin: 0px; padding: 0px; display: inline-block\">\n\n<a \n\nhref=\"https:\/\/www.rwg-bayreuth.de\/home\/wp-content\/uploads\/2025\/11\/Adventskalender_Tuerchen10.pdf\"\n\n><img loading=\"lazy\" decoding=\"async\" src=\"https:\/\/www.rwg-bayreuth.de\/home\/wp-content\/uploads\/2021\/12\/ItalienischAdventskalender2021-10.jpg\" alt=\"\" width=\"600\" height=\"600\" class=\"alignnone size-full wp-image-29916\" srcset=\"https:\/\/www.rwg-bayreuth.de\/home\/wp-content\/uploads\/2021\/12\/ItalienischAdventskalender2021-10.jpg 600w, https:\/\/www.rwg-bayreuth.de\/home\/wp-content\/uploads\/2021\/12\/ItalienischAdventskalender2021-10-450x450.jpg 450w, https:\/\/www.rwg-bayreuth.de\/home\/wp-content\/uploads\/2021\/12\/ItalienischAdventskalender2021-10-150x150.jpg 150w, https:\/\/www.rwg-bayreuth.de\/home\/wp-content\/uploads\/2021\/12\/ItalienischAdventskalender2021-10-250x250.jpg 250w\" sizes=\"(max-width: 600px) 100vw, 600px\" \/><\/a>\n\n<\/div>\n<div style=\"width: 24%; margin: 0px; padding: 0px; display: inline-block\">\n\n<a \n\nhref=\"https:\/\/www.rwg-bayreuth.de\/home\/wp-content\/uploads\/2025\/11\/Adventskalender_Tuerchen11.pdf\"\n\n><img loading=\"lazy\" decoding=\"async\" src=\"https:\/\/www.rwg-bayreuth.de\/home\/wp-content\/uploads\/2021\/12\/ItalienischAdventskalender2021-11.jpg\" alt=\"\" width=\"600\" height=\"600\" class=\"alignnone size-full wp-image-29917\" srcset=\"https:\/\/www.rwg-bayreuth.de\/home\/wp-content\/uploads\/2021\/12\/ItalienischAdventskalender2021-11.jpg 600w, https:\/\/www.rwg-bayreuth.de\/home\/wp-content\/uploads\/2021\/12\/ItalienischAdventskalender2021-11-450x450.jpg 450w, https:\/\/www.rwg-bayreuth.de\/home\/wp-content\/uploads\/2021\/12\/ItalienischAdventskalender2021-11-150x150.jpg 150w, https:\/\/www.rwg-bayreuth.de\/home\/wp-content\/uploads\/2021\/12\/ItalienischAdventskalender2021-11-250x250.jpg 250w\" sizes=\"(max-width: 600px) 100vw, 600px\" \/><\/a>\n\n<\/div>\n<div style=\"width: 24%; margin: 0px; padding: 0px; display: inline-block\">\n\n<a \n\nhref=\"https:\/\/www.rwg-bayreuth.de\/home\/wp-content\/uploads\/2025\/11\/Adventskalender_Tuerchen12.pdf\"\n\n><img loading=\"lazy\" decoding=\"async\" src=\"https:\/\/www.rwg-bayreuth.de\/home\/wp-content\/uploads\/2021\/12\/ItalienischAdventskalender2021-12.jpg\" alt=\"\" width=\"600\" height=\"600\" class=\"alignnone size-full wp-image-29947\" srcset=\"https:\/\/www.rwg-bayreuth.de\/home\/wp-content\/uploads\/2021\/12\/ItalienischAdventskalender2021-12.jpg 600w, https:\/\/www.rwg-bayreuth.de\/home\/wp-content\/uploads\/2021\/12\/ItalienischAdventskalender2021-12-450x450.jpg 450w, https:\/\/www.rwg-bayreuth.de\/home\/wp-content\/uploads\/2021\/12\/ItalienischAdventskalender2021-12-150x150.jpg 150w, https:\/\/www.rwg-bayreuth.de\/home\/wp-content\/uploads\/2021\/12\/ItalienischAdventskalender2021-12-250x250.jpg 250w\" sizes=\"(max-width: 600px) 100vw, 600px\" \/><\/a>\n\n<\/div>\n<div style=\"width: 24%; margin: 0px; padding: 0px; display: inline-block\">\n\n<a \n\nhref=\"https:\/\/www.rwg-bayreuth.de\/home\/wp-content\/uploads\/2025\/11\/Adventskalender_Tuerchen13.pdf\"\n\n><img loading=\"lazy\" decoding=\"async\" src=\"https:\/\/www.rwg-bayreuth.de\/home\/wp-content\/uploads\/2021\/12\/ItalienischAdventskalender2021-13.jpg\" alt=\"\" width=\"600\" height=\"600\" class=\"alignnone size-full wp-image-29935\" srcset=\"https:\/\/www.rwg-bayreuth.de\/home\/wp-content\/uploads\/2021\/12\/ItalienischAdventskalender2021-13.jpg 600w, https:\/\/www.rwg-bayreuth.de\/home\/wp-content\/uploads\/2021\/12\/ItalienischAdventskalender2021-13-450x450.jpg 450w, https:\/\/www.rwg-bayreuth.de\/home\/wp-content\/uploads\/2021\/12\/ItalienischAdventskalender2021-13-150x150.jpg 150w, https:\/\/www.rwg-bayreuth.de\/home\/wp-content\/uploads\/2021\/12\/ItalienischAdventskalender2021-13-250x250.jpg 250w\" sizes=\"(max-width: 600px) 100vw, 600px\" \/><\/a>\n\n<\/div>\n<div style=\"width: 24%; margin: 0px; padding: 0px; display: inline-block\">\n\n<a \n\nhref=\"https:\/\/www.rwg-bayreuth.de\/home\/wp-content\/uploads\/2025\/11\/Adventskalender_Tuerchen14.pdf\"\n\n><img loading=\"lazy\" decoding=\"async\" src=\"https:\/\/www.rwg-bayreuth.de\/home\/wp-content\/uploads\/2021\/12\/ItalienischAdventskalender2021-14.jpg\" alt=\"\" width=\"600\" height=\"600\" class=\"alignnone size-full wp-image-29936\" srcset=\"https:\/\/www.rwg-bayreuth.de\/home\/wp-content\/uploads\/2021\/12\/ItalienischAdventskalender2021-14.jpg 600w, https:\/\/www.rwg-bayreuth.de\/home\/wp-content\/uploads\/2021\/12\/ItalienischAdventskalender2021-14-450x450.jpg 450w, https:\/\/www.rwg-bayreuth.de\/home\/wp-content\/uploads\/2021\/12\/ItalienischAdventskalender2021-14-150x150.jpg 150w, https:\/\/www.rwg-bayreuth.de\/home\/wp-content\/uploads\/2021\/12\/ItalienischAdventskalender2021-14-250x250.jpg 250w\" sizes=\"(max-width: 600px) 100vw, 600px\" \/><\/a>\n\n<\/div>\n<div style=\"width: 24%; margin: 0px; padding: 0px; display: inline-block\">\n\n<a \n\nhref=\"https:\/\/www.rwg-bayreuth.de\/home\/wp-content\/uploads\/2025\/11\/Adventskalender_Tuerchen15.pdf\"\n\n><img loading=\"lazy\" decoding=\"async\" src=\"https:\/\/www.rwg-bayreuth.de\/home\/wp-content\/uploads\/2021\/12\/ItalienischAdventskalender2021-15.jpg\" alt=\"\" width=\"600\" height=\"600\" class=\"size-full wp-image-29937\" srcset=\"https:\/\/www.rwg-bayreuth.de\/home\/wp-content\/uploads\/2021\/12\/ItalienischAdventskalender2021-15.jpg 600w, https:\/\/www.rwg-bayreuth.de\/home\/wp-content\/uploads\/2021\/12\/ItalienischAdventskalender2021-15-450x450.jpg 450w, https:\/\/www.rwg-bayreuth.de\/home\/wp-content\/uploads\/2021\/12\/ItalienischAdventskalender2021-15-150x150.jpg 150w, https:\/\/www.rwg-bayreuth.de\/home\/wp-content\/uploads\/2021\/12\/ItalienischAdventskalender2021-15-250x250.jpg 250w\" sizes=\"(max-width: 600px) 100vw, 600px\" \/><\/a>\n\n<\/div>\n<div style=\"width: 24%; margin: 0px; padding: 0px; display: inline-block\">\n\n<a \n\nhref=\"https:\/\/www.rwg-bayreuth.de\/home\/wp-content\/uploads\/2025\/11\/Adventskalender_Tuerchen16.pdf\"\n\n><img loading=\"lazy\" decoding=\"async\" src=\"https:\/\/www.rwg-bayreuth.de\/home\/wp-content\/uploads\/2021\/12\/ItalienischAdventskalender2021-16.jpg\" alt=\"\" width=\"600\" height=\"600\" class=\"size-full wp-image-29938\" srcset=\"https:\/\/www.rwg-bayreuth.de\/home\/wp-content\/uploads\/2021\/12\/ItalienischAdventskalender2021-16.jpg 600w, https:\/\/www.rwg-bayreuth.de\/home\/wp-content\/uploads\/2021\/12\/ItalienischAdventskalender2021-16-450x450.jpg 450w, https:\/\/www.rwg-bayreuth.de\/home\/wp-content\/uploads\/2021\/12\/ItalienischAdventskalender2021-16-150x150.jpg 150w, https:\/\/www.rwg-bayreuth.de\/home\/wp-content\/uploads\/2021\/12\/ItalienischAdventskalender2021-16-250x250.jpg 250w\" sizes=\"(max-width: 600px) 100vw, 600px\" \/><\/a>\n\n<\/div>\n<div style=\"width: 24%; margin: 0px; padding: 0px; display: inline-block\">\n\n<a \n\nhref=\"https:\/\/www.rwg-bayreuth.de\/home\/wp-content\/uploads\/2025\/11\/Adventskalender_Tuerchen17.pdf\"\n\n><img loading=\"lazy\" decoding=\"async\" src=\"https:\/\/www.rwg-bayreuth.de\/home\/wp-content\/uploads\/2021\/12\/ItalienischAdventskalender2021-17.jpg\" alt=\"\" width=\"600\" height=\"600\" class=\"size-full wp-image-29939\" srcset=\"https:\/\/www.rwg-bayreuth.de\/home\/wp-content\/uploads\/2021\/12\/ItalienischAdventskalender2021-17.jpg 600w, https:\/\/www.rwg-bayreuth.de\/home\/wp-content\/uploads\/2021\/12\/ItalienischAdventskalender2021-17-450x450.jpg 450w, https:\/\/www.rwg-bayreuth.de\/home\/wp-content\/uploads\/2021\/12\/ItalienischAdventskalender2021-17-150x150.jpg 150w, https:\/\/www.rwg-bayreuth.de\/home\/wp-content\/uploads\/2021\/12\/ItalienischAdventskalender2021-17-250x250.jpg 250w\" sizes=\"(max-width: 600px) 100vw, 600px\" \/><\/a>\n\n<\/div>\n<div style=\"width: 24%; margin: 0px; padding: 0px; display: inline-block\">\n\n<a \n\nhref=\"https:\/\/www.rwg-bayreuth.de\/home\/wp-content\/uploads\/2025\/11\/Adventskalender_Tuerchen18.pdf\"\n\n><img loading=\"lazy\" decoding=\"async\" src=\"https:\/\/www.rwg-bayreuth.de\/home\/wp-content\/uploads\/2021\/12\/ItalienischAdventskalender2021-18.jpg\" alt=\"\" width=\"600\" height=\"600\" class=\"size-full wp-image-29940\" srcset=\"https:\/\/www.rwg-bayreuth.de\/home\/wp-content\/uploads\/2021\/12\/ItalienischAdventskalender2021-18.jpg 600w, https:\/\/www.rwg-bayreuth.de\/home\/wp-content\/uploads\/2021\/12\/ItalienischAdventskalender2021-18-450x450.jpg 450w, https:\/\/www.rwg-bayreuth.de\/home\/wp-content\/uploads\/2021\/12\/ItalienischAdventskalender2021-18-150x150.jpg 150w, https:\/\/www.rwg-bayreuth.de\/home\/wp-content\/uploads\/2021\/12\/ItalienischAdventskalender2021-18-250x250.jpg 250w\" sizes=\"(max-width: 600px) 100vw, 600px\" \/><\/a>\n\n<\/div>\n<div style=\"width: 24%; margin: 0px; padding: 0px; display: inline-block\">\n\n<a \n\nhref=\"https:\/\/www.rwg-bayreuth.de\/home\/wp-content\/uploads\/2025\/11\/Adventskalender_Tuerchen19.pdf\"\n\n><img loading=\"lazy\" decoding=\"async\" src=\"https:\/\/www.rwg-bayreuth.de\/home\/wp-content\/uploads\/2021\/12\/ItalienischAdventskalender2021-19.jpg\" alt=\"\" width=\"600\" height=\"600\" class=\"alignnone size-full wp-image-29941\" srcset=\"https:\/\/www.rwg-bayreuth.de\/home\/wp-content\/uploads\/2021\/12\/ItalienischAdventskalender2021-19.jpg 600w, https:\/\/www.rwg-bayreuth.de\/home\/wp-content\/uploads\/2021\/12\/ItalienischAdventskalender2021-19-450x450.jpg 450w, https:\/\/www.rwg-bayreuth.de\/home\/wp-content\/uploads\/2021\/12\/ItalienischAdventskalender2021-19-150x150.jpg 150w, https:\/\/www.rwg-bayreuth.de\/home\/wp-content\/uploads\/2021\/12\/ItalienischAdventskalender2021-19-250x250.jpg 250w\" sizes=\"(max-width: 600px) 100vw, 600px\" \/><\/a>\n\n<\/div>\n<div style=\"width: 24%; margin: 0px; padding: 0px; display: inline-block\">\n\n<a \n\nhref=\"https:\/\/www.rwg-bayreuth.de\/home\/wp-content\/uploads\/2025\/11\/Adventskalender_Tuerchen20.pdf\"\n\n><img loading=\"lazy\" decoding=\"async\" src=\"https:\/\/www.rwg-bayreuth.de\/home\/wp-content\/uploads\/2021\/12\/ItalienischAdventskalender2021-20.jpg\" alt=\"\" width=\"600\" height=\"600\" class=\"size-full wp-image-29942\" srcset=\"https:\/\/www.rwg-bayreuth.de\/home\/wp-content\/uploads\/2021\/12\/ItalienischAdventskalender2021-20.jpg 600w, https:\/\/www.rwg-bayreuth.de\/home\/wp-content\/uploads\/2021\/12\/ItalienischAdventskalender2021-20-450x450.jpg 450w, https:\/\/www.rwg-bayreuth.de\/home\/wp-content\/uploads\/2021\/12\/ItalienischAdventskalender2021-20-150x150.jpg 150w, https:\/\/www.rwg-bayreuth.de\/home\/wp-content\/uploads\/2021\/12\/ItalienischAdventskalender2021-20-250x250.jpg 250w\" sizes=\"(max-width: 600px) 100vw, 600px\" \/><\/a>\n\n<\/div>\n<div style=\"width: 24%; margin: 0px; padding: 0px; display: inline-block\">\n\n<a \n\nhref=\"https:\/\/www.rwg-bayreuth.de\/home\/wp-content\/uploads\/2025\/11\/Adventskalender-Tuerchen21.pdf\"\n\n><img loading=\"lazy\" decoding=\"async\" src=\"https:\/\/www.rwg-bayreuth.de\/home\/wp-content\/uploads\/2021\/12\/ItalienischAdventskalender2021-21.jpg\" alt=\"\" width=\"600\" height=\"600\" class=\"size-full wp-image-29943\" srcset=\"https:\/\/www.rwg-bayreuth.de\/home\/wp-content\/uploads\/2021\/12\/ItalienischAdventskalender2021-21.jpg 600w, https:\/\/www.rwg-bayreuth.de\/home\/wp-content\/uploads\/2021\/12\/ItalienischAdventskalender2021-21-450x450.jpg 450w, https:\/\/www.rwg-bayreuth.de\/home\/wp-content\/uploads\/2021\/12\/ItalienischAdventskalender2021-21-150x150.jpg 150w, https:\/\/www.rwg-bayreuth.de\/home\/wp-content\/uploads\/2021\/12\/ItalienischAdventskalender2021-21-250x250.jpg 250w\" sizes=\"(max-width: 600px) 100vw, 600px\" \/><\/a>\n\n<\/div>\n<div style=\"width: 24%; margin: 0px; padding: 0px; display: inline-block\">\n\n<a \n\nhref=\"https:\/\/www.rwg-bayreuth.de\/home\/wp-content\/uploads\/2025\/11\/Adventskalender_Tuerchen22.pdf\"\n\n><img loading=\"lazy\" decoding=\"async\" src=\"https:\/\/www.rwg-bayreuth.de\/home\/wp-content\/uploads\/2021\/12\/ItalienischAdventskalender2021-22.jpg\" alt=\"\" width=\"600\" height=\"600\" class=\"size-full wp-image-29944\" srcset=\"https:\/\/www.rwg-bayreuth.de\/home\/wp-content\/uploads\/2021\/12\/ItalienischAdventskalender2021-22.jpg 600w, https:\/\/www.rwg-bayreuth.de\/home\/wp-content\/uploads\/2021\/12\/ItalienischAdventskalender2021-22-450x450.jpg 450w, https:\/\/www.rwg-bayreuth.de\/home\/wp-content\/uploads\/2021\/12\/ItalienischAdventskalender2021-22-150x150.jpg 150w, https:\/\/www.rwg-bayreuth.de\/home\/wp-content\/uploads\/2021\/12\/ItalienischAdventskalender2021-22-250x250.jpg 250w\" sizes=\"(max-width: 600px) 100vw, 600px\" \/><\/a>\n\n<\/div>\n<div style=\"width: 24%; margin: 0px; padding: 0px; display: inline-block\">\n\n<a \n\nhref=\"https:\/\/www.rwg-bayreuth.de\/home\/wp-content\/uploads\/2025\/11\/Adventskalender-Tuerchen23.pdf\"\n\n><img loading=\"lazy\" decoding=\"async\" src=\"https:\/\/www.rwg-bayreuth.de\/home\/wp-content\/uploads\/2021\/12\/ItalienischAdventskalender2021-23.jpg\" alt=\"\" width=\"600\" height=\"600\" class=\"size-full wp-image-29945\" srcset=\"https:\/\/www.rwg-bayreuth.de\/home\/wp-content\/uploads\/2021\/12\/ItalienischAdventskalender2021-23.jpg 600w, https:\/\/www.rwg-bayreuth.de\/home\/wp-content\/uploads\/2021\/12\/ItalienischAdventskalender2021-23-450x450.jpg 450w, https:\/\/www.rwg-bayreuth.de\/home\/wp-content\/uploads\/2021\/12\/ItalienischAdventskalender2021-23-150x150.jpg 150w, https:\/\/www.rwg-bayreuth.de\/home\/wp-content\/uploads\/2021\/12\/ItalienischAdventskalender2021-23-250x250.jpg 250w\" sizes=\"(max-width: 600px) 100vw, 600px\" \/><\/a>\n\n<\/div>\n<div style=\"width: 24%; margin: 0px; padding: 0px; display: inline-block\">\n\n<a \n\nhref=\"https:\/\/www.rwg-bayreuth.de\/home\/wp-content\/uploads\/2025\/11\/Adventskalender-Tuerchen24.pdf\"\n\n><img loading=\"lazy\" decoding=\"async\" src=\"https:\/\/www.rwg-bayreuth.de\/home\/wp-content\/uploads\/2021\/12\/ItalienischAdventskalender2021-24.jpg\" alt=\"\" width=\"600\" height=\"600\" class=\"size-full wp-image-29946\" srcset=\"https:\/\/www.rwg-bayreuth.de\/home\/wp-content\/uploads\/2021\/12\/ItalienischAdventskalender2021-24.jpg 600w, https:\/\/www.rwg-bayreuth.de\/home\/wp-content\/uploads\/2021\/12\/ItalienischAdventskalender2021-24-450x450.jpg 450w, https:\/\/www.rwg-bayreuth.de\/home\/wp-content\/uploads\/2021\/12\/ItalienischAdventskalender2021-24-150x150.jpg 150w, https:\/\/www.rwg-bayreuth.de\/home\/wp-content\/uploads\/2021\/12\/ItalienischAdventskalender2021-24-250x250.jpg 250w\" sizes=\"(max-width: 600px) 100vw, 600px\" \/><\/a>\n\n<\/div>\n","protected":false},"excerpt":{"rendered":"<p>Ein Adventskalender nicht nur f\u00fcr &#8222;Italiener&#8220;!<\/p>\n","protected":false},"author":11,"featured_media":29979,"comment_status":"closed","ping_status":"closed","sticky":false,"template":"","format":"standard","meta":{"footnotes":""},"categories":[1],"tags":[51,69],"_links":{"self":[{"href":"https:\/\/www.rwg-bayreuth.de\/home\/index.php?rest_route=\/wp\/v2\/posts\/40112"}],"collection":[{"href":"https:\/\/www.rwg-bayreuth.de\/home\/index.php?rest_route=\/wp\/v2\/posts"}],"about":[{"href":"https:\/\/www.rwg-bayreuth.de\/home\/index.php?rest_route=\/wp\/v2\/types\/post"}],"author":[{"embeddable":true,"href":"https:\/\/www.rwg-bayreuth.de\/home\/index.php?rest_route=\/wp\/v2\/users\/11"}],"replies":[{"embeddable":true,"href":"https:\/\/www.rwg-bayreuth.de\/home\/index.php?rest_route=%2Fwp%2Fv2%2Fcomments&post=40112"}],"version-history":[{"count":27,"href":"https:\/\/www.rwg-bayreuth.de\/home\/index.php?rest_route=\/wp\/v2\/posts\/40112\/revisions"}],"predecessor-version":[{"id":40513,"href":"https:\/\/www.rwg-bayreuth.de\/home\/index.php?rest_route=\/wp\/v2\/posts\/40112\/revisions\/40513"}],"wp:featuredmedia":[{"embeddable":true,"href":"https:\/\/www.rwg-bayreuth.de\/home\/index.php?rest_route=\/wp\/v2\/media\/29979"}],"wp:attachment":[{"href":"https:\/\/www.rwg-bayreuth.de\/home\/index.php?rest_route=%2Fwp%2Fv2%2Fmedia&parent=40112"}],"wp:term":[{"taxonomy":"category","embeddable":true,"href":"https:\/\/www.rwg-bayreuth.de\/home\/index.php?rest_route=%2Fwp%2Fv2%2Fcategories&post=40112"},{"taxonomy":"post_tag","embeddable":true,"href":"https:\/\/www.rwg-bayreuth.de\/home\/index.php?rest_route=%2Fwp%2Fv2%2Ftags&post=40112"}],"curies":[{"name":"wp","href":"https:\/\/api.w.org\/{rel}","templated":true}]}}