{"id":40088,"date":"2025-11-02T05:15:05","date_gmt":"2025-11-02T04:15:05","guid":{"rendered":"https:\/\/www.rwg-bayreuth.de\/home\/?p=40088"},"modified":"2025-12-05T19:21:59","modified_gmt":"2025-12-05T18:21:59","slug":"bundeswehrjugendoffizier-dhany-sahm-zu-gast-am-rwg-ueber-zeitenwende-und-friedenstuechtigkeit","status":"publish","type":"post","link":"https:\/\/www.rwg-bayreuth.de\/home\/?p=40088","title":{"rendered":"Bundeswehrjugendoffizier Dhany Sahm zu Gast am RWG \u2013 \u00fcber \u201eZeitenwende\u201c und \u201eFriedenst\u00fcchtigkeit\u201c"},"content":{"rendered":"<p><!-- Koch\n\n--><a href=\"https:\/\/www.rwg-bayreuth.de\/home\/wp-content\/uploads\/2025\/11\/25-26-PuG-Jugendoffizier-B.jpg\"><img loading=\"lazy\" decoding=\"async\" src=\"https:\/\/www.rwg-bayreuth.de\/home\/wp-content\/uploads\/2025\/11\/25-26-PuG-Jugendoffizier-B.jpg\" alt=\"\" width=\"1807\" height=\"1205\" class=\"aligncenter size-full wp-image-40089 crop219bottom\" srcset=\"https:\/\/www.rwg-bayreuth.de\/home\/wp-content\/uploads\/2025\/11\/25-26-PuG-Jugendoffizier-B.jpg 1807w, https:\/\/www.rwg-bayreuth.de\/home\/wp-content\/uploads\/2025\/11\/25-26-PuG-Jugendoffizier-B-1536x1024.jpg 1536w, https:\/\/www.rwg-bayreuth.de\/home\/wp-content\/uploads\/2025\/11\/25-26-PuG-Jugendoffizier-B-150x100.jpg 150w, https:\/\/www.rwg-bayreuth.de\/home\/wp-content\/uploads\/2025\/11\/25-26-PuG-Jugendoffizier-B-450x300.jpg 450w, https:\/\/www.rwg-bayreuth.de\/home\/wp-content\/uploads\/2025\/11\/25-26-PuG-Jugendoffizier-B-768x512.jpg 768w, https:\/\/www.rwg-bayreuth.de\/home\/wp-content\/uploads\/2025\/11\/25-26-PuG-Jugendoffizier-B-1024x683.jpg 1024w, https:\/\/www.rwg-bayreuth.de\/home\/wp-content\/uploads\/2025\/11\/25-26-PuG-Jugendoffizier-B-250x167.jpg 250w, https:\/\/www.rwg-bayreuth.de\/home\/wp-content\/uploads\/2025\/11\/25-26-PuG-Jugendoffizier-B-900x600.jpg 900w\" sizes=\"(max-width: 1807px) 100vw, 1807px\" \/><\/a><\/p>\n<p>Am 31. Oktober 2025 besuchte Jugendoffizier Dhany Sahm, offizieller Referent f\u00fcr politische Bildung der Bundeswehr, das Leistungsfach \u201ePolitik und Gesellschaft\u201c der 12. Klasse des Richard-Wagner-Gymnasiums. In seinem Vortrag mit dem Titel \u201eZeitenwende\u201c und \u201eFriedenst\u00fcchtigkeit\u201c beleuchtete er die Rolle der Bundeswehr im Kontext der internationalen Bedrohungen des 21. Jahrhunderts.<\/p>\n<div class=\"su-image-carousel  clear su-image-carousel-has-spacing su-image-carousel-crop su-image-carousel-crop-3-4 su-image-carousel-has-lightbox su-image-carousel-has-outline su-image-carousel-slides-style-minimal su-image-carousel-controls-style-light su-image-carousel-align-right\" style=\"max-width:36%\" data-flickity-options='{\"groupCells\":true,\"cellSelector\":\".su-image-carousel-item\",\"adaptiveHeight\":false,\"cellAlign\":\"left\",\"prevNextButtons\":true,\"pageDots\":false,\"autoPlay\":4000,\"imagesLoaded\":true,\"contain\":true,\"selectedAttraction\":0.025000000000000001,\"friction\":0.28000000000000003}' id=\"su_image_carousel_69f1bb41efdb6\"><div class=\"su-image-carousel-item\"><div class=\"su-image-carousel-item-content\"><a href=\"https:\/\/www.rwg-bayreuth.de\/home\/wp-content\/uploads\/2025\/11\/25-26-PuG-Jugendoffizier-1.jpg\" data-caption=\"\"><img loading=\"lazy\" decoding=\"async\" width=\"1080\" height=\"1440\" src=\"https:\/\/www.rwg-bayreuth.de\/home\/wp-content\/uploads\/2025\/11\/25-26-PuG-Jugendoffizier-1.jpg\" class=\"\" alt=\"\" srcset=\"https:\/\/www.rwg-bayreuth.de\/home\/wp-content\/uploads\/2025\/11\/25-26-PuG-Jugendoffizier-1.jpg 1080w, https:\/\/www.rwg-bayreuth.de\/home\/wp-content\/uploads\/2025\/11\/25-26-PuG-Jugendoffizier-1-113x150.jpg 113w, https:\/\/www.rwg-bayreuth.de\/home\/wp-content\/uploads\/2025\/11\/25-26-PuG-Jugendoffizier-1-338x450.jpg 338w, https:\/\/www.rwg-bayreuth.de\/home\/wp-content\/uploads\/2025\/11\/25-26-PuG-Jugendoffizier-1-768x1024.jpg 768w, https:\/\/www.rwg-bayreuth.de\/home\/wp-content\/uploads\/2025\/11\/25-26-PuG-Jugendoffizier-1-250x333.jpg 250w\" sizes=\"(max-width: 1080px) 100vw, 1080px\" \/><\/a><\/div><\/div><div class=\"su-image-carousel-item\"><div class=\"su-image-carousel-item-content\"><a href=\"https:\/\/www.rwg-bayreuth.de\/home\/wp-content\/uploads\/2025\/11\/25-26-PuG-Jugendoffizier-3.jpg\" data-caption=\"\"><img loading=\"lazy\" decoding=\"async\" width=\"1355\" height=\"1807\" src=\"https:\/\/www.rwg-bayreuth.de\/home\/wp-content\/uploads\/2025\/11\/25-26-PuG-Jugendoffizier-3.jpg\" class=\"\" alt=\"\" srcset=\"https:\/\/www.rwg-bayreuth.de\/home\/wp-content\/uploads\/2025\/11\/25-26-PuG-Jugendoffizier-3.jpg 1355w, https:\/\/www.rwg-bayreuth.de\/home\/wp-content\/uploads\/2025\/11\/25-26-PuG-Jugendoffizier-3-1152x1536.jpg 1152w, https:\/\/www.rwg-bayreuth.de\/home\/wp-content\/uploads\/2025\/11\/25-26-PuG-Jugendoffizier-3-112x150.jpg 112w, https:\/\/www.rwg-bayreuth.de\/home\/wp-content\/uploads\/2025\/11\/25-26-PuG-Jugendoffizier-3-337x450.jpg 337w, https:\/\/www.rwg-bayreuth.de\/home\/wp-content\/uploads\/2025\/11\/25-26-PuG-Jugendoffizier-3-768x1024.jpg 768w, https:\/\/www.rwg-bayreuth.de\/home\/wp-content\/uploads\/2025\/11\/25-26-PuG-Jugendoffizier-3-250x333.jpg 250w\" sizes=\"(max-width: 1355px) 100vw, 1355px\" \/><\/a><\/div><\/div><\/div><script id=\"su_image_carousel_69f1bb41efdb6_script\">if(window.SUImageCarousel){setTimeout(function() {window.SUImageCarousel.initGallery(document.getElementById(\"su_image_carousel_69f1bb41efdb6\"))}, 0);}var su_image_carousel_69f1bb41efdb6_script=document.getElementById(\"su_image_carousel_69f1bb41efdb6_script\");if(su_image_carousel_69f1bb41efdb6_script){su_image_carousel_69f1bb41efdb6_script.parentNode.removeChild(su_image_carousel_69f1bb41efdb6_script);}<\/script>\n<p>Sahm sprach \u00fcber die sicherheitspolitischen Ver\u00e4nderungen seit 2022 und die daraus resultierende zunehmende Bedrohung f\u00fcr Deutschland und seine B\u00fcndnispartner. Er erkl\u00e4rte, dass Verteidigung als \u201eglaubhafte Abschreckung\u201c verstanden werden m\u00fcsse \u2013 nicht als Widerspruch, sondern als Teil der Friedenssicherung. Ebenso ging er auf Formen der hybriden Kriegsf\u00fchrung ein, bei der milit\u00e4rische, digitale und gesellschaftliche Angriffe ineinandergreifen.<\/p>\n<p>Die Sch\u00fclerinnen und Sch\u00fcler nutzten die Gelegenheit, Fragen zur Wehrpflicht, zu biografischen Erfahrungen des Offiziers und zur Verankerung der Wehrpflicht im Grundgesetz zu stellen. Sahm beantwortete diese offen und betonte die Bedeutung einer informierten und reflektierten gesellschaftlichen Diskussion \u00fcber sicherheitspolitische Verantwortung.<\/p>\n","protected":false},"excerpt":{"rendered":"<p>Am 31. Oktober 2025 besuchte Jugendoffizier Dhany Sahm, offizieller Referent f\u00fcr politische Bildung der Bundeswehr, das Leistungsfach \u201ePolitik und Gesellschaft\u201c der 12. Klasse des Richard-Wagner-Gymnasiums. In seinem Vortrag mit dem Titel \u201eZeitenwende\u201c und \u201eFriedenst\u00fcchtigkeit\u201c beleuchtete er die Rolle der Bundeswehr im Kontext der internationalen Bedrohungen des 21. Jahrhunderts. Sahm sprach \u00fcber die sicherheitspolitischen Ver\u00e4nderungen seit&hellip;<\/p>\n","protected":false},"author":11,"featured_media":40089,"comment_status":"closed","ping_status":"closed","sticky":false,"template":"","format":"standard","meta":{"footnotes":""},"categories":[1],"tags":[51,52],"_links":{"self":[{"href":"https:\/\/www.rwg-bayreuth.de\/home\/index.php?rest_route=\/wp\/v2\/posts\/40088"}],"collection":[{"href":"https:\/\/www.rwg-bayreuth.de\/home\/index.php?rest_route=\/wp\/v2\/posts"}],"about":[{"href":"https:\/\/www.rwg-bayreuth.de\/home\/index.php?rest_route=\/wp\/v2\/types\/post"}],"author":[{"embeddable":true,"href":"https:\/\/www.rwg-bayreuth.de\/home\/index.php?rest_route=\/wp\/v2\/users\/11"}],"replies":[{"embeddable":true,"href":"https:\/\/www.rwg-bayreuth.de\/home\/index.php?rest_route=%2Fwp%2Fv2%2Fcomments&post=40088"}],"version-history":[{"count":4,"href":"https:\/\/www.rwg-bayreuth.de\/home\/index.php?rest_route=\/wp\/v2\/posts\/40088\/revisions"}],"predecessor-version":[{"id":40095,"href":"https:\/\/www.rwg-bayreuth.de\/home\/index.php?rest_route=\/wp\/v2\/posts\/40088\/revisions\/40095"}],"wp:featuredmedia":[{"embeddable":true,"href":"https:\/\/www.rwg-bayreuth.de\/home\/index.php?rest_route=\/wp\/v2\/media\/40089"}],"wp:attachment":[{"href":"https:\/\/www.rwg-bayreuth.de\/home\/index.php?rest_route=%2Fwp%2Fv2%2Fmedia&parent=40088"}],"wp:term":[{"taxonomy":"category","embeddable":true,"href":"https:\/\/www.rwg-bayreuth.de\/home\/index.php?rest_route=%2Fwp%2Fv2%2Fcategories&post=40088"},{"taxonomy":"post_tag","embeddable":true,"href":"https:\/\/www.rwg-bayreuth.de\/home\/index.php?rest_route=%2Fwp%2Fv2%2Ftags&post=40088"}],"curies":[{"name":"wp","href":"https:\/\/api.w.org\/{rel}","templated":true}]}}