{"id":40078,"date":"2025-10-31T16:12:13","date_gmt":"2025-10-31T15:12:13","guid":{"rendered":"https:\/\/www.rwg-bayreuth.de\/home\/?p=40078"},"modified":"2025-12-05T19:22:47","modified_gmt":"2025-12-05T18:22:47","slug":"neue-wurzeln-fuer-die-zukunft-pflanzaktion-im-rwg-wald-2-0","status":"publish","type":"post","link":"https:\/\/www.rwg-bayreuth.de\/home\/?p=40078","title":{"rendered":"Neue Wurzeln f\u00fcr die Zukunft \u2013 Pflanzaktion im RWG-Wald 2.0"},"content":{"rendered":"<p><!-- Koch\n\n--><a href=\"https:\/\/www.rwg-bayreuth.de\/home\/wp-content\/uploads\/2025\/11\/25-26-RWG-Wald_Zeder2-B.jpg\"><img loading=\"lazy\" decoding=\"async\" src=\"https:\/\/www.rwg-bayreuth.de\/home\/wp-content\/uploads\/2025\/11\/25-26-RWG-Wald_Zeder2-B.jpg\" alt=\"\" width=\"1640\" height=\"1093\" class=\"aligncenter size-full wp-image-40079 crop219\" srcset=\"https:\/\/www.rwg-bayreuth.de\/home\/wp-content\/uploads\/2025\/11\/25-26-RWG-Wald_Zeder2-B.jpg 1640w, https:\/\/www.rwg-bayreuth.de\/home\/wp-content\/uploads\/2025\/11\/25-26-RWG-Wald_Zeder2-B-1536x1024.jpg 1536w, https:\/\/www.rwg-bayreuth.de\/home\/wp-content\/uploads\/2025\/11\/25-26-RWG-Wald_Zeder2-B-150x100.jpg 150w, https:\/\/www.rwg-bayreuth.de\/home\/wp-content\/uploads\/2025\/11\/25-26-RWG-Wald_Zeder2-B-450x300.jpg 450w, https:\/\/www.rwg-bayreuth.de\/home\/wp-content\/uploads\/2025\/11\/25-26-RWG-Wald_Zeder2-B-768x512.jpg 768w, https:\/\/www.rwg-bayreuth.de\/home\/wp-content\/uploads\/2025\/11\/25-26-RWG-Wald_Zeder2-B-1024x682.jpg 1024w, https:\/\/www.rwg-bayreuth.de\/home\/wp-content\/uploads\/2025\/11\/25-26-RWG-Wald_Zeder2-B-250x167.jpg 250w, https:\/\/www.rwg-bayreuth.de\/home\/wp-content\/uploads\/2025\/11\/25-26-RWG-Wald_Zeder2-B-900x600.jpg 900w\" sizes=\"(max-width: 1640px) 100vw, 1640px\" \/><\/a><\/p>\n<p>Nur drei Tage nach der feierlichen erneuten Auszeichnung des Richard-Wagner-Gymnasiums als \u201eUmweltschule in Europa\u201c setzten unsere engagierten \u00d6koscouts gemeinsam mit Lehrkr\u00e4ften, Eltern und Revierf\u00f6rster Herrn Roth ein sichtbares Zeichen f\u00fcr Nachhaltigkeit:<br \/>\nAm 30. Oktober 2025 wurden im RWG-Wald 2.0 zwischen Eckersdorf und Geigenreuth zwanzig junge Libanonzedern gepflanzt \u2013 als lebendiger Ersatz f\u00fcr die gef\u00e4llte Zeder beim Altbau unserer Schule, die im Februar 2025 zur Sicherung des Brandschutzes \u00fcberraschend gef\u00e4llt worden ist. Die Libanonzeder gilt als klimastabile Alternative zu unseren heimischen B\u00e4umen, wie z.B. der Fichte. Beziehen konnten wir sie \u00fcber den \u00d6kologisch-Botanischen Garten in Bayreuth.<\/p>\n<div class=\"su-image-carousel  clear su-image-carousel-columns-4 su-image-carousel-has-spacing su-image-carousel-crop su-image-carousel-crop-1-1 su-image-carousel-has-lightbox su-image-carousel-has-outline su-image-carousel-slides-style-minimal su-image-carousel-controls-style-light su-image-carousel-align-center\" style=\"max-width:\" data-flickity-options='{\"groupCells\":true,\"cellSelector\":\".su-image-carousel-item\",\"adaptiveHeight\":false,\"cellAlign\":\"left\",\"prevNextButtons\":true,\"pageDots\":false,\"autoPlay\":4000,\"imagesLoaded\":true,\"contain\":true,\"selectedAttraction\":0.025000000000000001,\"friction\":0.28000000000000003}' id=\"su_image_carousel_69f1b29e5a483\"><div class=\"su-image-carousel-item\"><div class=\"su-image-carousel-item-content\"><a href=\"https:\/\/www.rwg-bayreuth.de\/home\/wp-content\/uploads\/2025\/11\/25-26-RWG-Wald_Zeder1.jpg\" data-caption=\"\"><img loading=\"lazy\" decoding=\"async\" width=\"1640\" height=\"1232\" src=\"https:\/\/www.rwg-bayreuth.de\/home\/wp-content\/uploads\/2025\/11\/25-26-RWG-Wald_Zeder1.jpg\" class=\"\" alt=\"\" srcset=\"https:\/\/www.rwg-bayreuth.de\/home\/wp-content\/uploads\/2025\/11\/25-26-RWG-Wald_Zeder1.jpg 1640w, https:\/\/www.rwg-bayreuth.de\/home\/wp-content\/uploads\/2025\/11\/25-26-RWG-Wald_Zeder1-1536x1154.jpg 1536w, https:\/\/www.rwg-bayreuth.de\/home\/wp-content\/uploads\/2025\/11\/25-26-RWG-Wald_Zeder1-150x113.jpg 150w, https:\/\/www.rwg-bayreuth.de\/home\/wp-content\/uploads\/2025\/11\/25-26-RWG-Wald_Zeder1-450x338.jpg 450w, https:\/\/www.rwg-bayreuth.de\/home\/wp-content\/uploads\/2025\/11\/25-26-RWG-Wald_Zeder1-768x577.jpg 768w, https:\/\/www.rwg-bayreuth.de\/home\/wp-content\/uploads\/2025\/11\/25-26-RWG-Wald_Zeder1-1024x768.jpg 1024w, https:\/\/www.rwg-bayreuth.de\/home\/wp-content\/uploads\/2025\/11\/25-26-RWG-Wald_Zeder1-250x188.jpg 250w\" sizes=\"(max-width: 1640px) 100vw, 1640px\" \/><\/a><\/div><\/div><div class=\"su-image-carousel-item\"><div class=\"su-image-carousel-item-content\"><a href=\"https:\/\/www.rwg-bayreuth.de\/home\/wp-content\/uploads\/2025\/11\/25-26-RWG-Wald_Zeder3.jpg\" data-caption=\"\"><img loading=\"lazy\" decoding=\"async\" width=\"768\" height=\"1024\" src=\"https:\/\/www.rwg-bayreuth.de\/home\/wp-content\/uploads\/2025\/11\/25-26-RWG-Wald_Zeder3.jpg\" class=\"\" alt=\"\" srcset=\"https:\/\/www.rwg-bayreuth.de\/home\/wp-content\/uploads\/2025\/11\/25-26-RWG-Wald_Zeder3.jpg 768w, https:\/\/www.rwg-bayreuth.de\/home\/wp-content\/uploads\/2025\/11\/25-26-RWG-Wald_Zeder3-113x150.jpg 113w, https:\/\/www.rwg-bayreuth.de\/home\/wp-content\/uploads\/2025\/11\/25-26-RWG-Wald_Zeder3-338x450.jpg 338w, https:\/\/www.rwg-bayreuth.de\/home\/wp-content\/uploads\/2025\/11\/25-26-RWG-Wald_Zeder3-250x333.jpg 250w\" sizes=\"(max-width: 768px) 100vw, 768px\" \/><\/a><\/div><\/div><div class=\"su-image-carousel-item\"><div class=\"su-image-carousel-item-content\"><a href=\"https:\/\/www.rwg-bayreuth.de\/home\/wp-content\/uploads\/2025\/11\/25-26-RWG-Wald_Zeder4.jpg\" data-caption=\"\"><img loading=\"lazy\" decoding=\"async\" width=\"1024\" height=\"768\" src=\"https:\/\/www.rwg-bayreuth.de\/home\/wp-content\/uploads\/2025\/11\/25-26-RWG-Wald_Zeder4.jpg\" class=\"\" alt=\"\" srcset=\"https:\/\/www.rwg-bayreuth.de\/home\/wp-content\/uploads\/2025\/11\/25-26-RWG-Wald_Zeder4.jpg 1024w, https:\/\/www.rwg-bayreuth.de\/home\/wp-content\/uploads\/2025\/11\/25-26-RWG-Wald_Zeder4-150x113.jpg 150w, https:\/\/www.rwg-bayreuth.de\/home\/wp-content\/uploads\/2025\/11\/25-26-RWG-Wald_Zeder4-450x338.jpg 450w, https:\/\/www.rwg-bayreuth.de\/home\/wp-content\/uploads\/2025\/11\/25-26-RWG-Wald_Zeder4-768x576.jpg 768w, https:\/\/www.rwg-bayreuth.de\/home\/wp-content\/uploads\/2025\/11\/25-26-RWG-Wald_Zeder4-250x188.jpg 250w\" sizes=\"(max-width: 1024px) 100vw, 1024px\" \/><\/a><\/div><\/div><div class=\"su-image-carousel-item\"><div class=\"su-image-carousel-item-content\"><a href=\"https:\/\/www.rwg-bayreuth.de\/home\/wp-content\/uploads\/2025\/11\/25-26-RWG-Wald_Zeder5.jpg\" data-caption=\"\"><img loading=\"lazy\" decoding=\"async\" width=\"768\" height=\"1024\" src=\"https:\/\/www.rwg-bayreuth.de\/home\/wp-content\/uploads\/2025\/11\/25-26-RWG-Wald_Zeder5.jpg\" class=\"\" alt=\"\" srcset=\"https:\/\/www.rwg-bayreuth.de\/home\/wp-content\/uploads\/2025\/11\/25-26-RWG-Wald_Zeder5.jpg 768w, https:\/\/www.rwg-bayreuth.de\/home\/wp-content\/uploads\/2025\/11\/25-26-RWG-Wald_Zeder5-113x150.jpg 113w, https:\/\/www.rwg-bayreuth.de\/home\/wp-content\/uploads\/2025\/11\/25-26-RWG-Wald_Zeder5-338x450.jpg 338w, https:\/\/www.rwg-bayreuth.de\/home\/wp-content\/uploads\/2025\/11\/25-26-RWG-Wald_Zeder5-250x333.jpg 250w\" sizes=\"(max-width: 768px) 100vw, 768px\" \/><\/a><\/div><\/div><\/div><script id=\"su_image_carousel_69f1b29e5a483_script\">if(window.SUImageCarousel){setTimeout(function() {window.SUImageCarousel.initGallery(document.getElementById(\"su_image_carousel_69f1b29e5a483\"))}, 0);}var su_image_carousel_69f1b29e5a483_script=document.getElementById(\"su_image_carousel_69f1b29e5a483_script\");if(su_image_carousel_69f1b29e5a483_script){su_image_carousel_69f1b29e5a483_script.parentNode.removeChild(su_image_carousel_69f1b29e5a483_script);}<\/script>\n<p>Mit Spaten, Handschuhen und viel Begeisterung halfen f\u00fcnf Sch\u00fclerinnen und Sch\u00fcler tatkr\u00e4ftig mit, die neuen klimaresistenten \u201eZukunftsb\u00e4ume\u201c in die Erde zu bringen. Unterst\u00fctzt wurde die Aktion durch das P-Seminar \u201eZukunfts(b)t\u00e4ume\u201c, das sich \u00fcber eine Spende von 100\u20ac des Bezirkstagspr\u00e4sidenten Henry Schramm freuen durfte.<\/p>\n","protected":false},"excerpt":{"rendered":"<p>Nur drei Tage nach der feierlichen erneuten Auszeichnung des Richard-Wagner-Gymnasiums als \u201eUmweltschule in Europa\u201c setzten unsere engagierten \u00d6koscouts gemeinsam mit Lehrkr\u00e4ften, Eltern und Revierf\u00f6rster Herrn Roth ein sichtbares Zeichen f\u00fcr Nachhaltigkeit: Am 30. Oktober 2025 wurden im RWG-Wald 2.0 zwischen Eckersdorf und Geigenreuth zwanzig junge Libanonzedern gepflanzt \u2013 als lebendiger Ersatz f\u00fcr die gef\u00e4llte Zeder&hellip;<\/p>\n","protected":false},"author":11,"featured_media":40079,"comment_status":"closed","ping_status":"closed","sticky":false,"template":"","format":"standard","meta":{"footnotes":""},"categories":[1],"tags":[51,136],"_links":{"self":[{"href":"https:\/\/www.rwg-bayreuth.de\/home\/index.php?rest_route=\/wp\/v2\/posts\/40078"}],"collection":[{"href":"https:\/\/www.rwg-bayreuth.de\/home\/index.php?rest_route=\/wp\/v2\/posts"}],"about":[{"href":"https:\/\/www.rwg-bayreuth.de\/home\/index.php?rest_route=\/wp\/v2\/types\/post"}],"author":[{"embeddable":true,"href":"https:\/\/www.rwg-bayreuth.de\/home\/index.php?rest_route=\/wp\/v2\/users\/11"}],"replies":[{"embeddable":true,"href":"https:\/\/www.rwg-bayreuth.de\/home\/index.php?rest_route=%2Fwp%2Fv2%2Fcomments&post=40078"}],"version-history":[{"count":5,"href":"https:\/\/www.rwg-bayreuth.de\/home\/index.php?rest_route=\/wp\/v2\/posts\/40078\/revisions"}],"predecessor-version":[{"id":40096,"href":"https:\/\/www.rwg-bayreuth.de\/home\/index.php?rest_route=\/wp\/v2\/posts\/40078\/revisions\/40096"}],"wp:featuredmedia":[{"embeddable":true,"href":"https:\/\/www.rwg-bayreuth.de\/home\/index.php?rest_route=\/wp\/v2\/media\/40079"}],"wp:attachment":[{"href":"https:\/\/www.rwg-bayreuth.de\/home\/index.php?rest_route=%2Fwp%2Fv2%2Fmedia&parent=40078"}],"wp:term":[{"taxonomy":"category","embeddable":true,"href":"https:\/\/www.rwg-bayreuth.de\/home\/index.php?rest_route=%2Fwp%2Fv2%2Fcategories&post=40078"},{"taxonomy":"post_tag","embeddable":true,"href":"https:\/\/www.rwg-bayreuth.de\/home\/index.php?rest_route=%2Fwp%2Fv2%2Ftags&post=40078"}],"curies":[{"name":"wp","href":"https:\/\/api.w.org\/{rel}","templated":true}]}}