{"id":40065,"date":"2025-09-19T05:15:22","date_gmt":"2025-09-19T03:15:22","guid":{"rendered":"https:\/\/www.rwg-bayreuth.de\/home\/?p=40065"},"modified":"2025-11-25T19:22:28","modified_gmt":"2025-11-25T18:22:28","slug":"besuch-des-mint-festivals-in-jena","status":"publish","type":"post","link":"https:\/\/www.rwg-bayreuth.de\/home\/?p=40065","title":{"rendered":"Besuch des MINT- Festivals in Jena"},"content":{"rendered":"<p><!-- Fr\u00f6ber\n\n--><a href=\"https:\/\/www.rwg-bayreuth.de\/home\/wp-content\/uploads\/2025\/10\/25-26-NaWigator-Jena-B.jpg\"><img loading=\"lazy\" decoding=\"async\" src=\"https:\/\/www.rwg-bayreuth.de\/home\/wp-content\/uploads\/2025\/10\/25-26-NaWigator-Jena-B.jpg\" alt=\"\" width=\"1024\" height=\"683\" class=\"aligncenter size-full wp-image-40066 crop219\" srcset=\"https:\/\/www.rwg-bayreuth.de\/home\/wp-content\/uploads\/2025\/10\/25-26-NaWigator-Jena-B.jpg 1024w, https:\/\/www.rwg-bayreuth.de\/home\/wp-content\/uploads\/2025\/10\/25-26-NaWigator-Jena-B-150x100.jpg 150w, https:\/\/www.rwg-bayreuth.de\/home\/wp-content\/uploads\/2025\/10\/25-26-NaWigator-Jena-B-450x300.jpg 450w, https:\/\/www.rwg-bayreuth.de\/home\/wp-content\/uploads\/2025\/10\/25-26-NaWigator-Jena-B-768x512.jpg 768w, https:\/\/www.rwg-bayreuth.de\/home\/wp-content\/uploads\/2025\/10\/25-26-NaWigator-Jena-B-250x167.jpg 250w, https:\/\/www.rwg-bayreuth.de\/home\/wp-content\/uploads\/2025\/10\/25-26-NaWigator-Jena-B-900x600.jpg 900w\" sizes=\"(max-width: 1024px) 100vw, 1024px\" \/><\/a><\/p>\n<div class=\"su-image-carousel  clear su-image-carousel-has-spacing su-image-carousel-crop su-image-carousel-crop-3-4 su-image-carousel-has-lightbox su-image-carousel-has-outline su-image-carousel-slides-style-minimal su-image-carousel-controls-style-light su-image-carousel-align-right\" style=\"max-width:40%\" data-flickity-options='{\"groupCells\":true,\"cellSelector\":\".su-image-carousel-item\",\"adaptiveHeight\":false,\"cellAlign\":\"left\",\"prevNextButtons\":true,\"pageDots\":false,\"autoPlay\":4000,\"imagesLoaded\":true,\"contain\":true,\"selectedAttraction\":0.025000000000000001,\"friction\":0.28000000000000003}' id=\"su_image_carousel_69f1aca79c3df\"><div class=\"su-image-carousel-item\"><div class=\"su-image-carousel-item-content\"><a href=\"https:\/\/www.rwg-bayreuth.de\/home\/wp-content\/uploads\/2025\/10\/25-26-NaWigator-Jena-1.jpg\" data-caption=\"\"><img loading=\"lazy\" decoding=\"async\" width=\"768\" height=\"1024\" src=\"https:\/\/www.rwg-bayreuth.de\/home\/wp-content\/uploads\/2025\/10\/25-26-NaWigator-Jena-1.jpg\" class=\"\" alt=\"\" srcset=\"https:\/\/www.rwg-bayreuth.de\/home\/wp-content\/uploads\/2025\/10\/25-26-NaWigator-Jena-1.jpg 768w, https:\/\/www.rwg-bayreuth.de\/home\/wp-content\/uploads\/2025\/10\/25-26-NaWigator-Jena-1-113x150.jpg 113w, https:\/\/www.rwg-bayreuth.de\/home\/wp-content\/uploads\/2025\/10\/25-26-NaWigator-Jena-1-338x450.jpg 338w, https:\/\/www.rwg-bayreuth.de\/home\/wp-content\/uploads\/2025\/10\/25-26-NaWigator-Jena-1-250x333.jpg 250w\" sizes=\"(max-width: 768px) 100vw, 768px\" \/><\/a><\/div><\/div><div class=\"su-image-carousel-item\"><div class=\"su-image-carousel-item-content\"><a href=\"https:\/\/www.rwg-bayreuth.de\/home\/wp-content\/uploads\/2025\/10\/25-26-NaWigator-Jena-2.jpg\" data-caption=\"\"><img loading=\"lazy\" decoding=\"async\" width=\"768\" height=\"1024\" src=\"https:\/\/www.rwg-bayreuth.de\/home\/wp-content\/uploads\/2025\/10\/25-26-NaWigator-Jena-2.jpg\" class=\"\" alt=\"\" srcset=\"https:\/\/www.rwg-bayreuth.de\/home\/wp-content\/uploads\/2025\/10\/25-26-NaWigator-Jena-2.jpg 768w, https:\/\/www.rwg-bayreuth.de\/home\/wp-content\/uploads\/2025\/10\/25-26-NaWigator-Jena-2-113x150.jpg 113w, https:\/\/www.rwg-bayreuth.de\/home\/wp-content\/uploads\/2025\/10\/25-26-NaWigator-Jena-2-338x450.jpg 338w, https:\/\/www.rwg-bayreuth.de\/home\/wp-content\/uploads\/2025\/10\/25-26-NaWigator-Jena-2-250x333.jpg 250w\" sizes=\"(max-width: 768px) 100vw, 768px\" \/><\/a><\/div><\/div><\/div><script id=\"su_image_carousel_69f1aca79c3df_script\">if(window.SUImageCarousel){setTimeout(function() {window.SUImageCarousel.initGallery(document.getElementById(\"su_image_carousel_69f1aca79c3df\"))}, 0);}var su_image_carousel_69f1aca79c3df_script=document.getElementById(\"su_image_carousel_69f1aca79c3df_script\");if(su_image_carousel_69f1aca79c3df_script){su_image_carousel_69f1aca79c3df_script.parentNode.removeChild(su_image_carousel_69f1aca79c3df_script);}<\/script>\n<p>Am 18. September fuhr unsere letztj\u00e4hrige Gewinnerklasse 8a des NaWigator-Tags zu einem besonderen MINT-Highlight nach Jena. Voll motiviert wurde um 8 Uhr in Bayreuth gestartet und knapp 1,5 Stunden sp\u00e4ter erreichten wir die gro\u00dfe Mitmachausstellung mit 30 St\u00e4nden im Foyer der Uni Jena. Hier konnten sich die Sch\u00fcler und Sch\u00fclerinnen mit Themen wie zum Beispiel Ern\u00e4hrung und Energie f\u00fcr den K\u00f6rper, Laufwege eines Laserstrahls, Mathematik zum Anfassen, Verschl\u00fcsselungstechnologien oder QR Code Fehlererkennung besch\u00e4ftigen. W\u00e4hrend einer kleinen Mittagspause auf dem Campusvorplatz verfolgten wir die Experimentalshow \u201eSchall und Rauch\u201c von Magic Andy auf der gro\u00dfen Hauptb\u00fchne und die Sch\u00fcler und Sch\u00fclerinnen erfuhren z.B. einiges \u00fcber die Knallgasreaktion, Trockeneis und fl\u00fcssigen Stickstoff. <\/p>\n<p>Im Anschluss wurde der Workshop \u201eBeyond the Sound: Ultraschallph\u00e4nomene experimentell erforschen\u201c besucht. In den nun folgenden 90 Minuten wurden unter anderem in Gelatine nach verborgenen Leitungen gesucht und die Schokoladendicke von einem \u00dc-Ei bestimmt. <\/p>\n<p>Nach einer kurzen Stadtbesichtigung ging es dann zur\u00fcck nach Bayreuth, wo alle Beteiligten zufrieden, aber auch m\u00fcde von den vielen tollen Eindr\u00fccken des Tages ankamen. <\/p>\n","protected":false},"excerpt":{"rendered":"<p>Am 18. September fuhr unsere letztj\u00e4hrige Gewinnerklasse 8a des NaWigator-Tags zu einem besonderen MINT-Highlight nach Jena. Voll motiviert wurde um 8 Uhr in Bayreuth gestartet und knapp 1,5 Stunden sp\u00e4ter erreichten wir die gro\u00dfe Mitmachausstellung mit 30 St\u00e4nden im Foyer der Uni Jena. Hier konnten sich die Sch\u00fcler und Sch\u00fclerinnen mit Themen wie zum Beispiel&hellip;<\/p>\n","protected":false},"author":11,"featured_media":40066,"comment_status":"closed","ping_status":"closed","sticky":false,"template":"","format":"standard","meta":{"footnotes":""},"categories":[1],"tags":[51,96,45],"_links":{"self":[{"href":"https:\/\/www.rwg-bayreuth.de\/home\/index.php?rest_route=\/wp\/v2\/posts\/40065"}],"collection":[{"href":"https:\/\/www.rwg-bayreuth.de\/home\/index.php?rest_route=\/wp\/v2\/posts"}],"about":[{"href":"https:\/\/www.rwg-bayreuth.de\/home\/index.php?rest_route=\/wp\/v2\/types\/post"}],"author":[{"embeddable":true,"href":"https:\/\/www.rwg-bayreuth.de\/home\/index.php?rest_route=\/wp\/v2\/users\/11"}],"replies":[{"embeddable":true,"href":"https:\/\/www.rwg-bayreuth.de\/home\/index.php?rest_route=%2Fwp%2Fv2%2Fcomments&post=40065"}],"version-history":[{"count":5,"href":"https:\/\/www.rwg-bayreuth.de\/home\/index.php?rest_route=\/wp\/v2\/posts\/40065\/revisions"}],"predecessor-version":[{"id":40098,"href":"https:\/\/www.rwg-bayreuth.de\/home\/index.php?rest_route=\/wp\/v2\/posts\/40065\/revisions\/40098"}],"wp:featuredmedia":[{"embeddable":true,"href":"https:\/\/www.rwg-bayreuth.de\/home\/index.php?rest_route=\/wp\/v2\/media\/40066"}],"wp:attachment":[{"href":"https:\/\/www.rwg-bayreuth.de\/home\/index.php?rest_route=%2Fwp%2Fv2%2Fmedia&parent=40065"}],"wp:term":[{"taxonomy":"category","embeddable":true,"href":"https:\/\/www.rwg-bayreuth.de\/home\/index.php?rest_route=%2Fwp%2Fv2%2Fcategories&post=40065"},{"taxonomy":"post_tag","embeddable":true,"href":"https:\/\/www.rwg-bayreuth.de\/home\/index.php?rest_route=%2Fwp%2Fv2%2Ftags&post=40065"}],"curies":[{"name":"wp","href":"https:\/\/api.w.org\/{rel}","templated":true}]}}