{"id":40025,"date":"2025-10-15T11:42:29","date_gmt":"2025-10-15T09:42:29","guid":{"rendered":"https:\/\/www.rwg-bayreuth.de\/home\/?p=40025"},"modified":"2025-11-09T20:14:38","modified_gmt":"2025-11-09T19:14:38","slug":"tschechien-austausch-im-oktober-2025","status":"publish","type":"post","link":"https:\/\/www.rwg-bayreuth.de\/home\/?p=40025","title":{"rendered":"Tschechien-Austausch im Oktober 2025"},"content":{"rendered":"<p><!-- Gerdes\n\n--><\/p>\n<h2>Montag \u2013 Ankunft der G\u00e4ste<\/h2>\n<p><a href=\"https:\/\/www.rwg-bayreuth.de\/home\/wp-content\/uploads\/2025\/10\/25-26-AustauschTschechien-t.jpg\"><img loading=\"lazy\" decoding=\"async\" src=\"https:\/\/www.rwg-bayreuth.de\/home\/wp-content\/uploads\/2025\/10\/25-26-AustauschTschechien-t.jpg\" alt=\"\" width=\"1295\" height=\"971\" class=\"aligncenter size-full wp-image-40026 crop219bottom\" srcset=\"https:\/\/www.rwg-bayreuth.de\/home\/wp-content\/uploads\/2025\/10\/25-26-AustauschTschechien-t.jpg 1295w, https:\/\/www.rwg-bayreuth.de\/home\/wp-content\/uploads\/2025\/10\/25-26-AustauschTschechien-t-150x112.jpg 150w, https:\/\/www.rwg-bayreuth.de\/home\/wp-content\/uploads\/2025\/10\/25-26-AustauschTschechien-t-450x337.jpg 450w, https:\/\/www.rwg-bayreuth.de\/home\/wp-content\/uploads\/2025\/10\/25-26-AustauschTschechien-t-768x576.jpg 768w, https:\/\/www.rwg-bayreuth.de\/home\/wp-content\/uploads\/2025\/10\/25-26-AustauschTschechien-t-1024x768.jpg 1024w, https:\/\/www.rwg-bayreuth.de\/home\/wp-content\/uploads\/2025\/10\/25-26-AustauschTschechien-t-250x187.jpg 250w\" sizes=\"(max-width: 1295px) 100vw, 1295px\" \/><\/a><\/p>\n<p>Am vergangenen Montag, den 6.10.2025 ging es endlich los: Unsere tschechischen G\u00e4ste kamen am Flixbusbahnhof an und wurden herzlich von den Gastfamilien empfangen. Nach den ersten Kennenlern-Momenten im famili\u00e4ren Alltag startete die Woche direkt voller Spannung und Vorfreude.<\/p>\n<h2>Dienstag \u2013 Empfang und Sprachanimation<\/h2>\n<p><a href=\"https:\/\/www.rwg-bayreuth.de\/home\/wp-content\/uploads\/2025\/10\/25-26-AustauschTschechien-1.jpg\"><img loading=\"lazy\" decoding=\"async\" src=\"https:\/\/www.rwg-bayreuth.de\/home\/wp-content\/uploads\/2025\/10\/25-26-AustauschTschechien-1.jpg\" alt=\"\" width=\"1600\" height=\"1200\" class=\"aligncenter size-full wp-image-40030 crop219\" srcset=\"https:\/\/www.rwg-bayreuth.de\/home\/wp-content\/uploads\/2025\/10\/25-26-AustauschTschechien-1.jpg 1600w, https:\/\/www.rwg-bayreuth.de\/home\/wp-content\/uploads\/2025\/10\/25-26-AustauschTschechien-1-1536x1152.jpg 1536w, https:\/\/www.rwg-bayreuth.de\/home\/wp-content\/uploads\/2025\/10\/25-26-AustauschTschechien-1-150x113.jpg 150w, https:\/\/www.rwg-bayreuth.de\/home\/wp-content\/uploads\/2025\/10\/25-26-AustauschTschechien-1-450x338.jpg 450w, https:\/\/www.rwg-bayreuth.de\/home\/wp-content\/uploads\/2025\/10\/25-26-AustauschTschechien-1-768x576.jpg 768w, https:\/\/www.rwg-bayreuth.de\/home\/wp-content\/uploads\/2025\/10\/25-26-AustauschTschechien-1-1024x768.jpg 1024w, https:\/\/www.rwg-bayreuth.de\/home\/wp-content\/uploads\/2025\/10\/25-26-AustauschTschechien-1-250x188.jpg 250w\" sizes=\"(max-width: 1600px) 100vw, 1600px\" \/><\/a><\/p>\n<p>Dienstagmorgen ging es dann offiziell los: Frau Graf, unsere Schulleiterin, begr\u00fc\u00dfte die G\u00e4ste in der Aula, bevor mehrere Sch\u00fclerinnen sie durch die Schule f\u00fchrten. Sie sahen unsere Theaterkulisse, das Schulmuseum und erfuhren viel \u00fcber die Geschichte unserer Schule.<\/p>\n<p>Nach einem Mittagessen in der Mensa stand am Nachmittag die Sprachanimation der Organisation Tandem auf dem Programm. Zwei Sprachanimatorinnen sorgten f\u00fcr abwechslungsreiche Spiele und Aufgaben, w\u00e4hrend eine Fotografin die sch\u00f6nsten Momente festhielt. Frau Koch und Herr W\u00f6rn begleiteten alles und halfen, dass sich alle rundum wohlf\u00fchlten.<\/p>\n<h2>Mittwoch \u2013 Wandern und Stadtrallye<\/h2>\n<p><a href=\"https:\/\/www.rwg-bayreuth.de\/home\/wp-content\/uploads\/2025\/10\/25-26-AustauschTschechien-2.jpg\"><img loading=\"lazy\" decoding=\"async\" src=\"https:\/\/www.rwg-bayreuth.de\/home\/wp-content\/uploads\/2025\/10\/25-26-AustauschTschechien-2.jpg\" alt=\"\" width=\"1584\" height=\"2048\" class=\"aligncenter size-full wp-image-40031 crop219bottom\" srcset=\"https:\/\/www.rwg-bayreuth.de\/home\/wp-content\/uploads\/2025\/10\/25-26-AustauschTschechien-2.jpg 1584w, https:\/\/www.rwg-bayreuth.de\/home\/wp-content\/uploads\/2025\/10\/25-26-AustauschTschechien-2-1188x1536.jpg 1188w, https:\/\/www.rwg-bayreuth.de\/home\/wp-content\/uploads\/2025\/10\/25-26-AustauschTschechien-2-116x150.jpg 116w, https:\/\/www.rwg-bayreuth.de\/home\/wp-content\/uploads\/2025\/10\/25-26-AustauschTschechien-2-348x450.jpg 348w, https:\/\/www.rwg-bayreuth.de\/home\/wp-content\/uploads\/2025\/10\/25-26-AustauschTschechien-2-768x993.jpg 768w, https:\/\/www.rwg-bayreuth.de\/home\/wp-content\/uploads\/2025\/10\/25-26-AustauschTschechien-2-792x1024.jpg 792w, https:\/\/www.rwg-bayreuth.de\/home\/wp-content\/uploads\/2025\/10\/25-26-AustauschTschechien-2-250x323.jpg 250w\" sizes=\"(max-width: 1584px) 100vw, 1584px\" \/><\/a><\/p>\n<p>Mittwoch hie\u00df es Wanderschuhe anziehen: Gemeinsam mit ihren Partnern erkundeten die G\u00e4ste die Umgebung im Rahmen des Wandertags. Jede Gruppe hatte ihr eigenes Ziel, und es wurden schon viele Schritte gesammelt \u2013 unter anderem ging es zum Siegesturm.<\/p>\n<p>Danach folgte eine Stadtrallye, die unsere Sch\u00fclerinnen liebevoll vorbereitet hatten. Die tschechischen G\u00e4ste mussten alle R\u00e4tsel selbst l\u00f6sen \u2013 das machte besonders viel Spa\u00df! Zum Abschluss gab es ein Eis am Opernplatz und anschlie\u00dfend einen Besuch im Makr\u00e4flichen-Opernhaus. Der prachtvolle Saal, die Neurenovierung und das interaktive Museum begeisterten alle.<\/p>\n<h2>Donnerstag \u2013 Dokuzentrum und D\u00fcrerhaus<\/h2>\n<p><a href=\"https:\/\/www.rwg-bayreuth.de\/home\/wp-content\/uploads\/2025\/10\/25-26-AustauschTschechien-3.jpg\"><img loading=\"lazy\" decoding=\"async\" src=\"https:\/\/www.rwg-bayreuth.de\/home\/wp-content\/uploads\/2025\/10\/25-26-AustauschTschechien-3.jpg\" alt=\"\" width=\"1687\" height=\"949\" class=\"aligncenter size-full wp-image-40032 crop219bottom\" srcset=\"https:\/\/www.rwg-bayreuth.de\/home\/wp-content\/uploads\/2025\/10\/25-26-AustauschTschechien-3.jpg 1687w, https:\/\/www.rwg-bayreuth.de\/home\/wp-content\/uploads\/2025\/10\/25-26-AustauschTschechien-3-1536x864.jpg 1536w, https:\/\/www.rwg-bayreuth.de\/home\/wp-content\/uploads\/2025\/10\/25-26-AustauschTschechien-3-150x84.jpg 150w, https:\/\/www.rwg-bayreuth.de\/home\/wp-content\/uploads\/2025\/10\/25-26-AustauschTschechien-3-450x253.jpg 450w, https:\/\/www.rwg-bayreuth.de\/home\/wp-content\/uploads\/2025\/10\/25-26-AustauschTschechien-3-768x432.jpg 768w, https:\/\/www.rwg-bayreuth.de\/home\/wp-content\/uploads\/2025\/10\/25-26-AustauschTschechien-3-1024x576.jpg 1024w, https:\/\/www.rwg-bayreuth.de\/home\/wp-content\/uploads\/2025\/10\/25-26-AustauschTschechien-3-250x141.jpg 250w, https:\/\/www.rwg-bayreuth.de\/home\/wp-content\/uploads\/2025\/10\/25-26-AustauschTschechien-3-1260x709.jpg 1260w, https:\/\/www.rwg-bayreuth.de\/home\/wp-content\/uploads\/2025\/10\/25-26-AustauschTschechien-3-800x450.jpg 800w\" sizes=\"(max-width: 1687px) 100vw, 1687px\" \/><\/a><\/p>\n<p>Am Donnerstag trotzten unsere G\u00e4ste der M\u00fcdigkeit: Mit Frau Babenko ging es auf Tour nach N\u00fcrnberg, obwohl jeder schon viele Schritte gesammelt hatte. Nach einer langen Fahrt \u00fcber Bamberg folgte eine informative englische F\u00fchrung im Dokuzentrum.<\/p>\n<p>Am Nachmittag durften alle im D\u00fcrerhaus die in Originalkleidung anwesende Agnes D\u00fcrer kennenlernen und die Geschichte hautnah erleben. M\u00fcde, aber gl\u00fccklich, kamen wir sp\u00e4t abends zur\u00fcck nach Bayreuth.<\/p>\n<h2>Freitag \u2013 Unterricht und Pizza<\/h2>\n<p><a href=\"https:\/\/www.rwg-bayreuth.de\/home\/wp-content\/uploads\/2025\/10\/25-26-AustauschTschechien-4.jpg\"><img loading=\"lazy\" decoding=\"async\" src=\"https:\/\/www.rwg-bayreuth.de\/home\/wp-content\/uploads\/2025\/10\/25-26-AustauschTschechien-4.jpg\" alt=\"\" width=\"1265\" height=\"949\" class=\"aligncenter size-full wp-image-40028 crop219\" srcset=\"https:\/\/www.rwg-bayreuth.de\/home\/wp-content\/uploads\/2025\/10\/25-26-AustauschTschechien-4.jpg 1265w, https:\/\/www.rwg-bayreuth.de\/home\/wp-content\/uploads\/2025\/10\/25-26-AustauschTschechien-4-150x113.jpg 150w, https:\/\/www.rwg-bayreuth.de\/home\/wp-content\/uploads\/2025\/10\/25-26-AustauschTschechien-4-450x338.jpg 450w, https:\/\/www.rwg-bayreuth.de\/home\/wp-content\/uploads\/2025\/10\/25-26-AustauschTschechien-4-768x576.jpg 768w, https:\/\/www.rwg-bayreuth.de\/home\/wp-content\/uploads\/2025\/10\/25-26-AustauschTschechien-4-1024x768.jpg 1024w, https:\/\/www.rwg-bayreuth.de\/home\/wp-content\/uploads\/2025\/10\/25-26-AustauschTschechien-4-250x188.jpg 250w\" sizes=\"(max-width: 1265px) 100vw, 1265px\" \/><\/a><\/p>\n<p>Freitag wurde es gem\u00fctlicher: Nach dem Unterricht f\u00fcr zwei Stunden (einige hatten sogar bis zur sechsten Stunde Unterricht) teilte sich die Gruppe. W\u00e4hrend ein Teil mit Frau Gerdes einkaufen ging, um Pizza zu backen, stie\u00df die andere Gruppe sp\u00e4ter dazu. Gemeinsam kochten, a\u00dfen und lachten wir viel \u2013 eine perfekte Gelegenheit, die Woche noch einmal Revue passieren zu lassen.<\/p>\n<h2>Wochenende \u2013 Familienunternehmungen<\/h2>\n<p>Am Wochenende verbrachten die G\u00e4ste Zeit in ihren Familien: Manche gingen bowlen, andere besuchten die Eremitage oder unternahmen Ausfl\u00fcge in die Umgebung. So konnte jeder die Region ganz individuell kennenlernen.<\/p>\n<h2>Montag \u2013 Verabschiedung<\/h2>\n<p><a href=\"https:\/\/www.rwg-bayreuth.de\/home\/wp-content\/uploads\/2025\/10\/25-26-AustauschTschechien-5.jpg\"><img loading=\"lazy\" decoding=\"async\" src=\"https:\/\/www.rwg-bayreuth.de\/home\/wp-content\/uploads\/2025\/10\/25-26-AustauschTschechien-5.jpg\" alt=\"\" width=\"712\" height=\"949\" class=\"aligncenter size-full wp-image-40029 crop219\" style=\"object-position: 50% 25%;\" srcset=\"https:\/\/www.rwg-bayreuth.de\/home\/wp-content\/uploads\/2025\/10\/25-26-AustauschTschechien-5.jpg 712w, https:\/\/www.rwg-bayreuth.de\/home\/wp-content\/uploads\/2025\/10\/25-26-AustauschTschechien-5-113x150.jpg 113w, https:\/\/www.rwg-bayreuth.de\/home\/wp-content\/uploads\/2025\/10\/25-26-AustauschTschechien-5-338x450.jpg 338w, https:\/\/www.rwg-bayreuth.de\/home\/wp-content\/uploads\/2025\/10\/25-26-AustauschTschechien-5-250x333.jpg 250w\" sizes=\"(max-width: 712px) 100vw, 712px\" \/><\/a><\/p>\n<p>Am Montagmorgen stand noch einmal Unterricht auf dem Programm, bevor wir uns um 12 Uhr am Bahnhof trafen. Bei nebelfeuchtem Wetter winkten wir dem Zug Richtung Grenze hinterher \u2013 ein sch\u00f6ner, emotionaler Abschluss der gemeinsamen Woche.<\/p>\n<h2>Ausblick<\/h2>\n<p>Wir freuen uns schon jetzt riesig auf den Gegenbesuch im Fr\u00fchjahr 2026 in Pardubice, der die tollen Erlebnisse der Woche fortsetzen wird!<\/p>\n<p><em>A. Gerdes<\/em><\/p>\n<p><a href=\"https:\/\/www.rwg-bayreuth.de\/home\/wp-content\/uploads\/2025\/10\/25-26-AustauschTschechien-Logo-scaled.jpg\"><img loading=\"lazy\" decoding=\"async\" src=\"https:\/\/www.rwg-bayreuth.de\/home\/wp-content\/uploads\/2025\/10\/25-26-AustauschTschechien-Logo-scaled.jpg\" alt=\"\" width=\"2560\" height=\"481\" class=\"aligncenter size-full wp-image-40042\" srcset=\"https:\/\/www.rwg-bayreuth.de\/home\/wp-content\/uploads\/2025\/10\/25-26-AustauschTschechien-Logo-scaled.jpg 2560w, https:\/\/www.rwg-bayreuth.de\/home\/wp-content\/uploads\/2025\/10\/25-26-AustauschTschechien-Logo-1536x289.jpg 1536w, https:\/\/www.rwg-bayreuth.de\/home\/wp-content\/uploads\/2025\/10\/25-26-AustauschTschechien-Logo-2048x385.jpg 2048w, https:\/\/www.rwg-bayreuth.de\/home\/wp-content\/uploads\/2025\/10\/25-26-AustauschTschechien-Logo-150x28.jpg 150w, https:\/\/www.rwg-bayreuth.de\/home\/wp-content\/uploads\/2025\/10\/25-26-AustauschTschechien-Logo-450x85.jpg 450w, https:\/\/www.rwg-bayreuth.de\/home\/wp-content\/uploads\/2025\/10\/25-26-AustauschTschechien-Logo-768x144.jpg 768w, https:\/\/www.rwg-bayreuth.de\/home\/wp-content\/uploads\/2025\/10\/25-26-AustauschTschechien-Logo-1024x192.jpg 1024w, https:\/\/www.rwg-bayreuth.de\/home\/wp-content\/uploads\/2025\/10\/25-26-AustauschTschechien-Logo-250x47.jpg 250w\" sizes=\"(max-width: 2560px) 100vw, 2560px\" \/><\/a><\/p>\n","protected":false},"excerpt":{"rendered":"<p>Montag \u2013 Ankunft der G\u00e4ste Am vergangenen Montag, den 6.10.2025 ging es endlich los: Unsere tschechischen G\u00e4ste kamen am Flixbusbahnhof an und wurden herzlich von den Gastfamilien empfangen. Nach den ersten Kennenlern-Momenten im famili\u00e4ren Alltag startete die Woche direkt voller Spannung und Vorfreude. Dienstag \u2013 Empfang und Sprachanimation Dienstagmorgen ging es dann offiziell los: Frau&hellip;<\/p>\n","protected":false},"author":11,"featured_media":40039,"comment_status":"closed","ping_status":"closed","sticky":false,"template":"","format":"standard","meta":{"footnotes":""},"categories":[1],"tags":[51,108],"_links":{"self":[{"href":"https:\/\/www.rwg-bayreuth.de\/home\/index.php?rest_route=\/wp\/v2\/posts\/40025"}],"collection":[{"href":"https:\/\/www.rwg-bayreuth.de\/home\/index.php?rest_route=\/wp\/v2\/posts"}],"about":[{"href":"https:\/\/www.rwg-bayreuth.de\/home\/index.php?rest_route=\/wp\/v2\/types\/post"}],"author":[{"embeddable":true,"href":"https:\/\/www.rwg-bayreuth.de\/home\/index.php?rest_route=\/wp\/v2\/users\/11"}],"replies":[{"embeddable":true,"href":"https:\/\/www.rwg-bayreuth.de\/home\/index.php?rest_route=%2Fwp%2Fv2%2Fcomments&post=40025"}],"version-history":[{"count":12,"href":"https:\/\/www.rwg-bayreuth.de\/home\/index.php?rest_route=\/wp\/v2\/posts\/40025\/revisions"}],"predecessor-version":[{"id":40102,"href":"https:\/\/www.rwg-bayreuth.de\/home\/index.php?rest_route=\/wp\/v2\/posts\/40025\/revisions\/40102"}],"wp:featuredmedia":[{"embeddable":true,"href":"https:\/\/www.rwg-bayreuth.de\/home\/index.php?rest_route=\/wp\/v2\/media\/40039"}],"wp:attachment":[{"href":"https:\/\/www.rwg-bayreuth.de\/home\/index.php?rest_route=%2Fwp%2Fv2%2Fmedia&parent=40025"}],"wp:term":[{"taxonomy":"category","embeddable":true,"href":"https:\/\/www.rwg-bayreuth.de\/home\/index.php?rest_route=%2Fwp%2Fv2%2Fcategories&post=40025"},{"taxonomy":"post_tag","embeddable":true,"href":"https:\/\/www.rwg-bayreuth.de\/home\/index.php?rest_route=%2Fwp%2Fv2%2Ftags&post=40025"}],"curies":[{"name":"wp","href":"https:\/\/api.w.org\/{rel}","templated":true}]}}