{"id":39874,"date":"2025-07-30T05:48:25","date_gmt":"2025-07-30T03:48:25","guid":{"rendered":"https:\/\/www.rwg-bayreuth.de\/home\/?p=39874"},"modified":"2025-11-17T17:47:49","modified_gmt":"2025-11-17T16:47:49","slug":"immer-wieder-schoen-schulfest-2025","status":"publish","type":"post","link":"https:\/\/www.rwg-bayreuth.de\/home\/?p=39874","title":{"rendered":"Immer wieder sch\u00f6n &#8211; Schulfest 2025"},"content":{"rendered":"<p><!-- Sophia Hanke\n\n--><div id=\"attachment_39875\" style=\"width: 1034px\" class=\"wp-caption aligncenter\"><a href=\"https:\/\/www.rwg-bayreuth.de\/home\/wp-content\/uploads\/2025\/09\/24-25-VdF-Schulfest_2025.jpg\"><img loading=\"lazy\" decoding=\"async\" aria-describedby=\"caption-attachment-39875\" src=\"https:\/\/www.rwg-bayreuth.de\/home\/wp-content\/uploads\/2025\/09\/24-25-VdF-Schulfest_2025.jpg\" alt=\"\" width=\"1024\" height=\"683\" class=\"size-full wp-image-39875 crop219\" srcset=\"https:\/\/www.rwg-bayreuth.de\/home\/wp-content\/uploads\/2025\/09\/24-25-VdF-Schulfest_2025.jpg 1024w, https:\/\/www.rwg-bayreuth.de\/home\/wp-content\/uploads\/2025\/09\/24-25-VdF-Schulfest_2025-150x100.jpg 150w, https:\/\/www.rwg-bayreuth.de\/home\/wp-content\/uploads\/2025\/09\/24-25-VdF-Schulfest_2025-450x300.jpg 450w, https:\/\/www.rwg-bayreuth.de\/home\/wp-content\/uploads\/2025\/09\/24-25-VdF-Schulfest_2025-768x512.jpg 768w, https:\/\/www.rwg-bayreuth.de\/home\/wp-content\/uploads\/2025\/09\/24-25-VdF-Schulfest_2025-250x167.jpg 250w, https:\/\/www.rwg-bayreuth.de\/home\/wp-content\/uploads\/2025\/09\/24-25-VdF-Schulfest_2025-900x600.jpg 900w\" sizes=\"(max-width: 1024px) 100vw, 1024px\" \/><\/a><p id=\"caption-attachment-39875\" class=\"wp-caption-text\">Unsere flei\u00dfigen Helfer an der Verein-der-Freunde-Bar: (von links) Viktoria Sp\u00e4th, Angelika Guder-Sp\u00e4th, Merle Wei\u00df, Vera Hoffmann, Sophia Hanke und J\u00fclide Balikci (Es fehlt erster Vorsitzender J\u00fcrgen F\u00e4rber, der uns beim Auf- und Abbau tatkr\u00e4ftig unterst\u00fctzt hat.)<\/p><\/div>\n<p>Der Aperol-Stand des <a href=\"https:\/\/www.rwg-bayreuth.de\/home\/?page_id=156\">Vereins der Freunde<\/a> geh\u00f6rt inzwischen schon genau so zum Schulfest, wie das Salat- und Kuchenbuffet. <\/p>\n<p>Auch beim letzten Schulfest am 29. Juli waren wir vertreten und versorgten die Schulfamilie mit Aperol Spritz, Lillet Wildberry, Sekt und Wei\u00dfwein \u2013 ob als Schorle oder pur \u2013 bei uns war f\u00fcr jeden etwas dabei. <\/p>\n<p>Es ist immer wieder sch\u00f6n, Teil des Schulfests zu sein, ehemalige Sch\u00fclerinnen und Sch\u00fcler zu treffen, mit dem Lehrerkollegium zu quatschen und sich mit Eltern und anderen Freunden des RWGs auszutauschen. <\/p>\n<p>Wir, der Verein der Freunde, bedanken uns herzlich bei allen G\u00e4sten, die uns an unserem Stand besucht haben, aber vor allem bei allen Beteiligten, die dazu beigetragen haben, ein unvergessliches Schulfest auf die Beine zu stellen. Ein besonderer Dank gilt dem P-Seminar Italienisch f\u00fcr die mehr als gelungene \u201efesta italiana\u201c. <\/p>\n<p>Wir freuen uns jetzt schon auf das n\u00e4chste Schulfest!<\/p>\n<p><em><strong>Save the Date:<\/strong><br \/>\nAm 28. November 2025 findet unsere Jahreshauptversammlung statt, zu der alle Freunde des RWGs herzlich eingeladen sind. Wir freuen uns \u00fcber Besuch von allen Mitgliedern, aber auch all denen, die es noch werden wollen und uns unterst\u00fctzen wollen!<\/em> <\/p>\n<ul class=\"linkliste\">\n<li><a href=\"https:\/\/www.rwg-bayreuth.de\/home\/wp-content\/uploads\/2021\/11\/Flyer-VdF-RWG.pdf\">Info-Flyer des F\u00f6rdervereins<\/a><\/li>\n<li><a href=\"https:\/\/www.rwg-bayreuth.de\/home\/wp-content\/uploads\/2021\/11\/Beitrittserklaerung-VereinDerFreundeDesRWG.pdf\">Anmeldeformular des F\u00f6rdervereins<\/a><\/li>\n<\/ul>\n","protected":false},"excerpt":{"rendered":"<p>Der Aperol-Stand des Vereins der Freunde geh\u00f6rt inzwischen schon genau so zum Schulfest, wie das Salat- und Kuchenbuffet. Auch beim letzten Schulfest am 29. Juli waren wir vertreten und versorgten die Schulfamilie mit Aperol Spritz, Lillet Wildberry, Sekt und Wei\u00dfwein \u2013 ob als Schorle oder pur \u2013 bei uns war f\u00fcr jeden etwas dabei. Es&hellip;<\/p>\n","protected":false},"author":11,"featured_media":39875,"comment_status":"closed","ping_status":"closed","sticky":false,"template":"","format":"standard","meta":{"footnotes":""},"categories":[1],"tags":[51,115],"_links":{"self":[{"href":"https:\/\/www.rwg-bayreuth.de\/home\/index.php?rest_route=\/wp\/v2\/posts\/39874"}],"collection":[{"href":"https:\/\/www.rwg-bayreuth.de\/home\/index.php?rest_route=\/wp\/v2\/posts"}],"about":[{"href":"https:\/\/www.rwg-bayreuth.de\/home\/index.php?rest_route=\/wp\/v2\/types\/post"}],"author":[{"embeddable":true,"href":"https:\/\/www.rwg-bayreuth.de\/home\/index.php?rest_route=\/wp\/v2\/users\/11"}],"replies":[{"embeddable":true,"href":"https:\/\/www.rwg-bayreuth.de\/home\/index.php?rest_route=%2Fwp%2Fv2%2Fcomments&post=39874"}],"version-history":[{"count":7,"href":"https:\/\/www.rwg-bayreuth.de\/home\/index.php?rest_route=\/wp\/v2\/posts\/39874\/revisions"}],"predecessor-version":[{"id":39898,"href":"https:\/\/www.rwg-bayreuth.de\/home\/index.php?rest_route=\/wp\/v2\/posts\/39874\/revisions\/39898"}],"wp:featuredmedia":[{"embeddable":true,"href":"https:\/\/www.rwg-bayreuth.de\/home\/index.php?rest_route=\/wp\/v2\/media\/39875"}],"wp:attachment":[{"href":"https:\/\/www.rwg-bayreuth.de\/home\/index.php?rest_route=%2Fwp%2Fv2%2Fmedia&parent=39874"}],"wp:term":[{"taxonomy":"category","embeddable":true,"href":"https:\/\/www.rwg-bayreuth.de\/home\/index.php?rest_route=%2Fwp%2Fv2%2Fcategories&post=39874"},{"taxonomy":"post_tag","embeddable":true,"href":"https:\/\/www.rwg-bayreuth.de\/home\/index.php?rest_route=%2Fwp%2Fv2%2Ftags&post=39874"}],"curies":[{"name":"wp","href":"https:\/\/api.w.org\/{rel}","templated":true}]}}