{"id":39852,"date":"2025-07-30T05:05:27","date_gmt":"2025-07-30T03:05:27","guid":{"rendered":"https:\/\/www.rwg-bayreuth.de\/home\/?p=39852"},"modified":"2025-11-17T17:47:22","modified_gmt":"2025-11-17T16:47:22","slug":"una-festa-italiana-am-rwg-ein-gelungenes-schulfest-in-italienischem-stil","status":"publish","type":"post","link":"https:\/\/www.rwg-bayreuth.de\/home\/?p=39852","title":{"rendered":"\u201eUna Festa Italiana\u201c am RWG \u2013 Ein gelungenes Schulfest in italienischem Stil"},"content":{"rendered":"<p><!-- Thiele\n\n--><a href=\"https:\/\/www.rwg-bayreuth.de\/home\/wp-content\/uploads\/2025\/09\/24-25-Schulfest-UnaFestaItaliana-Titelfoto.jpg\"><img loading=\"lazy\" decoding=\"async\" src=\"https:\/\/www.rwg-bayreuth.de\/home\/wp-content\/uploads\/2025\/09\/24-25-Schulfest-UnaFestaItaliana-Titelfoto.jpg\" alt=\"\" width=\"1024\" height=\"768\" class=\"aligncenter size-full wp-image-39853 crop219\" srcset=\"https:\/\/www.rwg-bayreuth.de\/home\/wp-content\/uploads\/2025\/09\/24-25-Schulfest-UnaFestaItaliana-Titelfoto.jpg 1024w, https:\/\/www.rwg-bayreuth.de\/home\/wp-content\/uploads\/2025\/09\/24-25-Schulfest-UnaFestaItaliana-Titelfoto-150x113.jpg 150w, https:\/\/www.rwg-bayreuth.de\/home\/wp-content\/uploads\/2025\/09\/24-25-Schulfest-UnaFestaItaliana-Titelfoto-450x338.jpg 450w, https:\/\/www.rwg-bayreuth.de\/home\/wp-content\/uploads\/2025\/09\/24-25-Schulfest-UnaFestaItaliana-Titelfoto-768x576.jpg 768w, https:\/\/www.rwg-bayreuth.de\/home\/wp-content\/uploads\/2025\/09\/24-25-Schulfest-UnaFestaItaliana-Titelfoto-250x188.jpg 250w\" sizes=\"(max-width: 1024px) 100vw, 1024px\" \/><\/a><\/p>\n<p>Am 29. Juli 2025 feierte das Richard-Wagner-Gymnasium Bayreuth sein traditionelles Schulfest \u2013 diesmal ganz im Zeichen Italiens. Unter dem Motto \u201eUna Festa Italiana\u201c, das vom P-Seminar Italienisch gestaltet wurde, erlebte die gesamte Schulgemeinschaft einen unvergesslichen Nachmittag voller kulinarischer Gen\u00fcsse, spannender Aktionen und bester Stimmung. <\/p>\n<p>F\u00fcr das leibliche Wohl sorgte in bew\u00e4hrter Weise der Elternbeirat, der mit vielf\u00e4ltigen Spezialit\u00e4ten die G\u00e4ste verw\u00f6hnte. Unterst\u00fctzt wurde er dabei tatkr\u00e4ftig von den 11. Klassen sowie der Q12, die sich engagiert in die Bewirtung einbrachten. Der Verein der Freunde des RWG k\u00fcmmerte sich um die Getr\u00e4nkeversorgung und trug damit ma\u00dfgeblich zum Gelingen der Feier bei. <\/p>\n<p>Ein besonderes Highlight waren die zahlreichen Spiel- und Mitmachst\u00e4nde, die von der SMV gemeinsam mit den Klassen organisiert und betreut wurden. Ob H\u00fcpfburg, Gl\u00fccksrad, Wasserquiz oder kreative Angebote wie Taschen bemalen und Glitzertattoos \u2013 f\u00fcr jede Altersgruppe war etwas dabei. Die Vielfalt reichte von sportlichen Aktivit\u00e4ten wie Basketball, Kegeln oder Bobbycarrennen bis hin zu Geschicklichkeitsspielen und kleinen Gewinnaktionen. <\/p>\n<p>Ab 17 Uhr sorgte DJ-Musik f\u00fcr die passende Stimmung und lud zum Verweilen, Tanzen und Feiern ein. \u00dcberall war zu sp\u00fcren, wie sehr die Schulgemeinschaft \u2013 Sch\u00fcler, Lehrer, Eltern und Freunde \u2013 zusammengewirkt hatte, um diesen Tag zu einem besonderen Erlebnis zu machen. <\/p>\n<div class=\"su-image-carousel  clear su-image-carousel-columns-3 su-image-carousel-has-spacing su-image-carousel-crop su-image-carousel-crop-4-3 su-image-carousel-has-lightbox su-image-carousel-has-outline su-image-carousel-slides-style-minimal su-image-carousel-controls-style-light su-image-carousel-align-center\" style=\"\" data-flickity-options='{\"groupCells\":true,\"cellSelector\":\".su-image-carousel-item\",\"adaptiveHeight\":false,\"cellAlign\":\"left\",\"prevNextButtons\":true,\"pageDots\":false,\"autoPlay\":4000,\"imagesLoaded\":true,\"contain\":true,\"selectedAttraction\":0.025000000000000001,\"friction\":0.28000000000000003}' id=\"su_image_carousel_69f1c1712bd1a\"><div class=\"su-image-carousel-item\"><div class=\"su-image-carousel-item-content\"><a href=\"https:\/\/www.rwg-bayreuth.de\/home\/wp-content\/uploads\/2025\/09\/24-25-Schulfest-UnaFestaItaliana-Bild-1.jpg\" data-caption=\"\"><img loading=\"lazy\" decoding=\"async\" width=\"1024\" height=\"622\" src=\"https:\/\/www.rwg-bayreuth.de\/home\/wp-content\/uploads\/2025\/09\/24-25-Schulfest-UnaFestaItaliana-Bild-1.jpg\" class=\"\" alt=\"\" srcset=\"https:\/\/www.rwg-bayreuth.de\/home\/wp-content\/uploads\/2025\/09\/24-25-Schulfest-UnaFestaItaliana-Bild-1.jpg 1024w, https:\/\/www.rwg-bayreuth.de\/home\/wp-content\/uploads\/2025\/09\/24-25-Schulfest-UnaFestaItaliana-Bild-1-150x91.jpg 150w, https:\/\/www.rwg-bayreuth.de\/home\/wp-content\/uploads\/2025\/09\/24-25-Schulfest-UnaFestaItaliana-Bild-1-450x273.jpg 450w, https:\/\/www.rwg-bayreuth.de\/home\/wp-content\/uploads\/2025\/09\/24-25-Schulfest-UnaFestaItaliana-Bild-1-768x467.jpg 768w, https:\/\/www.rwg-bayreuth.de\/home\/wp-content\/uploads\/2025\/09\/24-25-Schulfest-UnaFestaItaliana-Bild-1-250x152.jpg 250w\" sizes=\"(max-width: 1024px) 100vw, 1024px\" \/><\/a><\/div><\/div><div class=\"su-image-carousel-item\"><div class=\"su-image-carousel-item-content\"><a href=\"https:\/\/www.rwg-bayreuth.de\/home\/wp-content\/uploads\/2025\/09\/24-25-Schulfest-UnaFestaItaliana-Bild-2.jpg\" data-caption=\"\"><img loading=\"lazy\" decoding=\"async\" width=\"1024\" height=\"748\" src=\"https:\/\/www.rwg-bayreuth.de\/home\/wp-content\/uploads\/2025\/09\/24-25-Schulfest-UnaFestaItaliana-Bild-2.jpg\" class=\"\" alt=\"\" srcset=\"https:\/\/www.rwg-bayreuth.de\/home\/wp-content\/uploads\/2025\/09\/24-25-Schulfest-UnaFestaItaliana-Bild-2.jpg 1024w, https:\/\/www.rwg-bayreuth.de\/home\/wp-content\/uploads\/2025\/09\/24-25-Schulfest-UnaFestaItaliana-Bild-2-150x110.jpg 150w, https:\/\/www.rwg-bayreuth.de\/home\/wp-content\/uploads\/2025\/09\/24-25-Schulfest-UnaFestaItaliana-Bild-2-450x329.jpg 450w, https:\/\/www.rwg-bayreuth.de\/home\/wp-content\/uploads\/2025\/09\/24-25-Schulfest-UnaFestaItaliana-Bild-2-768x561.jpg 768w, https:\/\/www.rwg-bayreuth.de\/home\/wp-content\/uploads\/2025\/09\/24-25-Schulfest-UnaFestaItaliana-Bild-2-250x183.jpg 250w\" sizes=\"(max-width: 1024px) 100vw, 1024px\" \/><\/a><\/div><\/div><div class=\"su-image-carousel-item\"><div class=\"su-image-carousel-item-content\"><a href=\"https:\/\/www.rwg-bayreuth.de\/home\/wp-content\/uploads\/2025\/09\/24-25-Schulfest-UnaFestaItaliana-Bild-3.jpg\" data-caption=\"\"><img loading=\"lazy\" decoding=\"async\" width=\"1024\" height=\"590\" src=\"https:\/\/www.rwg-bayreuth.de\/home\/wp-content\/uploads\/2025\/09\/24-25-Schulfest-UnaFestaItaliana-Bild-3.jpg\" class=\"\" alt=\"\" srcset=\"https:\/\/www.rwg-bayreuth.de\/home\/wp-content\/uploads\/2025\/09\/24-25-Schulfest-UnaFestaItaliana-Bild-3.jpg 1024w, https:\/\/www.rwg-bayreuth.de\/home\/wp-content\/uploads\/2025\/09\/24-25-Schulfest-UnaFestaItaliana-Bild-3-150x86.jpg 150w, https:\/\/www.rwg-bayreuth.de\/home\/wp-content\/uploads\/2025\/09\/24-25-Schulfest-UnaFestaItaliana-Bild-3-450x259.jpg 450w, https:\/\/www.rwg-bayreuth.de\/home\/wp-content\/uploads\/2025\/09\/24-25-Schulfest-UnaFestaItaliana-Bild-3-768x443.jpg 768w, https:\/\/www.rwg-bayreuth.de\/home\/wp-content\/uploads\/2025\/09\/24-25-Schulfest-UnaFestaItaliana-Bild-3-250x144.jpg 250w\" sizes=\"(max-width: 1024px) 100vw, 1024px\" \/><\/a><\/div><\/div><\/div><script id=\"su_image_carousel_69f1c1712bd1a_script\">if(window.SUImageCarousel){setTimeout(function() {window.SUImageCarousel.initGallery(document.getElementById(\"su_image_carousel_69f1c1712bd1a\"))}, 0);}var su_image_carousel_69f1c1712bd1a_script=document.getElementById(\"su_image_carousel_69f1c1712bd1a_script\");if(su_image_carousel_69f1c1712bd1a_script){su_image_carousel_69f1c1712bd1a_script.parentNode.removeChild(su_image_carousel_69f1c1712bd1a_script);}<\/script>\n<p>Doch damit nicht genug: Als Schulfamilie wollten wir auch an diejenigen denken, die es im Leben nicht so leicht haben wie wir. Aus den Einnahmen der Klassen wurden Spenden in H\u00f6he von \u00fcber 600\u20ac gesammelt, die an die Kinderhilfe \u201eDry Lands\u201c in Sri Lanka sowie an die internationale Hilfsorganisation \u201eSave the Children\u201c \u00fcberwiesen wurden. Damit konnten wir einen kleinen, aber wichtigen Beitrag leisten, um Kindern in schwierigen Lebenssituationen zu helfen. <\/p>\n<p>Das RWG-Schulfest 2025 zeigte einmal mehr, wie stark die Verbundenheit aller Beteiligten ist. Mit viel Einsatz, Kreativit\u00e4t und Herzblut wurde ein Fest auf die Beine gestellt, das den italienischen Charme auf besondere Weise nach Bayreuth brachte und sicherlich allen lange in Erinnerung bleiben wird. <\/p>\n<p><em>Von euren Verbindungslehrkr\u00e4ften Astrid Jurenka und Fred Thiele<\/em><\/p>\n","protected":false},"excerpt":{"rendered":"<p>Am 29. Juli 2025 feierte das Richard-Wagner-Gymnasium Bayreuth sein traditionelles Schulfest \u2013 diesmal ganz im Zeichen Italiens. Unter dem Motto \u201eUna Festa Italiana\u201c, das vom P-Seminar Italienisch gestaltet wurde, erlebte die gesamte Schulgemeinschaft einen unvergesslichen Nachmittag voller kulinarischer Gen\u00fcsse, spannender Aktionen und bester Stimmung. F\u00fcr das leibliche Wohl sorgte in bew\u00e4hrter Weise der Elternbeirat, der&hellip;<\/p>\n","protected":false},"author":11,"featured_media":39859,"comment_status":"closed","ping_status":"closed","sticky":false,"template":"","format":"standard","meta":{"footnotes":""},"categories":[1],"tags":[51],"_links":{"self":[{"href":"https:\/\/www.rwg-bayreuth.de\/home\/index.php?rest_route=\/wp\/v2\/posts\/39852"}],"collection":[{"href":"https:\/\/www.rwg-bayreuth.de\/home\/index.php?rest_route=\/wp\/v2\/posts"}],"about":[{"href":"https:\/\/www.rwg-bayreuth.de\/home\/index.php?rest_route=\/wp\/v2\/types\/post"}],"author":[{"embeddable":true,"href":"https:\/\/www.rwg-bayreuth.de\/home\/index.php?rest_route=\/wp\/v2\/users\/11"}],"replies":[{"embeddable":true,"href":"https:\/\/www.rwg-bayreuth.de\/home\/index.php?rest_route=%2Fwp%2Fv2%2Fcomments&post=39852"}],"version-history":[{"count":5,"href":"https:\/\/www.rwg-bayreuth.de\/home\/index.php?rest_route=\/wp\/v2\/posts\/39852\/revisions"}],"predecessor-version":[{"id":39899,"href":"https:\/\/www.rwg-bayreuth.de\/home\/index.php?rest_route=\/wp\/v2\/posts\/39852\/revisions\/39899"}],"wp:featuredmedia":[{"embeddable":true,"href":"https:\/\/www.rwg-bayreuth.de\/home\/index.php?rest_route=\/wp\/v2\/media\/39859"}],"wp:attachment":[{"href":"https:\/\/www.rwg-bayreuth.de\/home\/index.php?rest_route=%2Fwp%2Fv2%2Fmedia&parent=39852"}],"wp:term":[{"taxonomy":"category","embeddable":true,"href":"https:\/\/www.rwg-bayreuth.de\/home\/index.php?rest_route=%2Fwp%2Fv2%2Fcategories&post=39852"},{"taxonomy":"post_tag","embeddable":true,"href":"https:\/\/www.rwg-bayreuth.de\/home\/index.php?rest_route=%2Fwp%2Fv2%2Ftags&post=39852"}],"curies":[{"name":"wp","href":"https:\/\/api.w.org\/{rel}","templated":true}]}}