{"id":39825,"date":"2025-09-19T13:56:52","date_gmt":"2025-09-19T11:56:52","guid":{"rendered":"https:\/\/www.rwg-bayreuth.de\/home\/?p=39825"},"modified":"2026-03-06T15:02:09","modified_gmt":"2026-03-06T14:02:09","slug":"ausbildungstag-der-medienscouts-2025-ein-tag-voller-impulse-und-inspiration","status":"publish","type":"post","link":"https:\/\/www.rwg-bayreuth.de\/home\/?p=39825","title":{"rendered":"Ausbildungstag der Medienscouts 2025 \u2013 Ein Tag voller Impulse und Inspiration"},"content":{"rendered":"<p><!-- Babl\n\n--><a href=\"https:\/\/www.rwg-bayreuth.de\/home\/wp-content\/uploads\/2025\/09\/25-26-AusbildungstagMedienscouts-B.jpg\"><img loading=\"lazy\" decoding=\"async\" src=\"https:\/\/www.rwg-bayreuth.de\/home\/wp-content\/uploads\/2025\/09\/25-26-AusbildungstagMedienscouts-B.jpg\" alt=\"\" width=\"1024\" height=\"683\" class=\"aligncenter size-full wp-image-39827 crop219top\" srcset=\"https:\/\/www.rwg-bayreuth.de\/home\/wp-content\/uploads\/2025\/09\/25-26-AusbildungstagMedienscouts-B.jpg 1024w, https:\/\/www.rwg-bayreuth.de\/home\/wp-content\/uploads\/2025\/09\/25-26-AusbildungstagMedienscouts-B-150x100.jpg 150w, https:\/\/www.rwg-bayreuth.de\/home\/wp-content\/uploads\/2025\/09\/25-26-AusbildungstagMedienscouts-B-450x300.jpg 450w, https:\/\/www.rwg-bayreuth.de\/home\/wp-content\/uploads\/2025\/09\/25-26-AusbildungstagMedienscouts-B-768x512.jpg 768w, https:\/\/www.rwg-bayreuth.de\/home\/wp-content\/uploads\/2025\/09\/25-26-AusbildungstagMedienscouts-B-250x167.jpg 250w, https:\/\/www.rwg-bayreuth.de\/home\/wp-content\/uploads\/2025\/09\/25-26-AusbildungstagMedienscouts-B-900x600.jpg 900w\" sizes=\"(max-width: 1024px) 100vw, 1024px\" \/><\/a><\/p>\n<p>Am 18. September 2025 nahmen unsere neuen sowie erfahrenen Medienscouts am diesj\u00e4hrigen Ausbildungstag der Medienscouts Oberfranken an der Universit\u00e4t Bayreuth teil. Gemeinsam mit vielen engagierten Jugendlichen aus der Region erwartete sie ein abwechslungsreiches und inhaltsstarkes Programm.<br \/>\nNach dem offiziellen Empfang und der Begr\u00fc\u00dfung durch Alfons Hrubesch von der Opferhilfe Oberfranken sowie durch Vertreterinnen und Vertreter aus Politik, Hochschule und Polizei stand bereits am Vormittag ein besonderes Highlight auf dem Programm: Lijana Kaggwa, bekannt aus \u201eGermany\u2019s Next Topmodel\u201c, sprach eindrucksvoll \u00fcber ihre pers\u00f6nlichen Erfahrungen mit Cybermobbing. Offen, ehrlich und tief bewegend schilderte sie, welchen massiven psychischen Belastungen sie durch digitale Anfeindungen ausgesetzt war. Gleichzeitig gab sie unseren Medienscouts wertvolle Impulse und Strategien f\u00fcr den konstruktiven Umgang mit Hass im Netz. Ihr authentischer Vortrag hinterlie\u00df einen bleibenden Eindruck und st\u00e4rkte das Bewusstsein f\u00fcr mehr Zivilcourage und digitale Verantwortung.<br \/>\n<a href=\"https:\/\/www.rwg-bayreuth.de\/home\/wp-content\/uploads\/2025\/09\/24-25-AusbildungstageMedienscouts-6.jpg\"><img loading=\"lazy\" decoding=\"async\" src=\"https:\/\/www.rwg-bayreuth.de\/home\/wp-content\/uploads\/2025\/09\/24-25-AusbildungstageMedienscouts-6.jpg\" alt=\"\" width=\"300\" height=\"450\" class=\"alignright size-full wp-image-39836\" style=\"max-width: 30%;\" \/><\/a>Nach dem gemeinsamen Mittagessen folgte der praxisorientierte Teil des Tages: In verschiedenen Workshops setzten sich die Teilnehmenden mit aktuellen Herausforderungen im digitalen Raum auseinander. Besonderer Dank gilt dabei unseren beiden Sch\u00fclerinnen Lara Gruber und Annika Scheder, die am Nachmittag selbst einen Workshop zum Thema Soziale Netzwerke geleitet haben. Mit viel Engagement und Fachwissen beleuchteten sie Chancen und Risiken von Plattformen wie Instagram, TikTok &#038; Co. und entwickelten gemeinsam mit den Teilnehmenden Strategien f\u00fcr einen bewussten und sicheren Umgang im Social Web. Ihr Beitrag wurde durchweg positiv aufgenommen und war ein voller Erfolg.<br \/>\nBegleitet wurde der gesamte Tag von musikalischen Einlagen der Band Lina B\u00f3, die mit Songs zu Themen wie Respekt, Toleranz und Hoffnung die Botschaft des Tages auf besondere Weise unterst\u00fctzte.<\/p>\n<div class=\"su-image-carousel  clear su-image-carousel-columns-3 su-image-carousel-has-spacing su-image-carousel-crop su-image-carousel-crop-4-3 su-image-carousel-has-lightbox su-image-carousel-has-outline su-image-carousel-slides-style-minimal su-image-carousel-controls-style-light su-image-carousel-align-center\" style=\"\" data-flickity-options='{\"groupCells\":true,\"cellSelector\":\".su-image-carousel-item\",\"adaptiveHeight\":false,\"cellAlign\":\"left\",\"prevNextButtons\":true,\"pageDots\":false,\"autoPlay\":4000,\"imagesLoaded\":true,\"contain\":true,\"selectedAttraction\":0.025000000000000001,\"friction\":0.28000000000000003}' id=\"su_image_carousel_69f1be3b44de9\"><div class=\"su-image-carousel-item\"><div class=\"su-image-carousel-item-content\"><a href=\"https:\/\/www.rwg-bayreuth.de\/home\/wp-content\/uploads\/2025\/09\/24-25-AusbildungstageMedienscouts-1.jpg\" data-caption=\"\"><img loading=\"lazy\" decoding=\"async\" width=\"1024\" height=\"768\" src=\"https:\/\/www.rwg-bayreuth.de\/home\/wp-content\/uploads\/2025\/09\/24-25-AusbildungstageMedienscouts-1.jpg\" class=\"\" alt=\"\" srcset=\"https:\/\/www.rwg-bayreuth.de\/home\/wp-content\/uploads\/2025\/09\/24-25-AusbildungstageMedienscouts-1.jpg 1024w, https:\/\/www.rwg-bayreuth.de\/home\/wp-content\/uploads\/2025\/09\/24-25-AusbildungstageMedienscouts-1-150x113.jpg 150w, https:\/\/www.rwg-bayreuth.de\/home\/wp-content\/uploads\/2025\/09\/24-25-AusbildungstageMedienscouts-1-450x338.jpg 450w, https:\/\/www.rwg-bayreuth.de\/home\/wp-content\/uploads\/2025\/09\/24-25-AusbildungstageMedienscouts-1-768x576.jpg 768w, https:\/\/www.rwg-bayreuth.de\/home\/wp-content\/uploads\/2025\/09\/24-25-AusbildungstageMedienscouts-1-250x188.jpg 250w\" sizes=\"(max-width: 1024px) 100vw, 1024px\" \/><\/a><\/div><\/div><div class=\"su-image-carousel-item\"><div class=\"su-image-carousel-item-content\"><a href=\"https:\/\/www.rwg-bayreuth.de\/home\/wp-content\/uploads\/2025\/09\/24-25-AusbildungstageMedienscouts-2.jpg\" data-caption=\"\"><img loading=\"lazy\" decoding=\"async\" width=\"768\" height=\"1024\" src=\"https:\/\/www.rwg-bayreuth.de\/home\/wp-content\/uploads\/2025\/09\/24-25-AusbildungstageMedienscouts-2.jpg\" class=\"\" alt=\"\" srcset=\"https:\/\/www.rwg-bayreuth.de\/home\/wp-content\/uploads\/2025\/09\/24-25-AusbildungstageMedienscouts-2.jpg 768w, https:\/\/www.rwg-bayreuth.de\/home\/wp-content\/uploads\/2025\/09\/24-25-AusbildungstageMedienscouts-2-113x150.jpg 113w, https:\/\/www.rwg-bayreuth.de\/home\/wp-content\/uploads\/2025\/09\/24-25-AusbildungstageMedienscouts-2-338x450.jpg 338w, https:\/\/www.rwg-bayreuth.de\/home\/wp-content\/uploads\/2025\/09\/24-25-AusbildungstageMedienscouts-2-250x333.jpg 250w\" sizes=\"(max-width: 768px) 100vw, 768px\" \/><\/a><\/div><\/div><div class=\"su-image-carousel-item\"><div class=\"su-image-carousel-item-content\"><a href=\"https:\/\/www.rwg-bayreuth.de\/home\/wp-content\/uploads\/2025\/09\/24-25-AusbildungstageMedienscouts-3.jpg\" data-caption=\"\"><img loading=\"lazy\" decoding=\"async\" width=\"1024\" height=\"768\" src=\"https:\/\/www.rwg-bayreuth.de\/home\/wp-content\/uploads\/2025\/09\/24-25-AusbildungstageMedienscouts-3.jpg\" class=\"\" alt=\"\" srcset=\"https:\/\/www.rwg-bayreuth.de\/home\/wp-content\/uploads\/2025\/09\/24-25-AusbildungstageMedienscouts-3.jpg 1024w, https:\/\/www.rwg-bayreuth.de\/home\/wp-content\/uploads\/2025\/09\/24-25-AusbildungstageMedienscouts-3-150x113.jpg 150w, https:\/\/www.rwg-bayreuth.de\/home\/wp-content\/uploads\/2025\/09\/24-25-AusbildungstageMedienscouts-3-450x338.jpg 450w, https:\/\/www.rwg-bayreuth.de\/home\/wp-content\/uploads\/2025\/09\/24-25-AusbildungstageMedienscouts-3-768x576.jpg 768w, https:\/\/www.rwg-bayreuth.de\/home\/wp-content\/uploads\/2025\/09\/24-25-AusbildungstageMedienscouts-3-250x188.jpg 250w\" sizes=\"(max-width: 1024px) 100vw, 1024px\" \/><\/a><\/div><\/div><div class=\"su-image-carousel-item\"><div class=\"su-image-carousel-item-content\"><a href=\"https:\/\/www.rwg-bayreuth.de\/home\/wp-content\/uploads\/2025\/09\/24-25-AusbildungstageMedienscouts-4.jpg\" data-caption=\"\"><img loading=\"lazy\" decoding=\"async\" width=\"1024\" height=\"768\" src=\"https:\/\/www.rwg-bayreuth.de\/home\/wp-content\/uploads\/2025\/09\/24-25-AusbildungstageMedienscouts-4.jpg\" class=\"\" alt=\"\" srcset=\"https:\/\/www.rwg-bayreuth.de\/home\/wp-content\/uploads\/2025\/09\/24-25-AusbildungstageMedienscouts-4.jpg 1024w, https:\/\/www.rwg-bayreuth.de\/home\/wp-content\/uploads\/2025\/09\/24-25-AusbildungstageMedienscouts-4-150x113.jpg 150w, https:\/\/www.rwg-bayreuth.de\/home\/wp-content\/uploads\/2025\/09\/24-25-AusbildungstageMedienscouts-4-450x338.jpg 450w, https:\/\/www.rwg-bayreuth.de\/home\/wp-content\/uploads\/2025\/09\/24-25-AusbildungstageMedienscouts-4-768x576.jpg 768w, https:\/\/www.rwg-bayreuth.de\/home\/wp-content\/uploads\/2025\/09\/24-25-AusbildungstageMedienscouts-4-250x188.jpg 250w\" sizes=\"(max-width: 1024px) 100vw, 1024px\" \/><\/a><\/div><\/div><div class=\"su-image-carousel-item\"><div class=\"su-image-carousel-item-content\"><a href=\"https:\/\/www.rwg-bayreuth.de\/home\/wp-content\/uploads\/2025\/09\/24-25-AusbildungstageMedienscouts-5.jpg\" data-caption=\"\"><img loading=\"lazy\" decoding=\"async\" width=\"1024\" height=\"552\" src=\"https:\/\/www.rwg-bayreuth.de\/home\/wp-content\/uploads\/2025\/09\/24-25-AusbildungstageMedienscouts-5.jpg\" class=\"\" alt=\"\" srcset=\"https:\/\/www.rwg-bayreuth.de\/home\/wp-content\/uploads\/2025\/09\/24-25-AusbildungstageMedienscouts-5.jpg 1024w, https:\/\/www.rwg-bayreuth.de\/home\/wp-content\/uploads\/2025\/09\/24-25-AusbildungstageMedienscouts-5-150x81.jpg 150w, https:\/\/www.rwg-bayreuth.de\/home\/wp-content\/uploads\/2025\/09\/24-25-AusbildungstageMedienscouts-5-450x243.jpg 450w, https:\/\/www.rwg-bayreuth.de\/home\/wp-content\/uploads\/2025\/09\/24-25-AusbildungstageMedienscouts-5-768x414.jpg 768w, https:\/\/www.rwg-bayreuth.de\/home\/wp-content\/uploads\/2025\/09\/24-25-AusbildungstageMedienscouts-5-250x135.jpg 250w\" sizes=\"(max-width: 1024px) 100vw, 1024px\" \/><\/a><\/div><\/div><\/div><script id=\"su_image_carousel_69f1be3b44de9_script\">if(window.SUImageCarousel){setTimeout(function() {window.SUImageCarousel.initGallery(document.getElementById(\"su_image_carousel_69f1be3b44de9\"))}, 0);}var su_image_carousel_69f1be3b44de9_script=document.getElementById(\"su_image_carousel_69f1be3b44de9_script\");if(su_image_carousel_69f1be3b44de9_script){su_image_carousel_69f1be3b44de9_script.parentNode.removeChild(su_image_carousel_69f1be3b44de9_script);}<\/script>\n<p>Wir danken besonders Alfons Hrubesch und Susanne Werner von der Opferhilfe Oberfranken f\u00fcr ihre tolle Organisation sowie allen Mitwirkenden f\u00fcr diesen bereichernden Tag und freuen uns auf die weitere Arbeit unserer Medienscouts \u2013 gest\u00e4rkt, motiviert und mit neuen Impulsen f\u00fcr den Schulalltag.<\/p>\n<p><em>Fabian Babl<\/em><\/p>\n","protected":false},"excerpt":{"rendered":"<p>Am 18. September 2025 nahmen unsere neuen sowie erfahrenen Medienscouts am diesj\u00e4hrigen Ausbildungstag der Medienscouts Oberfranken an der Universit\u00e4t Bayreuth teil. Gemeinsam mit vielen engagierten Jugendlichen aus der Region erwartete sie ein abwechslungsreiches und inhaltsstarkes Programm. Nach dem offiziellen Empfang und der Begr\u00fc\u00dfung durch Alfons Hrubesch von der Opferhilfe Oberfranken sowie durch Vertreterinnen und Vertreter&hellip;<\/p>\n","protected":false},"author":11,"featured_media":39827,"comment_status":"closed","ping_status":"closed","sticky":false,"template":"","format":"standard","meta":{"footnotes":""},"categories":[1],"tags":[147,51,122],"_links":{"self":[{"href":"https:\/\/www.rwg-bayreuth.de\/home\/index.php?rest_route=\/wp\/v2\/posts\/39825"}],"collection":[{"href":"https:\/\/www.rwg-bayreuth.de\/home\/index.php?rest_route=\/wp\/v2\/posts"}],"about":[{"href":"https:\/\/www.rwg-bayreuth.de\/home\/index.php?rest_route=\/wp\/v2\/types\/post"}],"author":[{"embeddable":true,"href":"https:\/\/www.rwg-bayreuth.de\/home\/index.php?rest_route=\/wp\/v2\/users\/11"}],"replies":[{"embeddable":true,"href":"https:\/\/www.rwg-bayreuth.de\/home\/index.php?rest_route=%2Fwp%2Fv2%2Fcomments&post=39825"}],"version-history":[{"count":6,"href":"https:\/\/www.rwg-bayreuth.de\/home\/index.php?rest_route=\/wp\/v2\/posts\/39825\/revisions"}],"predecessor-version":[{"id":39901,"href":"https:\/\/www.rwg-bayreuth.de\/home\/index.php?rest_route=\/wp\/v2\/posts\/39825\/revisions\/39901"}],"wp:featuredmedia":[{"embeddable":true,"href":"https:\/\/www.rwg-bayreuth.de\/home\/index.php?rest_route=\/wp\/v2\/media\/39827"}],"wp:attachment":[{"href":"https:\/\/www.rwg-bayreuth.de\/home\/index.php?rest_route=%2Fwp%2Fv2%2Fmedia&parent=39825"}],"wp:term":[{"taxonomy":"category","embeddable":true,"href":"https:\/\/www.rwg-bayreuth.de\/home\/index.php?rest_route=%2Fwp%2Fv2%2Fcategories&post=39825"},{"taxonomy":"post_tag","embeddable":true,"href":"https:\/\/www.rwg-bayreuth.de\/home\/index.php?rest_route=%2Fwp%2Fv2%2Ftags&post=39825"}],"curies":[{"name":"wp","href":"https:\/\/api.w.org\/{rel}","templated":true}]}}