{"id":39326,"date":"2025-07-09T05:30:01","date_gmt":"2025-07-09T03:30:01","guid":{"rendered":"https:\/\/www.rwg-bayreuth.de\/home\/?p=39326"},"modified":"2025-09-08T13:15:53","modified_gmt":"2025-09-08T11:15:53","slug":"kreativitaet-ausgezeichnet-preisverleihung-zum-cover-wettbewerb-des-hausaufgabenhaeffts","status":"publish","type":"post","link":"https:\/\/www.rwg-bayreuth.de\/home\/?p=39326","title":{"rendered":"Kreativit\u00e4t ausgezeichnet \u2013 Preisverleihung zum Cover-Wettbewerb des Hausaufgabenh\u00e4ffts"},"content":{"rendered":"<p><!-- Sch\u00f6nl\n\n--><a href=\"https:\/\/www.rwg-bayreuth.de\/home\/wp-content\/uploads\/2025\/08\/24-25-Preisverleihung-Haefft-Wettbewerb.jpg\"><img loading=\"lazy\" decoding=\"async\" src=\"https:\/\/www.rwg-bayreuth.de\/home\/wp-content\/uploads\/2025\/08\/24-25-Preisverleihung-Haefft-Wettbewerb.jpg\" alt=\"\" width=\"1024\" height=\"824\" class=\"aligncenter size-full wp-image-39333 crop219top\" srcset=\"https:\/\/www.rwg-bayreuth.de\/home\/wp-content\/uploads\/2025\/08\/24-25-Preisverleihung-Haefft-Wettbewerb.jpg 1024w, https:\/\/www.rwg-bayreuth.de\/home\/wp-content\/uploads\/2025\/08\/24-25-Preisverleihung-Haefft-Wettbewerb-150x121.jpg 150w, https:\/\/www.rwg-bayreuth.de\/home\/wp-content\/uploads\/2025\/08\/24-25-Preisverleihung-Haefft-Wettbewerb-450x362.jpg 450w, https:\/\/www.rwg-bayreuth.de\/home\/wp-content\/uploads\/2025\/08\/24-25-Preisverleihung-Haefft-Wettbewerb-768x618.jpg 768w, https:\/\/www.rwg-bayreuth.de\/home\/wp-content\/uploads\/2025\/08\/24-25-Preisverleihung-Haefft-Wettbewerb-250x201.jpg 250w\" sizes=\"(max-width: 1024px) 100vw, 1024px\" \/><\/a><\/p>\n<p>In diesem Schuljahr wurde am Richard-Wagner-Gymnasium wieder kreativ gestaltet: Unter dem Motto <strong>\u201eFr\u00fchling am RWG\u201c<\/strong> konnten Sch\u00fclerinnen und Sch\u00fcler am Wettbewerb zur Gestaltung des Covers unseres neuen Hausaufgabenh\u00e4ffts f\u00fcr das Schuljahr 2025\/26 teilnehmen.<\/p>\n<p>Ob gemaltes Bild oder kreative Fotografie \u2013 die Einsendungen zeigten eindrucksvoll, wie vielf\u00e4ltig und fantasievoll der Fr\u00fchling an unserer Schule erlebt wird. Eine Jury aus Lehrkr\u00e4ften w\u00e4hlte schlie\u00dflich die drei besten Beitr\u00e4ge aus, die bei einer kleinen Preisverleihung geehrt wurden.<\/p>\n<p><a href=\"https:\/\/www.rwg-bayreuth.de\/home\/wp-content\/uploads\/2025\/08\/24-25-Preisverleihung-Haefft-Wettbewerb-Gewinnercover.jpg\"><img loading=\"lazy\" decoding=\"async\" src=\"https:\/\/www.rwg-bayreuth.de\/home\/wp-content\/uploads\/2025\/08\/24-25-Preisverleihung-Haefft-Wettbewerb-Gewinnercover.jpg\" alt=\"\" width=\"1208\" height=\"910\" class=\"aligncenter size-full wp-image-39330 crop219\" srcset=\"https:\/\/www.rwg-bayreuth.de\/home\/wp-content\/uploads\/2025\/08\/24-25-Preisverleihung-Haefft-Wettbewerb-Gewinnercover.jpg 1208w, https:\/\/www.rwg-bayreuth.de\/home\/wp-content\/uploads\/2025\/08\/24-25-Preisverleihung-Haefft-Wettbewerb-Gewinnercover-150x113.jpg 150w, https:\/\/www.rwg-bayreuth.de\/home\/wp-content\/uploads\/2025\/08\/24-25-Preisverleihung-Haefft-Wettbewerb-Gewinnercover-450x339.jpg 450w, https:\/\/www.rwg-bayreuth.de\/home\/wp-content\/uploads\/2025\/08\/24-25-Preisverleihung-Haefft-Wettbewerb-Gewinnercover-768x579.jpg 768w, https:\/\/www.rwg-bayreuth.de\/home\/wp-content\/uploads\/2025\/08\/24-25-Preisverleihung-Haefft-Wettbewerb-Gewinnercover-1024x771.jpg 1024w, https:\/\/www.rwg-bayreuth.de\/home\/wp-content\/uploads\/2025\/08\/24-25-Preisverleihung-Haefft-Wettbewerb-Gewinnercover-250x188.jpg 250w\" sizes=\"(max-width: 1208px) 100vw, 1208px\" \/><\/a><\/p>\n<p>Den <strong>1. Platz<\/strong> belegte <strong>Emma Ibler (6c)<\/strong> mit ihrem stimmungsvollen Bild einer <strong>gr\u00fcnen Wiese mit Tautropfen<\/strong>, das nun das Cover unseres neuen Hausaufgabenh\u00e4ffts zieren wird. Der <strong>2. Platz<\/strong> ging an <strong>Pauline Biedermann <\/strong><strong>und<\/strong><strong> Lara G\u00fcrkan (5c)<\/strong> f\u00fcr ihre gemeinsame Fotoarbeit, den <strong>3. Platz<\/strong> erreichte <strong>Hannes Bauer (7b)<\/strong> mit einem farbenfrohen Fr\u00fchlingsmotiv.<\/p>\n<div class=\"su-image-carousel  clear su-image-carousel-columns-2 su-image-carousel-has-spacing su-image-carousel-crop su-image-carousel-crop-4-3 su-image-carousel-has-lightbox su-image-carousel-has-outline su-image-carousel-slides-style-minimal su-image-carousel-controls-style-light su-image-carousel-align-center\" style=\"\" data-flickity-options='{\"groupCells\":true,\"cellSelector\":\".su-image-carousel-item\",\"adaptiveHeight\":false,\"cellAlign\":\"left\",\"prevNextButtons\":true,\"pageDots\":false,\"autoPlay\":4000,\"imagesLoaded\":true,\"contain\":true,\"selectedAttraction\":0.025000000000000001,\"friction\":0.28000000000000003}' id=\"su_image_carousel_69f1cada3896f\"><div class=\"su-image-carousel-item\"><div class=\"su-image-carousel-item-content\"><a href=\"https:\/\/www.rwg-bayreuth.de\/home\/wp-content\/uploads\/2025\/08\/24-25-Preisverleihung-Haefft-Wettbewerb-Platz2.jpg\" data-caption=\"Platz 2\"><img loading=\"lazy\" decoding=\"async\" width=\"1600\" height=\"1322\" src=\"https:\/\/www.rwg-bayreuth.de\/home\/wp-content\/uploads\/2025\/08\/24-25-Preisverleihung-Haefft-Wettbewerb-Platz2.jpg\" class=\"\" alt=\"\" srcset=\"https:\/\/www.rwg-bayreuth.de\/home\/wp-content\/uploads\/2025\/08\/24-25-Preisverleihung-Haefft-Wettbewerb-Platz2.jpg 1600w, https:\/\/www.rwg-bayreuth.de\/home\/wp-content\/uploads\/2025\/08\/24-25-Preisverleihung-Haefft-Wettbewerb-Platz2-1536x1269.jpg 1536w, https:\/\/www.rwg-bayreuth.de\/home\/wp-content\/uploads\/2025\/08\/24-25-Preisverleihung-Haefft-Wettbewerb-Platz2-150x124.jpg 150w, https:\/\/www.rwg-bayreuth.de\/home\/wp-content\/uploads\/2025\/08\/24-25-Preisverleihung-Haefft-Wettbewerb-Platz2-450x372.jpg 450w, https:\/\/www.rwg-bayreuth.de\/home\/wp-content\/uploads\/2025\/08\/24-25-Preisverleihung-Haefft-Wettbewerb-Platz2-768x635.jpg 768w, https:\/\/www.rwg-bayreuth.de\/home\/wp-content\/uploads\/2025\/08\/24-25-Preisverleihung-Haefft-Wettbewerb-Platz2-1024x846.jpg 1024w, https:\/\/www.rwg-bayreuth.de\/home\/wp-content\/uploads\/2025\/08\/24-25-Preisverleihung-Haefft-Wettbewerb-Platz2-250x207.jpg 250w\" sizes=\"(max-width: 1600px) 100vw, 1600px\" \/><span>Platz 2<\/span><\/a><\/div><\/div><div class=\"su-image-carousel-item\"><div class=\"su-image-carousel-item-content\"><a href=\"https:\/\/www.rwg-bayreuth.de\/home\/wp-content\/uploads\/2025\/08\/24-25-Preisverleihung-Haefft-Wettbewerb-Platz3.jpg\" data-caption=\"Platz 3\"><img loading=\"lazy\" decoding=\"async\" width=\"1884\" height=\"1060\" src=\"https:\/\/www.rwg-bayreuth.de\/home\/wp-content\/uploads\/2025\/08\/24-25-Preisverleihung-Haefft-Wettbewerb-Platz3.jpg\" class=\"\" alt=\"\" srcset=\"https:\/\/www.rwg-bayreuth.de\/home\/wp-content\/uploads\/2025\/08\/24-25-Preisverleihung-Haefft-Wettbewerb-Platz3.jpg 1884w, https:\/\/www.rwg-bayreuth.de\/home\/wp-content\/uploads\/2025\/08\/24-25-Preisverleihung-Haefft-Wettbewerb-Platz3-1536x864.jpg 1536w, https:\/\/www.rwg-bayreuth.de\/home\/wp-content\/uploads\/2025\/08\/24-25-Preisverleihung-Haefft-Wettbewerb-Platz3-150x84.jpg 150w, https:\/\/www.rwg-bayreuth.de\/home\/wp-content\/uploads\/2025\/08\/24-25-Preisverleihung-Haefft-Wettbewerb-Platz3-450x253.jpg 450w, https:\/\/www.rwg-bayreuth.de\/home\/wp-content\/uploads\/2025\/08\/24-25-Preisverleihung-Haefft-Wettbewerb-Platz3-768x432.jpg 768w, https:\/\/www.rwg-bayreuth.de\/home\/wp-content\/uploads\/2025\/08\/24-25-Preisverleihung-Haefft-Wettbewerb-Platz3-1024x576.jpg 1024w, https:\/\/www.rwg-bayreuth.de\/home\/wp-content\/uploads\/2025\/08\/24-25-Preisverleihung-Haefft-Wettbewerb-Platz3-250x141.jpg 250w, https:\/\/www.rwg-bayreuth.de\/home\/wp-content\/uploads\/2025\/08\/24-25-Preisverleihung-Haefft-Wettbewerb-Platz3-1260x709.jpg 1260w, https:\/\/www.rwg-bayreuth.de\/home\/wp-content\/uploads\/2025\/08\/24-25-Preisverleihung-Haefft-Wettbewerb-Platz3-800x450.jpg 800w\" sizes=\"(max-width: 1884px) 100vw, 1884px\" \/><span>Platz 3<\/span><\/a><\/div><\/div><\/div><script id=\"su_image_carousel_69f1cada3896f_script\">if(window.SUImageCarousel){setTimeout(function() {window.SUImageCarousel.initGallery(document.getElementById(\"su_image_carousel_69f1cada3896f\"))}, 0);}var su_image_carousel_69f1cada3896f_script=document.getElementById(\"su_image_carousel_69f1cada3896f_script\");if(su_image_carousel_69f1cada3896f_script){su_image_carousel_69f1cada3896f_script.parentNode.removeChild(su_image_carousel_69f1cada3896f_script);}<\/script>\n<p>Die drei Gewinnerbeitr\u00e4ge wurden mit <strong>B\u00fcchergutscheinen<\/strong> ausgezeichnet. Alle weiteren Teilnehmenden durften sich \u00fcber einen <strong>Eisgutschein<\/strong> freuen \u2013 eine leckere Belohnung f\u00fcr ihre kreative M\u00fche.<\/p>\n<p>Wir bedanken uns herzlich bei allen Sch\u00fclerinnen und Sch\u00fclern, die mitgemacht haben und freuen uns, das neue Cover bald in den H\u00e4nden zu halten!<\/p>\n","protected":false},"excerpt":{"rendered":"<p>In diesem Schuljahr wurde am Richard-Wagner-Gymnasium wieder kreativ gestaltet: Unter dem Motto \u201eFr\u00fchling am RWG\u201c konnten Sch\u00fclerinnen und Sch\u00fcler am Wettbewerb zur Gestaltung des Covers unseres neuen Hausaufgabenh\u00e4ffts f\u00fcr das Schuljahr 2025\/26 teilnehmen. Ob gemaltes Bild oder kreative Fotografie \u2013 die Einsendungen zeigten eindrucksvoll, wie vielf\u00e4ltig und fantasievoll der Fr\u00fchling an unserer Schule erlebt wird.&hellip;<\/p>\n","protected":false},"author":11,"featured_media":39327,"comment_status":"closed","ping_status":"closed","sticky":false,"template":"","format":"standard","meta":{"footnotes":""},"categories":[1],"tags":[51],"_links":{"self":[{"href":"https:\/\/www.rwg-bayreuth.de\/home\/index.php?rest_route=\/wp\/v2\/posts\/39326"}],"collection":[{"href":"https:\/\/www.rwg-bayreuth.de\/home\/index.php?rest_route=\/wp\/v2\/posts"}],"about":[{"href":"https:\/\/www.rwg-bayreuth.de\/home\/index.php?rest_route=\/wp\/v2\/types\/post"}],"author":[{"embeddable":true,"href":"https:\/\/www.rwg-bayreuth.de\/home\/index.php?rest_route=\/wp\/v2\/users\/11"}],"replies":[{"embeddable":true,"href":"https:\/\/www.rwg-bayreuth.de\/home\/index.php?rest_route=%2Fwp%2Fv2%2Fcomments&post=39326"}],"version-history":[{"count":7,"href":"https:\/\/www.rwg-bayreuth.de\/home\/index.php?rest_route=\/wp\/v2\/posts\/39326\/revisions"}],"predecessor-version":[{"id":39341,"href":"https:\/\/www.rwg-bayreuth.de\/home\/index.php?rest_route=\/wp\/v2\/posts\/39326\/revisions\/39341"}],"wp:featuredmedia":[{"embeddable":true,"href":"https:\/\/www.rwg-bayreuth.de\/home\/index.php?rest_route=\/wp\/v2\/media\/39327"}],"wp:attachment":[{"href":"https:\/\/www.rwg-bayreuth.de\/home\/index.php?rest_route=%2Fwp%2Fv2%2Fmedia&parent=39326"}],"wp:term":[{"taxonomy":"category","embeddable":true,"href":"https:\/\/www.rwg-bayreuth.de\/home\/index.php?rest_route=%2Fwp%2Fv2%2Fcategories&post=39326"},{"taxonomy":"post_tag","embeddable":true,"href":"https:\/\/www.rwg-bayreuth.de\/home\/index.php?rest_route=%2Fwp%2Fv2%2Ftags&post=39326"}],"curies":[{"name":"wp","href":"https:\/\/api.w.org\/{rel}","templated":true}]}}