{"id":39300,"date":"2025-07-11T05:16:13","date_gmt":"2025-07-11T03:16:13","guid":{"rendered":"https:\/\/www.rwg-bayreuth.de\/home\/?p=39300"},"modified":"2025-09-08T13:03:58","modified_gmt":"2025-09-08T11:03:58","slug":"ein-tag-voller-eindruecke-tag-der-begabten-auf-kloster-banz","status":"publish","type":"post","link":"https:\/\/www.rwg-bayreuth.de\/home\/?p=39300","title":{"rendered":"Ein Tag voller Eindr\u00fccke \u2013 Tag der Begabten auf Kloster Banz"},"content":{"rendered":"<p><!-- Track\n\n--><a href=\"https:\/\/www.rwg-bayreuth.de\/home\/wp-content\/uploads\/2025\/07\/24-25-BanzTeilnehmerinnen-B.jpg\"><img loading=\"lazy\" decoding=\"async\" class=\"aligncenter size-full wp-image-39298 crop219\" src=\"https:\/\/www.rwg-bayreuth.de\/home\/wp-content\/uploads\/2025\/07\/24-25-BanzTeilnehmerinnen-B.jpg\" alt=\"\" width=\"1024\" height=\"683\" srcset=\"https:\/\/www.rwg-bayreuth.de\/home\/wp-content\/uploads\/2025\/07\/24-25-BanzTeilnehmerinnen-B.jpg 1024w, https:\/\/www.rwg-bayreuth.de\/home\/wp-content\/uploads\/2025\/07\/24-25-BanzTeilnehmerinnen-B-150x100.jpg 150w, https:\/\/www.rwg-bayreuth.de\/home\/wp-content\/uploads\/2025\/07\/24-25-BanzTeilnehmerinnen-B-450x300.jpg 450w, https:\/\/www.rwg-bayreuth.de\/home\/wp-content\/uploads\/2025\/07\/24-25-BanzTeilnehmerinnen-B-768x512.jpg 768w, https:\/\/www.rwg-bayreuth.de\/home\/wp-content\/uploads\/2025\/07\/24-25-BanzTeilnehmerinnen-B-250x167.jpg 250w, https:\/\/www.rwg-bayreuth.de\/home\/wp-content\/uploads\/2025\/07\/24-25-BanzTeilnehmerinnen-B-900x600.jpg 900w\" sizes=\"(max-width: 1024px) 100vw, 1024px\" \/><\/a><\/p>\n<p>Am 10. Juli fand auch in diesem Schuljahr wieder der oberfr\u00e4nkische Tag der Begabtenf\u00f6rderung auf Kloster Banz statt; er bot uns die Gelegenheit, einen ganzem Tag lang neue Themen zu entdecken, uns mit anderen motivierten Jugendlichen auszutauschen und dabei eigene Ideen kreativ umzusetzen. Gemeinsam mit anderen Teilnehmenden aus der Region reisten wir morgens mit dem Bus von Bayreuth aus an. Schon bei der Ankunft beeindruckte die Atmosph\u00e4re des ehemaligen Klosters, das bereits mehrere Jahrhunderte alt ist.<\/p>\n<div class=\"su-image-carousel  clear su-image-carousel-columns-3 su-image-carousel-has-spacing su-image-carousel-crop su-image-carousel-crop-4-3 su-image-carousel-has-lightbox su-image-carousel-has-outline su-image-carousel-slides-style-minimal su-image-carousel-controls-style-light su-image-carousel-align-center\" style=\"\" data-flickity-options='{\"groupCells\":true,\"cellSelector\":\".su-image-carousel-item\",\"adaptiveHeight\":false,\"cellAlign\":\"left\",\"prevNextButtons\":true,\"pageDots\":false,\"autoPlay\":4000,\"imagesLoaded\":true,\"contain\":true,\"selectedAttraction\":0.025000000000000001,\"friction\":0.28000000000000003}' id=\"su_image_carousel_69f1b2a8e7f1f\"><div class=\"su-image-carousel-item\"><div class=\"su-image-carousel-item-content\"><a href=\"https:\/\/www.rwg-bayreuth.de\/home\/wp-content\/uploads\/2025\/08\/Banz1.jpg\" data-caption=\"\"><img loading=\"lazy\" decoding=\"async\" width=\"1024\" height=\"768\" src=\"https:\/\/www.rwg-bayreuth.de\/home\/wp-content\/uploads\/2025\/08\/Banz1.jpg\" class=\"\" alt=\"\" srcset=\"https:\/\/www.rwg-bayreuth.de\/home\/wp-content\/uploads\/2025\/08\/Banz1.jpg 1024w, https:\/\/www.rwg-bayreuth.de\/home\/wp-content\/uploads\/2025\/08\/Banz1-150x113.jpg 150w, https:\/\/www.rwg-bayreuth.de\/home\/wp-content\/uploads\/2025\/08\/Banz1-450x338.jpg 450w, https:\/\/www.rwg-bayreuth.de\/home\/wp-content\/uploads\/2025\/08\/Banz1-768x576.jpg 768w, https:\/\/www.rwg-bayreuth.de\/home\/wp-content\/uploads\/2025\/08\/Banz1-250x188.jpg 250w\" sizes=\"(max-width: 1024px) 100vw, 1024px\" \/><\/a><\/div><\/div><div class=\"su-image-carousel-item\"><div class=\"su-image-carousel-item-content\"><a href=\"https:\/\/www.rwg-bayreuth.de\/home\/wp-content\/uploads\/2025\/08\/Banz2.jpg\" data-caption=\"\"><img loading=\"lazy\" decoding=\"async\" width=\"1024\" height=\"768\" src=\"https:\/\/www.rwg-bayreuth.de\/home\/wp-content\/uploads\/2025\/08\/Banz2.jpg\" class=\"\" alt=\"\" srcset=\"https:\/\/www.rwg-bayreuth.de\/home\/wp-content\/uploads\/2025\/08\/Banz2.jpg 1024w, https:\/\/www.rwg-bayreuth.de\/home\/wp-content\/uploads\/2025\/08\/Banz2-150x113.jpg 150w, https:\/\/www.rwg-bayreuth.de\/home\/wp-content\/uploads\/2025\/08\/Banz2-450x338.jpg 450w, https:\/\/www.rwg-bayreuth.de\/home\/wp-content\/uploads\/2025\/08\/Banz2-768x576.jpg 768w, https:\/\/www.rwg-bayreuth.de\/home\/wp-content\/uploads\/2025\/08\/Banz2-250x188.jpg 250w\" sizes=\"(max-width: 1024px) 100vw, 1024px\" \/><\/a><\/div><\/div><div class=\"su-image-carousel-item\"><div class=\"su-image-carousel-item-content\"><a href=\"https:\/\/www.rwg-bayreuth.de\/home\/wp-content\/uploads\/2025\/08\/Banz3.jpg\" data-caption=\"\"><img loading=\"lazy\" decoding=\"async\" width=\"1024\" height=\"768\" src=\"https:\/\/www.rwg-bayreuth.de\/home\/wp-content\/uploads\/2025\/08\/Banz3.jpg\" class=\"\" alt=\"\" srcset=\"https:\/\/www.rwg-bayreuth.de\/home\/wp-content\/uploads\/2025\/08\/Banz3.jpg 1024w, https:\/\/www.rwg-bayreuth.de\/home\/wp-content\/uploads\/2025\/08\/Banz3-150x113.jpg 150w, https:\/\/www.rwg-bayreuth.de\/home\/wp-content\/uploads\/2025\/08\/Banz3-450x338.jpg 450w, https:\/\/www.rwg-bayreuth.de\/home\/wp-content\/uploads\/2025\/08\/Banz3-768x576.jpg 768w, https:\/\/www.rwg-bayreuth.de\/home\/wp-content\/uploads\/2025\/08\/Banz3-250x188.jpg 250w\" sizes=\"(max-width: 1024px) 100vw, 1024px\" \/><\/a><\/div><\/div><div class=\"su-image-carousel-item\"><div class=\"su-image-carousel-item-content\"><a href=\"https:\/\/www.rwg-bayreuth.de\/home\/wp-content\/uploads\/2025\/08\/Banz4.jpg\" data-caption=\"\"><img loading=\"lazy\" decoding=\"async\" width=\"1024\" height=\"768\" src=\"https:\/\/www.rwg-bayreuth.de\/home\/wp-content\/uploads\/2025\/08\/Banz4.jpg\" class=\"\" alt=\"\" srcset=\"https:\/\/www.rwg-bayreuth.de\/home\/wp-content\/uploads\/2025\/08\/Banz4.jpg 1024w, https:\/\/www.rwg-bayreuth.de\/home\/wp-content\/uploads\/2025\/08\/Banz4-150x113.jpg 150w, https:\/\/www.rwg-bayreuth.de\/home\/wp-content\/uploads\/2025\/08\/Banz4-450x338.jpg 450w, https:\/\/www.rwg-bayreuth.de\/home\/wp-content\/uploads\/2025\/08\/Banz4-768x576.jpg 768w, https:\/\/www.rwg-bayreuth.de\/home\/wp-content\/uploads\/2025\/08\/Banz4-250x188.jpg 250w\" sizes=\"(max-width: 1024px) 100vw, 1024px\" \/><\/a><\/div><\/div><div class=\"su-image-carousel-item\"><div class=\"su-image-carousel-item-content\"><a href=\"https:\/\/www.rwg-bayreuth.de\/home\/wp-content\/uploads\/2025\/08\/Banz5.jpg\" data-caption=\"\"><img loading=\"lazy\" decoding=\"async\" width=\"1024\" height=\"768\" src=\"https:\/\/www.rwg-bayreuth.de\/home\/wp-content\/uploads\/2025\/08\/Banz5.jpg\" class=\"\" alt=\"\" srcset=\"https:\/\/www.rwg-bayreuth.de\/home\/wp-content\/uploads\/2025\/08\/Banz5.jpg 1024w, https:\/\/www.rwg-bayreuth.de\/home\/wp-content\/uploads\/2025\/08\/Banz5-150x113.jpg 150w, https:\/\/www.rwg-bayreuth.de\/home\/wp-content\/uploads\/2025\/08\/Banz5-450x338.jpg 450w, https:\/\/www.rwg-bayreuth.de\/home\/wp-content\/uploads\/2025\/08\/Banz5-768x576.jpg 768w, https:\/\/www.rwg-bayreuth.de\/home\/wp-content\/uploads\/2025\/08\/Banz5-250x188.jpg 250w\" sizes=\"(max-width: 1024px) 100vw, 1024px\" \/><\/a><\/div><\/div><\/div><script id=\"su_image_carousel_69f1b2a8e7f1f_script\">if(window.SUImageCarousel){setTimeout(function() {window.SUImageCarousel.initGallery(document.getElementById(\"su_image_carousel_69f1b2a8e7f1f\"))}, 0);}var su_image_carousel_69f1b2a8e7f1f_script=document.getElementById(\"su_image_carousel_69f1b2a8e7f1f_script\");if(su_image_carousel_69f1b2a8e7f1f_script){su_image_carousel_69f1b2a8e7f1f_script.parentNode.removeChild(su_image_carousel_69f1b2a8e7f1f_script);}<\/script>\n<p>Den Auftakt der diesj\u00e4hrigen Veranstaltung bildete ein informativer und zugleich unterhaltsamer Vortrag zum Thema K\u00fcnstliche Intelligenz (KI): \u201eStillstand in Deutschland? \u2013 Oberfranken als Trendsetter f\u00fcr HighTech und KI!?\u201c, referiert von Dr. Adrian Ro\u00dfner, Gesch\u00e4ftsf\u00fchrer des Bayerischen Wissenschaftszentrums f\u00fcr KI und SuperTech (Kloster Speinshart).<\/p>\n<p>Hier wurde nicht nur erkl\u00e4rt, was KI eigentlich ist, sondern auch, wie diese unseren Alltag heute schon beeinflusst und was das letztlich f\u00fcr die Entwicklung unserer Zukunft bedeutet. Nach dem Vortrag hatten wir die M\u00f6glichkeit, bei sonnigem Wetter ein gemeinsames Mittagessen zu genie\u00dfen. Dabei bot sich auch die M\u00f6glichkeit, mit anderen Sch\u00fcler(inne)n ins Gespr\u00e4ch zu kommen und die Gedanken rund um unterschiedlichste Themen auszutauschen.<br \/>\nAm Nachmittag folgte dann ein selbst gew\u00e4hlter Workshop rund um das Thema \u201aRadio und Podcast: Hier gibt\u2019s etwas zum H\u00f6ren!\u2018, in dem wir selbst kreativ werden durften. Unsere Aufgabe war es, in Kleingruppen einen eigenen Podcast zu erstellen \u2013 von der Themenfindung \u00fcber das Schreiben eines Skripts bis hin zur Aufnahme (inkl. professioneller Schnitttechnik mittels spezieller Programme f\u00fcr das iPad). Dabei waren nicht nur Teamgeist und Ideen gefragt, sondern auch der Mut, die eigene Stimme vor dem Mikrofon einzusetzen.<br \/>\nParallel dazu wurden weitere Workshops zu unterschiedlichen Themengebieten und Fachbereichen, wie z.B. Escape und Serious Games, Kommunikation mittels Morsezeichen, Grundlagen einer \u00fcberzeugenden Rhetorik oder Mumien und andere \u00dcberreste von K\u00f6rpern etc. angeboten.<\/p>\n<div class=\"su-image-carousel  clear su-image-carousel-columns-3 su-image-carousel-has-spacing su-image-carousel-crop su-image-carousel-crop-4-3 su-image-carousel-has-lightbox su-image-carousel-has-outline su-image-carousel-slides-style-minimal su-image-carousel-controls-style-light su-image-carousel-align-center\" style=\"\" data-flickity-options='{\"groupCells\":true,\"cellSelector\":\".su-image-carousel-item\",\"adaptiveHeight\":false,\"cellAlign\":\"left\",\"prevNextButtons\":true,\"pageDots\":false,\"autoPlay\":4000,\"imagesLoaded\":true,\"contain\":true,\"selectedAttraction\":0.025000000000000001,\"friction\":0.28000000000000003}' id=\"su_image_carousel_69f1b2a8e8267\"><div class=\"su-image-carousel-item\"><div class=\"su-image-carousel-item-content\"><a href=\"https:\/\/www.rwg-bayreuth.de\/home\/wp-content\/uploads\/2025\/08\/Vortrag.jpg\" data-caption=\"\"><img loading=\"lazy\" decoding=\"async\" width=\"1024\" height=\"768\" src=\"https:\/\/www.rwg-bayreuth.de\/home\/wp-content\/uploads\/2025\/08\/Vortrag.jpg\" class=\"\" alt=\"\" srcset=\"https:\/\/www.rwg-bayreuth.de\/home\/wp-content\/uploads\/2025\/08\/Vortrag.jpg 1024w, https:\/\/www.rwg-bayreuth.de\/home\/wp-content\/uploads\/2025\/08\/Vortrag-150x113.jpg 150w, https:\/\/www.rwg-bayreuth.de\/home\/wp-content\/uploads\/2025\/08\/Vortrag-450x338.jpg 450w, https:\/\/www.rwg-bayreuth.de\/home\/wp-content\/uploads\/2025\/08\/Vortrag-768x576.jpg 768w, https:\/\/www.rwg-bayreuth.de\/home\/wp-content\/uploads\/2025\/08\/Vortrag-250x188.jpg 250w\" sizes=\"(max-width: 1024px) 100vw, 1024px\" \/><\/a><\/div><\/div><div class=\"su-image-carousel-item\"><div class=\"su-image-carousel-item-content\"><a href=\"https:\/\/www.rwg-bayreuth.de\/home\/wp-content\/uploads\/2025\/08\/Workshop1.jpg\" data-caption=\"\"><img loading=\"lazy\" decoding=\"async\" width=\"1024\" height=\"768\" src=\"https:\/\/www.rwg-bayreuth.de\/home\/wp-content\/uploads\/2025\/08\/Workshop1.jpg\" class=\"\" alt=\"\" srcset=\"https:\/\/www.rwg-bayreuth.de\/home\/wp-content\/uploads\/2025\/08\/Workshop1.jpg 1024w, https:\/\/www.rwg-bayreuth.de\/home\/wp-content\/uploads\/2025\/08\/Workshop1-150x113.jpg 150w, https:\/\/www.rwg-bayreuth.de\/home\/wp-content\/uploads\/2025\/08\/Workshop1-450x338.jpg 450w, https:\/\/www.rwg-bayreuth.de\/home\/wp-content\/uploads\/2025\/08\/Workshop1-768x576.jpg 768w, https:\/\/www.rwg-bayreuth.de\/home\/wp-content\/uploads\/2025\/08\/Workshop1-250x188.jpg 250w\" sizes=\"(max-width: 1024px) 100vw, 1024px\" \/><\/a><\/div><\/div><div class=\"su-image-carousel-item\"><div class=\"su-image-carousel-item-content\"><a href=\"https:\/\/www.rwg-bayreuth.de\/home\/wp-content\/uploads\/2025\/08\/Workshop2.jpg\" data-caption=\"\"><img loading=\"lazy\" decoding=\"async\" width=\"1024\" height=\"768\" src=\"https:\/\/www.rwg-bayreuth.de\/home\/wp-content\/uploads\/2025\/08\/Workshop2.jpg\" class=\"\" alt=\"\" srcset=\"https:\/\/www.rwg-bayreuth.de\/home\/wp-content\/uploads\/2025\/08\/Workshop2.jpg 1024w, https:\/\/www.rwg-bayreuth.de\/home\/wp-content\/uploads\/2025\/08\/Workshop2-150x113.jpg 150w, https:\/\/www.rwg-bayreuth.de\/home\/wp-content\/uploads\/2025\/08\/Workshop2-450x338.jpg 450w, https:\/\/www.rwg-bayreuth.de\/home\/wp-content\/uploads\/2025\/08\/Workshop2-768x576.jpg 768w, https:\/\/www.rwg-bayreuth.de\/home\/wp-content\/uploads\/2025\/08\/Workshop2-250x188.jpg 250w\" sizes=\"(max-width: 1024px) 100vw, 1024px\" \/><\/a><\/div><\/div><\/div><script id=\"su_image_carousel_69f1b2a8e8267_script\">if(window.SUImageCarousel){setTimeout(function() {window.SUImageCarousel.initGallery(document.getElementById(\"su_image_carousel_69f1b2a8e8267\"))}, 0);}var su_image_carousel_69f1b2a8e8267_script=document.getElementById(\"su_image_carousel_69f1b2a8e8267_script\");if(su_image_carousel_69f1b2a8e8267_script){su_image_carousel_69f1b2a8e8267_script.parentNode.removeChild(su_image_carousel_69f1b2a8e8267_script);}<\/script>\n<p>Am Ende des Tages traten wir erf\u00fcllt, inspiriert und auch ein wenig m\u00fcde die R\u00fcckfahrt nach Bayreuth an \u2013 mit vielen neuen Eindr\u00fccken im Gep\u00e4ck!<\/p>\n<p><em>Finja K\u00f6rber und Eva Persau (Klasse 9a)<\/em><\/p>\n","protected":false},"excerpt":{"rendered":"<p>Am 10. Juli fand auch in diesem Schuljahr wieder der oberfr\u00e4nkische Tag der Begabtenf\u00f6rderung auf Kloster Banz statt; er bot uns die Gelegenheit, einen ganzem Tag lang neue Themen zu entdecken, uns mit anderen motivierten Jugendlichen auszutauschen und dabei eigene Ideen kreativ umzusetzen. Gemeinsam mit anderen Teilnehmenden aus der Region reisten wir morgens mit dem&hellip;<\/p>\n","protected":false},"author":11,"featured_media":39298,"comment_status":"closed","ping_status":"closed","sticky":false,"template":"","format":"standard","meta":{"footnotes":""},"categories":[1],"tags":[155,51],"_links":{"self":[{"href":"https:\/\/www.rwg-bayreuth.de\/home\/index.php?rest_route=\/wp\/v2\/posts\/39300"}],"collection":[{"href":"https:\/\/www.rwg-bayreuth.de\/home\/index.php?rest_route=\/wp\/v2\/posts"}],"about":[{"href":"https:\/\/www.rwg-bayreuth.de\/home\/index.php?rest_route=\/wp\/v2\/types\/post"}],"author":[{"embeddable":true,"href":"https:\/\/www.rwg-bayreuth.de\/home\/index.php?rest_route=\/wp\/v2\/users\/11"}],"replies":[{"embeddable":true,"href":"https:\/\/www.rwg-bayreuth.de\/home\/index.php?rest_route=%2Fwp%2Fv2%2Fcomments&post=39300"}],"version-history":[{"count":7,"href":"https:\/\/www.rwg-bayreuth.de\/home\/index.php?rest_route=\/wp\/v2\/posts\/39300\/revisions"}],"predecessor-version":[{"id":39789,"href":"https:\/\/www.rwg-bayreuth.de\/home\/index.php?rest_route=\/wp\/v2\/posts\/39300\/revisions\/39789"}],"wp:featuredmedia":[{"embeddable":true,"href":"https:\/\/www.rwg-bayreuth.de\/home\/index.php?rest_route=\/wp\/v2\/media\/39298"}],"wp:attachment":[{"href":"https:\/\/www.rwg-bayreuth.de\/home\/index.php?rest_route=%2Fwp%2Fv2%2Fmedia&parent=39300"}],"wp:term":[{"taxonomy":"category","embeddable":true,"href":"https:\/\/www.rwg-bayreuth.de\/home\/index.php?rest_route=%2Fwp%2Fv2%2Fcategories&post=39300"},{"taxonomy":"post_tag","embeddable":true,"href":"https:\/\/www.rwg-bayreuth.de\/home\/index.php?rest_route=%2Fwp%2Fv2%2Ftags&post=39300"}],"curies":[{"name":"wp","href":"https:\/\/api.w.org\/{rel}","templated":true}]}}