{"id":39288,"date":"2025-07-16T05:02:11","date_gmt":"2025-07-16T03:02:11","guid":{"rendered":"https:\/\/www.rwg-bayreuth.de\/home\/?p=39288"},"modified":"2025-09-08T12:54:18","modified_gmt":"2025-09-08T10:54:18","slug":"vorleseprojekt","status":"publish","type":"post","link":"https:\/\/www.rwg-bayreuth.de\/home\/?p=39288","title":{"rendered":"<em>Gemeinsam stark<\/em> &#8211; Vorlesen in der Grundschule Meyernberg"},"content":{"rendered":"<p><!-- F. D\u00f6rfler\n\n--><a href=\"https:\/\/www.rwg-bayreuth.de\/home\/wp-content\/uploads\/2025\/08\/24-25-Endprodukt-Vorleseprojekt.jpeg\"><img loading=\"lazy\" decoding=\"async\" src=\"https:\/\/www.rwg-bayreuth.de\/home\/wp-content\/uploads\/2025\/08\/24-25-Endprodukt-Vorleseprojekt.jpeg\" alt=\"\" width=\"1314\" height=\"1752\" class=\"aligncenter size-full wp-image-39291 crop219top\" srcset=\"https:\/\/www.rwg-bayreuth.de\/home\/wp-content\/uploads\/2025\/08\/24-25-Endprodukt-Vorleseprojekt.jpeg 1314w, https:\/\/www.rwg-bayreuth.de\/home\/wp-content\/uploads\/2025\/08\/24-25-Endprodukt-Vorleseprojekt-1152x1536.jpeg 1152w, https:\/\/www.rwg-bayreuth.de\/home\/wp-content\/uploads\/2025\/08\/24-25-Endprodukt-Vorleseprojekt-113x150.jpeg 113w, https:\/\/www.rwg-bayreuth.de\/home\/wp-content\/uploads\/2025\/08\/24-25-Endprodukt-Vorleseprojekt-338x450.jpeg 338w, https:\/\/www.rwg-bayreuth.de\/home\/wp-content\/uploads\/2025\/08\/24-25-Endprodukt-Vorleseprojekt-768x1024.jpeg 768w, https:\/\/www.rwg-bayreuth.de\/home\/wp-content\/uploads\/2025\/08\/24-25-Endprodukt-Vorleseprojekt-250x333.jpeg 250w\" sizes=\"(max-width: 1314px) 100vw, 1314px\" \/><\/a><\/p>\n<p>Am 15. Juli 2025 besuchte die Klasse 7b die Grundschule Meyernberg \u2013 im Gep\u00e4ck: eine fantasievolle Geschichte mit dem Titel <strong>\u201eWas niemand allein schafft\u201c<\/strong> \u00fcber eine graue Welt, in der die Farben verschwunden sind. Die von einer Sch\u00fclerin selbst verfasste Erz\u00e4hlung f\u00fchrte auf eine spannende Reise, bei der sich Rot, Orange, Gelb, Gr\u00fcn, T\u00fcrkis, Hellblau, Dunkelblau und Lila begegnen \u2013 und erkennen: <strong>Nur gemeinsam k\u00f6nnen sie die Welt wieder bunt machen.<\/strong><\/p>\n<p>Mit gro\u00dfer Begeisterung lasen die Siebtkl\u00e4ssler in sechs verschiedenen Klassen abschnittsweise vor, erkl\u00e4rten schwierige Begriffe und erarbeiteten im Anschluss mit den Grundschulkindern die ihnen zugeteilte Regenbogenfarbe, die sie mit passenden Adjektiven beschrieben \u2013 und nat\u00fcrlich blieb auch noch Zeit f\u00fcr gemeinsames Spielen.<\/p>\n<p>Ein Tag voller Fantasie, Kreativit\u00e4t und Miteinander \u2013 ganz im Sinne des Mottos: <strong>\u201eGemeinsam stark.\u201c<\/strong><br \/>\nF\u00fcr die Sch\u00fclerinnen und Sch\u00fcler der Klasse 7b war es nicht nur eine bereichernde Erfahrung, was das Vorlesen betrifft, sondern auch ein spannender Perspektivwechsel: <strong>Zum ersten Mal durften sie in die Schuhe eines Grundschullehrers schl\u00fcpfen.<\/strong><\/p>\n<p><em>F. D\u00f6rfler<\/em><\/p>\n","protected":false},"excerpt":{"rendered":"<p>Am 15. Juli 2025 besuchte die Klasse 7b die Grundschule Meyernberg \u2013 im Gep\u00e4ck: eine fantasievolle Geschichte mit dem Titel \u201eWas niemand allein schafft\u201c \u00fcber eine graue Welt, in der die Farben verschwunden sind. Die von einer Sch\u00fclerin selbst verfasste Erz\u00e4hlung f\u00fchrte auf eine spannende Reise, bei der sich Rot, Orange, Gelb, Gr\u00fcn, T\u00fcrkis, Hellblau,&hellip;<\/p>\n","protected":false},"author":11,"featured_media":39289,"comment_status":"closed","ping_status":"closed","sticky":false,"template":"","format":"standard","meta":{"footnotes":""},"categories":[1],"tags":[59,51],"_links":{"self":[{"href":"https:\/\/www.rwg-bayreuth.de\/home\/index.php?rest_route=\/wp\/v2\/posts\/39288"}],"collection":[{"href":"https:\/\/www.rwg-bayreuth.de\/home\/index.php?rest_route=\/wp\/v2\/posts"}],"about":[{"href":"https:\/\/www.rwg-bayreuth.de\/home\/index.php?rest_route=\/wp\/v2\/types\/post"}],"author":[{"embeddable":true,"href":"https:\/\/www.rwg-bayreuth.de\/home\/index.php?rest_route=\/wp\/v2\/users\/11"}],"replies":[{"embeddable":true,"href":"https:\/\/www.rwg-bayreuth.de\/home\/index.php?rest_route=%2Fwp%2Fv2%2Fcomments&post=39288"}],"version-history":[{"count":7,"href":"https:\/\/www.rwg-bayreuth.de\/home\/index.php?rest_route=\/wp\/v2\/posts\/39288\/revisions"}],"predecessor-version":[{"id":39784,"href":"https:\/\/www.rwg-bayreuth.de\/home\/index.php?rest_route=\/wp\/v2\/posts\/39288\/revisions\/39784"}],"wp:featuredmedia":[{"embeddable":true,"href":"https:\/\/www.rwg-bayreuth.de\/home\/index.php?rest_route=\/wp\/v2\/media\/39289"}],"wp:attachment":[{"href":"https:\/\/www.rwg-bayreuth.de\/home\/index.php?rest_route=%2Fwp%2Fv2%2Fmedia&parent=39288"}],"wp:term":[{"taxonomy":"category","embeddable":true,"href":"https:\/\/www.rwg-bayreuth.de\/home\/index.php?rest_route=%2Fwp%2Fv2%2Fcategories&post=39288"},{"taxonomy":"post_tag","embeddable":true,"href":"https:\/\/www.rwg-bayreuth.de\/home\/index.php?rest_route=%2Fwp%2Fv2%2Ftags&post=39288"}],"curies":[{"name":"wp","href":"https:\/\/api.w.org\/{rel}","templated":true}]}}