{"id":39202,"date":"2025-07-08T05:50:21","date_gmt":"2025-07-08T03:50:21","guid":{"rendered":"https:\/\/www.rwg-bayreuth.de\/home\/?p=39202"},"modified":"2025-08-26T16:36:20","modified_gmt":"2025-08-26T14:36:20","slug":"leichtes-nieseln-starke-leistungen-bei-voller-action","status":"publish","type":"post","link":"https:\/\/www.rwg-bayreuth.de\/home\/?p=39202","title":{"rendered":"Leichtes Nieseln \u2013 starke Leistungen bei voller Action"},"content":{"rendered":"<p><!-- Babenko\n\n--> <a href=\"https:\/\/www.rwg-bayreuth.de\/home\/wp-content\/uploads\/2025\/07\/24-25-Bundesjugendspiele-B.jpg\"><img loading=\"lazy\" decoding=\"async\" src=\"https:\/\/www.rwg-bayreuth.de\/home\/wp-content\/uploads\/2025\/07\/24-25-Bundesjugendspiele-B.jpg\" alt=\"\" width=\"1024\" height=\"683\" class=\"aligncenter size-full wp-image-39209 crop219\" srcset=\"https:\/\/www.rwg-bayreuth.de\/home\/wp-content\/uploads\/2025\/07\/24-25-Bundesjugendspiele-B.jpg 1024w, https:\/\/www.rwg-bayreuth.de\/home\/wp-content\/uploads\/2025\/07\/24-25-Bundesjugendspiele-B-150x100.jpg 150w, https:\/\/www.rwg-bayreuth.de\/home\/wp-content\/uploads\/2025\/07\/24-25-Bundesjugendspiele-B-450x300.jpg 450w, https:\/\/www.rwg-bayreuth.de\/home\/wp-content\/uploads\/2025\/07\/24-25-Bundesjugendspiele-B-768x512.jpg 768w, https:\/\/www.rwg-bayreuth.de\/home\/wp-content\/uploads\/2025\/07\/24-25-Bundesjugendspiele-B-250x167.jpg 250w, https:\/\/www.rwg-bayreuth.de\/home\/wp-content\/uploads\/2025\/07\/24-25-Bundesjugendspiele-B-900x600.jpg 900w\" sizes=\"(max-width: 1024px) 100vw, 1024px\" \/><\/a><\/p>\n<h1>RWG-Sportfest trotz nicht immer g\u00fcnstigen Wetters<\/h1>\n<p>Am 07.07.25 hie\u00df es wieder: Sportschuhe schn\u00fcren, Trikots \u00fcberwerfen, Teamgeist tanken \u2013 die Bundesjugendspiele am RWG standen an. Und auch wenn der Wettergott sich nicht ganz entscheiden konnte (ein bisschen Sonne hier, ein paar Tropfen da), lie\u00dfen sich unsere Sportlerinnen und Sportler die Laune nicht verderben.<\/p>\n<p>W\u00e4hrend die Klassen 5 bis 7 sich im klassischen Dreikampf gemessen haben (Laufen, Springen, Werfen), tobte bei den 8. Klassen wie gewohnt das gro\u00dfe V\u00f6lkerballturnier. Neu am Start: Die 9. Klassen mit dem Actionspiel \u201eCapture the Flag\u201c. Anfangs \u2013 nicht nur von au\u00dfen \ud83d\ude0a \u2013 etwas chaotisch, bis sich die Spieler in ihre Rollen eingefunden haben, entwickelte sich das Spiel schnell zum Highlight mit Spannung, Taktik und jeder Menge Spa\u00df.<\/p>\n<p>Die Zehnt- und Elftkl\u00e4ssler spielten ein Volleyballturnier \u2013 mit Spa\u00df und Schleifchen, etliche von ihnen sorgten aber auch f\u00fcr einen reibungslosen Ablauf im Hintergrund: Als Riegenf\u00fchrer, Organisatoren, Helfer an den Stationen \u2013 ohne sie lief nichts. Danke f\u00fcr euren Einsatz!<\/p>\n<p>Und auch kulinarisch war was geboten: Die Q12 verkaufte Getr\u00e4nke und Eis \u2013 auch wenn es nicht durchgehend nach Sommerfest schmeckte, hoffen wir, dass trotzdem ein sch\u00f6ner Beitrag zur Abikasse zusammengekommen ist.<\/p>\n<p>Den kr\u00f6nenden Abschluss bildeten \u2013 wie jedes Jahr \u2013 die laut umjubelten Staffell\u00e4ufe. Da wurde angefeuert, mitgefiebert, gejubelt\u2026 und auch ein bisschen getr\u00f6stet (Fairness first! \ud83d\ude09). Und\u2026 apropos Wetter: Sp\u00e4testens zu diesem Highlight des Sportfestes kam dann sogar die Sonne raus und die publikumswirksamsten Wettk\u00e4mpfe fanden ganz ohne Regencapes bei sch\u00f6nstem Sonnenschein statt \u2013 Timing ist alles!<\/p>\n<div class=\"su-image-carousel  clear su-image-carousel-columns-3 su-image-carousel-has-spacing su-image-carousel-crop su-image-carousel-crop-4-3 su-image-carousel-has-lightbox su-image-carousel-has-outline su-image-carousel-slides-style-minimal su-image-carousel-controls-style-light su-image-carousel-align-center\" style=\"\" data-flickity-options='{\"groupCells\":true,\"cellSelector\":\".su-image-carousel-item\",\"adaptiveHeight\":false,\"cellAlign\":\"left\",\"prevNextButtons\":true,\"pageDots\":false,\"autoPlay\":4000,\"imagesLoaded\":true,\"contain\":true,\"selectedAttraction\":0.025000000000000001,\"friction\":0.28000000000000003}' id=\"su_image_carousel_69f1b26f1c669\"><div class=\"su-image-carousel-item\"><div class=\"su-image-carousel-item-content\"><a href=\"https:\/\/www.rwg-bayreuth.de\/home\/wp-content\/uploads\/2025\/07\/24-25-Bundesjugendspiele-Wurf.jpg\" data-caption=\"\"><img loading=\"lazy\" decoding=\"async\" width=\"768\" height=\"1024\" src=\"https:\/\/www.rwg-bayreuth.de\/home\/wp-content\/uploads\/2025\/07\/24-25-Bundesjugendspiele-Wurf.jpg\" class=\"\" alt=\"\" srcset=\"https:\/\/www.rwg-bayreuth.de\/home\/wp-content\/uploads\/2025\/07\/24-25-Bundesjugendspiele-Wurf.jpg 768w, https:\/\/www.rwg-bayreuth.de\/home\/wp-content\/uploads\/2025\/07\/24-25-Bundesjugendspiele-Wurf-113x150.jpg 113w, https:\/\/www.rwg-bayreuth.de\/home\/wp-content\/uploads\/2025\/07\/24-25-Bundesjugendspiele-Wurf-338x450.jpg 338w, https:\/\/www.rwg-bayreuth.de\/home\/wp-content\/uploads\/2025\/07\/24-25-Bundesjugendspiele-Wurf-250x333.jpg 250w\" sizes=\"(max-width: 768px) 100vw, 768px\" \/><\/a><\/div><\/div><div class=\"su-image-carousel-item\"><div class=\"su-image-carousel-item-content\"><a href=\"https:\/\/www.rwg-bayreuth.de\/home\/wp-content\/uploads\/2025\/07\/24-25-Bundesjugendspiele-Sprung1.jpg\" data-caption=\"\"><img loading=\"lazy\" decoding=\"async\" width=\"1024\" height=\"768\" src=\"https:\/\/www.rwg-bayreuth.de\/home\/wp-content\/uploads\/2025\/07\/24-25-Bundesjugendspiele-Sprung1.jpg\" class=\"\" alt=\"\" srcset=\"https:\/\/www.rwg-bayreuth.de\/home\/wp-content\/uploads\/2025\/07\/24-25-Bundesjugendspiele-Sprung1.jpg 1024w, https:\/\/www.rwg-bayreuth.de\/home\/wp-content\/uploads\/2025\/07\/24-25-Bundesjugendspiele-Sprung1-150x113.jpg 150w, https:\/\/www.rwg-bayreuth.de\/home\/wp-content\/uploads\/2025\/07\/24-25-Bundesjugendspiele-Sprung1-450x338.jpg 450w, https:\/\/www.rwg-bayreuth.de\/home\/wp-content\/uploads\/2025\/07\/24-25-Bundesjugendspiele-Sprung1-768x576.jpg 768w, https:\/\/www.rwg-bayreuth.de\/home\/wp-content\/uploads\/2025\/07\/24-25-Bundesjugendspiele-Sprung1-250x188.jpg 250w\" sizes=\"(max-width: 1024px) 100vw, 1024px\" \/><\/a><\/div><\/div><div class=\"su-image-carousel-item\"><div class=\"su-image-carousel-item-content\"><a href=\"https:\/\/www.rwg-bayreuth.de\/home\/wp-content\/uploads\/2025\/07\/24-25-Bundesjugendspiele-Sprung2.jpg\" data-caption=\"\"><img loading=\"lazy\" decoding=\"async\" width=\"1024\" height=\"768\" src=\"https:\/\/www.rwg-bayreuth.de\/home\/wp-content\/uploads\/2025\/07\/24-25-Bundesjugendspiele-Sprung2.jpg\" class=\"\" alt=\"\" srcset=\"https:\/\/www.rwg-bayreuth.de\/home\/wp-content\/uploads\/2025\/07\/24-25-Bundesjugendspiele-Sprung2.jpg 1024w, https:\/\/www.rwg-bayreuth.de\/home\/wp-content\/uploads\/2025\/07\/24-25-Bundesjugendspiele-Sprung2-150x113.jpg 150w, https:\/\/www.rwg-bayreuth.de\/home\/wp-content\/uploads\/2025\/07\/24-25-Bundesjugendspiele-Sprung2-450x338.jpg 450w, https:\/\/www.rwg-bayreuth.de\/home\/wp-content\/uploads\/2025\/07\/24-25-Bundesjugendspiele-Sprung2-768x576.jpg 768w, https:\/\/www.rwg-bayreuth.de\/home\/wp-content\/uploads\/2025\/07\/24-25-Bundesjugendspiele-Sprung2-250x188.jpg 250w\" sizes=\"(max-width: 1024px) 100vw, 1024px\" \/><\/a><\/div><\/div><div class=\"su-image-carousel-item\"><div class=\"su-image-carousel-item-content\"><a href=\"https:\/\/www.rwg-bayreuth.de\/home\/wp-content\/uploads\/2025\/07\/24-25-Bundesjugendspiele-Beachen.jpg\" data-caption=\"\"><img loading=\"lazy\" decoding=\"async\" width=\"1024\" height=\"768\" src=\"https:\/\/www.rwg-bayreuth.de\/home\/wp-content\/uploads\/2025\/07\/24-25-Bundesjugendspiele-Beachen.jpg\" class=\"\" alt=\"\" srcset=\"https:\/\/www.rwg-bayreuth.de\/home\/wp-content\/uploads\/2025\/07\/24-25-Bundesjugendspiele-Beachen.jpg 1024w, https:\/\/www.rwg-bayreuth.de\/home\/wp-content\/uploads\/2025\/07\/24-25-Bundesjugendspiele-Beachen-150x113.jpg 150w, https:\/\/www.rwg-bayreuth.de\/home\/wp-content\/uploads\/2025\/07\/24-25-Bundesjugendspiele-Beachen-450x338.jpg 450w, https:\/\/www.rwg-bayreuth.de\/home\/wp-content\/uploads\/2025\/07\/24-25-Bundesjugendspiele-Beachen-768x576.jpg 768w, https:\/\/www.rwg-bayreuth.de\/home\/wp-content\/uploads\/2025\/07\/24-25-Bundesjugendspiele-Beachen-250x188.jpg 250w\" sizes=\"(max-width: 1024px) 100vw, 1024px\" \/><\/a><\/div><\/div><div class=\"su-image-carousel-item\"><div class=\"su-image-carousel-item-content\"><a href=\"https:\/\/www.rwg-bayreuth.de\/home\/wp-content\/uploads\/2025\/07\/24-25-Bundesjugendspiele-voelkerball.jpg\" data-caption=\"\"><img loading=\"lazy\" decoding=\"async\" width=\"1024\" height=\"768\" src=\"https:\/\/www.rwg-bayreuth.de\/home\/wp-content\/uploads\/2025\/07\/24-25-Bundesjugendspiele-voelkerball.jpg\" class=\"\" alt=\"\" srcset=\"https:\/\/www.rwg-bayreuth.de\/home\/wp-content\/uploads\/2025\/07\/24-25-Bundesjugendspiele-voelkerball.jpg 1024w, https:\/\/www.rwg-bayreuth.de\/home\/wp-content\/uploads\/2025\/07\/24-25-Bundesjugendspiele-voelkerball-150x113.jpg 150w, https:\/\/www.rwg-bayreuth.de\/home\/wp-content\/uploads\/2025\/07\/24-25-Bundesjugendspiele-voelkerball-450x338.jpg 450w, https:\/\/www.rwg-bayreuth.de\/home\/wp-content\/uploads\/2025\/07\/24-25-Bundesjugendspiele-voelkerball-768x576.jpg 768w, https:\/\/www.rwg-bayreuth.de\/home\/wp-content\/uploads\/2025\/07\/24-25-Bundesjugendspiele-voelkerball-250x188.jpg 250w\" sizes=\"(max-width: 1024px) 100vw, 1024px\" \/><\/a><\/div><\/div><div class=\"su-image-carousel-item\"><div class=\"su-image-carousel-item-content\"><a href=\"https:\/\/www.rwg-bayreuth.de\/home\/wp-content\/uploads\/2025\/07\/24-25-Bundesjugendspiele-voelkerball_1.jpg\" data-caption=\"\"><img loading=\"lazy\" decoding=\"async\" width=\"1024\" height=\"768\" src=\"https:\/\/www.rwg-bayreuth.de\/home\/wp-content\/uploads\/2025\/07\/24-25-Bundesjugendspiele-voelkerball_1.jpg\" class=\"\" alt=\"\" srcset=\"https:\/\/www.rwg-bayreuth.de\/home\/wp-content\/uploads\/2025\/07\/24-25-Bundesjugendspiele-voelkerball_1.jpg 1024w, https:\/\/www.rwg-bayreuth.de\/home\/wp-content\/uploads\/2025\/07\/24-25-Bundesjugendspiele-voelkerball_1-150x113.jpg 150w, https:\/\/www.rwg-bayreuth.de\/home\/wp-content\/uploads\/2025\/07\/24-25-Bundesjugendspiele-voelkerball_1-450x338.jpg 450w, https:\/\/www.rwg-bayreuth.de\/home\/wp-content\/uploads\/2025\/07\/24-25-Bundesjugendspiele-voelkerball_1-768x576.jpg 768w, https:\/\/www.rwg-bayreuth.de\/home\/wp-content\/uploads\/2025\/07\/24-25-Bundesjugendspiele-voelkerball_1-250x188.jpg 250w\" sizes=\"(max-width: 1024px) 100vw, 1024px\" \/><\/a><\/div><\/div><div class=\"su-image-carousel-item\"><div class=\"su-image-carousel-item-content\"><a href=\"https:\/\/www.rwg-bayreuth.de\/home\/wp-content\/uploads\/2025\/07\/24-25-Bundesjugendspiele-voelkerball_2.jpeg\" data-caption=\"\"><img loading=\"lazy\" decoding=\"async\" width=\"800\" height=\"600\" src=\"https:\/\/www.rwg-bayreuth.de\/home\/wp-content\/uploads\/2025\/07\/24-25-Bundesjugendspiele-voelkerball_2.jpeg\" class=\"\" alt=\"\" srcset=\"https:\/\/www.rwg-bayreuth.de\/home\/wp-content\/uploads\/2025\/07\/24-25-Bundesjugendspiele-voelkerball_2.jpeg 800w, https:\/\/www.rwg-bayreuth.de\/home\/wp-content\/uploads\/2025\/07\/24-25-Bundesjugendspiele-voelkerball_2-150x113.jpeg 150w, https:\/\/www.rwg-bayreuth.de\/home\/wp-content\/uploads\/2025\/07\/24-25-Bundesjugendspiele-voelkerball_2-450x338.jpeg 450w, https:\/\/www.rwg-bayreuth.de\/home\/wp-content\/uploads\/2025\/07\/24-25-Bundesjugendspiele-voelkerball_2-768x576.jpeg 768w, https:\/\/www.rwg-bayreuth.de\/home\/wp-content\/uploads\/2025\/07\/24-25-Bundesjugendspiele-voelkerball_2-250x188.jpeg 250w\" sizes=\"(max-width: 800px) 100vw, 800px\" \/><\/a><\/div><\/div><div class=\"su-image-carousel-item\"><div class=\"su-image-carousel-item-content\"><a href=\"https:\/\/www.rwg-bayreuth.de\/home\/wp-content\/uploads\/2025\/07\/24-25-Bundesjugendspiele-voelkerball_3.jpg\" data-caption=\"\"><img loading=\"lazy\" decoding=\"async\" width=\"1024\" height=\"768\" src=\"https:\/\/www.rwg-bayreuth.de\/home\/wp-content\/uploads\/2025\/07\/24-25-Bundesjugendspiele-voelkerball_3.jpg\" class=\"\" alt=\"\" srcset=\"https:\/\/www.rwg-bayreuth.de\/home\/wp-content\/uploads\/2025\/07\/24-25-Bundesjugendspiele-voelkerball_3.jpg 1024w, https:\/\/www.rwg-bayreuth.de\/home\/wp-content\/uploads\/2025\/07\/24-25-Bundesjugendspiele-voelkerball_3-150x113.jpg 150w, https:\/\/www.rwg-bayreuth.de\/home\/wp-content\/uploads\/2025\/07\/24-25-Bundesjugendspiele-voelkerball_3-450x338.jpg 450w, https:\/\/www.rwg-bayreuth.de\/home\/wp-content\/uploads\/2025\/07\/24-25-Bundesjugendspiele-voelkerball_3-768x576.jpg 768w, https:\/\/www.rwg-bayreuth.de\/home\/wp-content\/uploads\/2025\/07\/24-25-Bundesjugendspiele-voelkerball_3-250x188.jpg 250w\" sizes=\"(max-width: 1024px) 100vw, 1024px\" \/><\/a><\/div><\/div><div class=\"su-image-carousel-item\"><div class=\"su-image-carousel-item-content\"><a href=\"https:\/\/www.rwg-bayreuth.de\/home\/wp-content\/uploads\/2025\/07\/24-25-Bundesjugendspiele-voelkerball_4.jpg\" data-caption=\"\"><img loading=\"lazy\" decoding=\"async\" width=\"1024\" height=\"768\" src=\"https:\/\/www.rwg-bayreuth.de\/home\/wp-content\/uploads\/2025\/07\/24-25-Bundesjugendspiele-voelkerball_4.jpg\" class=\"\" alt=\"\" srcset=\"https:\/\/www.rwg-bayreuth.de\/home\/wp-content\/uploads\/2025\/07\/24-25-Bundesjugendspiele-voelkerball_4.jpg 1024w, https:\/\/www.rwg-bayreuth.de\/home\/wp-content\/uploads\/2025\/07\/24-25-Bundesjugendspiele-voelkerball_4-150x113.jpg 150w, https:\/\/www.rwg-bayreuth.de\/home\/wp-content\/uploads\/2025\/07\/24-25-Bundesjugendspiele-voelkerball_4-450x338.jpg 450w, https:\/\/www.rwg-bayreuth.de\/home\/wp-content\/uploads\/2025\/07\/24-25-Bundesjugendspiele-voelkerball_4-768x576.jpg 768w, https:\/\/www.rwg-bayreuth.de\/home\/wp-content\/uploads\/2025\/07\/24-25-Bundesjugendspiele-voelkerball_4-250x188.jpg 250w\" sizes=\"(max-width: 1024px) 100vw, 1024px\" \/><\/a><\/div><\/div><\/div><script id=\"su_image_carousel_69f1b26f1c669_script\">if(window.SUImageCarousel){setTimeout(function() {window.SUImageCarousel.initGallery(document.getElementById(\"su_image_carousel_69f1b26f1c669\"))}, 0);}var su_image_carousel_69f1b26f1c669_script=document.getElementById(\"su_image_carousel_69f1b26f1c669_script\");if(su_image_carousel_69f1b26f1c669_script){su_image_carousel_69f1b26f1c669_script.parentNode.removeChild(su_image_carousel_69f1b26f1c669_script);}<\/script>\n<h2>Und hier unsere Besten:<\/h2>\n<h4>Die st\u00e4rksten RWG-M\u00e4dels:<\/h4>\n<ol>\n<li>Anna Podeschwa (6a)<\/li>\n<li>Anastasiia Rohota (7c)<\/li>\n<li>Jana Berger (5d)<\/li>\n<\/ol>\n<h4>Unsere Schulsieger:<\/h4>\n<ol>\n<li>Vitor Gerber da Costa (7d)<\/li>\n<li>Paul Rodenkirchen (7a)<\/li>\n<li>Aron Midzic (7d)<\/li>\n<\/ol>\n<h4>Staffelsieger 2025:<\/h4>\n<p><strong>M\u00e4dchen:<\/strong> 5a, 6a, 7c, 8f, 9e<br \/>\n<strong>Jungen:<\/strong> 5c, 6b, 7d, 8b, 9d<\/p>\n<p>Wir gratulieren allen Teilnehmenden \u2013 ob mit oder ohne Podestplatz \u2013 zu einem sportlich fairen Tag mit Einsatz, Teamgeist und guter Laune!<\/p>\n<p><em>Katharina Babenko f\u00fcr die Fachschaft Sport<\/em><\/p>\n","protected":false},"excerpt":{"rendered":"<p>RWG-Sportfest trotz nicht immer g\u00fcnstigen Wetters Am 07.07.25 hie\u00df es wieder: Sportschuhe schn\u00fcren, Trikots \u00fcberwerfen, Teamgeist tanken \u2013 die Bundesjugendspiele am RWG standen an. Und auch wenn der Wettergott sich nicht ganz entscheiden konnte (ein bisschen Sonne hier, ein paar Tropfen da), lie\u00dfen sich unsere Sportlerinnen und Sportler die Laune nicht verderben. W\u00e4hrend die Klassen&hellip;<\/p>\n","protected":false},"author":11,"featured_media":39209,"comment_status":"closed","ping_status":"closed","sticky":false,"template":"","format":"standard","meta":{"footnotes":""},"categories":[1],"tags":[51,63],"_links":{"self":[{"href":"https:\/\/www.rwg-bayreuth.de\/home\/index.php?rest_route=\/wp\/v2\/posts\/39202"}],"collection":[{"href":"https:\/\/www.rwg-bayreuth.de\/home\/index.php?rest_route=\/wp\/v2\/posts"}],"about":[{"href":"https:\/\/www.rwg-bayreuth.de\/home\/index.php?rest_route=\/wp\/v2\/types\/post"}],"author":[{"embeddable":true,"href":"https:\/\/www.rwg-bayreuth.de\/home\/index.php?rest_route=\/wp\/v2\/users\/11"}],"replies":[{"embeddable":true,"href":"https:\/\/www.rwg-bayreuth.de\/home\/index.php?rest_route=%2Fwp%2Fv2%2Fcomments&post=39202"}],"version-history":[{"count":16,"href":"https:\/\/www.rwg-bayreuth.de\/home\/index.php?rest_route=\/wp\/v2\/posts\/39202\/revisions"}],"predecessor-version":[{"id":39776,"href":"https:\/\/www.rwg-bayreuth.de\/home\/index.php?rest_route=\/wp\/v2\/posts\/39202\/revisions\/39776"}],"wp:featuredmedia":[{"embeddable":true,"href":"https:\/\/www.rwg-bayreuth.de\/home\/index.php?rest_route=\/wp\/v2\/media\/39209"}],"wp:attachment":[{"href":"https:\/\/www.rwg-bayreuth.de\/home\/index.php?rest_route=%2Fwp%2Fv2%2Fmedia&parent=39202"}],"wp:term":[{"taxonomy":"category","embeddable":true,"href":"https:\/\/www.rwg-bayreuth.de\/home\/index.php?rest_route=%2Fwp%2Fv2%2Fcategories&post=39202"},{"taxonomy":"post_tag","embeddable":true,"href":"https:\/\/www.rwg-bayreuth.de\/home\/index.php?rest_route=%2Fwp%2Fv2%2Ftags&post=39202"}],"curies":[{"name":"wp","href":"https:\/\/api.w.org\/{rel}","templated":true}]}}