{"id":39190,"date":"2025-07-19T05:17:41","date_gmt":"2025-07-19T03:17:41","guid":{"rendered":"https:\/\/www.rwg-bayreuth.de\/home\/?p=39190"},"modified":"2025-09-08T13:20:54","modified_gmt":"2025-09-08T11:20:54","slug":"wirtschaft-live-erleben-kooperation-mit-maiselfriends","status":"publish","type":"post","link":"https:\/\/www.rwg-bayreuth.de\/home\/?p=39190","title":{"rendered":"Wirtschaft live erleben \u2013 Kooperation mit Maisel&#038;Friends"},"content":{"rendered":"<p><!-- Thiele\n--><a href=\"https:\/\/www.rwg-bayreuth.de\/home\/wp-content\/uploads\/2025\/07\/24-25-WR-Maisel-Titelfoto.jpg\"><img loading=\"lazy\" decoding=\"async\" src=\"https:\/\/www.rwg-bayreuth.de\/home\/wp-content\/uploads\/2025\/07\/24-25-WR-Maisel-Titelfoto.jpg\" alt=\"\" width=\"1717\" height=\"1145\" class=\"aligncenter size-full wp-image-39191 crop219\" srcset=\"https:\/\/www.rwg-bayreuth.de\/home\/wp-content\/uploads\/2025\/07\/24-25-WR-Maisel-Titelfoto.jpg 1717w, https:\/\/www.rwg-bayreuth.de\/home\/wp-content\/uploads\/2025\/07\/24-25-WR-Maisel-Titelfoto-1536x1024.jpg 1536w, https:\/\/www.rwg-bayreuth.de\/home\/wp-content\/uploads\/2025\/07\/24-25-WR-Maisel-Titelfoto-150x100.jpg 150w, https:\/\/www.rwg-bayreuth.de\/home\/wp-content\/uploads\/2025\/07\/24-25-WR-Maisel-Titelfoto-450x300.jpg 450w, https:\/\/www.rwg-bayreuth.de\/home\/wp-content\/uploads\/2025\/07\/24-25-WR-Maisel-Titelfoto-768x512.jpg 768w, https:\/\/www.rwg-bayreuth.de\/home\/wp-content\/uploads\/2025\/07\/24-25-WR-Maisel-Titelfoto-1024x683.jpg 1024w, https:\/\/www.rwg-bayreuth.de\/home\/wp-content\/uploads\/2025\/07\/24-25-WR-Maisel-Titelfoto-250x167.jpg 250w, https:\/\/www.rwg-bayreuth.de\/home\/wp-content\/uploads\/2025\/07\/24-25-WR-Maisel-Titelfoto-900x600.jpg 900w\" sizes=\"(max-width: 1717px) 100vw, 1717px\" \/><\/a><\/p>\n<p>Ein besonderes Highlight des Schuljahres f\u00fcr den Wirtschaftszweig der 11. Klassen war die Kooperation mit Maisel&#038;Friends.<br \/>\nMichael Feuerstein, Gesch\u00e4ftsfeldleiter Kultur &#038; Tourismus, sowie Julia Burkhardt, Leiterin des Conference Centers, stellten unseren Sch\u00fclerinnen und Sch\u00fclern zu Beginn des Schuljahres die Aufgabe, ein Marketingkonzept f\u00fcr das Conference Center zu erstellen.<br \/>\nDie Gruppe erarbeitete Produktideen f\u00fcr private sowie gesch\u00e4ftliche Anl\u00e4sse, die von Geburtstagen und Hochzeiten bis hin zu gesch\u00e4ftlichen Konferenzen reichte. Bis ins kleinste Detail wurde \u00fcberlegt, geplant, verworfen und mit der Gesamtgruppe abgestimmt, bis ein stimmiges Gesamtkonzept entstand.<br \/>\nDieses Ergebnis durften die Sch\u00fclerinnen und Sch\u00fcler nun pr\u00e4sentieren und ernteten viel Lob von unserem Besuch.<\/p>\n<p><a href=\"https:\/\/www.rwg-bayreuth.de\/home\/wp-content\/uploads\/2025\/07\/24-25-WR-Maisel.jpg\"><img loading=\"lazy\" decoding=\"async\" src=\"https:\/\/www.rwg-bayreuth.de\/home\/wp-content\/uploads\/2025\/07\/24-25-WR-Maisel.jpg\" alt=\"\" width=\"1024\" height=\"679\" class=\"aligncenter size-full wp-image-39192 crop219\" srcset=\"https:\/\/www.rwg-bayreuth.de\/home\/wp-content\/uploads\/2025\/07\/24-25-WR-Maisel.jpg 1024w, https:\/\/www.rwg-bayreuth.de\/home\/wp-content\/uploads\/2025\/07\/24-25-WR-Maisel-150x99.jpg 150w, https:\/\/www.rwg-bayreuth.de\/home\/wp-content\/uploads\/2025\/07\/24-25-WR-Maisel-450x298.jpg 450w, https:\/\/www.rwg-bayreuth.de\/home\/wp-content\/uploads\/2025\/07\/24-25-WR-Maisel-768x509.jpg 768w, https:\/\/www.rwg-bayreuth.de\/home\/wp-content\/uploads\/2025\/07\/24-25-WR-Maisel-250x166.jpg 250w\" sizes=\"(max-width: 1024px) 100vw, 1024px\" \/><\/a><\/p>\n<p>Wir bedanken und ganz herzliche bei Michael und Julia f\u00fcr die hervorragende und unkomplizierte Zusammenarbeit, die den Sch\u00fclerinnen und Sch\u00fclern einen Einblick in die Welt des Marketings erm\u00f6glichte und freuen uns auf den Besuch im Herbst und auf viele weitere spannende Projekte.<\/p>\n","protected":false},"excerpt":{"rendered":"<p>Ein besonderes Highlight des Schuljahres f\u00fcr den Wirtschaftszweig der 11. Klassen war die Kooperation mit Maisel&#038;Friends. Michael Feuerstein, Gesch\u00e4ftsfeldleiter Kultur &#038; Tourismus, sowie Julia Burkhardt, Leiterin des Conference Centers, stellten unseren Sch\u00fclerinnen und Sch\u00fclern zu Beginn des Schuljahres die Aufgabe, ein Marketingkonzept f\u00fcr das Conference Center zu erstellen. Die Gruppe erarbeitete Produktideen f\u00fcr private sowie&hellip;<\/p>\n","protected":false},"author":11,"featured_media":39191,"comment_status":"closed","ping_status":"closed","sticky":false,"template":"","format":"standard","meta":{"footnotes":""},"categories":[1],"tags":[51,53],"_links":{"self":[{"href":"https:\/\/www.rwg-bayreuth.de\/home\/index.php?rest_route=\/wp\/v2\/posts\/39190"}],"collection":[{"href":"https:\/\/www.rwg-bayreuth.de\/home\/index.php?rest_route=\/wp\/v2\/posts"}],"about":[{"href":"https:\/\/www.rwg-bayreuth.de\/home\/index.php?rest_route=\/wp\/v2\/types\/post"}],"author":[{"embeddable":true,"href":"https:\/\/www.rwg-bayreuth.de\/home\/index.php?rest_route=\/wp\/v2\/users\/11"}],"replies":[{"embeddable":true,"href":"https:\/\/www.rwg-bayreuth.de\/home\/index.php?rest_route=%2Fwp%2Fv2%2Fcomments&post=39190"}],"version-history":[{"count":1,"href":"https:\/\/www.rwg-bayreuth.de\/home\/index.php?rest_route=\/wp\/v2\/posts\/39190\/revisions"}],"predecessor-version":[{"id":39193,"href":"https:\/\/www.rwg-bayreuth.de\/home\/index.php?rest_route=\/wp\/v2\/posts\/39190\/revisions\/39193"}],"wp:featuredmedia":[{"embeddable":true,"href":"https:\/\/www.rwg-bayreuth.de\/home\/index.php?rest_route=\/wp\/v2\/media\/39191"}],"wp:attachment":[{"href":"https:\/\/www.rwg-bayreuth.de\/home\/index.php?rest_route=%2Fwp%2Fv2%2Fmedia&parent=39190"}],"wp:term":[{"taxonomy":"category","embeddable":true,"href":"https:\/\/www.rwg-bayreuth.de\/home\/index.php?rest_route=%2Fwp%2Fv2%2Fcategories&post=39190"},{"taxonomy":"post_tag","embeddable":true,"href":"https:\/\/www.rwg-bayreuth.de\/home\/index.php?rest_route=%2Fwp%2Fv2%2Ftags&post=39190"}],"curies":[{"name":"wp","href":"https:\/\/api.w.org\/{rel}","templated":true}]}}