{"id":39157,"date":"2025-07-19T05:07:44","date_gmt":"2025-07-19T03:07:44","guid":{"rendered":"https:\/\/www.rwg-bayreuth.de\/home\/?p=39157"},"modified":"2025-09-08T13:12:10","modified_gmt":"2025-09-08T11:12:10","slug":"ist-das-rwg-fit4future","status":"publish","type":"post","link":"https:\/\/www.rwg-bayreuth.de\/home\/?p=39157","title":{"rendered":"Ist das RWG fit4future?"},"content":{"rendered":"<p><!-- Koch \n--><div class=\"su-image-carousel  clear su-image-carousel-has-spacing su-image-carousel-crop su-image-carousel-crop-21-9 su-image-carousel-has-lightbox su-image-carousel-has-outline su-image-carousel-slides-style-minimal su-image-carousel-controls-style-light su-image-carousel-align-center\" style=\"\" data-flickity-options='{\"groupCells\":true,\"cellSelector\":\".su-image-carousel-item\",\"adaptiveHeight\":false,\"cellAlign\":\"left\",\"prevNextButtons\":true,\"pageDots\":false,\"autoPlay\":4000,\"imagesLoaded\":true,\"contain\":true,\"selectedAttraction\":0.025000000000000001,\"friction\":0.28000000000000003}' id=\"su_image_carousel_69f1aca765a43\"><div class=\"su-image-carousel-item\"><div class=\"su-image-carousel-item-content\"><a href=\"https:\/\/www.rwg-bayreuth.de\/home\/wp-content\/uploads\/2025\/07\/24-25-fit4future_P-Seminar_Gruppe.jpg\" data-caption=\"\"><img loading=\"lazy\" decoding=\"async\" width=\"1807\" height=\"1205\" src=\"https:\/\/www.rwg-bayreuth.de\/home\/wp-content\/uploads\/2025\/07\/24-25-fit4future_P-Seminar_Gruppe.jpg\" class=\"\" alt=\"\" srcset=\"https:\/\/www.rwg-bayreuth.de\/home\/wp-content\/uploads\/2025\/07\/24-25-fit4future_P-Seminar_Gruppe.jpg 1807w, https:\/\/www.rwg-bayreuth.de\/home\/wp-content\/uploads\/2025\/07\/24-25-fit4future_P-Seminar_Gruppe-1536x1024.jpg 1536w, https:\/\/www.rwg-bayreuth.de\/home\/wp-content\/uploads\/2025\/07\/24-25-fit4future_P-Seminar_Gruppe-150x100.jpg 150w, https:\/\/www.rwg-bayreuth.de\/home\/wp-content\/uploads\/2025\/07\/24-25-fit4future_P-Seminar_Gruppe-450x300.jpg 450w, https:\/\/www.rwg-bayreuth.de\/home\/wp-content\/uploads\/2025\/07\/24-25-fit4future_P-Seminar_Gruppe-768x512.jpg 768w, https:\/\/www.rwg-bayreuth.de\/home\/wp-content\/uploads\/2025\/07\/24-25-fit4future_P-Seminar_Gruppe-1024x683.jpg 1024w, https:\/\/www.rwg-bayreuth.de\/home\/wp-content\/uploads\/2025\/07\/24-25-fit4future_P-Seminar_Gruppe-250x167.jpg 250w, https:\/\/www.rwg-bayreuth.de\/home\/wp-content\/uploads\/2025\/07\/24-25-fit4future_P-Seminar_Gruppe-900x600.jpg 900w\" sizes=\"(max-width: 1807px) 100vw, 1807px\" \/><\/a><\/div><\/div><div class=\"su-image-carousel-item\"><div class=\"su-image-carousel-item-content\"><a href=\"https:\/\/www.rwg-bayreuth.de\/home\/wp-content\/uploads\/2025\/07\/24-25-fit4future_P-Seminar_Tisch.jpg\" data-caption=\"\"><img loading=\"lazy\" decoding=\"async\" width=\"1920\" height=\"1080\" src=\"https:\/\/www.rwg-bayreuth.de\/home\/wp-content\/uploads\/2025\/07\/24-25-fit4future_P-Seminar_Tisch.jpg\" class=\"\" alt=\"\" srcset=\"https:\/\/www.rwg-bayreuth.de\/home\/wp-content\/uploads\/2025\/07\/24-25-fit4future_P-Seminar_Tisch.jpg 1920w, https:\/\/www.rwg-bayreuth.de\/home\/wp-content\/uploads\/2025\/07\/24-25-fit4future_P-Seminar_Tisch-1536x864.jpg 1536w, https:\/\/www.rwg-bayreuth.de\/home\/wp-content\/uploads\/2025\/07\/24-25-fit4future_P-Seminar_Tisch-150x84.jpg 150w, https:\/\/www.rwg-bayreuth.de\/home\/wp-content\/uploads\/2025\/07\/24-25-fit4future_P-Seminar_Tisch-450x253.jpg 450w, https:\/\/www.rwg-bayreuth.de\/home\/wp-content\/uploads\/2025\/07\/24-25-fit4future_P-Seminar_Tisch-768x432.jpg 768w, https:\/\/www.rwg-bayreuth.de\/home\/wp-content\/uploads\/2025\/07\/24-25-fit4future_P-Seminar_Tisch-1024x576.jpg 1024w, https:\/\/www.rwg-bayreuth.de\/home\/wp-content\/uploads\/2025\/07\/24-25-fit4future_P-Seminar_Tisch-250x141.jpg 250w, https:\/\/www.rwg-bayreuth.de\/home\/wp-content\/uploads\/2025\/07\/24-25-fit4future_P-Seminar_Tisch-1260x709.jpg 1260w, https:\/\/www.rwg-bayreuth.de\/home\/wp-content\/uploads\/2025\/07\/24-25-fit4future_P-Seminar_Tisch-800x450.jpg 800w\" sizes=\"(max-width: 1920px) 100vw, 1920px\" \/><\/a><\/div><\/div><\/div><script id=\"su_image_carousel_69f1aca765a43_script\">if(window.SUImageCarousel){setTimeout(function() {window.SUImageCarousel.initGallery(document.getElementById(\"su_image_carousel_69f1aca765a43\"))}, 0);}var su_image_carousel_69f1aca765a43_script=document.getElementById(\"su_image_carousel_69f1aca765a43_script\");if(su_image_carousel_69f1aca765a43_script){su_image_carousel_69f1aca765a43_script.parentNode.removeChild(su_image_carousel_69f1aca765a43_script);}<\/script>\n<h2>Wir sind das P-Seminar Sport und wir sagen: Ein gesundes Leben besteht aus mehr als nur dem Sportunterricht! <\/h2>\n<p>Viele Sch\u00fclerinnen und Sch\u00fcler verbinden den Begriff \u201eSchule\u201c heutzutage oft mit Stress und stundenlangem Sitzen auf den St\u00fchlen. Gerade seit Corona haben Stress und psychische Belastung bei vielen Sch\u00fclerinnen und Sch\u00fclern unserer Generation zugenommen.  <\/p>\n<p>Darum hat sich das P-Seminar \u201eSport\u201c der 11. Klasse am Anfang des Schuljahres zusammengesetzt und wollten daran etwas \u00e4ndern. Wir haben es uns zur Aufgabe gemacht, einen Schultag f\u00fcr die Gesundheit zu planen. Unser Projekt begleitet uns nun schon ein Schuljahr lang. Gemeinsam haben wir uns damit besch\u00e4ftigt, verschiedenste Vereine und Partner wie z.B. Krankenkasse oder Fitnessstudio f\u00fcr den Projekttag an Bord zu holen. Unser Ziel:  den Sch\u00fclerinnen und Sch\u00fclern einen Tag zu organisieren, an dem sie mehr \u00fcber Gesundheit erfahren k\u00f6nnen. <\/p>\n<p>Ab dem 15.7.2025 startet die Mittelstufe mit ihrem Projekttag. Sie lernen von unserer Schulpsychologin Frau Sieling etwas \u00fcber Stressbew\u00e4ltigung, \u00fcben aktive AntiStressMa\u00dfnahmen mit Tomislav Zlatunic, bereiten ein gesundes M\u00fcsli zu, absolvieren einen Fitnesstest und besuchen sogar ein Fitnessstudio!  <\/p>\n<p>An dem 17.7.2025 schlie\u00dft sich der Projekttag der Oberstufe an. Die Sch\u00fclerinnen und Sch\u00fcler haben sich im Vorfeld aus einer Vielzahl von Workshops zwei ausw\u00e4hlen k\u00f6nnen. Es werden Themen anageboten, wie z.B. gesunde Internetnutzung, positiver Umgang mit Stress und sportliche Aktivit\u00e4ten. <\/p>\n<p>Den Abschluss unseres Projektes bildet die Unterstufe am Freitag, den 18.7.2025. F\u00fcr unsere j\u00fcngeren Sch\u00fclerinnen und Sch\u00fcler ist es oft etwas schwierig, sich 1,5 Stunden lang einen Vortrag anzuh\u00f6ren. Deshalb haben wir f\u00fcr sie ein V\u00f6lkerball-Turnier organisiert. Die Unterstufler sind oft neugierig Neues zu lernen und zu entdecken. Deshalb haben wir auf dem Hartplatz neben der Turnhalle verschiedene Vereine eingeladen, um sich den Kindern vorzustellen. Die Sch\u00fclerinnen und Sch\u00fcler k\u00f6nnen dort auf die Vereinsmitarbeiter\/innen zugehen und sich \u00fcber die vielf\u00e4ltigen Sportarten informieren und Fragen dazu stellen.  <\/p>\n<p>Wir freuen uns sehr, der Schulfamilie durch unser P-Seminar \u201eSport\u201c bewegte Projekttage anzubieten mit abwechslungsreichem Programm. Sich ausnahmsweise nicht mit Lernstoff, sondern mit Bewegung und der eigenen Gesundheit auseinander zu setzen und ein Bewusstsein f\u00fcr ein gesundes Leben zu schaffen \u2013 das war unser Ziel vom P-Seminar \u201eSport\u201c. <\/p>\n<p><em>Christoph Maurer f\u00fcr das P-Seminar Sport<\/em><\/p>\n","protected":false},"excerpt":{"rendered":"<p>Wir sind das P-Seminar Sport und wir sagen: Ein gesundes Leben besteht aus mehr als nur dem Sportunterricht! Viele Sch\u00fclerinnen und Sch\u00fcler verbinden den Begriff \u201eSchule\u201c heutzutage oft mit Stress und stundenlangem Sitzen auf den St\u00fchlen. Gerade seit Corona haben Stress und psychische Belastung bei vielen Sch\u00fclerinnen und Sch\u00fclern unserer Generation zugenommen. Darum hat sich&hellip;<\/p>\n","protected":false},"author":11,"featured_media":39159,"comment_status":"closed","ping_status":"closed","sticky":false,"template":"","format":"standard","meta":{"footnotes":""},"categories":[1],"tags":[51,64,63],"_links":{"self":[{"href":"https:\/\/www.rwg-bayreuth.de\/home\/index.php?rest_route=\/wp\/v2\/posts\/39157"}],"collection":[{"href":"https:\/\/www.rwg-bayreuth.de\/home\/index.php?rest_route=\/wp\/v2\/posts"}],"about":[{"href":"https:\/\/www.rwg-bayreuth.de\/home\/index.php?rest_route=\/wp\/v2\/types\/post"}],"author":[{"embeddable":true,"href":"https:\/\/www.rwg-bayreuth.de\/home\/index.php?rest_route=\/wp\/v2\/users\/11"}],"replies":[{"embeddable":true,"href":"https:\/\/www.rwg-bayreuth.de\/home\/index.php?rest_route=%2Fwp%2Fv2%2Fcomments&post=39157"}],"version-history":[{"count":2,"href":"https:\/\/www.rwg-bayreuth.de\/home\/index.php?rest_route=\/wp\/v2\/posts\/39157\/revisions"}],"predecessor-version":[{"id":39161,"href":"https:\/\/www.rwg-bayreuth.de\/home\/index.php?rest_route=\/wp\/v2\/posts\/39157\/revisions\/39161"}],"wp:featuredmedia":[{"embeddable":true,"href":"https:\/\/www.rwg-bayreuth.de\/home\/index.php?rest_route=\/wp\/v2\/media\/39159"}],"wp:attachment":[{"href":"https:\/\/www.rwg-bayreuth.de\/home\/index.php?rest_route=%2Fwp%2Fv2%2Fmedia&parent=39157"}],"wp:term":[{"taxonomy":"category","embeddable":true,"href":"https:\/\/www.rwg-bayreuth.de\/home\/index.php?rest_route=%2Fwp%2Fv2%2Fcategories&post=39157"},{"taxonomy":"post_tag","embeddable":true,"href":"https:\/\/www.rwg-bayreuth.de\/home\/index.php?rest_route=%2Fwp%2Fv2%2Ftags&post=39157"}],"curies":[{"name":"wp","href":"https:\/\/api.w.org\/{rel}","templated":true}]}}