{"id":39131,"date":"2025-07-08T07:49:41","date_gmt":"2025-07-08T05:49:41","guid":{"rendered":"https:\/\/www.rwg-bayreuth.de\/home\/?p=39131"},"modified":"2025-07-08T07:55:08","modified_gmt":"2025-07-08T05:55:08","slug":"ehrung-fuer-engagement-durch-die-kriegsgraeberfuersorge","status":"publish","type":"post","link":"https:\/\/www.rwg-bayreuth.de\/home\/?p=39131","title":{"rendered":"Ehrung f\u00fcr Engagement durch die Kriegsgr\u00e4berf\u00fcrsorge"},"content":{"rendered":"<p><a href=\"https:\/\/www.rwg-bayreuth.de\/home\/wp-content\/uploads\/2025\/07\/24-25-Ehrung_Kriegsgraeberfuersorge.jpg\"><img decoding=\"async\" src=\"https:\/\/www.rwg-bayreuth.de\/home\/wp-content\/uploads\/2025\/07\/24-25-Ehrung_Kriegsgraeberfuersorge.jpg\" alt=\"\" width=\"100%\" height=\"auto\" class=\"aligncenter size-full wp-image-39132 crop219\" srcset=\"https:\/\/www.rwg-bayreuth.de\/home\/wp-content\/uploads\/2025\/07\/24-25-Ehrung_Kriegsgraeberfuersorge.jpg 2048w, https:\/\/www.rwg-bayreuth.de\/home\/wp-content\/uploads\/2025\/07\/24-25-Ehrung_Kriegsgraeberfuersorge-1536x1024.jpg 1536w, https:\/\/www.rwg-bayreuth.de\/home\/wp-content\/uploads\/2025\/07\/24-25-Ehrung_Kriegsgraeberfuersorge-150x100.jpg 150w, https:\/\/www.rwg-bayreuth.de\/home\/wp-content\/uploads\/2025\/07\/24-25-Ehrung_Kriegsgraeberfuersorge-450x300.jpg 450w, https:\/\/www.rwg-bayreuth.de\/home\/wp-content\/uploads\/2025\/07\/24-25-Ehrung_Kriegsgraeberfuersorge-768x512.jpg 768w, https:\/\/www.rwg-bayreuth.de\/home\/wp-content\/uploads\/2025\/07\/24-25-Ehrung_Kriegsgraeberfuersorge-1024x683.jpg 1024w, https:\/\/www.rwg-bayreuth.de\/home\/wp-content\/uploads\/2025\/07\/24-25-Ehrung_Kriegsgraeberfuersorge-250x167.jpg 250w, https:\/\/www.rwg-bayreuth.de\/home\/wp-content\/uploads\/2025\/07\/24-25-Ehrung_Kriegsgraeberfuersorge-900x600.jpg 900w, https:\/\/www.rwg-bayreuth.de\/home\/wp-content\/uploads\/2025\/07\/24-25-Ehrung_Kriegsgraeberfuersorge-600x400.jpg 600w\" sizes=\"(max-width: 2048px) 100vw, 2048px\" \/><\/a><\/p>\n<p>Am 23. Juni 2025 wurden bei einem feierlichen Empfang in der Regierung von Oberfranken in Bayreuth Schulen geehrt, die sich im Herbst 2024 besonders erfolgreich an den Sammlungen des Volksbundes Deutsch Kriegsgr\u00e4berf\u00fcrsorge und am Kerzenverkauf beteiligt haben. Auch das Richard-Wagner-Gymnasium war unter den geehrten Schulen.<\/p>\n<p>Durch die engagierte Beteiligung zahlreicher Schulen konnte in Oberfranken in diesem Jahr ein Gesamterl\u00f6s von rund 57000\u20ac erzielt werden, das sind 7000\u20ac mehr als im vergangenen Jahr.<\/p>\n<p>Ein gro\u00dfes Dankesch\u00f6n gilt allen, die diese wichtige Aktion in diesem Schuljahr unterst\u00fctzt haben.<\/p>\n","protected":false},"excerpt":{"rendered":"<p>Am 23. Juni 2025 wurden bei einem feierlichen Empfang in der Regierung von Oberfranken in Bayreuth Schulen geehrt, die sich im Herbst 2024 besonders erfolgreich an den Sammlungen des Volksbundes Deutsch Kriegsgr\u00e4berf\u00fcrsorge und am Kerzenverkauf beteiligt haben. Auch das Richard-Wagner-Gymnasium war unter den geehrten Schulen. Durch die engagierte Beteiligung zahlreicher Schulen konnte in Oberfranken in&hellip;<\/p>\n","protected":false},"author":11,"featured_media":39132,"comment_status":"closed","ping_status":"closed","sticky":false,"template":"","format":"standard","meta":{"footnotes":""},"categories":[1],"tags":[51],"_links":{"self":[{"href":"https:\/\/www.rwg-bayreuth.de\/home\/index.php?rest_route=\/wp\/v2\/posts\/39131"}],"collection":[{"href":"https:\/\/www.rwg-bayreuth.de\/home\/index.php?rest_route=\/wp\/v2\/posts"}],"about":[{"href":"https:\/\/www.rwg-bayreuth.de\/home\/index.php?rest_route=\/wp\/v2\/types\/post"}],"author":[{"embeddable":true,"href":"https:\/\/www.rwg-bayreuth.de\/home\/index.php?rest_route=\/wp\/v2\/users\/11"}],"replies":[{"embeddable":true,"href":"https:\/\/www.rwg-bayreuth.de\/home\/index.php?rest_route=%2Fwp%2Fv2%2Fcomments&post=39131"}],"version-history":[{"count":2,"href":"https:\/\/www.rwg-bayreuth.de\/home\/index.php?rest_route=\/wp\/v2\/posts\/39131\/revisions"}],"predecessor-version":[{"id":39134,"href":"https:\/\/www.rwg-bayreuth.de\/home\/index.php?rest_route=\/wp\/v2\/posts\/39131\/revisions\/39134"}],"wp:featuredmedia":[{"embeddable":true,"href":"https:\/\/www.rwg-bayreuth.de\/home\/index.php?rest_route=\/wp\/v2\/media\/39132"}],"wp:attachment":[{"href":"https:\/\/www.rwg-bayreuth.de\/home\/index.php?rest_route=%2Fwp%2Fv2%2Fmedia&parent=39131"}],"wp:term":[{"taxonomy":"category","embeddable":true,"href":"https:\/\/www.rwg-bayreuth.de\/home\/index.php?rest_route=%2Fwp%2Fv2%2Fcategories&post=39131"},{"taxonomy":"post_tag","embeddable":true,"href":"https:\/\/www.rwg-bayreuth.de\/home\/index.php?rest_route=%2Fwp%2Fv2%2Ftags&post=39131"}],"curies":[{"name":"wp","href":"https:\/\/api.w.org\/{rel}","templated":true}]}}