{"id":39092,"date":"2025-05-21T05:43:26","date_gmt":"2025-05-21T03:43:26","guid":{"rendered":"https:\/\/www.rwg-bayreuth.de\/home\/?p=39092"},"modified":"2025-07-31T20:34:51","modified_gmt":"2025-07-31T18:34:51","slug":"wirtschaft-live-was-laeuft-hinter-den-kulissen","status":"publish","type":"post","link":"https:\/\/www.rwg-bayreuth.de\/home\/?p=39092","title":{"rendered":"Wirtschaft \u2013 Live, was l\u00e4uft hinter den Kulissen?"},"content":{"rendered":"<p><!-- Schill\n\n--><a href=\"https:\/\/www.rwg-bayreuth.de\/home\/wp-content\/uploads\/2025\/06\/24-25-WR-Audi-Fahrt.jpg\"><img loading=\"lazy\" decoding=\"async\" src=\"https:\/\/www.rwg-bayreuth.de\/home\/wp-content\/uploads\/2025\/06\/24-25-WR-Audi-Fahrt.jpg\" alt=\"\" width=\"1024\" height=\"683\" class=\"aligncenter size-full wp-image-39093 crop219\" srcset=\"https:\/\/www.rwg-bayreuth.de\/home\/wp-content\/uploads\/2025\/06\/24-25-WR-Audi-Fahrt.jpg 1024w, https:\/\/www.rwg-bayreuth.de\/home\/wp-content\/uploads\/2025\/06\/24-25-WR-Audi-Fahrt-150x100.jpg 150w, https:\/\/www.rwg-bayreuth.de\/home\/wp-content\/uploads\/2025\/06\/24-25-WR-Audi-Fahrt-450x300.jpg 450w, https:\/\/www.rwg-bayreuth.de\/home\/wp-content\/uploads\/2025\/06\/24-25-WR-Audi-Fahrt-768x512.jpg 768w, https:\/\/www.rwg-bayreuth.de\/home\/wp-content\/uploads\/2025\/06\/24-25-WR-Audi-Fahrt-250x167.jpg 250w, https:\/\/www.rwg-bayreuth.de\/home\/wp-content\/uploads\/2025\/06\/24-25-WR-Audi-Fahrt-900x600.jpg 900w\" sizes=\"(max-width: 1024px) 100vw, 1024px\" \/><\/a><\/p>\n<p>Am Dienstag, den 20.05.25 war f\u00fcr die RWGler mal wieder Wirtschaft-live angesagt.<br \/>\nAm fr\u00fchen Morgen schon machten sich die Zehntkl\u00e4ssler des Wirtschaftszweiges und die Sch\u00fcler des Leistungsfaches Wirtschaft der Q12 mit ihren Lehrern Herrn Schill und Herrn Arzberger auf den Weg.<br \/>\nZusammen ging es nach Ingolstadt. Und f\u00fcr welche Marke kennt man diese Stadt?<br \/>\nRichtig, Audi!<br \/>\nEine der wohl bekanntesten deutschen Automarken und auch gr\u00f6\u00dften Tochterkonzern von Volkswagen.<br \/>\nDort werden nicht nur Bauteile f\u00fcr die eigenen Fahrzeuge hergestellt, sondern auch Elemente f\u00fcr andere Konzerne, wie unter anderem BMW, Ducati oder auch Lamborghini.<br \/>\nNach einer kurzen Einweisung \u00fcber einige Eckdaten, bei welcher die \u201ekleinen\u201c Wirtschaftler bereits mit ihrem Wissen gl\u00e4nzen konnten, startete die F\u00fchrung auch schon. Ein Guide f\u00fchrte die Gruppe durch einen Teil des unerwartet riesigen Gel\u00e4ndes, welches mit etwa 400ha mehr als die H\u00e4lfte der ganzen Stadt einnimmt. Allein das Audi Forum hat schon eine Gr\u00f6\u00dfe von rund 77.000 qm!<br \/>\nW\u00e4hrend Arbeitsschritte wie beispielsweise die Lackierung oder die Qualit\u00e4tskontrolle nur ausf\u00fchrlich erkl\u00e4rt werden konnten, da der Automatisierungsprozess in diesen Bereichen bereits so weit fortgeschritten ist, dass dort kein Besucher zugelassen ist, durften die Sch\u00fclerinnen und Sch\u00fcler auch einige Sachen in der Umsetzung sehen.<br \/>\nDie Klassen wurden im spannenden Informationsaustausch durch den Pressprozess der Bestandteile, sowie auch die Flie\u00dfbandarbeit gef\u00fchrt. Besonders \u00fcberraschend war hierbei f\u00fcr die Jugendlichen, dass die Einbauzeit einiger Teile nur etwas 68 Sekunden betr\u00e4gt und dass ein kurzer Stop schon mehrere Tausend Euro Minus bedeuten w\u00fcrde.<br \/>\nSchlussendlich waren wirklich alle positiv \u00fcberrascht von der Arbeit in dieser Branche und begeistert den Stoff nicht nur im Theorieunterricht geh\u00f6rt, sondern auch mal in der realen Praxis gesehen zu haben.<br \/>\nNach einigen Erinnerungsbildern und fachsimpelnden Gespr\u00e4chen mit dem Guide, hie\u00df es nach einem mal ganz anderem Schultag auch schon wieder Abschied nehmen.<br \/>\nAuf dem Weg nach Hause gab es noch einen kurzen Stopp im Ingolstadt Village. Hier konnten die Wirtschaftler nicht nur essen und shoppen, sondern auch noch mal das Marketing unter die Lupe nehmen und mit ihrem Wissen kritisch betrachten.<br \/>\nTja und auch wenn solche Tage die sch\u00f6nsten sind, ist auch hier \u201eSchule aus, wir gehen nach Haus\u201c angesagt. <\/p>\n<p>Im Namen aller Teilnehmer dieses Ausfluges, m\u00f6chten wir uns an der Stelle nochmal ganz herzlich bedanken, dass uns dieses tolle Erlebnis und ein so genauer Blick hinter die Kulissen erm\u00f6glicht wurde!<br \/>\nNicht nur dem Verein der Freunde, sondern auch unseren Lehrkr\u00e4ften, die die Organisation \u00fcbernommen haben und auch den Guides die uns all unsere Fragen so geduldig beantwortet haben &#8211;  ein riesiges DANKE!<\/p>\n<p><em>Lea, Sarah und Lilli<\/em> <\/p>\n","protected":false},"excerpt":{"rendered":"<p>Am Dienstag, den 20.05.25 war f\u00fcr die RWGler mal wieder Wirtschaft-live angesagt. Am fr\u00fchen Morgen schon machten sich die Zehntkl\u00e4ssler des Wirtschaftszweiges und die Sch\u00fcler des Leistungsfaches Wirtschaft der Q12 mit ihren Lehrern Herrn Schill und Herrn Arzberger auf den Weg. Zusammen ging es nach Ingolstadt. Und f\u00fcr welche Marke kennt man diese Stadt? Richtig,&hellip;<\/p>\n","protected":false},"author":11,"featured_media":39093,"comment_status":"closed","ping_status":"closed","sticky":false,"template":"","format":"standard","meta":{"footnotes":""},"categories":[1],"tags":[51,53],"_links":{"self":[{"href":"https:\/\/www.rwg-bayreuth.de\/home\/index.php?rest_route=\/wp\/v2\/posts\/39092"}],"collection":[{"href":"https:\/\/www.rwg-bayreuth.de\/home\/index.php?rest_route=\/wp\/v2\/posts"}],"about":[{"href":"https:\/\/www.rwg-bayreuth.de\/home\/index.php?rest_route=\/wp\/v2\/types\/post"}],"author":[{"embeddable":true,"href":"https:\/\/www.rwg-bayreuth.de\/home\/index.php?rest_route=\/wp\/v2\/users\/11"}],"replies":[{"embeddable":true,"href":"https:\/\/www.rwg-bayreuth.de\/home\/index.php?rest_route=%2Fwp%2Fv2%2Fcomments&post=39092"}],"version-history":[{"count":4,"href":"https:\/\/www.rwg-bayreuth.de\/home\/index.php?rest_route=\/wp\/v2\/posts\/39092\/revisions"}],"predecessor-version":[{"id":39344,"href":"https:\/\/www.rwg-bayreuth.de\/home\/index.php?rest_route=\/wp\/v2\/posts\/39092\/revisions\/39344"}],"wp:featuredmedia":[{"embeddable":true,"href":"https:\/\/www.rwg-bayreuth.de\/home\/index.php?rest_route=\/wp\/v2\/media\/39093"}],"wp:attachment":[{"href":"https:\/\/www.rwg-bayreuth.de\/home\/index.php?rest_route=%2Fwp%2Fv2%2Fmedia&parent=39092"}],"wp:term":[{"taxonomy":"category","embeddable":true,"href":"https:\/\/www.rwg-bayreuth.de\/home\/index.php?rest_route=%2Fwp%2Fv2%2Fcategories&post=39092"},{"taxonomy":"post_tag","embeddable":true,"href":"https:\/\/www.rwg-bayreuth.de\/home\/index.php?rest_route=%2Fwp%2Fv2%2Ftags&post=39092"}],"curies":[{"name":"wp","href":"https:\/\/api.w.org\/{rel}","templated":true}]}}