{"id":39064,"date":"2025-02-25T05:56:20","date_gmt":"2025-02-25T04:56:20","guid":{"rendered":"https:\/\/www.rwg-bayreuth.de\/home\/?p=39064"},"modified":"2025-06-04T21:05:01","modified_gmt":"2025-06-04T19:05:01","slug":"erinnern-fuer-die-zukunft-exkursion-in-die-kz-gedenkstaette-flossenbuerg","status":"publish","type":"post","link":"https:\/\/www.rwg-bayreuth.de\/home\/?p=39064","title":{"rendered":"Erinnern f\u00fcr die Zukunft \u2013 Exkursion in die KZ-Gedenkst\u00e4tte Flossenb\u00fcrg"},"content":{"rendered":"<p><!--   Knappe\n\n--><a href=\"https:\/\/www.rwg-bayreuth.de\/home\/wp-content\/uploads\/2025\/06\/24-25-Flossenbuerg.jpg\"><img loading=\"lazy\" decoding=\"async\" src=\"https:\/\/www.rwg-bayreuth.de\/home\/wp-content\/uploads\/2025\/06\/24-25-Flossenbuerg.jpg\" alt=\"\" width=\"1024\" height=\"768\" class=\"aligncenter size-full wp-image-39065 crop219\" srcset=\"https:\/\/www.rwg-bayreuth.de\/home\/wp-content\/uploads\/2025\/06\/24-25-Flossenbuerg.jpg 1024w, https:\/\/www.rwg-bayreuth.de\/home\/wp-content\/uploads\/2025\/06\/24-25-Flossenbuerg-150x113.jpg 150w, https:\/\/www.rwg-bayreuth.de\/home\/wp-content\/uploads\/2025\/06\/24-25-Flossenbuerg-450x338.jpg 450w, https:\/\/www.rwg-bayreuth.de\/home\/wp-content\/uploads\/2025\/06\/24-25-Flossenbuerg-768x576.jpg 768w, https:\/\/www.rwg-bayreuth.de\/home\/wp-content\/uploads\/2025\/06\/24-25-Flossenbuerg-250x188.jpg 250w\" sizes=\"(max-width: 1024px) 100vw, 1024px\" \/><\/a><\/p>\n<p>Am 20. und 24. Februar 2025 unternahmen die f\u00fcnf 9. Klassen des Richard-Wagner-Gymnasiums Bayreuth eine Exkursion zur KZ-Gedenkst\u00e4tte Flossenb\u00fcrg. Ziel war die KZ-Gedenkst\u00e4tte Flossenb\u00fcrg, ein Ort, an dem zwischen 1938 und 1945 zehntausende Menschen unter unmenschlichen Bedingungen litten und starben. Die Exkursion sollte nicht nur Wissen \u00fcber diesen Teil des dunkelsten Kapitels der deutschen Geschichte vermitteln, sondern auch zum Nachdenken anregen.<\/p>\n<p>Nach der Ankunft wurden die Sch\u00fclerinnen und Sch\u00fcler \u00fcber das Lagergel\u00e4nde gef\u00fchrt. Sie besichtigten unter anderem die Kommandantur, die rekonstruierte Lagerk\u00fcche sowie die Reste der H\u00e4ftlingsbaracken, von denen allerdings nicht mehr so viel zu sehen ist. Besonders eindrucksvoll war die Dauerausstellung \u201eFlossenb\u00fcrg 1938\u20131945\u201c. Hier konnten sie originale Dokumente, pers\u00f6nliche Gegenst\u00e4nde und Fotografien bzw. Zeichnungen ehemaliger H\u00e4ftlinge betrachten. Die Berichte \u00fcber den Lageralltag, die Zwangsarbeit im Steinbruch, die systematische Erniedrigung der Gefangenen und die Erz\u00e4hlungen \u00fcber das \u201eTal des Todes\u201c und den Ehrenfriedhof lie\u00dfen die Sch\u00fclerinnen und Sch\u00fcler nachdenklich zur\u00fcck.<\/p>\n<p>Die Exkursion machte deutlich, wie wichtig es ist, die Vergangenheit nicht zu vergessen. Die Verbrechen des Nationalsozialismus d\u00fcrfen nicht in Vergessenheit geraten, denn nur so kann Verantwortung f\u00fcr die Zukunft \u00fcbernommen werden. Die Gedenkst\u00e4tte ist nicht nur ein Ort der Erinnerung, sondern auch eine Mahnung, sich aktiv f\u00fcr Menschlichkeit, Toleranz und gegen jede Form von Ausgrenzung einzusetzen.<\/p>\n","protected":false},"excerpt":{"rendered":"<p>Am 20. und 24. Februar 2025 unternahmen die f\u00fcnf 9. Klassen des Richard-Wagner-Gymnasiums Bayreuth eine Exkursion zur KZ-Gedenkst\u00e4tte Flossenb\u00fcrg. Ziel war die KZ-Gedenkst\u00e4tte Flossenb\u00fcrg, ein Ort, an dem zwischen 1938 und 1945 zehntausende Menschen unter unmenschlichen Bedingungen litten und starben. Die Exkursion sollte nicht nur Wissen \u00fcber diesen Teil des dunkelsten Kapitels der deutschen Geschichte&hellip;<\/p>\n","protected":false},"author":11,"featured_media":39068,"comment_status":"closed","ping_status":"closed","sticky":false,"template":"","format":"standard","meta":{"footnotes":""},"categories":[1],"tags":[90,51],"_links":{"self":[{"href":"https:\/\/www.rwg-bayreuth.de\/home\/index.php?rest_route=\/wp\/v2\/posts\/39064"}],"collection":[{"href":"https:\/\/www.rwg-bayreuth.de\/home\/index.php?rest_route=\/wp\/v2\/posts"}],"about":[{"href":"https:\/\/www.rwg-bayreuth.de\/home\/index.php?rest_route=\/wp\/v2\/types\/post"}],"author":[{"embeddable":true,"href":"https:\/\/www.rwg-bayreuth.de\/home\/index.php?rest_route=\/wp\/v2\/users\/11"}],"replies":[{"embeddable":true,"href":"https:\/\/www.rwg-bayreuth.de\/home\/index.php?rest_route=%2Fwp%2Fv2%2Fcomments&post=39064"}],"version-history":[{"count":3,"href":"https:\/\/www.rwg-bayreuth.de\/home\/index.php?rest_route=\/wp\/v2\/posts\/39064\/revisions"}],"predecessor-version":[{"id":39069,"href":"https:\/\/www.rwg-bayreuth.de\/home\/index.php?rest_route=\/wp\/v2\/posts\/39064\/revisions\/39069"}],"wp:featuredmedia":[{"embeddable":true,"href":"https:\/\/www.rwg-bayreuth.de\/home\/index.php?rest_route=\/wp\/v2\/media\/39068"}],"wp:attachment":[{"href":"https:\/\/www.rwg-bayreuth.de\/home\/index.php?rest_route=%2Fwp%2Fv2%2Fmedia&parent=39064"}],"wp:term":[{"taxonomy":"category","embeddable":true,"href":"https:\/\/www.rwg-bayreuth.de\/home\/index.php?rest_route=%2Fwp%2Fv2%2Fcategories&post=39064"},{"taxonomy":"post_tag","embeddable":true,"href":"https:\/\/www.rwg-bayreuth.de\/home\/index.php?rest_route=%2Fwp%2Fv2%2Ftags&post=39064"}],"curies":[{"name":"wp","href":"https:\/\/api.w.org\/{rel}","templated":true}]}}