{"id":38827,"date":"2025-05-10T05:47:21","date_gmt":"2025-05-10T03:47:21","guid":{"rendered":"https:\/\/www.rwg-bayreuth.de\/home\/?p=38827"},"modified":"2025-06-05T22:02:17","modified_gmt":"2025-06-05T20:02:17","slug":"nachhaltigkeit-zum-mitmachen-der-3-marktplatz-der-nachhaltigkeit-am-rwg","status":"publish","type":"post","link":"https:\/\/www.rwg-bayreuth.de\/home\/?p=38827","title":{"rendered":"Nachhaltigkeit zum Mitmachen \u2013 Der 3. Marktplatz der Nachhaltigkeit am RWG"},"content":{"rendered":"<p><!-- Jurenka\n\n--><a href=\"https:\/\/www.rwg-bayreuth.de\/home\/wp-content\/uploads\/2025\/05\/24-25-MarktplatzDerNachhaltigkeit3-B.jpg\"><img decoding=\"async\" src=\"https:\/\/www.rwg-bayreuth.de\/home\/wp-content\/uploads\/2025\/05\/24-25-MarktplatzDerNachhaltigkeit3-B.jpg\" alt=\"\" width=\"100%\" height=\"auto\" class=\"aligncenter size-full wp-image-38828 crop219\" srcset=\"https:\/\/www.rwg-bayreuth.de\/home\/wp-content\/uploads\/2025\/05\/24-25-MarktplatzDerNachhaltigkeit3-B.jpg 1024w, https:\/\/www.rwg-bayreuth.de\/home\/wp-content\/uploads\/2025\/05\/24-25-MarktplatzDerNachhaltigkeit3-B-150x100.jpg 150w, https:\/\/www.rwg-bayreuth.de\/home\/wp-content\/uploads\/2025\/05\/24-25-MarktplatzDerNachhaltigkeit3-B-450x300.jpg 450w, https:\/\/www.rwg-bayreuth.de\/home\/wp-content\/uploads\/2025\/05\/24-25-MarktplatzDerNachhaltigkeit3-B-768x512.jpg 768w, https:\/\/www.rwg-bayreuth.de\/home\/wp-content\/uploads\/2025\/05\/24-25-MarktplatzDerNachhaltigkeit3-B-250x167.jpg 250w, https:\/\/www.rwg-bayreuth.de\/home\/wp-content\/uploads\/2025\/05\/24-25-MarktplatzDerNachhaltigkeit3-B-900x600.jpg 900w\" sizes=\"(max-width: 1024px) 100vw, 1024px\" \/><\/a><\/p>\n<p>Wie kann man Umweltschutz im Schulalltag verankern? Wie k\u00f6nnen junge Menschen Verantwortung f\u00fcr die Zukunft \u00fcbernehmen? Antworten auf diese Fragen lieferte der 3. Marktplatz der Nachhaltigkeit, der am 9. Mai 2025 am Richard-Wagner-Gymnasium stattfand. Das vielf\u00e4ltige Programm lud alle Sch\u00fclerinnen und Sch\u00fcler dazu ein, sich aktiv mit Themen rund um Klima, Umwelt und nachhaltiges Handeln auseinanderzusetzen \u2013 ganz im Sinne unserer Auszeichnung als Umweltschule in Europa und internationale Nachhaltigkeitsschule.<\/p>\n<p>Mit gro\u00dfem Engagement stellte das Team Umweltschule gemeinsam mit Lehrkr\u00e4ften, Klassen, Eltern und externen Partnern ein abwechslungsreiches Angebot zusammen. Dank der Unterst\u00fctzung von Organisationen wie Parents for Future, dem Eine-Welt-Laden Bayreuth, dem Museum f\u00fcr b\u00e4uerliche Arbeitsger\u00e4te, dem Amt f\u00fcr Umwelt- und Klimaschutz der Stadt Bayreuth sowie der Universit\u00e4t Bayreuth wurde Nachhaltigkeit greifbar und lebendig.<\/p>\n<div class=\"su-image-carousel  clear su-image-carousel-columns-3 su-image-carousel-has-spacing su-image-carousel-crop su-image-carousel-crop-4-3 su-image-carousel-has-lightbox su-image-carousel-has-outline su-image-carousel-slides-style-minimal su-image-carousel-controls-style-light su-image-carousel-align-center\" style=\"\" data-flickity-options='{\"groupCells\":true,\"cellSelector\":\".su-image-carousel-item\",\"adaptiveHeight\":false,\"cellAlign\":\"left\",\"prevNextButtons\":true,\"pageDots\":false,\"autoPlay\":4000,\"imagesLoaded\":true,\"contain\":true,\"selectedAttraction\":0.025000000000000001,\"friction\":0.28000000000000003}' id=\"su_image_carousel_69f1c161227ab\"><div class=\"su-image-carousel-item\"><div class=\"su-image-carousel-item-content\"><a href=\"https:\/\/www.rwg-bayreuth.de\/home\/wp-content\/uploads\/2025\/05\/24-25-MarktplatzDerNachhaltigkeit3-1.jpg\" data-caption=\"\"><img loading=\"lazy\" decoding=\"async\" width=\"1024\" height=\"768\" src=\"https:\/\/www.rwg-bayreuth.de\/home\/wp-content\/uploads\/2025\/05\/24-25-MarktplatzDerNachhaltigkeit3-1.jpg\" class=\"\" alt=\"\" srcset=\"https:\/\/www.rwg-bayreuth.de\/home\/wp-content\/uploads\/2025\/05\/24-25-MarktplatzDerNachhaltigkeit3-1.jpg 1024w, https:\/\/www.rwg-bayreuth.de\/home\/wp-content\/uploads\/2025\/05\/24-25-MarktplatzDerNachhaltigkeit3-1-150x113.jpg 150w, https:\/\/www.rwg-bayreuth.de\/home\/wp-content\/uploads\/2025\/05\/24-25-MarktplatzDerNachhaltigkeit3-1-450x338.jpg 450w, https:\/\/www.rwg-bayreuth.de\/home\/wp-content\/uploads\/2025\/05\/24-25-MarktplatzDerNachhaltigkeit3-1-768x576.jpg 768w, https:\/\/www.rwg-bayreuth.de\/home\/wp-content\/uploads\/2025\/05\/24-25-MarktplatzDerNachhaltigkeit3-1-250x188.jpg 250w\" sizes=\"(max-width: 1024px) 100vw, 1024px\" \/><\/a><\/div><\/div><div class=\"su-image-carousel-item\"><div class=\"su-image-carousel-item-content\"><a href=\"https:\/\/www.rwg-bayreuth.de\/home\/wp-content\/uploads\/2025\/05\/24-25-MarktplatzDerNachhaltigkeit3-2.jpg\" data-caption=\"\"><img loading=\"lazy\" decoding=\"async\" width=\"1024\" height=\"768\" src=\"https:\/\/www.rwg-bayreuth.de\/home\/wp-content\/uploads\/2025\/05\/24-25-MarktplatzDerNachhaltigkeit3-2.jpg\" class=\"\" alt=\"\" srcset=\"https:\/\/www.rwg-bayreuth.de\/home\/wp-content\/uploads\/2025\/05\/24-25-MarktplatzDerNachhaltigkeit3-2.jpg 1024w, https:\/\/www.rwg-bayreuth.de\/home\/wp-content\/uploads\/2025\/05\/24-25-MarktplatzDerNachhaltigkeit3-2-150x113.jpg 150w, https:\/\/www.rwg-bayreuth.de\/home\/wp-content\/uploads\/2025\/05\/24-25-MarktplatzDerNachhaltigkeit3-2-450x338.jpg 450w, https:\/\/www.rwg-bayreuth.de\/home\/wp-content\/uploads\/2025\/05\/24-25-MarktplatzDerNachhaltigkeit3-2-768x576.jpg 768w, https:\/\/www.rwg-bayreuth.de\/home\/wp-content\/uploads\/2025\/05\/24-25-MarktplatzDerNachhaltigkeit3-2-250x188.jpg 250w\" sizes=\"(max-width: 1024px) 100vw, 1024px\" \/><\/a><\/div><\/div><div class=\"su-image-carousel-item\"><div class=\"su-image-carousel-item-content\"><a href=\"https:\/\/www.rwg-bayreuth.de\/home\/wp-content\/uploads\/2025\/05\/24-25-MarktplatzDerNachhaltigkeit3-6.jpg\" data-caption=\"\"><img loading=\"lazy\" decoding=\"async\" width=\"1024\" height=\"768\" src=\"https:\/\/www.rwg-bayreuth.de\/home\/wp-content\/uploads\/2025\/05\/24-25-MarktplatzDerNachhaltigkeit3-6.jpg\" class=\"\" alt=\"\" srcset=\"https:\/\/www.rwg-bayreuth.de\/home\/wp-content\/uploads\/2025\/05\/24-25-MarktplatzDerNachhaltigkeit3-6.jpg 1024w, https:\/\/www.rwg-bayreuth.de\/home\/wp-content\/uploads\/2025\/05\/24-25-MarktplatzDerNachhaltigkeit3-6-150x113.jpg 150w, https:\/\/www.rwg-bayreuth.de\/home\/wp-content\/uploads\/2025\/05\/24-25-MarktplatzDerNachhaltigkeit3-6-450x338.jpg 450w, https:\/\/www.rwg-bayreuth.de\/home\/wp-content\/uploads\/2025\/05\/24-25-MarktplatzDerNachhaltigkeit3-6-768x576.jpg 768w, https:\/\/www.rwg-bayreuth.de\/home\/wp-content\/uploads\/2025\/05\/24-25-MarktplatzDerNachhaltigkeit3-6-250x188.jpg 250w\" sizes=\"(max-width: 1024px) 100vw, 1024px\" \/><\/a><\/div><\/div><div class=\"su-image-carousel-item\"><div class=\"su-image-carousel-item-content\"><a href=\"https:\/\/www.rwg-bayreuth.de\/home\/wp-content\/uploads\/2025\/05\/24-25-MarktplatzDerNachhaltigkeit3-7.jpg\" data-caption=\"\"><img loading=\"lazy\" decoding=\"async\" width=\"1024\" height=\"768\" src=\"https:\/\/www.rwg-bayreuth.de\/home\/wp-content\/uploads\/2025\/05\/24-25-MarktplatzDerNachhaltigkeit3-7.jpg\" class=\"\" alt=\"\" srcset=\"https:\/\/www.rwg-bayreuth.de\/home\/wp-content\/uploads\/2025\/05\/24-25-MarktplatzDerNachhaltigkeit3-7.jpg 1024w, https:\/\/www.rwg-bayreuth.de\/home\/wp-content\/uploads\/2025\/05\/24-25-MarktplatzDerNachhaltigkeit3-7-150x113.jpg 150w, https:\/\/www.rwg-bayreuth.de\/home\/wp-content\/uploads\/2025\/05\/24-25-MarktplatzDerNachhaltigkeit3-7-450x338.jpg 450w, https:\/\/www.rwg-bayreuth.de\/home\/wp-content\/uploads\/2025\/05\/24-25-MarktplatzDerNachhaltigkeit3-7-768x576.jpg 768w, https:\/\/www.rwg-bayreuth.de\/home\/wp-content\/uploads\/2025\/05\/24-25-MarktplatzDerNachhaltigkeit3-7-250x188.jpg 250w\" sizes=\"(max-width: 1024px) 100vw, 1024px\" \/><\/a><\/div><\/div><div class=\"su-image-carousel-item\"><div class=\"su-image-carousel-item-content\"><a href=\"https:\/\/www.rwg-bayreuth.de\/home\/wp-content\/uploads\/2025\/05\/24-25-MarktplatzDerNachhaltigkeit3-9.jpg\" data-caption=\"\"><img loading=\"lazy\" decoding=\"async\" width=\"1024\" height=\"768\" src=\"https:\/\/www.rwg-bayreuth.de\/home\/wp-content\/uploads\/2025\/05\/24-25-MarktplatzDerNachhaltigkeit3-9.jpg\" class=\"\" alt=\"\" srcset=\"https:\/\/www.rwg-bayreuth.de\/home\/wp-content\/uploads\/2025\/05\/24-25-MarktplatzDerNachhaltigkeit3-9.jpg 1024w, https:\/\/www.rwg-bayreuth.de\/home\/wp-content\/uploads\/2025\/05\/24-25-MarktplatzDerNachhaltigkeit3-9-150x113.jpg 150w, https:\/\/www.rwg-bayreuth.de\/home\/wp-content\/uploads\/2025\/05\/24-25-MarktplatzDerNachhaltigkeit3-9-450x338.jpg 450w, https:\/\/www.rwg-bayreuth.de\/home\/wp-content\/uploads\/2025\/05\/24-25-MarktplatzDerNachhaltigkeit3-9-768x576.jpg 768w, https:\/\/www.rwg-bayreuth.de\/home\/wp-content\/uploads\/2025\/05\/24-25-MarktplatzDerNachhaltigkeit3-9-250x188.jpg 250w\" sizes=\"(max-width: 1024px) 100vw, 1024px\" \/><\/a><\/div><\/div><div class=\"su-image-carousel-item\"><div class=\"su-image-carousel-item-content\"><a href=\"https:\/\/www.rwg-bayreuth.de\/home\/wp-content\/uploads\/2025\/05\/24-25-MarktplatzDerNachhaltigkeit3-10.jpg\" data-caption=\"\"><img loading=\"lazy\" decoding=\"async\" width=\"1024\" height=\"768\" src=\"https:\/\/www.rwg-bayreuth.de\/home\/wp-content\/uploads\/2025\/05\/24-25-MarktplatzDerNachhaltigkeit3-10.jpg\" class=\"\" alt=\"\" srcset=\"https:\/\/www.rwg-bayreuth.de\/home\/wp-content\/uploads\/2025\/05\/24-25-MarktplatzDerNachhaltigkeit3-10.jpg 1024w, https:\/\/www.rwg-bayreuth.de\/home\/wp-content\/uploads\/2025\/05\/24-25-MarktplatzDerNachhaltigkeit3-10-150x113.jpg 150w, https:\/\/www.rwg-bayreuth.de\/home\/wp-content\/uploads\/2025\/05\/24-25-MarktplatzDerNachhaltigkeit3-10-450x338.jpg 450w, https:\/\/www.rwg-bayreuth.de\/home\/wp-content\/uploads\/2025\/05\/24-25-MarktplatzDerNachhaltigkeit3-10-768x576.jpg 768w, https:\/\/www.rwg-bayreuth.de\/home\/wp-content\/uploads\/2025\/05\/24-25-MarktplatzDerNachhaltigkeit3-10-250x188.jpg 250w\" sizes=\"(max-width: 1024px) 100vw, 1024px\" \/><\/a><\/div><\/div><div class=\"su-image-carousel-item\"><div class=\"su-image-carousel-item-content\"><a href=\"https:\/\/www.rwg-bayreuth.de\/home\/wp-content\/uploads\/2025\/05\/24-25-MarktplatzDerNachhaltigkeit3-11.jpg\" data-caption=\"\"><img loading=\"lazy\" decoding=\"async\" width=\"1024\" height=\"768\" src=\"https:\/\/www.rwg-bayreuth.de\/home\/wp-content\/uploads\/2025\/05\/24-25-MarktplatzDerNachhaltigkeit3-11.jpg\" class=\"\" alt=\"\" srcset=\"https:\/\/www.rwg-bayreuth.de\/home\/wp-content\/uploads\/2025\/05\/24-25-MarktplatzDerNachhaltigkeit3-11.jpg 1024w, https:\/\/www.rwg-bayreuth.de\/home\/wp-content\/uploads\/2025\/05\/24-25-MarktplatzDerNachhaltigkeit3-11-150x113.jpg 150w, https:\/\/www.rwg-bayreuth.de\/home\/wp-content\/uploads\/2025\/05\/24-25-MarktplatzDerNachhaltigkeit3-11-450x338.jpg 450w, https:\/\/www.rwg-bayreuth.de\/home\/wp-content\/uploads\/2025\/05\/24-25-MarktplatzDerNachhaltigkeit3-11-768x576.jpg 768w, https:\/\/www.rwg-bayreuth.de\/home\/wp-content\/uploads\/2025\/05\/24-25-MarktplatzDerNachhaltigkeit3-11-250x188.jpg 250w\" sizes=\"(max-width: 1024px) 100vw, 1024px\" \/><\/a><\/div><\/div><div class=\"su-image-carousel-item\"><div class=\"su-image-carousel-item-content\"><a href=\"https:\/\/www.rwg-bayreuth.de\/home\/wp-content\/uploads\/2025\/05\/24-25-MarktplatzDerNachhaltigkeit3-19.jpg\" data-caption=\"\"><img loading=\"lazy\" decoding=\"async\" width=\"1024\" height=\"768\" src=\"https:\/\/www.rwg-bayreuth.de\/home\/wp-content\/uploads\/2025\/05\/24-25-MarktplatzDerNachhaltigkeit3-19.jpg\" class=\"\" alt=\"\" srcset=\"https:\/\/www.rwg-bayreuth.de\/home\/wp-content\/uploads\/2025\/05\/24-25-MarktplatzDerNachhaltigkeit3-19.jpg 1024w, https:\/\/www.rwg-bayreuth.de\/home\/wp-content\/uploads\/2025\/05\/24-25-MarktplatzDerNachhaltigkeit3-19-150x113.jpg 150w, https:\/\/www.rwg-bayreuth.de\/home\/wp-content\/uploads\/2025\/05\/24-25-MarktplatzDerNachhaltigkeit3-19-450x338.jpg 450w, https:\/\/www.rwg-bayreuth.de\/home\/wp-content\/uploads\/2025\/05\/24-25-MarktplatzDerNachhaltigkeit3-19-768x576.jpg 768w, https:\/\/www.rwg-bayreuth.de\/home\/wp-content\/uploads\/2025\/05\/24-25-MarktplatzDerNachhaltigkeit3-19-250x188.jpg 250w\" sizes=\"(max-width: 1024px) 100vw, 1024px\" \/><\/a><\/div><\/div><div class=\"su-image-carousel-item\"><div class=\"su-image-carousel-item-content\"><a href=\"https:\/\/www.rwg-bayreuth.de\/home\/wp-content\/uploads\/2025\/05\/24-25-MarktplatzDerNachhaltigkeit3-27.jpg\" data-caption=\"\"><img loading=\"lazy\" decoding=\"async\" width=\"1024\" height=\"768\" src=\"https:\/\/www.rwg-bayreuth.de\/home\/wp-content\/uploads\/2025\/05\/24-25-MarktplatzDerNachhaltigkeit3-27.jpg\" class=\"\" alt=\"\" srcset=\"https:\/\/www.rwg-bayreuth.de\/home\/wp-content\/uploads\/2025\/05\/24-25-MarktplatzDerNachhaltigkeit3-27.jpg 1024w, https:\/\/www.rwg-bayreuth.de\/home\/wp-content\/uploads\/2025\/05\/24-25-MarktplatzDerNachhaltigkeit3-27-150x113.jpg 150w, https:\/\/www.rwg-bayreuth.de\/home\/wp-content\/uploads\/2025\/05\/24-25-MarktplatzDerNachhaltigkeit3-27-450x338.jpg 450w, https:\/\/www.rwg-bayreuth.de\/home\/wp-content\/uploads\/2025\/05\/24-25-MarktplatzDerNachhaltigkeit3-27-768x576.jpg 768w, https:\/\/www.rwg-bayreuth.de\/home\/wp-content\/uploads\/2025\/05\/24-25-MarktplatzDerNachhaltigkeit3-27-250x188.jpg 250w\" sizes=\"(max-width: 1024px) 100vw, 1024px\" \/><\/a><\/div><\/div><\/div><script id=\"su_image_carousel_69f1c161227ab_script\">if(window.SUImageCarousel){setTimeout(function() {window.SUImageCarousel.initGallery(document.getElementById(\"su_image_carousel_69f1c161227ab\"))}, 0);}var su_image_carousel_69f1c161227ab_script=document.getElementById(\"su_image_carousel_69f1c161227ab_script\");if(su_image_carousel_69f1c161227ab_script){su_image_carousel_69f1c161227ab_script.parentNode.removeChild(su_image_carousel_69f1c161227ab_script);}<\/script>\n<p>Ein H\u00f6hepunkt f\u00fcr die 11. Klassen war der Vortrag von Dr. Holzheu (Universit\u00e4t Bayreuth) zum Thema \u201eKlimawandel: Ursachen \u2013 Folgen \u2013 Handlungsoptionen\u201c. Dar\u00fcber hinaus nahmen zahlreiche Klassen an spannenden Workshops teil: In der Schulk\u00fcche wurde eine eigene Antim\u00fcckensalbe aus nat\u00fcrlichen Zutaten hergestellt, drau\u00dfen auf dem Pausenhof wurden Hitzemessungen durchgef\u00fchrt und im Klassenzimmer besch\u00e4ftigten sich Gruppen mit dem eigenen CO\u2082-Fu\u00dfabdruck und dem sogenannten Handabdruck \u2013 der pers\u00f6nlichen Einflussnahme auf eine nachhaltigere Gesellschaft.<\/p>\n<p>Im N\u00e4hcaf\u00e9 konnten kreative Sch\u00fcler alte Stoffe neu in Szene setzen, und wer Lust auf Bewegung hatte, durfte auf dem Schulhof eine Fahrt mit der Rikscha wagen. Besonders informativ war auch der Klimazeitstrahl, der eindrucksvoll die historische Entwicklung und die Dringlichkeit klimapolitischer Entscheidungen darstellte.<\/p>\n<p>Auf dem Pausenhof und in der Turnhalle wartete ein breites Spektrum an Mitmachstationen: ein Fahrradreparatur-Workshop, ein Basteltisch f\u00fcr Notizb\u00fccher, eine F\u00fchlstation zum Thema Konsum, ein M\u00fcsli-Stand, eine Tauschb\u00f6rse f\u00fcr Soft Skills, ein gro\u00dfer Flohmarkt mit gebrauchten B\u00fcchern, Kleidung und Spielsachen sowie eine Pflanzenb\u00f6rse f\u00fcr Gartenstauden und Zimmerpflanzen. Auch die bew\u00e4hrten Backpack-Basics \u2013 nachhaltige Schulmaterialien ohne Plastikumschl\u00e4ge \u2013 waren wieder erh\u00e4ltlich.<\/p>\n<div class=\"su-image-carousel  clear su-image-carousel-columns-4 su-image-carousel-has-spacing su-image-carousel-crop su-image-carousel-crop-3-4 su-image-carousel-has-lightbox su-image-carousel-has-outline su-image-carousel-slides-style-minimal su-image-carousel-controls-style-light su-image-carousel-align-center\" style=\"\" data-flickity-options='{\"groupCells\":true,\"cellSelector\":\".su-image-carousel-item\",\"adaptiveHeight\":false,\"cellAlign\":\"left\",\"prevNextButtons\":true,\"pageDots\":false,\"autoPlay\":4000,\"imagesLoaded\":true,\"contain\":true,\"selectedAttraction\":0.025000000000000001,\"friction\":0.28000000000000003}' id=\"su_image_carousel_69f1c161234d1\"><div class=\"su-image-carousel-item\"><div class=\"su-image-carousel-item-content\"><a href=\"https:\/\/www.rwg-bayreuth.de\/home\/wp-content\/uploads\/2025\/05\/24-25-MarktplatzDerNachhaltigkeit3-3.jpg\" data-caption=\"\"><img loading=\"lazy\" decoding=\"async\" width=\"768\" height=\"1024\" src=\"https:\/\/www.rwg-bayreuth.de\/home\/wp-content\/uploads\/2025\/05\/24-25-MarktplatzDerNachhaltigkeit3-3.jpg\" class=\"\" alt=\"\" srcset=\"https:\/\/www.rwg-bayreuth.de\/home\/wp-content\/uploads\/2025\/05\/24-25-MarktplatzDerNachhaltigkeit3-3.jpg 768w, https:\/\/www.rwg-bayreuth.de\/home\/wp-content\/uploads\/2025\/05\/24-25-MarktplatzDerNachhaltigkeit3-3-113x150.jpg 113w, https:\/\/www.rwg-bayreuth.de\/home\/wp-content\/uploads\/2025\/05\/24-25-MarktplatzDerNachhaltigkeit3-3-338x450.jpg 338w, https:\/\/www.rwg-bayreuth.de\/home\/wp-content\/uploads\/2025\/05\/24-25-MarktplatzDerNachhaltigkeit3-3-250x333.jpg 250w\" sizes=\"(max-width: 768px) 100vw, 768px\" \/><\/a><\/div><\/div><div class=\"su-image-carousel-item\"><div class=\"su-image-carousel-item-content\"><a href=\"https:\/\/www.rwg-bayreuth.de\/home\/wp-content\/uploads\/2025\/05\/24-25-MarktplatzDerNachhaltigkeit3-4.jpg\" data-caption=\"\"><img loading=\"lazy\" decoding=\"async\" width=\"768\" height=\"1024\" src=\"https:\/\/www.rwg-bayreuth.de\/home\/wp-content\/uploads\/2025\/05\/24-25-MarktplatzDerNachhaltigkeit3-4.jpg\" class=\"\" alt=\"\" srcset=\"https:\/\/www.rwg-bayreuth.de\/home\/wp-content\/uploads\/2025\/05\/24-25-MarktplatzDerNachhaltigkeit3-4.jpg 768w, https:\/\/www.rwg-bayreuth.de\/home\/wp-content\/uploads\/2025\/05\/24-25-MarktplatzDerNachhaltigkeit3-4-113x150.jpg 113w, https:\/\/www.rwg-bayreuth.de\/home\/wp-content\/uploads\/2025\/05\/24-25-MarktplatzDerNachhaltigkeit3-4-338x450.jpg 338w, https:\/\/www.rwg-bayreuth.de\/home\/wp-content\/uploads\/2025\/05\/24-25-MarktplatzDerNachhaltigkeit3-4-250x333.jpg 250w\" sizes=\"(max-width: 768px) 100vw, 768px\" \/><\/a><\/div><\/div><div class=\"su-image-carousel-item\"><div class=\"su-image-carousel-item-content\"><a href=\"https:\/\/www.rwg-bayreuth.de\/home\/wp-content\/uploads\/2025\/05\/24-25-MarktplatzDerNachhaltigkeit3-5.jpg\" data-caption=\"\"><img loading=\"lazy\" decoding=\"async\" width=\"768\" height=\"1024\" src=\"https:\/\/www.rwg-bayreuth.de\/home\/wp-content\/uploads\/2025\/05\/24-25-MarktplatzDerNachhaltigkeit3-5.jpg\" class=\"\" alt=\"\" srcset=\"https:\/\/www.rwg-bayreuth.de\/home\/wp-content\/uploads\/2025\/05\/24-25-MarktplatzDerNachhaltigkeit3-5.jpg 768w, https:\/\/www.rwg-bayreuth.de\/home\/wp-content\/uploads\/2025\/05\/24-25-MarktplatzDerNachhaltigkeit3-5-113x150.jpg 113w, https:\/\/www.rwg-bayreuth.de\/home\/wp-content\/uploads\/2025\/05\/24-25-MarktplatzDerNachhaltigkeit3-5-338x450.jpg 338w, https:\/\/www.rwg-bayreuth.de\/home\/wp-content\/uploads\/2025\/05\/24-25-MarktplatzDerNachhaltigkeit3-5-250x333.jpg 250w\" sizes=\"(max-width: 768px) 100vw, 768px\" \/><\/a><\/div><\/div><div class=\"su-image-carousel-item\"><div class=\"su-image-carousel-item-content\"><a href=\"https:\/\/www.rwg-bayreuth.de\/home\/wp-content\/uploads\/2025\/05\/24-25-MarktplatzDerNachhaltigkeit3-8.jpg\" data-caption=\"\"><img loading=\"lazy\" decoding=\"async\" width=\"768\" height=\"1024\" src=\"https:\/\/www.rwg-bayreuth.de\/home\/wp-content\/uploads\/2025\/05\/24-25-MarktplatzDerNachhaltigkeit3-8.jpg\" class=\"\" alt=\"\" srcset=\"https:\/\/www.rwg-bayreuth.de\/home\/wp-content\/uploads\/2025\/05\/24-25-MarktplatzDerNachhaltigkeit3-8.jpg 768w, https:\/\/www.rwg-bayreuth.de\/home\/wp-content\/uploads\/2025\/05\/24-25-MarktplatzDerNachhaltigkeit3-8-113x150.jpg 113w, https:\/\/www.rwg-bayreuth.de\/home\/wp-content\/uploads\/2025\/05\/24-25-MarktplatzDerNachhaltigkeit3-8-338x450.jpg 338w, https:\/\/www.rwg-bayreuth.de\/home\/wp-content\/uploads\/2025\/05\/24-25-MarktplatzDerNachhaltigkeit3-8-250x333.jpg 250w\" sizes=\"(max-width: 768px) 100vw, 768px\" \/><\/a><\/div><\/div><div class=\"su-image-carousel-item\"><div class=\"su-image-carousel-item-content\"><a href=\"https:\/\/www.rwg-bayreuth.de\/home\/wp-content\/uploads\/2025\/05\/24-25-MarktplatzDerNachhaltigkeit3-12.jpg\" data-caption=\"\"><img loading=\"lazy\" decoding=\"async\" width=\"768\" height=\"1024\" src=\"https:\/\/www.rwg-bayreuth.de\/home\/wp-content\/uploads\/2025\/05\/24-25-MarktplatzDerNachhaltigkeit3-12.jpg\" class=\"\" alt=\"\" srcset=\"https:\/\/www.rwg-bayreuth.de\/home\/wp-content\/uploads\/2025\/05\/24-25-MarktplatzDerNachhaltigkeit3-12.jpg 768w, https:\/\/www.rwg-bayreuth.de\/home\/wp-content\/uploads\/2025\/05\/24-25-MarktplatzDerNachhaltigkeit3-12-113x150.jpg 113w, https:\/\/www.rwg-bayreuth.de\/home\/wp-content\/uploads\/2025\/05\/24-25-MarktplatzDerNachhaltigkeit3-12-338x450.jpg 338w, https:\/\/www.rwg-bayreuth.de\/home\/wp-content\/uploads\/2025\/05\/24-25-MarktplatzDerNachhaltigkeit3-12-250x333.jpg 250w\" sizes=\"(max-width: 768px) 100vw, 768px\" \/><\/a><\/div><\/div><div class=\"su-image-carousel-item\"><div class=\"su-image-carousel-item-content\"><a href=\"https:\/\/www.rwg-bayreuth.de\/home\/wp-content\/uploads\/2025\/05\/24-25-MarktplatzDerNachhaltigkeit3-13.jpg\" data-caption=\"\"><img loading=\"lazy\" decoding=\"async\" width=\"768\" height=\"1024\" src=\"https:\/\/www.rwg-bayreuth.de\/home\/wp-content\/uploads\/2025\/05\/24-25-MarktplatzDerNachhaltigkeit3-13.jpg\" class=\"\" alt=\"\" srcset=\"https:\/\/www.rwg-bayreuth.de\/home\/wp-content\/uploads\/2025\/05\/24-25-MarktplatzDerNachhaltigkeit3-13.jpg 768w, https:\/\/www.rwg-bayreuth.de\/home\/wp-content\/uploads\/2025\/05\/24-25-MarktplatzDerNachhaltigkeit3-13-113x150.jpg 113w, https:\/\/www.rwg-bayreuth.de\/home\/wp-content\/uploads\/2025\/05\/24-25-MarktplatzDerNachhaltigkeit3-13-338x450.jpg 338w, https:\/\/www.rwg-bayreuth.de\/home\/wp-content\/uploads\/2025\/05\/24-25-MarktplatzDerNachhaltigkeit3-13-250x333.jpg 250w\" sizes=\"(max-width: 768px) 100vw, 768px\" \/><\/a><\/div><\/div><div class=\"su-image-carousel-item\"><div class=\"su-image-carousel-item-content\"><a href=\"https:\/\/www.rwg-bayreuth.de\/home\/wp-content\/uploads\/2025\/05\/24-25-MarktplatzDerNachhaltigkeit3-14.jpg\" data-caption=\"\"><img loading=\"lazy\" decoding=\"async\" width=\"768\" height=\"1024\" src=\"https:\/\/www.rwg-bayreuth.de\/home\/wp-content\/uploads\/2025\/05\/24-25-MarktplatzDerNachhaltigkeit3-14.jpg\" class=\"\" alt=\"\" srcset=\"https:\/\/www.rwg-bayreuth.de\/home\/wp-content\/uploads\/2025\/05\/24-25-MarktplatzDerNachhaltigkeit3-14.jpg 768w, https:\/\/www.rwg-bayreuth.de\/home\/wp-content\/uploads\/2025\/05\/24-25-MarktplatzDerNachhaltigkeit3-14-113x150.jpg 113w, https:\/\/www.rwg-bayreuth.de\/home\/wp-content\/uploads\/2025\/05\/24-25-MarktplatzDerNachhaltigkeit3-14-338x450.jpg 338w, https:\/\/www.rwg-bayreuth.de\/home\/wp-content\/uploads\/2025\/05\/24-25-MarktplatzDerNachhaltigkeit3-14-250x333.jpg 250w\" sizes=\"(max-width: 768px) 100vw, 768px\" \/><\/a><\/div><\/div><div class=\"su-image-carousel-item\"><div class=\"su-image-carousel-item-content\"><a href=\"https:\/\/www.rwg-bayreuth.de\/home\/wp-content\/uploads\/2025\/05\/24-25-MarktplatzDerNachhaltigkeit3-15.jpg\" data-caption=\"\"><img loading=\"lazy\" decoding=\"async\" width=\"768\" height=\"1024\" src=\"https:\/\/www.rwg-bayreuth.de\/home\/wp-content\/uploads\/2025\/05\/24-25-MarktplatzDerNachhaltigkeit3-15.jpg\" class=\"\" alt=\"\" srcset=\"https:\/\/www.rwg-bayreuth.de\/home\/wp-content\/uploads\/2025\/05\/24-25-MarktplatzDerNachhaltigkeit3-15.jpg 768w, https:\/\/www.rwg-bayreuth.de\/home\/wp-content\/uploads\/2025\/05\/24-25-MarktplatzDerNachhaltigkeit3-15-113x150.jpg 113w, https:\/\/www.rwg-bayreuth.de\/home\/wp-content\/uploads\/2025\/05\/24-25-MarktplatzDerNachhaltigkeit3-15-338x450.jpg 338w, https:\/\/www.rwg-bayreuth.de\/home\/wp-content\/uploads\/2025\/05\/24-25-MarktplatzDerNachhaltigkeit3-15-250x333.jpg 250w\" sizes=\"(max-width: 768px) 100vw, 768px\" \/><\/a><\/div><\/div><div class=\"su-image-carousel-item\"><div class=\"su-image-carousel-item-content\"><a href=\"https:\/\/www.rwg-bayreuth.de\/home\/wp-content\/uploads\/2025\/05\/24-25-MarktplatzDerNachhaltigkeit3-16.jpg\" data-caption=\"\"><img loading=\"lazy\" decoding=\"async\" width=\"768\" height=\"1024\" src=\"https:\/\/www.rwg-bayreuth.de\/home\/wp-content\/uploads\/2025\/05\/24-25-MarktplatzDerNachhaltigkeit3-16.jpg\" class=\"\" alt=\"\" srcset=\"https:\/\/www.rwg-bayreuth.de\/home\/wp-content\/uploads\/2025\/05\/24-25-MarktplatzDerNachhaltigkeit3-16.jpg 768w, https:\/\/www.rwg-bayreuth.de\/home\/wp-content\/uploads\/2025\/05\/24-25-MarktplatzDerNachhaltigkeit3-16-113x150.jpg 113w, https:\/\/www.rwg-bayreuth.de\/home\/wp-content\/uploads\/2025\/05\/24-25-MarktplatzDerNachhaltigkeit3-16-338x450.jpg 338w, https:\/\/www.rwg-bayreuth.de\/home\/wp-content\/uploads\/2025\/05\/24-25-MarktplatzDerNachhaltigkeit3-16-250x333.jpg 250w\" sizes=\"(max-width: 768px) 100vw, 768px\" \/><\/a><\/div><\/div><div class=\"su-image-carousel-item\"><div class=\"su-image-carousel-item-content\"><a href=\"https:\/\/www.rwg-bayreuth.de\/home\/wp-content\/uploads\/2025\/05\/24-25-MarktplatzDerNachhaltigkeit3-17.jpg\" data-caption=\"\"><img loading=\"lazy\" decoding=\"async\" width=\"768\" height=\"1024\" src=\"https:\/\/www.rwg-bayreuth.de\/home\/wp-content\/uploads\/2025\/05\/24-25-MarktplatzDerNachhaltigkeit3-17.jpg\" class=\"\" alt=\"\" srcset=\"https:\/\/www.rwg-bayreuth.de\/home\/wp-content\/uploads\/2025\/05\/24-25-MarktplatzDerNachhaltigkeit3-17.jpg 768w, https:\/\/www.rwg-bayreuth.de\/home\/wp-content\/uploads\/2025\/05\/24-25-MarktplatzDerNachhaltigkeit3-17-113x150.jpg 113w, https:\/\/www.rwg-bayreuth.de\/home\/wp-content\/uploads\/2025\/05\/24-25-MarktplatzDerNachhaltigkeit3-17-338x450.jpg 338w, https:\/\/www.rwg-bayreuth.de\/home\/wp-content\/uploads\/2025\/05\/24-25-MarktplatzDerNachhaltigkeit3-17-250x333.jpg 250w\" sizes=\"(max-width: 768px) 100vw, 768px\" \/><\/a><\/div><\/div><div class=\"su-image-carousel-item\"><div class=\"su-image-carousel-item-content\"><a href=\"https:\/\/www.rwg-bayreuth.de\/home\/wp-content\/uploads\/2025\/05\/24-25-MarktplatzDerNachhaltigkeit3-18.jpg\" data-caption=\"\"><img loading=\"lazy\" decoding=\"async\" width=\"769\" height=\"1024\" src=\"https:\/\/www.rwg-bayreuth.de\/home\/wp-content\/uploads\/2025\/05\/24-25-MarktplatzDerNachhaltigkeit3-18.jpg\" class=\"\" alt=\"\" srcset=\"https:\/\/www.rwg-bayreuth.de\/home\/wp-content\/uploads\/2025\/05\/24-25-MarktplatzDerNachhaltigkeit3-18.jpg 769w, https:\/\/www.rwg-bayreuth.de\/home\/wp-content\/uploads\/2025\/05\/24-25-MarktplatzDerNachhaltigkeit3-18-113x150.jpg 113w, https:\/\/www.rwg-bayreuth.de\/home\/wp-content\/uploads\/2025\/05\/24-25-MarktplatzDerNachhaltigkeit3-18-338x450.jpg 338w, https:\/\/www.rwg-bayreuth.de\/home\/wp-content\/uploads\/2025\/05\/24-25-MarktplatzDerNachhaltigkeit3-18-250x333.jpg 250w\" sizes=\"(max-width: 769px) 100vw, 769px\" \/><\/a><\/div><\/div><div class=\"su-image-carousel-item\"><div class=\"su-image-carousel-item-content\"><a href=\"https:\/\/www.rwg-bayreuth.de\/home\/wp-content\/uploads\/2025\/05\/24-25-MarktplatzDerNachhaltigkeit3-20.jpg\" data-caption=\"\"><img loading=\"lazy\" decoding=\"async\" width=\"768\" height=\"1024\" src=\"https:\/\/www.rwg-bayreuth.de\/home\/wp-content\/uploads\/2025\/05\/24-25-MarktplatzDerNachhaltigkeit3-20.jpg\" class=\"\" alt=\"\" srcset=\"https:\/\/www.rwg-bayreuth.de\/home\/wp-content\/uploads\/2025\/05\/24-25-MarktplatzDerNachhaltigkeit3-20.jpg 768w, https:\/\/www.rwg-bayreuth.de\/home\/wp-content\/uploads\/2025\/05\/24-25-MarktplatzDerNachhaltigkeit3-20-113x150.jpg 113w, https:\/\/www.rwg-bayreuth.de\/home\/wp-content\/uploads\/2025\/05\/24-25-MarktplatzDerNachhaltigkeit3-20-338x450.jpg 338w, https:\/\/www.rwg-bayreuth.de\/home\/wp-content\/uploads\/2025\/05\/24-25-MarktplatzDerNachhaltigkeit3-20-250x333.jpg 250w\" sizes=\"(max-width: 768px) 100vw, 768px\" \/><\/a><\/div><\/div><div class=\"su-image-carousel-item\"><div class=\"su-image-carousel-item-content\"><a href=\"https:\/\/www.rwg-bayreuth.de\/home\/wp-content\/uploads\/2025\/05\/24-25-MarktplatzDerNachhaltigkeit3-21.jpg\" data-caption=\"\"><img loading=\"lazy\" decoding=\"async\" width=\"768\" height=\"1024\" src=\"https:\/\/www.rwg-bayreuth.de\/home\/wp-content\/uploads\/2025\/05\/24-25-MarktplatzDerNachhaltigkeit3-21.jpg\" class=\"\" alt=\"\" srcset=\"https:\/\/www.rwg-bayreuth.de\/home\/wp-content\/uploads\/2025\/05\/24-25-MarktplatzDerNachhaltigkeit3-21.jpg 768w, https:\/\/www.rwg-bayreuth.de\/home\/wp-content\/uploads\/2025\/05\/24-25-MarktplatzDerNachhaltigkeit3-21-113x150.jpg 113w, https:\/\/www.rwg-bayreuth.de\/home\/wp-content\/uploads\/2025\/05\/24-25-MarktplatzDerNachhaltigkeit3-21-338x450.jpg 338w, https:\/\/www.rwg-bayreuth.de\/home\/wp-content\/uploads\/2025\/05\/24-25-MarktplatzDerNachhaltigkeit3-21-250x333.jpg 250w\" sizes=\"(max-width: 768px) 100vw, 768px\" \/><\/a><\/div><\/div><div class=\"su-image-carousel-item\"><div class=\"su-image-carousel-item-content\"><a href=\"https:\/\/www.rwg-bayreuth.de\/home\/wp-content\/uploads\/2025\/05\/24-25-MarktplatzDerNachhaltigkeit3-22.jpg\" data-caption=\"\"><img loading=\"lazy\" decoding=\"async\" width=\"768\" height=\"1024\" src=\"https:\/\/www.rwg-bayreuth.de\/home\/wp-content\/uploads\/2025\/05\/24-25-MarktplatzDerNachhaltigkeit3-22.jpg\" class=\"\" alt=\"\" srcset=\"https:\/\/www.rwg-bayreuth.de\/home\/wp-content\/uploads\/2025\/05\/24-25-MarktplatzDerNachhaltigkeit3-22.jpg 768w, https:\/\/www.rwg-bayreuth.de\/home\/wp-content\/uploads\/2025\/05\/24-25-MarktplatzDerNachhaltigkeit3-22-113x150.jpg 113w, https:\/\/www.rwg-bayreuth.de\/home\/wp-content\/uploads\/2025\/05\/24-25-MarktplatzDerNachhaltigkeit3-22-338x450.jpg 338w, https:\/\/www.rwg-bayreuth.de\/home\/wp-content\/uploads\/2025\/05\/24-25-MarktplatzDerNachhaltigkeit3-22-250x333.jpg 250w\" sizes=\"(max-width: 768px) 100vw, 768px\" \/><\/a><\/div><\/div><div class=\"su-image-carousel-item\"><div class=\"su-image-carousel-item-content\"><a href=\"https:\/\/www.rwg-bayreuth.de\/home\/wp-content\/uploads\/2025\/05\/24-25-MarktplatzDerNachhaltigkeit3-23.jpg\" data-caption=\"\"><img loading=\"lazy\" decoding=\"async\" width=\"768\" height=\"1024\" src=\"https:\/\/www.rwg-bayreuth.de\/home\/wp-content\/uploads\/2025\/05\/24-25-MarktplatzDerNachhaltigkeit3-23.jpg\" class=\"\" alt=\"\" srcset=\"https:\/\/www.rwg-bayreuth.de\/home\/wp-content\/uploads\/2025\/05\/24-25-MarktplatzDerNachhaltigkeit3-23.jpg 768w, https:\/\/www.rwg-bayreuth.de\/home\/wp-content\/uploads\/2025\/05\/24-25-MarktplatzDerNachhaltigkeit3-23-113x150.jpg 113w, https:\/\/www.rwg-bayreuth.de\/home\/wp-content\/uploads\/2025\/05\/24-25-MarktplatzDerNachhaltigkeit3-23-338x450.jpg 338w, https:\/\/www.rwg-bayreuth.de\/home\/wp-content\/uploads\/2025\/05\/24-25-MarktplatzDerNachhaltigkeit3-23-250x333.jpg 250w\" sizes=\"(max-width: 768px) 100vw, 768px\" \/><\/a><\/div><\/div><div class=\"su-image-carousel-item\"><div class=\"su-image-carousel-item-content\"><a href=\"https:\/\/www.rwg-bayreuth.de\/home\/wp-content\/uploads\/2025\/05\/24-25-MarktplatzDerNachhaltigkeit3-24.jpg\" data-caption=\"\"><img loading=\"lazy\" decoding=\"async\" width=\"768\" height=\"1024\" src=\"https:\/\/www.rwg-bayreuth.de\/home\/wp-content\/uploads\/2025\/05\/24-25-MarktplatzDerNachhaltigkeit3-24.jpg\" class=\"\" alt=\"\" srcset=\"https:\/\/www.rwg-bayreuth.de\/home\/wp-content\/uploads\/2025\/05\/24-25-MarktplatzDerNachhaltigkeit3-24.jpg 768w, https:\/\/www.rwg-bayreuth.de\/home\/wp-content\/uploads\/2025\/05\/24-25-MarktplatzDerNachhaltigkeit3-24-113x150.jpg 113w, https:\/\/www.rwg-bayreuth.de\/home\/wp-content\/uploads\/2025\/05\/24-25-MarktplatzDerNachhaltigkeit3-24-338x450.jpg 338w, https:\/\/www.rwg-bayreuth.de\/home\/wp-content\/uploads\/2025\/05\/24-25-MarktplatzDerNachhaltigkeit3-24-250x333.jpg 250w\" sizes=\"(max-width: 768px) 100vw, 768px\" \/><\/a><\/div><\/div><div class=\"su-image-carousel-item\"><div class=\"su-image-carousel-item-content\"><a href=\"https:\/\/www.rwg-bayreuth.de\/home\/wp-content\/uploads\/2025\/05\/24-25-MarktplatzDerNachhaltigkeit3-25.jpg\" data-caption=\"\"><img loading=\"lazy\" decoding=\"async\" width=\"768\" height=\"1024\" src=\"https:\/\/www.rwg-bayreuth.de\/home\/wp-content\/uploads\/2025\/05\/24-25-MarktplatzDerNachhaltigkeit3-25.jpg\" class=\"\" alt=\"\" srcset=\"https:\/\/www.rwg-bayreuth.de\/home\/wp-content\/uploads\/2025\/05\/24-25-MarktplatzDerNachhaltigkeit3-25.jpg 768w, https:\/\/www.rwg-bayreuth.de\/home\/wp-content\/uploads\/2025\/05\/24-25-MarktplatzDerNachhaltigkeit3-25-113x150.jpg 113w, https:\/\/www.rwg-bayreuth.de\/home\/wp-content\/uploads\/2025\/05\/24-25-MarktplatzDerNachhaltigkeit3-25-338x450.jpg 338w, https:\/\/www.rwg-bayreuth.de\/home\/wp-content\/uploads\/2025\/05\/24-25-MarktplatzDerNachhaltigkeit3-25-250x333.jpg 250w\" sizes=\"(max-width: 768px) 100vw, 768px\" \/><\/a><\/div><\/div><div class=\"su-image-carousel-item\"><div class=\"su-image-carousel-item-content\"><a href=\"https:\/\/www.rwg-bayreuth.de\/home\/wp-content\/uploads\/2025\/05\/24-25-MarktplatzDerNachhaltigkeit3-26.jpg\" data-caption=\"\"><img loading=\"lazy\" decoding=\"async\" width=\"768\" height=\"1024\" src=\"https:\/\/www.rwg-bayreuth.de\/home\/wp-content\/uploads\/2025\/05\/24-25-MarktplatzDerNachhaltigkeit3-26.jpg\" class=\"\" alt=\"\" srcset=\"https:\/\/www.rwg-bayreuth.de\/home\/wp-content\/uploads\/2025\/05\/24-25-MarktplatzDerNachhaltigkeit3-26.jpg 768w, https:\/\/www.rwg-bayreuth.de\/home\/wp-content\/uploads\/2025\/05\/24-25-MarktplatzDerNachhaltigkeit3-26-113x150.jpg 113w, https:\/\/www.rwg-bayreuth.de\/home\/wp-content\/uploads\/2025\/05\/24-25-MarktplatzDerNachhaltigkeit3-26-338x450.jpg 338w, https:\/\/www.rwg-bayreuth.de\/home\/wp-content\/uploads\/2025\/05\/24-25-MarktplatzDerNachhaltigkeit3-26-250x333.jpg 250w\" sizes=\"(max-width: 768px) 100vw, 768px\" \/><\/a><\/div><\/div><div class=\"su-image-carousel-item\"><div class=\"su-image-carousel-item-content\"><a href=\"https:\/\/www.rwg-bayreuth.de\/home\/wp-content\/uploads\/2025\/05\/24-25-MarktplatzDerNachhaltigkeit3-28.jpg\" data-caption=\"\"><img loading=\"lazy\" decoding=\"async\" width=\"768\" height=\"1024\" src=\"https:\/\/www.rwg-bayreuth.de\/home\/wp-content\/uploads\/2025\/05\/24-25-MarktplatzDerNachhaltigkeit3-28.jpg\" class=\"\" alt=\"\" srcset=\"https:\/\/www.rwg-bayreuth.de\/home\/wp-content\/uploads\/2025\/05\/24-25-MarktplatzDerNachhaltigkeit3-28.jpg 768w, https:\/\/www.rwg-bayreuth.de\/home\/wp-content\/uploads\/2025\/05\/24-25-MarktplatzDerNachhaltigkeit3-28-113x150.jpg 113w, https:\/\/www.rwg-bayreuth.de\/home\/wp-content\/uploads\/2025\/05\/24-25-MarktplatzDerNachhaltigkeit3-28-338x450.jpg 338w, https:\/\/www.rwg-bayreuth.de\/home\/wp-content\/uploads\/2025\/05\/24-25-MarktplatzDerNachhaltigkeit3-28-250x333.jpg 250w\" sizes=\"(max-width: 768px) 100vw, 768px\" \/><\/a><\/div><\/div><div class=\"su-image-carousel-item\"><div class=\"su-image-carousel-item-content\"><a href=\"https:\/\/www.rwg-bayreuth.de\/home\/wp-content\/uploads\/2025\/05\/24-25-MarktplatzDerNachhaltigkeit3-29.jpg\" data-caption=\"\"><img loading=\"lazy\" decoding=\"async\" width=\"768\" height=\"1024\" src=\"https:\/\/www.rwg-bayreuth.de\/home\/wp-content\/uploads\/2025\/05\/24-25-MarktplatzDerNachhaltigkeit3-29.jpg\" class=\"\" alt=\"\" srcset=\"https:\/\/www.rwg-bayreuth.de\/home\/wp-content\/uploads\/2025\/05\/24-25-MarktplatzDerNachhaltigkeit3-29.jpg 768w, https:\/\/www.rwg-bayreuth.de\/home\/wp-content\/uploads\/2025\/05\/24-25-MarktplatzDerNachhaltigkeit3-29-113x150.jpg 113w, https:\/\/www.rwg-bayreuth.de\/home\/wp-content\/uploads\/2025\/05\/24-25-MarktplatzDerNachhaltigkeit3-29-338x450.jpg 338w, https:\/\/www.rwg-bayreuth.de\/home\/wp-content\/uploads\/2025\/05\/24-25-MarktplatzDerNachhaltigkeit3-29-250x333.jpg 250w\" sizes=\"(max-width: 768px) 100vw, 768px\" \/><\/a><\/div><\/div><\/div><script id=\"su_image_carousel_69f1c161234d1_script\">if(window.SUImageCarousel){setTimeout(function() {window.SUImageCarousel.initGallery(document.getElementById(\"su_image_carousel_69f1c161234d1\"))}, 0);}var su_image_carousel_69f1c161234d1_script=document.getElementById(\"su_image_carousel_69f1c161234d1_script\");if(su_image_carousel_69f1c161234d1_script){su_image_carousel_69f1c161234d1_script.parentNode.removeChild(su_image_carousel_69f1c161234d1_script);}<\/script>\n<p>F\u00fcr das leibliche Wohl sorgte die Q12 mit selbstgebackenem Kuchen, w\u00e4hrend viele Klassen sich aktiv mit einem eigenen Flohmarktstand beteiligten und so zum Gelingen des Marktplatzes beitrugen.<\/p>\n<p>Wir danken allen Beteiligten herzlich f\u00fcr ihre Mitwirkung und freuen uns, dass der Marktplatz der Nachhaltigkeit erneut ein voller Erfolg war \u2013 und ein starkes Zeichen daf\u00fcr, wie Nachhaltigkeit am RWG gelebt und gestaltet wird.<\/p>\n<p><em>A. Jurenka f\u00fcr das Team Umweltschule<\/em><\/p>\n","protected":false},"excerpt":{"rendered":"<p>Wie kann man Umweltschutz im Schulalltag verankern? Wie k\u00f6nnen junge Menschen Verantwortung f\u00fcr die Zukunft \u00fcbernehmen? Antworten auf diese Fragen lieferte der 3. Marktplatz der Nachhaltigkeit, der am 9. Mai 2025 am Richard-Wagner-Gymnasium stattfand. Das vielf\u00e4ltige Programm lud alle Sch\u00fclerinnen und Sch\u00fcler dazu ein, sich aktiv mit Themen rund um Klima, Umwelt und nachhaltiges Handeln&hellip;<\/p>\n","protected":false},"author":11,"featured_media":38828,"comment_status":"closed","ping_status":"closed","sticky":false,"template":"","format":"standard","meta":{"footnotes":""},"categories":[1],"tags":[51,136],"_links":{"self":[{"href":"https:\/\/www.rwg-bayreuth.de\/home\/index.php?rest_route=\/wp\/v2\/posts\/38827"}],"collection":[{"href":"https:\/\/www.rwg-bayreuth.de\/home\/index.php?rest_route=\/wp\/v2\/posts"}],"about":[{"href":"https:\/\/www.rwg-bayreuth.de\/home\/index.php?rest_route=\/wp\/v2\/types\/post"}],"author":[{"embeddable":true,"href":"https:\/\/www.rwg-bayreuth.de\/home\/index.php?rest_route=\/wp\/v2\/users\/11"}],"replies":[{"embeddable":true,"href":"https:\/\/www.rwg-bayreuth.de\/home\/index.php?rest_route=%2Fwp%2Fv2%2Fcomments&post=38827"}],"version-history":[{"count":5,"href":"https:\/\/www.rwg-bayreuth.de\/home\/index.php?rest_route=\/wp\/v2\/posts\/38827\/revisions"}],"predecessor-version":[{"id":39105,"href":"https:\/\/www.rwg-bayreuth.de\/home\/index.php?rest_route=\/wp\/v2\/posts\/38827\/revisions\/39105"}],"wp:featuredmedia":[{"embeddable":true,"href":"https:\/\/www.rwg-bayreuth.de\/home\/index.php?rest_route=\/wp\/v2\/media\/38828"}],"wp:attachment":[{"href":"https:\/\/www.rwg-bayreuth.de\/home\/index.php?rest_route=%2Fwp%2Fv2%2Fmedia&parent=38827"}],"wp:term":[{"taxonomy":"category","embeddable":true,"href":"https:\/\/www.rwg-bayreuth.de\/home\/index.php?rest_route=%2Fwp%2Fv2%2Fcategories&post=38827"},{"taxonomy":"post_tag","embeddable":true,"href":"https:\/\/www.rwg-bayreuth.de\/home\/index.php?rest_route=%2Fwp%2Fv2%2Ftags&post=38827"}],"curies":[{"name":"wp","href":"https:\/\/api.w.org\/{rel}","templated":true}]}}