{"id":38817,"date":"2025-05-12T14:22:08","date_gmt":"2025-05-12T12:22:08","guid":{"rendered":"https:\/\/www.rwg-bayreuth.de\/home\/?p=38817"},"modified":"2025-05-30T10:32:28","modified_gmt":"2025-05-30T08:32:28","slug":"einladung-zum-rwg-sommerkonzert","status":"publish","type":"post","link":"https:\/\/www.rwg-bayreuth.de\/home\/?p=38817","title":{"rendered":"Einladung zum RWG Sommerkonzert"},"content":{"rendered":"<p><a href=\"https:\/\/www.rwg-bayreuth.de\/home\/wp-content\/uploads\/2025\/05\/24-25-Musik-EinladungSommerkonzert-t.jpg\"><img decoding=\"async\" src=\"https:\/\/www.rwg-bayreuth.de\/home\/wp-content\/uploads\/2025\/05\/24-25-Musik-EinladungSommerkonzert-t.jpg\" alt=\"\" width=\"100%\" height=\"auto\" class=\"aligncenter size-full wp-image-38819\" srcset=\"https:\/\/www.rwg-bayreuth.de\/home\/wp-content\/uploads\/2025\/05\/24-25-Musik-EinladungSommerkonzert-t.jpg 1024w, https:\/\/www.rwg-bayreuth.de\/home\/wp-content\/uploads\/2025\/05\/24-25-Musik-EinladungSommerkonzert-t-150x64.jpg 150w, https:\/\/www.rwg-bayreuth.de\/home\/wp-content\/uploads\/2025\/05\/24-25-Musik-EinladungSommerkonzert-t-450x193.jpg 450w, https:\/\/www.rwg-bayreuth.de\/home\/wp-content\/uploads\/2025\/05\/24-25-Musik-EinladungSommerkonzert-t-768x329.jpg 768w, https:\/\/www.rwg-bayreuth.de\/home\/wp-content\/uploads\/2025\/05\/24-25-Musik-EinladungSommerkonzert-t-250x107.jpg 250w\" sizes=\"(max-width: 1024px) 100vw, 1024px\" \/><\/a><\/p>\n<p><strong>Liebe Schulfamilie,<\/strong><br \/>\nauch in diesem Jahr wollen unsere musikbegeisterten Sch\u00fclerinnen und Sch\u00fcler sowie die Fachschaft Musik den Sommer musikalisch begr\u00fc\u00dfen. Deshalb laden wir die ganze Schulfamilie herzlich ein zu unserem diesj\u00e4hrigen Sommerkonzert am<\/p>\n<p style=\"text-align: center;\"><strong>5. Juni 2025 um 19 Uhr<br \/>\nim Zentrum Bayreuth<\/strong><br \/>\n(\u00c4u\u00dfere Badstra\u00dfe 7a)<\/p>\n<p>Kostenlose Karten f\u00fcr das Konzert k\u00f6nnen ab Montag, 2. Juni im Sekretariat 1<br \/>\nabgeholt werden.<br \/>\nWir freuen uns wie jedes Jahr auf Ihr\/Euer Kommen.<\/p>\n<p>Mit besten Gr\u00fc\u00dfen<br \/>\nIhre\/Eure Fachschaft Musik im Namen aller Mitwirkenden<\/p>\n","protected":false},"excerpt":{"rendered":"<p>Liebe Schulfamilie, auch in diesem Jahr wollen unsere musikbegeisterten Sch\u00fclerinnen und Sch\u00fcler sowie die Fachschaft Musik den Sommer musikalisch begr\u00fc\u00dfen. Deshalb laden wir die ganze Schulfamilie herzlich ein zu unserem diesj\u00e4hrigen Sommerkonzert am 5. Juni 2025 um 19 Uhr im Zentrum Bayreuth (\u00c4u\u00dfere Badstra\u00dfe 7a) Kostenlose Karten f\u00fcr das Konzert k\u00f6nnen ab Montag, 2. Juni&hellip;<\/p>\n","protected":false},"author":11,"featured_media":38818,"comment_status":"closed","ping_status":"closed","sticky":false,"template":"","format":"standard","meta":{"footnotes":""},"categories":[1],"tags":[44],"_links":{"self":[{"href":"https:\/\/www.rwg-bayreuth.de\/home\/index.php?rest_route=\/wp\/v2\/posts\/38817"}],"collection":[{"href":"https:\/\/www.rwg-bayreuth.de\/home\/index.php?rest_route=\/wp\/v2\/posts"}],"about":[{"href":"https:\/\/www.rwg-bayreuth.de\/home\/index.php?rest_route=\/wp\/v2\/types\/post"}],"author":[{"embeddable":true,"href":"https:\/\/www.rwg-bayreuth.de\/home\/index.php?rest_route=\/wp\/v2\/users\/11"}],"replies":[{"embeddable":true,"href":"https:\/\/www.rwg-bayreuth.de\/home\/index.php?rest_route=%2Fwp%2Fv2%2Fcomments&post=38817"}],"version-history":[{"count":3,"href":"https:\/\/www.rwg-bayreuth.de\/home\/index.php?rest_route=\/wp\/v2\/posts\/38817\/revisions"}],"predecessor-version":[{"id":39059,"href":"https:\/\/www.rwg-bayreuth.de\/home\/index.php?rest_route=\/wp\/v2\/posts\/38817\/revisions\/39059"}],"wp:featuredmedia":[{"embeddable":true,"href":"https:\/\/www.rwg-bayreuth.de\/home\/index.php?rest_route=\/wp\/v2\/media\/38818"}],"wp:attachment":[{"href":"https:\/\/www.rwg-bayreuth.de\/home\/index.php?rest_route=%2Fwp%2Fv2%2Fmedia&parent=38817"}],"wp:term":[{"taxonomy":"category","embeddable":true,"href":"https:\/\/www.rwg-bayreuth.de\/home\/index.php?rest_route=%2Fwp%2Fv2%2Fcategories&post=38817"},{"taxonomy":"post_tag","embeddable":true,"href":"https:\/\/www.rwg-bayreuth.de\/home\/index.php?rest_route=%2Fwp%2Fv2%2Ftags&post=38817"}],"curies":[{"name":"wp","href":"https:\/\/api.w.org\/{rel}","templated":true}]}}