{"id":38705,"date":"2025-03-12T05:15:57","date_gmt":"2025-03-12T04:15:57","guid":{"rendered":"https:\/\/www.rwg-bayreuth.de\/home\/?p=38705"},"modified":"2025-06-05T21:59:16","modified_gmt":"2025-06-05T19:59:16","slug":"guetesiegel-fuer-die-schulbibliotheken","status":"publish","type":"post","link":"https:\/\/www.rwg-bayreuth.de\/home\/?p=38705","title":{"rendered":"G\u00fctesiegel f\u00fcr die Schulbibliotheken"},"content":{"rendered":"<p><!-- Heberle\n\n--><a href=\"https:\/\/www.rwg-bayreuth.de\/home\/wp-content\/uploads\/2025\/04\/24-25-GuetesiegelBibliothek-Titelbild.jpg\"><img decoding=\"async\" src=\"https:\/\/www.rwg-bayreuth.de\/home\/wp-content\/uploads\/2025\/04\/24-25-GuetesiegelBibliothek-Titelbild.jpg\" alt=\"\" width=\"100%\" height=\"auto\" class=\"aligncenter size-full wp-image-38706\" srcset=\"https:\/\/www.rwg-bayreuth.de\/home\/wp-content\/uploads\/2025\/04\/24-25-GuetesiegelBibliothek-Titelbild.jpg 1024w, https:\/\/www.rwg-bayreuth.de\/home\/wp-content\/uploads\/2025\/04\/24-25-GuetesiegelBibliothek-Titelbild-150x85.jpg 150w, https:\/\/www.rwg-bayreuth.de\/home\/wp-content\/uploads\/2025\/04\/24-25-GuetesiegelBibliothek-Titelbild-450x254.jpg 450w, https:\/\/www.rwg-bayreuth.de\/home\/wp-content\/uploads\/2025\/04\/24-25-GuetesiegelBibliothek-Titelbild-768x434.jpg 768w, https:\/\/www.rwg-bayreuth.de\/home\/wp-content\/uploads\/2025\/04\/24-25-GuetesiegelBibliothek-Titelbild-250x141.jpg 250w, https:\/\/www.rwg-bayreuth.de\/home\/wp-content\/uploads\/2025\/04\/24-25-GuetesiegelBibliothek-Titelbild-600x339.jpg 600w\" sizes=\"(max-width: 1024px) 100vw, 1024px\" \/><\/a><\/p>\n<p>Die Bibliotheksr\u00e4ume an unserer Schule sind ganz besondere Orte. Mit dem Lesenden Klassenzimmer und Ritchie&#8217;s Reading Room haben wir zwei Schatzkammern gef\u00fcllt mit aktueller Kinder- und Jugendliteratur, mit Fachzeitschriften und -b\u00fcchern, mit CDs, DVDs, und Spielen. Diese k\u00f6nnen in den gro\u00dfen Pausen ausgeliehen werden. Das motivierte und kompetente Team BIB steht dabei allen Interessierten mit Rat und Tat zur Seite.<\/p>\n<h3 style=\"margin-bottom: -10px;\">Das Lesende Klassenzimmer<\/h3>\n<div class=\"su-image-carousel  clear su-image-carousel-columns-2 su-image-carousel-has-spacing su-image-carousel-crop su-image-carousel-crop-4-3 su-image-carousel-has-lightbox su-image-carousel-has-outline su-image-carousel-slides-style-minimal su-image-carousel-controls-style-light su-image-carousel-align-center\" style=\"\" data-flickity-options='{\"groupCells\":true,\"cellSelector\":\".su-image-carousel-item\",\"adaptiveHeight\":false,\"cellAlign\":\"left\",\"prevNextButtons\":true,\"pageDots\":false,\"autoPlay\":4000,\"imagesLoaded\":true,\"contain\":true,\"selectedAttraction\":0.025000000000000001,\"friction\":0.28000000000000003}' id=\"su_image_carousel_69f1c15dc4c7b\"><div class=\"su-image-carousel-item\"><div class=\"su-image-carousel-item-content\"><a href=\"https:\/\/www.rwg-bayreuth.de\/home\/wp-content\/uploads\/2025\/04\/24-25-GuetesiegelBibliothek-Leseecke-mit-Sitzsaecken-Lesendes-Klassenzimmer.jpg\" data-caption=\"Leseecke mit Sitzs\u00e4cken - Lesendes Klassenzimmer\"><img loading=\"lazy\" decoding=\"async\" width=\"1024\" height=\"768\" src=\"https:\/\/www.rwg-bayreuth.de\/home\/wp-content\/uploads\/2025\/04\/24-25-GuetesiegelBibliothek-Leseecke-mit-Sitzsaecken-Lesendes-Klassenzimmer.jpg\" class=\"\" alt=\"\" srcset=\"https:\/\/www.rwg-bayreuth.de\/home\/wp-content\/uploads\/2025\/04\/24-25-GuetesiegelBibliothek-Leseecke-mit-Sitzsaecken-Lesendes-Klassenzimmer.jpg 1024w, https:\/\/www.rwg-bayreuth.de\/home\/wp-content\/uploads\/2025\/04\/24-25-GuetesiegelBibliothek-Leseecke-mit-Sitzsaecken-Lesendes-Klassenzimmer-150x113.jpg 150w, https:\/\/www.rwg-bayreuth.de\/home\/wp-content\/uploads\/2025\/04\/24-25-GuetesiegelBibliothek-Leseecke-mit-Sitzsaecken-Lesendes-Klassenzimmer-450x338.jpg 450w, https:\/\/www.rwg-bayreuth.de\/home\/wp-content\/uploads\/2025\/04\/24-25-GuetesiegelBibliothek-Leseecke-mit-Sitzsaecken-Lesendes-Klassenzimmer-768x576.jpg 768w, https:\/\/www.rwg-bayreuth.de\/home\/wp-content\/uploads\/2025\/04\/24-25-GuetesiegelBibliothek-Leseecke-mit-Sitzsaecken-Lesendes-Klassenzimmer-250x188.jpg 250w\" sizes=\"(max-width: 1024px) 100vw, 1024px\" \/><span>Leseecke mit Sitzs\u00e4cken - Lesendes Klassenzimmer<\/span><\/a><\/div><\/div><div class=\"su-image-carousel-item\"><div class=\"su-image-carousel-item-content\"><a href=\"https:\/\/www.rwg-bayreuth.de\/home\/wp-content\/uploads\/2025\/04\/24-25-GuetesiegelBibliothek-Regal-mit-Literatur-aus-dem-Bereich-Naturwissenschaften-mit-einem-Wettbewerbsbeitrag-zum-Thema-Buecher-Upcycling-und-einem-Unterrichtsprojekt-zum-Thema-Sagen.jpg\" data-caption=\"Regal mit Literatur aus dem Bereich Naturwissenschaften mit einem Wettbewerbsbeitrag zum Thema B\u00fccher Upcycling und einem Unterrichtsprojekt zum Thema Sagen\"><img loading=\"lazy\" decoding=\"async\" width=\"768\" height=\"1024\" src=\"https:\/\/www.rwg-bayreuth.de\/home\/wp-content\/uploads\/2025\/04\/24-25-GuetesiegelBibliothek-Regal-mit-Literatur-aus-dem-Bereich-Naturwissenschaften-mit-einem-Wettbewerbsbeitrag-zum-Thema-Buecher-Upcycling-und-einem-Unterrichtsprojekt-zum-Thema-Sagen.jpg\" class=\"\" alt=\"\" srcset=\"https:\/\/www.rwg-bayreuth.de\/home\/wp-content\/uploads\/2025\/04\/24-25-GuetesiegelBibliothek-Regal-mit-Literatur-aus-dem-Bereich-Naturwissenschaften-mit-einem-Wettbewerbsbeitrag-zum-Thema-Buecher-Upcycling-und-einem-Unterrichtsprojekt-zum-Thema-Sagen.jpg 768w, https:\/\/www.rwg-bayreuth.de\/home\/wp-content\/uploads\/2025\/04\/24-25-GuetesiegelBibliothek-Regal-mit-Literatur-aus-dem-Bereich-Naturwissenschaften-mit-einem-Wettbewerbsbeitrag-zum-Thema-Buecher-Upcycling-und-einem-Unterrichtsprojekt-zum-Thema-Sagen-113x150.jpg 113w, https:\/\/www.rwg-bayreuth.de\/home\/wp-content\/uploads\/2025\/04\/24-25-GuetesiegelBibliothek-Regal-mit-Literatur-aus-dem-Bereich-Naturwissenschaften-mit-einem-Wettbewerbsbeitrag-zum-Thema-Buecher-Upcycling-und-einem-Unterrichtsprojekt-zum-Thema-Sagen-338x450.jpg 338w, https:\/\/www.rwg-bayreuth.de\/home\/wp-content\/uploads\/2025\/04\/24-25-GuetesiegelBibliothek-Regal-mit-Literatur-aus-dem-Bereich-Naturwissenschaften-mit-einem-Wettbewerbsbeitrag-zum-Thema-Buecher-Upcycling-und-einem-Unterrichtsprojekt-zum-Thema-Sagen-250x333.jpg 250w\" sizes=\"(max-width: 768px) 100vw, 768px\" \/><span>Regal mit Literatur aus dem Bereich Naturwissenschaften mit einem Wettbewerbsbeitrag zum Thema B\u00fccher Upcycling und einem Unterrichtsprojekt zum Thema Sagen<\/span><\/a><\/div><\/div><div class=\"su-image-carousel-item\"><div class=\"su-image-carousel-item-content\"><a href=\"https:\/\/www.rwg-bayreuth.de\/home\/wp-content\/uploads\/2025\/04\/24-25-GuetesiegelBibliothek-Lesendes-Klassenzimmer-neu-sortiert.jpg\" data-caption=\"Lesendes Klassenzimmer neu sortiert\"><img loading=\"lazy\" decoding=\"async\" width=\"1024\" height=\"768\" src=\"https:\/\/www.rwg-bayreuth.de\/home\/wp-content\/uploads\/2025\/04\/24-25-GuetesiegelBibliothek-Lesendes-Klassenzimmer-neu-sortiert.jpg\" class=\"\" alt=\"\" srcset=\"https:\/\/www.rwg-bayreuth.de\/home\/wp-content\/uploads\/2025\/04\/24-25-GuetesiegelBibliothek-Lesendes-Klassenzimmer-neu-sortiert.jpg 1024w, https:\/\/www.rwg-bayreuth.de\/home\/wp-content\/uploads\/2025\/04\/24-25-GuetesiegelBibliothek-Lesendes-Klassenzimmer-neu-sortiert-150x113.jpg 150w, https:\/\/www.rwg-bayreuth.de\/home\/wp-content\/uploads\/2025\/04\/24-25-GuetesiegelBibliothek-Lesendes-Klassenzimmer-neu-sortiert-450x338.jpg 450w, https:\/\/www.rwg-bayreuth.de\/home\/wp-content\/uploads\/2025\/04\/24-25-GuetesiegelBibliothek-Lesendes-Klassenzimmer-neu-sortiert-768x576.jpg 768w, https:\/\/www.rwg-bayreuth.de\/home\/wp-content\/uploads\/2025\/04\/24-25-GuetesiegelBibliothek-Lesendes-Klassenzimmer-neu-sortiert-250x188.jpg 250w\" sizes=\"(max-width: 1024px) 100vw, 1024px\" \/><span>Lesendes Klassenzimmer neu sortiert<\/span><\/a><\/div><\/div><div class=\"su-image-carousel-item\"><div class=\"su-image-carousel-item-content\"><a href=\"https:\/\/www.rwg-bayreuth.de\/home\/wp-content\/uploads\/2025\/04\/24-25-GuetesiegelBibliothek-Regal-mit-Zeitschriften-CDs-und-Filmen-Lesendes-Klassenzimmer.jpg\" data-caption=\"Regal mit Zeitschriften CDs und Filmen - Lesendes Klassenzimmer\"><img loading=\"lazy\" decoding=\"async\" width=\"1024\" height=\"768\" src=\"https:\/\/www.rwg-bayreuth.de\/home\/wp-content\/uploads\/2025\/04\/24-25-GuetesiegelBibliothek-Regal-mit-Zeitschriften-CDs-und-Filmen-Lesendes-Klassenzimmer.jpg\" class=\"\" alt=\"\" srcset=\"https:\/\/www.rwg-bayreuth.de\/home\/wp-content\/uploads\/2025\/04\/24-25-GuetesiegelBibliothek-Regal-mit-Zeitschriften-CDs-und-Filmen-Lesendes-Klassenzimmer.jpg 1024w, https:\/\/www.rwg-bayreuth.de\/home\/wp-content\/uploads\/2025\/04\/24-25-GuetesiegelBibliothek-Regal-mit-Zeitschriften-CDs-und-Filmen-Lesendes-Klassenzimmer-150x113.jpg 150w, https:\/\/www.rwg-bayreuth.de\/home\/wp-content\/uploads\/2025\/04\/24-25-GuetesiegelBibliothek-Regal-mit-Zeitschriften-CDs-und-Filmen-Lesendes-Klassenzimmer-450x338.jpg 450w, https:\/\/www.rwg-bayreuth.de\/home\/wp-content\/uploads\/2025\/04\/24-25-GuetesiegelBibliothek-Regal-mit-Zeitschriften-CDs-und-Filmen-Lesendes-Klassenzimmer-768x576.jpg 768w, https:\/\/www.rwg-bayreuth.de\/home\/wp-content\/uploads\/2025\/04\/24-25-GuetesiegelBibliothek-Regal-mit-Zeitschriften-CDs-und-Filmen-Lesendes-Klassenzimmer-250x188.jpg 250w\" sizes=\"(max-width: 1024px) 100vw, 1024px\" \/><span>Regal mit Zeitschriften CDs und Filmen - Lesendes Klassenzimmer<\/span><\/a><\/div><\/div><div class=\"su-image-carousel-item\"><div class=\"su-image-carousel-item-content\"><a href=\"https:\/\/www.rwg-bayreuth.de\/home\/wp-content\/uploads\/2025\/04\/24-25-GuetesiegelBibliothek-Gruppentische-mit-Panel.jpg\" data-caption=\"Gruppentische mit Panel\"><img loading=\"lazy\" decoding=\"async\" width=\"1024\" height=\"768\" src=\"https:\/\/www.rwg-bayreuth.de\/home\/wp-content\/uploads\/2025\/04\/24-25-GuetesiegelBibliothek-Gruppentische-mit-Panel.jpg\" class=\"\" alt=\"\" srcset=\"https:\/\/www.rwg-bayreuth.de\/home\/wp-content\/uploads\/2025\/04\/24-25-GuetesiegelBibliothek-Gruppentische-mit-Panel.jpg 1024w, https:\/\/www.rwg-bayreuth.de\/home\/wp-content\/uploads\/2025\/04\/24-25-GuetesiegelBibliothek-Gruppentische-mit-Panel-150x113.jpg 150w, https:\/\/www.rwg-bayreuth.de\/home\/wp-content\/uploads\/2025\/04\/24-25-GuetesiegelBibliothek-Gruppentische-mit-Panel-450x338.jpg 450w, https:\/\/www.rwg-bayreuth.de\/home\/wp-content\/uploads\/2025\/04\/24-25-GuetesiegelBibliothek-Gruppentische-mit-Panel-768x576.jpg 768w, https:\/\/www.rwg-bayreuth.de\/home\/wp-content\/uploads\/2025\/04\/24-25-GuetesiegelBibliothek-Gruppentische-mit-Panel-250x188.jpg 250w\" sizes=\"(max-width: 1024px) 100vw, 1024px\" \/><span>Gruppentische mit Panel<\/span><\/a><\/div><\/div><div class=\"su-image-carousel-item\"><div class=\"su-image-carousel-item-content\"><a href=\"https:\/\/www.rwg-bayreuth.de\/home\/wp-content\/uploads\/2025\/04\/24-25-GuetesiegelBibliothek-Lesendes-Klassenzimmer.jpg\" data-caption=\"Lesendes Klassenzimmer\"><img loading=\"lazy\" decoding=\"async\" width=\"1024\" height=\"768\" src=\"https:\/\/www.rwg-bayreuth.de\/home\/wp-content\/uploads\/2025\/04\/24-25-GuetesiegelBibliothek-Lesendes-Klassenzimmer.jpg\" class=\"\" alt=\"\" srcset=\"https:\/\/www.rwg-bayreuth.de\/home\/wp-content\/uploads\/2025\/04\/24-25-GuetesiegelBibliothek-Lesendes-Klassenzimmer.jpg 1024w, https:\/\/www.rwg-bayreuth.de\/home\/wp-content\/uploads\/2025\/04\/24-25-GuetesiegelBibliothek-Lesendes-Klassenzimmer-150x113.jpg 150w, https:\/\/www.rwg-bayreuth.de\/home\/wp-content\/uploads\/2025\/04\/24-25-GuetesiegelBibliothek-Lesendes-Klassenzimmer-450x338.jpg 450w, https:\/\/www.rwg-bayreuth.de\/home\/wp-content\/uploads\/2025\/04\/24-25-GuetesiegelBibliothek-Lesendes-Klassenzimmer-768x576.jpg 768w, https:\/\/www.rwg-bayreuth.de\/home\/wp-content\/uploads\/2025\/04\/24-25-GuetesiegelBibliothek-Lesendes-Klassenzimmer-250x188.jpg 250w\" sizes=\"(max-width: 1024px) 100vw, 1024px\" \/><span>Lesendes Klassenzimmer<\/span><\/a><\/div><\/div><div class=\"su-image-carousel-item\"><div class=\"su-image-carousel-item-content\"><a href=\"https:\/\/www.rwg-bayreuth.de\/home\/wp-content\/uploads\/2025\/04\/24-25-GuetesiegelBibliothek-Angebot-an-Spielen.jpg\" data-caption=\"Angebot an Spielen\"><img loading=\"lazy\" decoding=\"async\" width=\"768\" height=\"1024\" src=\"https:\/\/www.rwg-bayreuth.de\/home\/wp-content\/uploads\/2025\/04\/24-25-GuetesiegelBibliothek-Angebot-an-Spielen.jpg\" class=\"\" alt=\"\" srcset=\"https:\/\/www.rwg-bayreuth.de\/home\/wp-content\/uploads\/2025\/04\/24-25-GuetesiegelBibliothek-Angebot-an-Spielen.jpg 768w, https:\/\/www.rwg-bayreuth.de\/home\/wp-content\/uploads\/2025\/04\/24-25-GuetesiegelBibliothek-Angebot-an-Spielen-113x150.jpg 113w, https:\/\/www.rwg-bayreuth.de\/home\/wp-content\/uploads\/2025\/04\/24-25-GuetesiegelBibliothek-Angebot-an-Spielen-338x450.jpg 338w, https:\/\/www.rwg-bayreuth.de\/home\/wp-content\/uploads\/2025\/04\/24-25-GuetesiegelBibliothek-Angebot-an-Spielen-250x333.jpg 250w\" sizes=\"(max-width: 768px) 100vw, 768px\" \/><span>Angebot an Spielen<\/span><\/a><\/div><\/div><div class=\"su-image-carousel-item\"><div class=\"su-image-carousel-item-content\"><a href=\"https:\/\/www.rwg-bayreuth.de\/home\/wp-content\/uploads\/2025\/04\/24-25-GuetesiegelBibliothek-fleissige-Helfer-des-Team-BIB.jpg\" data-caption=\"flei\u00dfige Helfer des Team BIB\"><img loading=\"lazy\" decoding=\"async\" width=\"768\" height=\"1024\" src=\"https:\/\/www.rwg-bayreuth.de\/home\/wp-content\/uploads\/2025\/04\/24-25-GuetesiegelBibliothek-fleissige-Helfer-des-Team-BIB.jpg\" class=\"\" alt=\"\" srcset=\"https:\/\/www.rwg-bayreuth.de\/home\/wp-content\/uploads\/2025\/04\/24-25-GuetesiegelBibliothek-fleissige-Helfer-des-Team-BIB.jpg 768w, https:\/\/www.rwg-bayreuth.de\/home\/wp-content\/uploads\/2025\/04\/24-25-GuetesiegelBibliothek-fleissige-Helfer-des-Team-BIB-113x150.jpg 113w, https:\/\/www.rwg-bayreuth.de\/home\/wp-content\/uploads\/2025\/04\/24-25-GuetesiegelBibliothek-fleissige-Helfer-des-Team-BIB-338x450.jpg 338w, https:\/\/www.rwg-bayreuth.de\/home\/wp-content\/uploads\/2025\/04\/24-25-GuetesiegelBibliothek-fleissige-Helfer-des-Team-BIB-250x333.jpg 250w\" sizes=\"(max-width: 768px) 100vw, 768px\" \/><span>flei\u00dfige Helfer des Team BIB<\/span><\/a><\/div><\/div><\/div><script id=\"su_image_carousel_69f1c15dc4c7b_script\">if(window.SUImageCarousel){setTimeout(function() {window.SUImageCarousel.initGallery(document.getElementById(\"su_image_carousel_69f1c15dc4c7b\"))}, 0);}var su_image_carousel_69f1c15dc4c7b_script=document.getElementById(\"su_image_carousel_69f1c15dc4c7b_script\");if(su_image_carousel_69f1c15dc4c7b_script){su_image_carousel_69f1c15dc4c7b_script.parentNode.removeChild(su_image_carousel_69f1c15dc4c7b_script);}<\/script>\n<p>Neben der Oberen Pausenhalle zentral gelegen befindet sich das Lesende Klassenzimmer. F\u00fcr die Sch\u00fclerinnen und Sch\u00fcler der Unterstufe gibt es hier interessante Sachb\u00fccher und Jugendromane mit spannenden, unterhaltsamen, verbl\u00fcffenden, fantastischen, gef\u00fchlvollen oder nachdenklich machenden Geschichten. Bequeme Sitzs\u00e4cke laden hier zum Schm\u00f6kern ein. Durch die Ausstattung mit einem mobilen Panel eignet sich dieser Raum auch f\u00fcr den abwechslungsreichen und modernen Fachunterricht. So werden hier beispielsweise die Stunden zur Lesef\u00f6rderung in den f\u00fcnften Klassen abgehalten.<\/p>\n<h3 style=\"margin-bottom: -10px;\">Ritchie&#8217;s Reading Room<\/h3>\n<div class=\"su-image-carousel  clear su-image-carousel-columns-2 su-image-carousel-has-spacing su-image-carousel-crop su-image-carousel-crop-4-3 su-image-carousel-has-lightbox su-image-carousel-has-outline su-image-carousel-slides-style-minimal su-image-carousel-controls-style-light su-image-carousel-align-center\" style=\"\" data-flickity-options='{\"groupCells\":true,\"cellSelector\":\".su-image-carousel-item\",\"adaptiveHeight\":false,\"cellAlign\":\"left\",\"prevNextButtons\":true,\"pageDots\":false,\"autoPlay\":4000,\"imagesLoaded\":true,\"contain\":true,\"selectedAttraction\":0.025000000000000001,\"friction\":0.28000000000000003}' id=\"su_image_carousel_69f1c15dc50c5\"><div class=\"su-image-carousel-item\"><div class=\"su-image-carousel-item-content\"><a href=\"https:\/\/www.rwg-bayreuth.de\/home\/wp-content\/uploads\/2025\/05\/24-25-GuetesiegelBibliothek-Ueberblick-ueber-den-Raum-Obere-Bibliothek.jpg\" data-caption=\"\u00dcberblick \u00fcber den Raum - Obere Bibliothek\"><img loading=\"lazy\" decoding=\"async\" width=\"1024\" height=\"768\" src=\"https:\/\/www.rwg-bayreuth.de\/home\/wp-content\/uploads\/2025\/05\/24-25-GuetesiegelBibliothek-Ueberblick-ueber-den-Raum-Obere-Bibliothek.jpg\" class=\"\" alt=\"\" srcset=\"https:\/\/www.rwg-bayreuth.de\/home\/wp-content\/uploads\/2025\/05\/24-25-GuetesiegelBibliothek-Ueberblick-ueber-den-Raum-Obere-Bibliothek.jpg 1024w, https:\/\/www.rwg-bayreuth.de\/home\/wp-content\/uploads\/2025\/05\/24-25-GuetesiegelBibliothek-Ueberblick-ueber-den-Raum-Obere-Bibliothek-150x113.jpg 150w, https:\/\/www.rwg-bayreuth.de\/home\/wp-content\/uploads\/2025\/05\/24-25-GuetesiegelBibliothek-Ueberblick-ueber-den-Raum-Obere-Bibliothek-450x338.jpg 450w, https:\/\/www.rwg-bayreuth.de\/home\/wp-content\/uploads\/2025\/05\/24-25-GuetesiegelBibliothek-Ueberblick-ueber-den-Raum-Obere-Bibliothek-768x576.jpg 768w, https:\/\/www.rwg-bayreuth.de\/home\/wp-content\/uploads\/2025\/05\/24-25-GuetesiegelBibliothek-Ueberblick-ueber-den-Raum-Obere-Bibliothek-250x188.jpg 250w\" sizes=\"(max-width: 1024px) 100vw, 1024px\" \/><span>\u00dcberblick \u00fcber den Raum - Obere Bibliothek<\/span><\/a><\/div><\/div><div class=\"su-image-carousel-item\"><div class=\"su-image-carousel-item-content\"><a href=\"https:\/\/www.rwg-bayreuth.de\/home\/wp-content\/uploads\/2025\/05\/24-25-GuetesiegelBibliothek-Ruhezone-in-der-Oberen-Bibliothek.jpg\" data-caption=\"Ruhezone in der Oberen Bibliothek\"><img loading=\"lazy\" decoding=\"async\" width=\"1024\" height=\"768\" src=\"https:\/\/www.rwg-bayreuth.de\/home\/wp-content\/uploads\/2025\/05\/24-25-GuetesiegelBibliothek-Ruhezone-in-der-Oberen-Bibliothek.jpg\" class=\"\" alt=\"\" srcset=\"https:\/\/www.rwg-bayreuth.de\/home\/wp-content\/uploads\/2025\/05\/24-25-GuetesiegelBibliothek-Ruhezone-in-der-Oberen-Bibliothek.jpg 1024w, https:\/\/www.rwg-bayreuth.de\/home\/wp-content\/uploads\/2025\/05\/24-25-GuetesiegelBibliothek-Ruhezone-in-der-Oberen-Bibliothek-150x113.jpg 150w, https:\/\/www.rwg-bayreuth.de\/home\/wp-content\/uploads\/2025\/05\/24-25-GuetesiegelBibliothek-Ruhezone-in-der-Oberen-Bibliothek-450x338.jpg 450w, https:\/\/www.rwg-bayreuth.de\/home\/wp-content\/uploads\/2025\/05\/24-25-GuetesiegelBibliothek-Ruhezone-in-der-Oberen-Bibliothek-768x576.jpg 768w, https:\/\/www.rwg-bayreuth.de\/home\/wp-content\/uploads\/2025\/05\/24-25-GuetesiegelBibliothek-Ruhezone-in-der-Oberen-Bibliothek-250x188.jpg 250w\" sizes=\"(max-width: 1024px) 100vw, 1024px\" \/><span>Ruhezone in der Oberen Bibliothek<\/span><\/a><\/div><\/div><div class=\"su-image-carousel-item\"><div class=\"su-image-carousel-item-content\"><a href=\"https:\/\/www.rwg-bayreuth.de\/home\/wp-content\/uploads\/2025\/05\/24-25-GuetesiegelBibliothek-aktuelle-Literatur-und-Platz-zum-Schmoekern.jpg\" data-caption=\"aktuelle Literatur und Platz zum Schm\u00f6kern\"><img loading=\"lazy\" decoding=\"async\" width=\"1024\" height=\"768\" src=\"https:\/\/www.rwg-bayreuth.de\/home\/wp-content\/uploads\/2025\/05\/24-25-GuetesiegelBibliothek-aktuelle-Literatur-und-Platz-zum-Schmoekern.jpg\" class=\"\" alt=\"\" srcset=\"https:\/\/www.rwg-bayreuth.de\/home\/wp-content\/uploads\/2025\/05\/24-25-GuetesiegelBibliothek-aktuelle-Literatur-und-Platz-zum-Schmoekern.jpg 1024w, https:\/\/www.rwg-bayreuth.de\/home\/wp-content\/uploads\/2025\/05\/24-25-GuetesiegelBibliothek-aktuelle-Literatur-und-Platz-zum-Schmoekern-150x113.jpg 150w, https:\/\/www.rwg-bayreuth.de\/home\/wp-content\/uploads\/2025\/05\/24-25-GuetesiegelBibliothek-aktuelle-Literatur-und-Platz-zum-Schmoekern-450x338.jpg 450w, https:\/\/www.rwg-bayreuth.de\/home\/wp-content\/uploads\/2025\/05\/24-25-GuetesiegelBibliothek-aktuelle-Literatur-und-Platz-zum-Schmoekern-768x576.jpg 768w, https:\/\/www.rwg-bayreuth.de\/home\/wp-content\/uploads\/2025\/05\/24-25-GuetesiegelBibliothek-aktuelle-Literatur-und-Platz-zum-Schmoekern-250x188.jpg 250w\" sizes=\"(max-width: 1024px) 100vw, 1024px\" \/><span>aktuelle Literatur und Platz zum Schm\u00f6kern<\/span><\/a><\/div><\/div><div class=\"su-image-carousel-item\"><div class=\"su-image-carousel-item-content\"><a href=\"https:\/\/www.rwg-bayreuth.de\/home\/wp-content\/uploads\/2025\/05\/24-25-GuetesiegelBibliothek-Auswahl-an-aktuellen-Filmen-und-Wolkentische-zum-flexiblen-Arbeiten.jpg\" data-caption=\"Auswahl an aktuellen Filmen und Wolkentische zum flexiblen Arbeiten\"><img loading=\"lazy\" decoding=\"async\" width=\"768\" height=\"1024\" src=\"https:\/\/www.rwg-bayreuth.de\/home\/wp-content\/uploads\/2025\/05\/24-25-GuetesiegelBibliothek-Auswahl-an-aktuellen-Filmen-und-Wolkentische-zum-flexiblen-Arbeiten.jpg\" class=\"\" alt=\"\" srcset=\"https:\/\/www.rwg-bayreuth.de\/home\/wp-content\/uploads\/2025\/05\/24-25-GuetesiegelBibliothek-Auswahl-an-aktuellen-Filmen-und-Wolkentische-zum-flexiblen-Arbeiten.jpg 768w, https:\/\/www.rwg-bayreuth.de\/home\/wp-content\/uploads\/2025\/05\/24-25-GuetesiegelBibliothek-Auswahl-an-aktuellen-Filmen-und-Wolkentische-zum-flexiblen-Arbeiten-113x150.jpg 113w, https:\/\/www.rwg-bayreuth.de\/home\/wp-content\/uploads\/2025\/05\/24-25-GuetesiegelBibliothek-Auswahl-an-aktuellen-Filmen-und-Wolkentische-zum-flexiblen-Arbeiten-338x450.jpg 338w, https:\/\/www.rwg-bayreuth.de\/home\/wp-content\/uploads\/2025\/05\/24-25-GuetesiegelBibliothek-Auswahl-an-aktuellen-Filmen-und-Wolkentische-zum-flexiblen-Arbeiten-250x333.jpg 250w\" sizes=\"(max-width: 768px) 100vw, 768px\" \/><span>Auswahl an aktuellen Filmen und Wolkentische zum flexiblen Arbeiten<\/span><\/a><\/div><\/div><\/div><script id=\"su_image_carousel_69f1c15dc50c5_script\">if(window.SUImageCarousel){setTimeout(function() {window.SUImageCarousel.initGallery(document.getElementById(\"su_image_carousel_69f1c15dc50c5\"))}, 0);}var su_image_carousel_69f1c15dc50c5_script=document.getElementById(\"su_image_carousel_69f1c15dc50c5_script\");if(su_image_carousel_69f1c15dc50c5_script){su_image_carousel_69f1c15dc50c5_script.parentNode.removeChild(su_image_carousel_69f1c15dc50c5_script);}<\/script>\n<p>Vor allem von den Sch\u00fclerinnen und Sch\u00fclern der Mittel- und Oberstufe wird der ruhig gelegene Ritchie&#8217;s Reading Room mit seinen gem\u00fctlichen Nischen als Arbeits- und Erholungsraum gesch\u00e4tzt. Nach Fachgebieten sortiert findet sich hier aktuelle und klassische Literatur aus vielen verschiedenen Genres sowie Sachb\u00fccher zu allen erdenklichen Themenfeldern. Die B\u00fccherei ist deshalb eine wichtige Anlaufstelle f\u00fcr das selbstst\u00e4ndige Arbeiten, wenn Beispiel ein Vortrag vorbereitet werden soll. Da alle Sch\u00fclerinnen und Sch\u00fcler ab der achten Jahrgangsstufe eigene Tablets nutzen, wurden die bisher vorhandenen Bildschirmarbeitspl\u00e4tze aufgel\u00f6st. Dabei entstand ein neuer \u201eFreiraum\u201c. Die dort ausgelegten Akkupressurmatten, Faszienrollen und Papphocker bieten die M\u00f6glichkeit, sich aktiv zu entspannen.<\/p>\n<h3 style=\"margin-bottom: -10px;\">Lesen im Lebensraum Schule<\/h3>\n<div class=\"su-image-carousel  clear su-image-carousel-columns-2 su-image-carousel-has-spacing su-image-carousel-crop su-image-carousel-crop-4-3 su-image-carousel-has-lightbox su-image-carousel-has-outline su-image-carousel-slides-style-minimal su-image-carousel-controls-style-light su-image-carousel-align-center\" style=\"\" data-flickity-options='{\"groupCells\":true,\"cellSelector\":\".su-image-carousel-item\",\"adaptiveHeight\":false,\"cellAlign\":\"left\",\"prevNextButtons\":true,\"pageDots\":false,\"autoPlay\":4000,\"imagesLoaded\":true,\"contain\":true,\"selectedAttraction\":0.025000000000000001,\"friction\":0.28000000000000003}' id=\"su_image_carousel_69f1c15dc5539\"><div class=\"su-image-carousel-item\"><div class=\"su-image-carousel-item-content\"><a href=\"https:\/\/www.rwg-bayreuth.de\/home\/wp-content\/uploads\/2025\/05\/24-25-GuetesiegelBibliothek-Mittelerde-in-der-Oberen-Pausenhalle.jpg\" data-caption=\"Mittelerde in der Oberen Pausenhalle\"><img loading=\"lazy\" decoding=\"async\" width=\"1024\" height=\"768\" src=\"https:\/\/www.rwg-bayreuth.de\/home\/wp-content\/uploads\/2025\/05\/24-25-GuetesiegelBibliothek-Mittelerde-in-der-Oberen-Pausenhalle.jpg\" class=\"\" alt=\"\" srcset=\"https:\/\/www.rwg-bayreuth.de\/home\/wp-content\/uploads\/2025\/05\/24-25-GuetesiegelBibliothek-Mittelerde-in-der-Oberen-Pausenhalle.jpg 1024w, https:\/\/www.rwg-bayreuth.de\/home\/wp-content\/uploads\/2025\/05\/24-25-GuetesiegelBibliothek-Mittelerde-in-der-Oberen-Pausenhalle-150x113.jpg 150w, https:\/\/www.rwg-bayreuth.de\/home\/wp-content\/uploads\/2025\/05\/24-25-GuetesiegelBibliothek-Mittelerde-in-der-Oberen-Pausenhalle-450x338.jpg 450w, https:\/\/www.rwg-bayreuth.de\/home\/wp-content\/uploads\/2025\/05\/24-25-GuetesiegelBibliothek-Mittelerde-in-der-Oberen-Pausenhalle-768x576.jpg 768w, https:\/\/www.rwg-bayreuth.de\/home\/wp-content\/uploads\/2025\/05\/24-25-GuetesiegelBibliothek-Mittelerde-in-der-Oberen-Pausenhalle-250x188.jpg 250w\" sizes=\"(max-width: 1024px) 100vw, 1024px\" \/><span>Mittelerde in der Oberen Pausenhalle<\/span><\/a><\/div><\/div><div class=\"su-image-carousel-item\"><div class=\"su-image-carousel-item-content\"><a href=\"https:\/\/www.rwg-bayreuth.de\/home\/wp-content\/uploads\/2025\/05\/24-25-GuetesiegelBibliothek-Wegweiser-in-fantastische-Buecherwelten.jpg\" data-caption=\"Wegweiser in fantastische B\u00fccherwelten\"><img loading=\"lazy\" decoding=\"async\" width=\"768\" height=\"1024\" src=\"https:\/\/www.rwg-bayreuth.de\/home\/wp-content\/uploads\/2025\/05\/24-25-GuetesiegelBibliothek-Wegweiser-in-fantastische-Buecherwelten.jpg\" class=\"\" alt=\"\" srcset=\"https:\/\/www.rwg-bayreuth.de\/home\/wp-content\/uploads\/2025\/05\/24-25-GuetesiegelBibliothek-Wegweiser-in-fantastische-Buecherwelten.jpg 768w, https:\/\/www.rwg-bayreuth.de\/home\/wp-content\/uploads\/2025\/05\/24-25-GuetesiegelBibliothek-Wegweiser-in-fantastische-Buecherwelten-113x150.jpg 113w, https:\/\/www.rwg-bayreuth.de\/home\/wp-content\/uploads\/2025\/05\/24-25-GuetesiegelBibliothek-Wegweiser-in-fantastische-Buecherwelten-338x450.jpg 338w, https:\/\/www.rwg-bayreuth.de\/home\/wp-content\/uploads\/2025\/05\/24-25-GuetesiegelBibliothek-Wegweiser-in-fantastische-Buecherwelten-250x333.jpg 250w\" sizes=\"(max-width: 768px) 100vw, 768px\" \/><span>Wegweiser in fantastische B\u00fccherwelten<\/span><\/a><\/div><\/div><div class=\"su-image-carousel-item\"><div class=\"su-image-carousel-item-content\"><a href=\"https:\/\/www.rwg-bayreuth.de\/home\/wp-content\/uploads\/2025\/05\/24-25-GuetesiegelBibliothek-Leseecke-in-der-Oberen-Pausenhalle.jpg\" data-caption=\"Leseecke in der Oberen Pausenhalle\"><img loading=\"lazy\" decoding=\"async\" width=\"1024\" height=\"768\" src=\"https:\/\/www.rwg-bayreuth.de\/home\/wp-content\/uploads\/2025\/05\/24-25-GuetesiegelBibliothek-Leseecke-in-der-Oberen-Pausenhalle.jpg\" class=\"\" alt=\"\" srcset=\"https:\/\/www.rwg-bayreuth.de\/home\/wp-content\/uploads\/2025\/05\/24-25-GuetesiegelBibliothek-Leseecke-in-der-Oberen-Pausenhalle.jpg 1024w, https:\/\/www.rwg-bayreuth.de\/home\/wp-content\/uploads\/2025\/05\/24-25-GuetesiegelBibliothek-Leseecke-in-der-Oberen-Pausenhalle-150x113.jpg 150w, https:\/\/www.rwg-bayreuth.de\/home\/wp-content\/uploads\/2025\/05\/24-25-GuetesiegelBibliothek-Leseecke-in-der-Oberen-Pausenhalle-450x338.jpg 450w, https:\/\/www.rwg-bayreuth.de\/home\/wp-content\/uploads\/2025\/05\/24-25-GuetesiegelBibliothek-Leseecke-in-der-Oberen-Pausenhalle-768x576.jpg 768w, https:\/\/www.rwg-bayreuth.de\/home\/wp-content\/uploads\/2025\/05\/24-25-GuetesiegelBibliothek-Leseecke-in-der-Oberen-Pausenhalle-250x188.jpg 250w\" sizes=\"(max-width: 1024px) 100vw, 1024px\" \/><span>Leseecke in der Oberen Pausenhalle<\/span><\/a><\/div><\/div><div class=\"su-image-carousel-item\"><div class=\"su-image-carousel-item-content\"><a href=\"https:\/\/www.rwg-bayreuth.de\/home\/wp-content\/uploads\/2025\/05\/24-25-GuetesiegelBibliothek-offener-Buecherschrank-in-der-Oberen-Pausenhalle.jpg\" data-caption=\"offener B\u00fccherschrank in der Oberen Pausenhalle\"><img loading=\"lazy\" decoding=\"async\" width=\"768\" height=\"1024\" src=\"https:\/\/www.rwg-bayreuth.de\/home\/wp-content\/uploads\/2025\/05\/24-25-GuetesiegelBibliothek-offener-Buecherschrank-in-der-Oberen-Pausenhalle.jpg\" class=\"\" alt=\"\" srcset=\"https:\/\/www.rwg-bayreuth.de\/home\/wp-content\/uploads\/2025\/05\/24-25-GuetesiegelBibliothek-offener-Buecherschrank-in-der-Oberen-Pausenhalle.jpg 768w, https:\/\/www.rwg-bayreuth.de\/home\/wp-content\/uploads\/2025\/05\/24-25-GuetesiegelBibliothek-offener-Buecherschrank-in-der-Oberen-Pausenhalle-113x150.jpg 113w, https:\/\/www.rwg-bayreuth.de\/home\/wp-content\/uploads\/2025\/05\/24-25-GuetesiegelBibliothek-offener-Buecherschrank-in-der-Oberen-Pausenhalle-338x450.jpg 338w, https:\/\/www.rwg-bayreuth.de\/home\/wp-content\/uploads\/2025\/05\/24-25-GuetesiegelBibliothek-offener-Buecherschrank-in-der-Oberen-Pausenhalle-250x333.jpg 250w\" sizes=\"(max-width: 768px) 100vw, 768px\" \/><span>offener B\u00fccherschrank in der Oberen Pausenhalle<\/span><\/a><\/div><\/div><\/div><script id=\"su_image_carousel_69f1c15dc5539_script\">if(window.SUImageCarousel){setTimeout(function() {window.SUImageCarousel.initGallery(document.getElementById(\"su_image_carousel_69f1c15dc5539\"))}, 0);}var su_image_carousel_69f1c15dc5539_script=document.getElementById(\"su_image_carousel_69f1c15dc5539_script\");if(su_image_carousel_69f1c15dc5539_script){su_image_carousel_69f1c15dc5539_script.parentNode.removeChild(su_image_carousel_69f1c15dc5539_script);}<\/script>\n<p>Unter dem Stichwort \u201eUnsere Pausenhalle als Kulturb\u00fchne\u201c nahm das RWG in den letzten beiden Jahren am Wettbewerb Sparda macht`s m\u00f6glich teil. Mit den erzielten Gewinnen wurde die ans Lesende Klassenzimmer angrenzende Pausenhalle als gem\u00fctlicher Aufenthaltsraum mit Leseecke, offenem B\u00fccherregal und einem Spielbereich zum Thema \u201eHerr der Ringe\u201c aufgewertet. \u00dcber die ausfahrbare Leinwand k\u00f6nnen Filme gezeigt werden. Die R\u00e4ume des Lesens sind an unserer Schule damit nicht nur auf die Bibliotheken beschr\u00e4nkt, sondern dringen auch durch T\u00fcren und Mauern.<\/p>\n<h3>Team BIB<\/h3>\n<p>Seit dem Schuljahr 2023\/2024 sind alle Akteure, die sich mit B\u00fccher an unserer Schule befassen, im Team BIB geb\u00fcndelt. Das Team gliedert sich in verschiedene Gruppen. Das Team \u201eRitchie&#8217;s Reading Room\u201c ist verantwortlich f\u00fcr alle Anliegen im Zusammenhang mit der Oberen Bibliothek. Das Team \u201eLesendes Klassenzimmer\u201c k\u00fcmmert sich um die Unterstufenbibliothek. Die Gruppe \u201eB\u00fccherambulanz\u201c repariert kaputte Medien. Zuletzt gibt es noch eine Sch\u00fclergruppe, die jeden ersten Mittwoch im Monat umweltfreundliche Schulmaterialien in der Leseecke der Oberen Pausenhalle verkauft.<\/p>\n<h3 style=\"margin-bottom: -10px;\">Verleihung des G\u00fctesiegels<\/h3>\n<div class=\"su-image-carousel  clear su-image-carousel-columns-2 su-image-carousel-has-spacing su-image-carousel-crop su-image-carousel-crop-4-3 su-image-carousel-has-lightbox su-image-carousel-has-outline su-image-carousel-slides-style-minimal su-image-carousel-controls-style-light su-image-carousel-align-center\" style=\"\" data-flickity-options='{\"groupCells\":true,\"cellSelector\":\".su-image-carousel-item\",\"adaptiveHeight\":false,\"cellAlign\":\"left\",\"prevNextButtons\":true,\"pageDots\":false,\"autoPlay\":4000,\"imagesLoaded\":true,\"contain\":true,\"selectedAttraction\":0.025000000000000001,\"friction\":0.28000000000000003}' id=\"su_image_carousel_69f1c15dc5857\"><div class=\"su-image-carousel-item\"><div class=\"su-image-carousel-item-content\"><a href=\"https:\/\/www.rwg-bayreuth.de\/home\/wp-content\/uploads\/2025\/05\/24-25-GuetesiegelBibliothek-Verleihung-des-Guetesiegels.jpg\" data-caption=\"Verleihung des G\u00fctesiegels\"><img loading=\"lazy\" decoding=\"async\" width=\"1024\" height=\"768\" src=\"https:\/\/www.rwg-bayreuth.de\/home\/wp-content\/uploads\/2025\/05\/24-25-GuetesiegelBibliothek-Verleihung-des-Guetesiegels.jpg\" class=\"\" alt=\"\" srcset=\"https:\/\/www.rwg-bayreuth.de\/home\/wp-content\/uploads\/2025\/05\/24-25-GuetesiegelBibliothek-Verleihung-des-Guetesiegels.jpg 1024w, https:\/\/www.rwg-bayreuth.de\/home\/wp-content\/uploads\/2025\/05\/24-25-GuetesiegelBibliothek-Verleihung-des-Guetesiegels-150x113.jpg 150w, https:\/\/www.rwg-bayreuth.de\/home\/wp-content\/uploads\/2025\/05\/24-25-GuetesiegelBibliothek-Verleihung-des-Guetesiegels-450x338.jpg 450w, https:\/\/www.rwg-bayreuth.de\/home\/wp-content\/uploads\/2025\/05\/24-25-GuetesiegelBibliothek-Verleihung-des-Guetesiegels-768x576.jpg 768w, https:\/\/www.rwg-bayreuth.de\/home\/wp-content\/uploads\/2025\/05\/24-25-GuetesiegelBibliothek-Verleihung-des-Guetesiegels-250x188.jpg 250w\" sizes=\"(max-width: 1024px) 100vw, 1024px\" \/><span>Verleihung des G\u00fctesiegels<\/span><\/a><\/div><\/div><div class=\"su-image-carousel-item\"><div class=\"su-image-carousel-item-content\"><a href=\"https:\/\/www.rwg-bayreuth.de\/home\/wp-content\/uploads\/2025\/05\/24-25-GuetesiegelBibliothek-Wimpelkette-zwischen-Ritchies-Reading-Room-und-dem-Lesenden-Klassenzimmer.jpg\" data-caption=\"Wimpelkette zwischen Ritchie&#039;s Reading Room und dem Lesenden Klassenzimmer\"><img loading=\"lazy\" decoding=\"async\" width=\"768\" height=\"1024\" src=\"https:\/\/www.rwg-bayreuth.de\/home\/wp-content\/uploads\/2025\/05\/24-25-GuetesiegelBibliothek-Wimpelkette-zwischen-Ritchies-Reading-Room-und-dem-Lesenden-Klassenzimmer.jpg\" class=\"\" alt=\"\" srcset=\"https:\/\/www.rwg-bayreuth.de\/home\/wp-content\/uploads\/2025\/05\/24-25-GuetesiegelBibliothek-Wimpelkette-zwischen-Ritchies-Reading-Room-und-dem-Lesenden-Klassenzimmer.jpg 768w, https:\/\/www.rwg-bayreuth.de\/home\/wp-content\/uploads\/2025\/05\/24-25-GuetesiegelBibliothek-Wimpelkette-zwischen-Ritchies-Reading-Room-und-dem-Lesenden-Klassenzimmer-113x150.jpg 113w, https:\/\/www.rwg-bayreuth.de\/home\/wp-content\/uploads\/2025\/05\/24-25-GuetesiegelBibliothek-Wimpelkette-zwischen-Ritchies-Reading-Room-und-dem-Lesenden-Klassenzimmer-338x450.jpg 338w, https:\/\/www.rwg-bayreuth.de\/home\/wp-content\/uploads\/2025\/05\/24-25-GuetesiegelBibliothek-Wimpelkette-zwischen-Ritchies-Reading-Room-und-dem-Lesenden-Klassenzimmer-250x333.jpg 250w\" sizes=\"(max-width: 768px) 100vw, 768px\" \/><span>Wimpelkette zwischen Ritchie's Reading Room und dem Lesenden Klassenzimmer<\/span><\/a><\/div><\/div><\/div><script id=\"su_image_carousel_69f1c15dc5857_script\">if(window.SUImageCarousel){setTimeout(function() {window.SUImageCarousel.initGallery(document.getElementById(\"su_image_carousel_69f1c15dc5857\"))}, 0);}var su_image_carousel_69f1c15dc5857_script=document.getElementById(\"su_image_carousel_69f1c15dc5857_script\");if(su_image_carousel_69f1c15dc5857_script){su_image_carousel_69f1c15dc5857_script.parentNode.removeChild(su_image_carousel_69f1c15dc5857_script);}<\/script>\n<p>Wir freuen uns und sind sehr stolz darauf, dass die Arbeit des Teams nicht nur an unserer Schule gesch\u00e4tzt wird, sondern nun auch mit dem G\u00fctesiegel \u201eTreffpunkt Schulbibliothek \u2013 Fit in den Medien!\u201c ausgezeichnet wurde. Dieses wird vom Kultusministerium an hervorragende Schulbibliotheken vergeben: \u201eDie pr\u00e4mierten Schulbibliotheken zeichnen sich durch ein besonders attraktives und vielseitiges Medienangebot, innovative Lesef\u00f6rderprojekte sowie deren systematische Integration in den Unterricht aus. Sie leisten damit einen entscheidenden Beitrag in der Vermittlung von Lese-, Medien- und Informationskompetenz\u201c, hei\u00dft es aus M\u00fcnchen. Gefeiert wurde diese Auszeichnung an der Schule mit einem Bibliothekstag. Sch\u00fclerinnen und Sch\u00fcler der f\u00fcnften Klassen spannten eine selbstgebastelte Wimpelgirlande im Schulhaus, welche die beiden Bibliotheksr\u00e4ume symbolisch miteinander verbindet. Zudem wurde ein B\u00fccherflohmarkt veranstaltet, bei dem sich alle begeisterten Leseratten gegen eine kleine Spende mit neuem Futter versorgen konnten.<\/p>\n<p><em>C. Heberle<\/em><\/p>\n","protected":false},"excerpt":{"rendered":"<p>Die Bibliotheksr\u00e4ume an unserer Schule sind ganz besondere Orte. Mit dem Lesenden Klassenzimmer und Ritchie&#8217;s Reading Room haben wir zwei Schatzkammern gef\u00fcllt mit aktueller Kinder- und Jugendliteratur, mit Fachzeitschriften und -b\u00fcchern, mit CDs, DVDs, und Spielen. Diese k\u00f6nnen in den gro\u00dfen Pausen ausgeliehen werden. Das motivierte und kompetente Team BIB steht dabei allen Interessierten mit&hellip;<\/p>\n","protected":false},"author":11,"featured_media":38707,"comment_status":"closed","ping_status":"closed","sticky":false,"template":"","format":"standard","meta":{"footnotes":""},"categories":[1],"tags":[156,51],"_links":{"self":[{"href":"https:\/\/www.rwg-bayreuth.de\/home\/index.php?rest_route=\/wp\/v2\/posts\/38705"}],"collection":[{"href":"https:\/\/www.rwg-bayreuth.de\/home\/index.php?rest_route=\/wp\/v2\/posts"}],"about":[{"href":"https:\/\/www.rwg-bayreuth.de\/home\/index.php?rest_route=\/wp\/v2\/types\/post"}],"author":[{"embeddable":true,"href":"https:\/\/www.rwg-bayreuth.de\/home\/index.php?rest_route=\/wp\/v2\/users\/11"}],"replies":[{"embeddable":true,"href":"https:\/\/www.rwg-bayreuth.de\/home\/index.php?rest_route=%2Fwp%2Fv2%2Fcomments&post=38705"}],"version-history":[{"count":12,"href":"https:\/\/www.rwg-bayreuth.de\/home\/index.php?rest_route=\/wp\/v2\/posts\/38705\/revisions"}],"predecessor-version":[{"id":39103,"href":"https:\/\/www.rwg-bayreuth.de\/home\/index.php?rest_route=\/wp\/v2\/posts\/38705\/revisions\/39103"}],"wp:featuredmedia":[{"embeddable":true,"href":"https:\/\/www.rwg-bayreuth.de\/home\/index.php?rest_route=\/wp\/v2\/media\/38707"}],"wp:attachment":[{"href":"https:\/\/www.rwg-bayreuth.de\/home\/index.php?rest_route=%2Fwp%2Fv2%2Fmedia&parent=38705"}],"wp:term":[{"taxonomy":"category","embeddable":true,"href":"https:\/\/www.rwg-bayreuth.de\/home\/index.php?rest_route=%2Fwp%2Fv2%2Fcategories&post=38705"},{"taxonomy":"post_tag","embeddable":true,"href":"https:\/\/www.rwg-bayreuth.de\/home\/index.php?rest_route=%2Fwp%2Fv2%2Ftags&post=38705"}],"curies":[{"name":"wp","href":"https:\/\/api.w.org\/{rel}","templated":true}]}}