{"id":38649,"date":"2025-04-09T05:44:33","date_gmt":"2025-04-09T03:44:33","guid":{"rendered":"https:\/\/www.rwg-bayreuth.de\/home\/?p=38649"},"modified":"2025-06-05T21:56:44","modified_gmt":"2025-06-05T19:56:44","slug":"tschechienaustausch-mit-der-partnerschule-dasicka-in-pardubice","status":"publish","type":"post","link":"https:\/\/www.rwg-bayreuth.de\/home\/?p=38649","title":{"rendered":"Tschechienaustausch mit der Partnerschule Dasick\u00e1 in Pardubice"},"content":{"rendered":"<p><!-- Gerdes\n\n--><a href=\"https:\/\/www.rwg-bayreuth.de\/home\/wp-content\/uploads\/2025\/04\/24-25-Tschechienaustausch-B-1.jpg\"><img decoding=\"async\" src=\"https:\/\/www.rwg-bayreuth.de\/home\/wp-content\/uploads\/2025\/04\/24-25-Tschechienaustausch-B-1.jpg\" alt=\"\" width=\"100%\" height=\"auto\" class=\"aligncenter size-full wp-image-38651 crop219\" srcset=\"https:\/\/www.rwg-bayreuth.de\/home\/wp-content\/uploads\/2025\/04\/24-25-Tschechienaustausch-B-1.jpg 1024w, https:\/\/www.rwg-bayreuth.de\/home\/wp-content\/uploads\/2025\/04\/24-25-Tschechienaustausch-B-1-150x100.jpg 150w, https:\/\/www.rwg-bayreuth.de\/home\/wp-content\/uploads\/2025\/04\/24-25-Tschechienaustausch-B-1-450x300.jpg 450w, https:\/\/www.rwg-bayreuth.de\/home\/wp-content\/uploads\/2025\/04\/24-25-Tschechienaustausch-B-1-768x512.jpg 768w, https:\/\/www.rwg-bayreuth.de\/home\/wp-content\/uploads\/2025\/04\/24-25-Tschechienaustausch-B-1-250x167.jpg 250w, https:\/\/www.rwg-bayreuth.de\/home\/wp-content\/uploads\/2025\/04\/24-25-Tschechienaustausch-B-1-900x600.jpg 900w\" sizes=\"(max-width: 1024px) 100vw, 1024px\" \/><\/a><\/p>\n<p>Der vorliegende Bericht wurde von allen Sch\u00fclerinnen unseres Austausches in diesem Jahr verfasst, der vom Montag den 31. M\u00e4rz bis zum Montag dem 7. April 2025 dauerte.<\/p>\n<p>Montags gingen wir zun\u00e4chst in unseren ganz normalen Unterricht. Gegen 14 Uhr fuhr uns der Flixbus nach Prag. Dort reisten wir weiter mit U-Bahn und dem Regiojet nach Pardubice, wo wir freudig von unseren Tauschpartnern in Empfang genommen wurden.<\/p>\n<p>Am Dienstag hatten wir einen spannenden Tag im Rahmen unseres Tschechienaustauschs. Der Tag begann damit, dass uns unsere Austauschsch\u00fcler uns\u00a0die Schule gezeigt und erkl\u00e4rt haben. Danach haben wir mit ihnen am Unterricht teilgenommen. Es war interessant zu sehen, wie der Unterricht in Tschechien abl\u00e4uft und manches war auch ganz anders als bei uns. Danach haben wir in der Schulmensa Mittag gegessen. Sp\u00e4ter haben wir an einer Sprachanimation teilgenommen, bei der wir auf spielerische Weise Tschechisch gelernt haben.\u00a0Am Nachmittag hatten wir frei und sind in das Einkaufszentrum in Pardubice gegangen.<\/p>\n<p>Mittwoch\u00a0ging es f\u00fcr uns am fr\u00fchen Morgen los nach Prag. Dort hatten wir eine informative und interessante Stadtf\u00fchrung, mit den wichtigsten Sehensw\u00fcrdigkeiten, wie beispielsweise die wundersch\u00f6ne Altstadt, mit der Prager Rathausuhr oder, auf dem H\u00fcgel, die Prager Burg, welche die gr\u00f6\u00dfte weltweit ist.<br \/>\nDanach nahmen wir an einer Schifffahrt auf der Moldau teil und konnten somit nochmal die Sehensw\u00fcrdigkeiten aus einem anderen Blickwinkel betrachten.<br \/>\nAm Nachmittag hatten wir genug Freizeit um Shoppen, Essen, Minigolfen oder andere Aktivit\u00e4ten zu machen. Daraufhin ging es f\u00fcr uns zur\u00fcck nach Pardubice und wir konnten den Abend mit unseren Gastfamilien ausklingen lassen.<\/p>\n<p>Donnerstag liefen wir gemeinsam zur Gedenkst\u00e4tte Zamecek, die uns eindr\u00fccklich mit einer Ausstellung zum Heydrich Terror und dessen Opfer, an einen dunklen Teil der Geschichte erinnert und zuk\u00fcnfitgen Generationen als Erinnerung dienen soll. Die Gedenkst\u00e4tte ist in den Boden eingelassen und zeigt mit viel Bildmaterial die Auswirkungen der NS-Zeit in Pardubice. Wir haben danach in der Mensa der Schuler gegessen und sind am Nachmittag in den Park \u201eNa Spice\u201c gegangen. Bei herrlichem Wetter haben wir gemeinsam\u00a0an der Elbe gespielt, Bratw\u00fcrste am Feuer gegrillt und uns pr\u00e4chtig unterhalten.<\/p>\n<p>Freitag sind wir mit dem Bus nach Kutna Hora gefahren, dort haben wir das Beinhaus besichtigt und waren bekleidet mit wei\u00dfen Kitteln im Silberbergwerk. Beeindruckend waren die Kathedralen des Ortes, von denen sich einige von uns freiwillig in unserer Zeit zur freien Verf\u00fcgung den Kuttenberger Dom, einem Kirchenbau der sich auf der Liste der UNESCO Welterbe steht, angesehen haben. Der Bau war schon von au\u00dfen so sch\u00f6n und hat uns an Harry Potter erinnert. Ein sehr sch\u00f6ner Ausflug.<\/p>\n<p>Samstag war ein ereignisreicher und wundersch\u00f6ner der Tag voller Aktivit\u00e4ten, und es gab f\u00fcr jeden etwas zu erleben!<br \/>\nAm Vormittag machten sich einige von uns auf den Weg zu einer Trampolinhalle. Wir hatten eine Menge Spa\u00df, sprangen, drehten uns und versuchten, die verr\u00fccktesten Spr\u00fcnge zu machen. Es war unglaublich, wie viel Energie wir alle hatten! Die Halle war riesig und bot viele verschiedene Bereiche: Trampoline, die an W\u00e4nden befestigt waren, Basketballk\u00f6rbe zum Dunking und sogar eine Art Schaumstoffgrube, in die man sich fallen lassen konnte. Es war ein aufregender Start in den Tag, und wir alle genossen es, uns auszutoben und zusammen zu lachen.<br \/>\nW\u00e4hrend einige von uns also die Trampolinhalle besuchten, hatten andere die M\u00f6glichkeit, an einem Abschlussball teilzunehmen. Dieser Ball war ein ganz besonderes Ereignis, bei dem viele T\u00e4nze aufgef\u00fchrt wurden, die in Deutschland nicht getanzt werden. Die T\u00e4nze waren teilweise sehr anders als die, die wir aus Deutschland kennen, und es war spannend, diese neue Seite der tschechischen Kultur zu erleben. Es war ein wundersch\u00f6ner Tag, voller Spa\u00df und kultureller Eindr\u00fccke. Die Trampolinhalle brachte uns zusammen und sorgte f\u00fcr viel Lachen und Freude, w\u00e4hrend hingegen die Teilnahme am\u00a0Abschlussball eine elegante und beeindruckende Gelegenheit war, die kulturellen Unterschiede durch Tanz zu erleben.<\/p>\n<p>Ein Tag Lasertag in Pardubice: Am vergangenen Wochenende verbrachten wir einen aufregenden Tag in Pardubice, wo wir mit einer Gruppe von 16 Personen Lasertag spielten. Die Stimmung war von Anfang an gro\u00dfartig, als wir uns alle im Lasertag-Areal versammelten, das mit modernen Ausstattungen und tollen Lichteffekten ausgestattet\u00a0war. Der Tag begann mit einer kurzen Einf\u00fchrung in die Spielregeln, bevor wir in zwei Teams aufgeteilt wurden. Das Spielfeld war riesig, mit vielen Verstecken, Hindernissen und strategischen Bereichen, die es den Spielern erm\u00f6glichten, kreativ zu sein und sich spannende Taktiken auszudenken. Die Aufregung stieg, als das erste Spiel begann \u2013 es war ein wahres Adrenalinerlebnis!<br \/>\nWir rannten durch die Arena, versuchten uns gegenseitig auszutricksen und mit pr\u00e4zisen Sch\u00fcssen Punkte zu sammeln. Die Wettbewerbsatmosph\u00e4re sorgte daf\u00fcr, dass jeder mit voller Energie dabei war, und es entstanden immer wieder lustige<br \/>\nMomente, in denen jemand versehentlich \u00fcber das Spielfeld stolperte oder ein unerwarteter Angriff aus einem Versteck heraus kam. Die Spielpausen boten die Gelegenheit, sich zu erholen und die Erfahrungen mit den anderen zu teilen. Es war interessant zu sehen, wie sich die Teams im Laufe des Tages strategisch weiterentwickelten. Der H\u00f6hepunkt des Tages war das letzte, spannende Spiel, das wir alle mit einem intensiven Finale beendeten. Am Ende waren sich alle einig \u2013 es war ein unglaublich unterhaltsamer Tag, voller Spa\u00df und Teambuilding. Jeder hatte seinen Spa\u00df, und wir verlie\u00dfen die Arena ersch\u00f6pft, aber gl\u00fccklich. Lasertag in Pardubice war definitiv eine Erfahrung, die wir wiederholen wollen.<\/p>\n<p>Aber auch ruhig konnte es sein: am Sonntag fuhren meine Tauschpartnerin und ich mit dem Zug in die nahegelegene Stadt Chrudim. Die ruhige Fahrt durch die Fr\u00fchlingslandschaft hatte etwas Nachdenkliches. In Chrudim spazierten wir durch die Altstadt und entdeckten einige sch\u00f6ne, versteckte Ecken. Am Abend kehrten wir nach Hause zur\u00fcck, spielten Schach und lie\u00dfen den Tag in aller Ruhe ausklingen. Es war ein stiller, aber eindrucksvoller Tag.<\/p>\n<div class=\"su-image-carousel  clear su-image-carousel-columns-3 su-image-carousel-has-spacing su-image-carousel-crop su-image-carousel-crop-4-3 su-image-carousel-has-lightbox su-image-carousel-has-outline su-image-carousel-slides-style-minimal su-image-carousel-controls-style-light su-image-carousel-align-center\" style=\"\" data-flickity-options='{\"groupCells\":true,\"cellSelector\":\".su-image-carousel-item\",\"adaptiveHeight\":false,\"cellAlign\":\"left\",\"prevNextButtons\":true,\"pageDots\":false,\"autoPlay\":4000,\"imagesLoaded\":true,\"contain\":true,\"selectedAttraction\":0.025000000000000001,\"friction\":0.28000000000000003}' id=\"su_image_carousel_69f1c1a69f18a\"><div class=\"su-image-carousel-item\"><div class=\"su-image-carousel-item-content\"><a href=\"https:\/\/www.rwg-bayreuth.de\/home\/wp-content\/uploads\/2025\/04\/24-25-Tschechienaustausch-2.jpg\" data-caption=\"\"><img loading=\"lazy\" decoding=\"async\" width=\"1024\" height=\"768\" src=\"https:\/\/www.rwg-bayreuth.de\/home\/wp-content\/uploads\/2025\/04\/24-25-Tschechienaustausch-2.jpg\" class=\"\" alt=\"\" srcset=\"https:\/\/www.rwg-bayreuth.de\/home\/wp-content\/uploads\/2025\/04\/24-25-Tschechienaustausch-2.jpg 1024w, https:\/\/www.rwg-bayreuth.de\/home\/wp-content\/uploads\/2025\/04\/24-25-Tschechienaustausch-2-150x113.jpg 150w, https:\/\/www.rwg-bayreuth.de\/home\/wp-content\/uploads\/2025\/04\/24-25-Tschechienaustausch-2-450x338.jpg 450w, https:\/\/www.rwg-bayreuth.de\/home\/wp-content\/uploads\/2025\/04\/24-25-Tschechienaustausch-2-768x576.jpg 768w, https:\/\/www.rwg-bayreuth.de\/home\/wp-content\/uploads\/2025\/04\/24-25-Tschechienaustausch-2-250x188.jpg 250w\" sizes=\"(max-width: 1024px) 100vw, 1024px\" \/><\/a><\/div><\/div><div class=\"su-image-carousel-item\"><div class=\"su-image-carousel-item-content\"><a href=\"https:\/\/www.rwg-bayreuth.de\/home\/wp-content\/uploads\/2025\/04\/24-25-Tschechienaustausch-3.jpg\" data-caption=\"\"><img loading=\"lazy\" decoding=\"async\" width=\"1024\" height=\"768\" src=\"https:\/\/www.rwg-bayreuth.de\/home\/wp-content\/uploads\/2025\/04\/24-25-Tschechienaustausch-3.jpg\" class=\"\" alt=\"\" srcset=\"https:\/\/www.rwg-bayreuth.de\/home\/wp-content\/uploads\/2025\/04\/24-25-Tschechienaustausch-3.jpg 1024w, https:\/\/www.rwg-bayreuth.de\/home\/wp-content\/uploads\/2025\/04\/24-25-Tschechienaustausch-3-150x113.jpg 150w, https:\/\/www.rwg-bayreuth.de\/home\/wp-content\/uploads\/2025\/04\/24-25-Tschechienaustausch-3-450x338.jpg 450w, https:\/\/www.rwg-bayreuth.de\/home\/wp-content\/uploads\/2025\/04\/24-25-Tschechienaustausch-3-768x576.jpg 768w, https:\/\/www.rwg-bayreuth.de\/home\/wp-content\/uploads\/2025\/04\/24-25-Tschechienaustausch-3-250x188.jpg 250w\" sizes=\"(max-width: 1024px) 100vw, 1024px\" \/><\/a><\/div><\/div><div class=\"su-image-carousel-item\"><div class=\"su-image-carousel-item-content\"><a href=\"https:\/\/www.rwg-bayreuth.de\/home\/wp-content\/uploads\/2025\/04\/24-25-Tschechienaustausch-4.jpg\" data-caption=\"\"><img loading=\"lazy\" decoding=\"async\" width=\"1024\" height=\"768\" src=\"https:\/\/www.rwg-bayreuth.de\/home\/wp-content\/uploads\/2025\/04\/24-25-Tschechienaustausch-4.jpg\" class=\"\" alt=\"\" srcset=\"https:\/\/www.rwg-bayreuth.de\/home\/wp-content\/uploads\/2025\/04\/24-25-Tschechienaustausch-4.jpg 1024w, https:\/\/www.rwg-bayreuth.de\/home\/wp-content\/uploads\/2025\/04\/24-25-Tschechienaustausch-4-150x113.jpg 150w, https:\/\/www.rwg-bayreuth.de\/home\/wp-content\/uploads\/2025\/04\/24-25-Tschechienaustausch-4-450x338.jpg 450w, https:\/\/www.rwg-bayreuth.de\/home\/wp-content\/uploads\/2025\/04\/24-25-Tschechienaustausch-4-768x576.jpg 768w, https:\/\/www.rwg-bayreuth.de\/home\/wp-content\/uploads\/2025\/04\/24-25-Tschechienaustausch-4-250x188.jpg 250w\" sizes=\"(max-width: 1024px) 100vw, 1024px\" \/><\/a><\/div><\/div><\/div><script id=\"su_image_carousel_69f1c1a69f18a_script\">if(window.SUImageCarousel){setTimeout(function() {window.SUImageCarousel.initGallery(document.getElementById(\"su_image_carousel_69f1c1a69f18a\"))}, 0);}var su_image_carousel_69f1c1a69f18a_script=document.getElementById(\"su_image_carousel_69f1c1a69f18a_script\");if(su_image_carousel_69f1c1a69f18a_script){su_image_carousel_69f1c1a69f18a_script.parentNode.removeChild(su_image_carousel_69f1c1a69f18a_script);}<\/script>\n<p>Der Austausch nach Tschechien wird uns allen noch lange in Erinnerung bleiben, und wir freuen uns auf die n\u00e4chsten gemeinsamen Erlebnisse!<\/p>\n","protected":false},"excerpt":{"rendered":"<p>Der vorliegende Bericht wurde von allen Sch\u00fclerinnen unseres Austausches in diesem Jahr verfasst, der vom Montag den 31. M\u00e4rz bis zum Montag dem 7. April 2025 dauerte. Montags gingen wir zun\u00e4chst in unseren ganz normalen Unterricht. Gegen 14 Uhr fuhr uns der Flixbus nach Prag. Dort reisten wir weiter mit U-Bahn und dem Regiojet nach&hellip;<\/p>\n","protected":false},"author":11,"featured_media":38650,"comment_status":"closed","ping_status":"closed","sticky":false,"template":"","format":"standard","meta":{"footnotes":""},"categories":[1],"tags":[51,108],"_links":{"self":[{"href":"https:\/\/www.rwg-bayreuth.de\/home\/index.php?rest_route=\/wp\/v2\/posts\/38649"}],"collection":[{"href":"https:\/\/www.rwg-bayreuth.de\/home\/index.php?rest_route=\/wp\/v2\/posts"}],"about":[{"href":"https:\/\/www.rwg-bayreuth.de\/home\/index.php?rest_route=\/wp\/v2\/types\/post"}],"author":[{"embeddable":true,"href":"https:\/\/www.rwg-bayreuth.de\/home\/index.php?rest_route=\/wp\/v2\/users\/11"}],"replies":[{"embeddable":true,"href":"https:\/\/www.rwg-bayreuth.de\/home\/index.php?rest_route=%2Fwp%2Fv2%2Fcomments&post=38649"}],"version-history":[{"count":5,"href":"https:\/\/www.rwg-bayreuth.de\/home\/index.php?rest_route=\/wp\/v2\/posts\/38649\/revisions"}],"predecessor-version":[{"id":39101,"href":"https:\/\/www.rwg-bayreuth.de\/home\/index.php?rest_route=\/wp\/v2\/posts\/38649\/revisions\/39101"}],"wp:featuredmedia":[{"embeddable":true,"href":"https:\/\/www.rwg-bayreuth.de\/home\/index.php?rest_route=\/wp\/v2\/media\/38650"}],"wp:attachment":[{"href":"https:\/\/www.rwg-bayreuth.de\/home\/index.php?rest_route=%2Fwp%2Fv2%2Fmedia&parent=38649"}],"wp:term":[{"taxonomy":"category","embeddable":true,"href":"https:\/\/www.rwg-bayreuth.de\/home\/index.php?rest_route=%2Fwp%2Fv2%2Fcategories&post=38649"},{"taxonomy":"post_tag","embeddable":true,"href":"https:\/\/www.rwg-bayreuth.de\/home\/index.php?rest_route=%2Fwp%2Fv2%2Ftags&post=38649"}],"curies":[{"name":"wp","href":"https:\/\/api.w.org\/{rel}","templated":true}]}}