{"id":38578,"date":"2025-04-11T05:51:16","date_gmt":"2025-04-11T03:51:16","guid":{"rendered":"https:\/\/www.rwg-bayreuth.de\/home\/?p=38578"},"modified":"2025-10-07T16:00:28","modified_gmt":"2025-10-07T14:00:28","slug":"auf-zeitreise-zurueck-ins-antike-rom-ein-highlight-fuer-alle-lateiner","status":"publish","type":"post","link":"https:\/\/www.rwg-bayreuth.de\/home\/?p=38578","title":{"rendered":"Auf Zeitreise zur\u00fcck ins antike Rom \u2013 ein Highlight f\u00fcr alle Lateiner!"},"content":{"rendered":"<p><!-- Track\n\n--><a href=\"https:\/\/www.rwg-bayreuth.de\/home\/wp-content\/uploads\/2025\/04\/24-25-Latein-Begruessung.jpg\"><img decoding=\"async\" src=\"https:\/\/www.rwg-bayreuth.de\/home\/wp-content\/uploads\/2025\/04\/24-25-Latein-Begruessung.jpg\" alt=\"\" width=\"100%\" height=\"auto\" class=\"aligncenter size-full wp-image-38580 crop219\" style=\"object-position: 50% 70%;\" srcset=\"https:\/\/www.rwg-bayreuth.de\/home\/wp-content\/uploads\/2025\/04\/24-25-Latein-Begruessung.jpg 1024w, https:\/\/www.rwg-bayreuth.de\/home\/wp-content\/uploads\/2025\/04\/24-25-Latein-Begruessung-150x113.jpg 150w, https:\/\/www.rwg-bayreuth.de\/home\/wp-content\/uploads\/2025\/04\/24-25-Latein-Begruessung-450x338.jpg 450w, https:\/\/www.rwg-bayreuth.de\/home\/wp-content\/uploads\/2025\/04\/24-25-Latein-Begruessung-768x576.jpg 768w, https:\/\/www.rwg-bayreuth.de\/home\/wp-content\/uploads\/2025\/04\/24-25-Latein-Begruessung-250x188.jpg 250w\" sizes=\"(max-width: 1024px) 100vw, 1024px\" \/><\/a><\/p>\n<p>Vor den Osterferien gab es f\u00fcr alle Lateinlernenden am Richard-Wagner-Gymnasium noch eine ganz besondere Veranstaltung: Der Kabarettist und B\u00fchnenlateiner Bj\u00f6rn Puscha war zu Gast bei uns und nahm Sch\u00fcler\/-innen sowie (Fach-)Kolleg(inn)en mit auf einen kurzweiligen, unterhaltsamen und zugleich lehrreichen Vormittag, gespickt mit allerlei Anekdoten bzw. seinen eigenen Erfahrungen rund um das Fach Latein.<\/p>\n<p>In seinem speziell f\u00fcr Schulen konzipierten Solo-Programm \u201aSchlechte Karten f\u00fcr Jupiter\u2018 hatte der K\u00fcnstler durch seine authentische Art inkl. bayerischem Dialekt schnell das Interesse der Jugendlichen f\u00fcr sich gewonnen, indem er von seiner eigenen \u201aKarriere\u2018 als Lateiner erz\u00e4hlte, welche mit einer mehr oder eher weniger erfolgreichen Zeugnisnote in der 11. Jgst. endete \u2013 doch dies sollte letztlich nicht den eigentlichen Schlusspunkt mit der alten Sprache darstellen, ganz im Gegenteil!<\/p>\n<p>Dass er durch die Verkn\u00fcpfung von Latein und Kabarett schlie\u00dflich sp\u00e4ter sogar auf Theaterb\u00fchnen landen sollte, h\u00e4tte Puscha wohl selbst am wenigstens geglaubt, wie er das dem Publikum auf am\u00fcsante Weise anvertraute!<\/p>\n<div class=\"su-image-carousel  clear su-image-carousel-columns-2 su-image-carousel-has-spacing su-image-carousel-crop su-image-carousel-crop-4-3 su-image-carousel-has-lightbox su-image-carousel-has-outline su-image-carousel-slides-style-minimal su-image-carousel-controls-style-light su-image-carousel-align-center\" style=\"\" data-flickity-options='{\"groupCells\":true,\"cellSelector\":\".su-image-carousel-item\",\"adaptiveHeight\":false,\"cellAlign\":\"left\",\"prevNextButtons\":true,\"pageDots\":false,\"autoPlay\":4000,\"imagesLoaded\":true,\"contain\":true,\"selectedAttraction\":0.025000000000000001,\"friction\":0.28000000000000003}' id=\"su_image_carousel_69f1b2b9cacaf\"><div class=\"su-image-carousel-item\"><div class=\"su-image-carousel-item-content\"><a href=\"https:\/\/www.rwg-bayreuth.de\/home\/wp-content\/uploads\/2025\/04\/24-25-Latein-Auditorium1.jpg\" data-caption=\"\"><img loading=\"lazy\" decoding=\"async\" width=\"1024\" height=\"768\" src=\"https:\/\/www.rwg-bayreuth.de\/home\/wp-content\/uploads\/2025\/04\/24-25-Latein-Auditorium1.jpg\" class=\"\" alt=\"\" srcset=\"https:\/\/www.rwg-bayreuth.de\/home\/wp-content\/uploads\/2025\/04\/24-25-Latein-Auditorium1.jpg 1024w, https:\/\/www.rwg-bayreuth.de\/home\/wp-content\/uploads\/2025\/04\/24-25-Latein-Auditorium1-150x113.jpg 150w, https:\/\/www.rwg-bayreuth.de\/home\/wp-content\/uploads\/2025\/04\/24-25-Latein-Auditorium1-450x338.jpg 450w, https:\/\/www.rwg-bayreuth.de\/home\/wp-content\/uploads\/2025\/04\/24-25-Latein-Auditorium1-768x576.jpg 768w, https:\/\/www.rwg-bayreuth.de\/home\/wp-content\/uploads\/2025\/04\/24-25-Latein-Auditorium1-250x188.jpg 250w\" sizes=\"(max-width: 1024px) 100vw, 1024px\" \/><\/a><\/div><\/div><div class=\"su-image-carousel-item\"><div class=\"su-image-carousel-item-content\"><a href=\"https:\/\/www.rwg-bayreuth.de\/home\/wp-content\/uploads\/2025\/04\/24-25-Latein-Auditorium2.jpg\" data-caption=\"\"><img loading=\"lazy\" decoding=\"async\" width=\"1024\" height=\"768\" src=\"https:\/\/www.rwg-bayreuth.de\/home\/wp-content\/uploads\/2025\/04\/24-25-Latein-Auditorium2.jpg\" class=\"\" alt=\"\" srcset=\"https:\/\/www.rwg-bayreuth.de\/home\/wp-content\/uploads\/2025\/04\/24-25-Latein-Auditorium2.jpg 1024w, https:\/\/www.rwg-bayreuth.de\/home\/wp-content\/uploads\/2025\/04\/24-25-Latein-Auditorium2-150x113.jpg 150w, https:\/\/www.rwg-bayreuth.de\/home\/wp-content\/uploads\/2025\/04\/24-25-Latein-Auditorium2-450x338.jpg 450w, https:\/\/www.rwg-bayreuth.de\/home\/wp-content\/uploads\/2025\/04\/24-25-Latein-Auditorium2-768x576.jpg 768w, https:\/\/www.rwg-bayreuth.de\/home\/wp-content\/uploads\/2025\/04\/24-25-Latein-Auditorium2-250x188.jpg 250w\" sizes=\"(max-width: 1024px) 100vw, 1024px\" \/><\/a><\/div><\/div><\/div><script id=\"su_image_carousel_69f1b2b9cacaf_script\">if(window.SUImageCarousel){setTimeout(function() {window.SUImageCarousel.initGallery(document.getElementById(\"su_image_carousel_69f1b2b9cacaf\"))}, 0);}var su_image_carousel_69f1b2b9cacaf_script=document.getElementById(\"su_image_carousel_69f1b2b9cacaf_script\");if(su_image_carousel_69f1b2b9cacaf_script){su_image_carousel_69f1b2b9cacaf_script.parentNode.removeChild(su_image_carousel_69f1b2b9cacaf_script);}<\/script>\n<p>Nach dieser allgemeinen Einf\u00fchrung schl\u00fcpfte der K\u00fcnstler im zweiten Teil seiner Vorstellung in einer Art Traumreise als waschechter R\u00f6mer zur\u00fcck ins Jahr 44 v.Chr. \u2013 oder besser gesagt ins 709 Jahr seit der Gr\u00fcndung Roms \u2013, um den Tag von C\u00e4sars Ermordung hautnah miterleben zu d\u00fcrfen&#8230; zumindest machte es zu Beginn dieses Auftritts f\u00fcr den in Toga gekleideten <em>cives Romanus <\/em>noch den Anschein, als ob er echter Zeuge des Attentats auf einen der bedeutendsten Feldherrn der r\u00f6mischen Geschichte werden k\u00f6nnte (<em>Achtung, Spoiler: Auch hier kam \u2013 nat\u00fcrlich \u2013 alles anders als erwartet!<\/em>).<\/p>\n<div class=\"su-image-carousel  clear su-image-carousel-columns-2 su-image-carousel-has-spacing su-image-carousel-crop su-image-carousel-crop-4-3 su-image-carousel-has-lightbox su-image-carousel-has-outline su-image-carousel-slides-style-minimal su-image-carousel-controls-style-light su-image-carousel-align-center\" style=\"\" data-flickity-options='{\"groupCells\":true,\"cellSelector\":\".su-image-carousel-item\",\"adaptiveHeight\":false,\"cellAlign\":\"left\",\"prevNextButtons\":true,\"pageDots\":false,\"autoPlay\":4000,\"imagesLoaded\":true,\"contain\":true,\"selectedAttraction\":0.025000000000000001,\"friction\":0.28000000000000003}' id=\"su_image_carousel_69f1b2b9caf54\"><div class=\"su-image-carousel-item\"><div class=\"su-image-carousel-item-content\"><a href=\"https:\/\/www.rwg-bayreuth.de\/home\/wp-content\/uploads\/2025\/04\/24-25-Latein-Toga1.jpg\" data-caption=\"\"><img loading=\"lazy\" decoding=\"async\" width=\"1024\" height=\"768\" src=\"https:\/\/www.rwg-bayreuth.de\/home\/wp-content\/uploads\/2025\/04\/24-25-Latein-Toga1.jpg\" class=\"\" alt=\"\" srcset=\"https:\/\/www.rwg-bayreuth.de\/home\/wp-content\/uploads\/2025\/04\/24-25-Latein-Toga1.jpg 1024w, https:\/\/www.rwg-bayreuth.de\/home\/wp-content\/uploads\/2025\/04\/24-25-Latein-Toga1-150x113.jpg 150w, https:\/\/www.rwg-bayreuth.de\/home\/wp-content\/uploads\/2025\/04\/24-25-Latein-Toga1-450x338.jpg 450w, https:\/\/www.rwg-bayreuth.de\/home\/wp-content\/uploads\/2025\/04\/24-25-Latein-Toga1-768x576.jpg 768w, https:\/\/www.rwg-bayreuth.de\/home\/wp-content\/uploads\/2025\/04\/24-25-Latein-Toga1-250x188.jpg 250w\" sizes=\"(max-width: 1024px) 100vw, 1024px\" \/><\/a><\/div><\/div><div class=\"su-image-carousel-item\"><div class=\"su-image-carousel-item-content\"><a href=\"https:\/\/www.rwg-bayreuth.de\/home\/wp-content\/uploads\/2025\/04\/24-25-Latein-Toga2.jpg\" data-caption=\"\"><img loading=\"lazy\" decoding=\"async\" width=\"1024\" height=\"768\" src=\"https:\/\/www.rwg-bayreuth.de\/home\/wp-content\/uploads\/2025\/04\/24-25-Latein-Toga2.jpg\" class=\"\" alt=\"\" srcset=\"https:\/\/www.rwg-bayreuth.de\/home\/wp-content\/uploads\/2025\/04\/24-25-Latein-Toga2.jpg 1024w, https:\/\/www.rwg-bayreuth.de\/home\/wp-content\/uploads\/2025\/04\/24-25-Latein-Toga2-150x113.jpg 150w, https:\/\/www.rwg-bayreuth.de\/home\/wp-content\/uploads\/2025\/04\/24-25-Latein-Toga2-450x338.jpg 450w, https:\/\/www.rwg-bayreuth.de\/home\/wp-content\/uploads\/2025\/04\/24-25-Latein-Toga2-768x576.jpg 768w, https:\/\/www.rwg-bayreuth.de\/home\/wp-content\/uploads\/2025\/04\/24-25-Latein-Toga2-250x188.jpg 250w\" sizes=\"(max-width: 1024px) 100vw, 1024px\" \/><\/a><\/div><\/div><\/div><script id=\"su_image_carousel_69f1b2b9caf54_script\">if(window.SUImageCarousel){setTimeout(function() {window.SUImageCarousel.initGallery(document.getElementById(\"su_image_carousel_69f1b2b9caf54\"))}, 0);}var su_image_carousel_69f1b2b9caf54_script=document.getElementById(\"su_image_carousel_69f1b2b9caf54_script\");if(su_image_carousel_69f1b2b9caf54_script){su_image_carousel_69f1b2b9caf54_script.parentNode.removeChild(su_image_carousel_69f1b2b9caf54_script);}<\/script>\n<p>Immer wieder bezog Puscha w\u00e4hrend seines Auftritts historische Zusammenh\u00e4nge und Hintergr\u00fcnde mit ein und machte so antike Geschichte f\u00fcr die Sch\u00fcler\/-innen im wahrsten Sinne des Wortes unmittelbar vor Augen (be)greifbar: Der Einblick in das Alltagsleben der R\u00f6mer beinhaltete dabei den Gang durch die engen Gassen Roms, vorbei an den <em>insulae<\/em>, den hohen Wohnblocks in der Gro\u00dfstadt, bis zum Besuch des <em>Circus Maximus<\/em>, der den Zeitreisenden das atemberaubende Spektakel eines Wagenrennens in der Antike miterleben lie\u00df, das sich fast so spannend gestaltete wie das eine oder andere Fu\u00dfballspiel in der Champions League. Am Ende gelangte unser neugieriger Rom-Besucher per S\u00e4nfte ins Theater des Pompeius, wo er sich auf einmal in der Rolle sieht, C\u00e4sar vor seiner Ermordung retten zu k\u00f6nnen. Letzteres wurde jedoch durch einen g\u00f6ttlichen Pakt Jupiters h\u00f6chstselbst und ein verlorenes \u2013 traditionell bayerisches \u2013 Schafkopf-Kartenspiel verhindert, was letztlich die Iden des M\u00e4rz r\u00fcckblickend als antike <em>Fake News <\/em>entlarvt \u2013 freilich aber nur in der Fiktion!<\/p>\n<p>Somit war schlie\u00dflich der beeindruckende Spagat gegl\u00fcckt, n\u00e4mlich die Verkn\u00fcpfung zwischen r\u00f6mischer Geschichte, antiker Mythologie sowie aktuell gesellschaftlich-politischen Themen, dargeboten mit einer humorvollen Leichtigkeit, die dennoch die notwendige Ernsthaftigkeit \u2013 wo n\u00f6tig \u2013 nicht vermissen lie\u00df.<br \/>\nAm Ende der mit gro\u00dfen Applaus bedachten gleicherma\u00dfen lustigen wie spannenden Auff\u00fchrung gab es sogar noch eine kurze Zugabe, bevor Puscha im Anschluss den unterschiedlichsten Sch\u00fclerfragen geduldig Rede und Antwort stand.<br \/>\n<em>Quid restat? Maximas gratias agimus \u2013 optime fecisti!<\/em><\/p>\n<p><em> Track (f\u00fcr die Fachschaft Latein)<\/em><\/p>\n","protected":false},"excerpt":{"rendered":"<p>Vor den Osterferien gab es f\u00fcr alle Lateinlernenden am Richard-Wagner-Gymnasium noch eine ganz besondere Veranstaltung: Der Kabarettist und B\u00fchnenlateiner Bj\u00f6rn Puscha war zu Gast bei uns und nahm Sch\u00fcler\/-innen sowie (Fach-)Kolleg(inn)en mit auf einen kurzweiligen, unterhaltsamen und zugleich lehrreichen Vormittag, gespickt mit allerlei Anekdoten bzw. seinen eigenen Erfahrungen rund um das Fach Latein. In seinem&hellip;<\/p>\n","protected":false},"author":11,"featured_media":38581,"comment_status":"closed","ping_status":"closed","sticky":false,"template":"","format":"standard","meta":{"footnotes":""},"categories":[1],"tags":[51,67],"_links":{"self":[{"href":"https:\/\/www.rwg-bayreuth.de\/home\/index.php?rest_route=\/wp\/v2\/posts\/38578"}],"collection":[{"href":"https:\/\/www.rwg-bayreuth.de\/home\/index.php?rest_route=\/wp\/v2\/posts"}],"about":[{"href":"https:\/\/www.rwg-bayreuth.de\/home\/index.php?rest_route=\/wp\/v2\/types\/post"}],"author":[{"embeddable":true,"href":"https:\/\/www.rwg-bayreuth.de\/home\/index.php?rest_route=\/wp\/v2\/users\/11"}],"replies":[{"embeddable":true,"href":"https:\/\/www.rwg-bayreuth.de\/home\/index.php?rest_route=%2Fwp%2Fv2%2Fcomments&post=38578"}],"version-history":[{"count":6,"href":"https:\/\/www.rwg-bayreuth.de\/home\/index.php?rest_route=\/wp\/v2\/posts\/38578\/revisions"}],"predecessor-version":[{"id":39927,"href":"https:\/\/www.rwg-bayreuth.de\/home\/index.php?rest_route=\/wp\/v2\/posts\/38578\/revisions\/39927"}],"wp:featuredmedia":[{"embeddable":true,"href":"https:\/\/www.rwg-bayreuth.de\/home\/index.php?rest_route=\/wp\/v2\/media\/38581"}],"wp:attachment":[{"href":"https:\/\/www.rwg-bayreuth.de\/home\/index.php?rest_route=%2Fwp%2Fv2%2Fmedia&parent=38578"}],"wp:term":[{"taxonomy":"category","embeddable":true,"href":"https:\/\/www.rwg-bayreuth.de\/home\/index.php?rest_route=%2Fwp%2Fv2%2Fcategories&post=38578"},{"taxonomy":"post_tag","embeddable":true,"href":"https:\/\/www.rwg-bayreuth.de\/home\/index.php?rest_route=%2Fwp%2Fv2%2Ftags&post=38578"}],"curies":[{"name":"wp","href":"https:\/\/api.w.org\/{rel}","templated":true}]}}