{"id":38549,"date":"2025-03-15T05:03:53","date_gmt":"2025-03-15T04:03:53","guid":{"rendered":"https:\/\/www.rwg-bayreuth.de\/home\/?p=38549"},"modified":"2025-05-12T20:34:25","modified_gmt":"2025-05-12T18:34:25","slug":"frauen-in-der-welt-der-literatur-eine-ausstellung-der-q12","status":"publish","type":"post","link":"https:\/\/www.rwg-bayreuth.de\/home\/?p=38549","title":{"rendered":"Frauen in der Welt der Literatur \u2013 eine Ausstellung der Q12"},"content":{"rendered":"<p><!-- Heberle.\n\n--><a href=\"https:\/\/www.rwg-bayreuth.de\/home\/wp-content\/uploads\/2025\/04\/24-25-Deutsch-AusstellungWeltfrauentag-Titelbild.jpg\"><img decoding=\"async\" src=\"https:\/\/www.rwg-bayreuth.de\/home\/wp-content\/uploads\/2025\/04\/24-25-Deutsch-AusstellungWeltfrauentag-Titelbild.jpg\" alt=\"\" width=\"100%\" height=\"auto\" class=\"aligncenter size-full wp-image-38571 crop219fill\" srcset=\"https:\/\/www.rwg-bayreuth.de\/home\/wp-content\/uploads\/2025\/04\/24-25-Deutsch-AusstellungWeltfrauentag-Titelbild.jpg 1280w, https:\/\/www.rwg-bayreuth.de\/home\/wp-content\/uploads\/2025\/04\/24-25-Deutsch-AusstellungWeltfrauentag-Titelbild-150x84.jpg 150w, https:\/\/www.rwg-bayreuth.de\/home\/wp-content\/uploads\/2025\/04\/24-25-Deutsch-AusstellungWeltfrauentag-Titelbild-450x253.jpg 450w, https:\/\/www.rwg-bayreuth.de\/home\/wp-content\/uploads\/2025\/04\/24-25-Deutsch-AusstellungWeltfrauentag-Titelbild-768x432.jpg 768w, https:\/\/www.rwg-bayreuth.de\/home\/wp-content\/uploads\/2025\/04\/24-25-Deutsch-AusstellungWeltfrauentag-Titelbild-1024x576.jpg 1024w, https:\/\/www.rwg-bayreuth.de\/home\/wp-content\/uploads\/2025\/04\/24-25-Deutsch-AusstellungWeltfrauentag-Titelbild-250x141.jpg 250w, https:\/\/www.rwg-bayreuth.de\/home\/wp-content\/uploads\/2025\/04\/24-25-Deutsch-AusstellungWeltfrauentag-Titelbild-1260x709.jpg 1260w, https:\/\/www.rwg-bayreuth.de\/home\/wp-content\/uploads\/2025\/04\/24-25-Deutsch-AusstellungWeltfrauentag-Titelbild-800x450.jpg 800w\" sizes=\"(max-width: 1280px) 100vw, 1280px\" \/><\/a><\/p>\n<p>Warum sind weibliche M\u00e4rchenfiguren wie Rotk\u00e4ppchen, Aschenbr\u00f6del und Schneewittchen stets als wundersch\u00f6n, gutgl\u00e4ubig und naiv dargestellt, ihre Gegenspielerinnen aber als kaltherzig, meist h\u00e4sslich, egoistisch und machtbesessen? Warum verst\u00e4rken die Frauenfiguren in den Romanen und Dramen, die wir in der Schule lesen, Geschlechterstereotype noch? Warum lesen wir im Unterricht eigentlich fast ausschlie\u00dflich Werke von m\u00e4nnlichen Autoren? K\u00f6nnen M\u00e4nner Alltagserlebnisse, Schicksale, Hoffnungen und Tr\u00e4ume von Frauen besser verstehen, literarisch verarbeiten und Leserinnen nahebringen als es weibliche Autorinnen k\u00f6nnten? Was macht es mit uns, wenn uns B\u00fccher die Welt fast ausschlie\u00dflich aus der m\u00e4nnlichen Perspektive vermitteln? Wo sind die starken Frauenfiguren?<\/p>\n<p><a href=\"https:\/\/www.rwg-bayreuth.de\/home\/wp-content\/uploads\/2025\/04\/24-25-Deutsch-AusstellungWeltfrauentag-Ansicht.jpg\"><img decoding=\"async\" src=\"https:\/\/www.rwg-bayreuth.de\/home\/wp-content\/uploads\/2025\/04\/24-25-Deutsch-AusstellungWeltfrauentag-Ansicht.jpg\" alt=\"\" width=\"100%\" height=\"auto\" class=\"aligncenter size-full wp-image-38556 crop219\" srcset=\"https:\/\/www.rwg-bayreuth.de\/home\/wp-content\/uploads\/2025\/04\/24-25-Deutsch-AusstellungWeltfrauentag-Ansicht.jpg 1024w, https:\/\/www.rwg-bayreuth.de\/home\/wp-content\/uploads\/2025\/04\/24-25-Deutsch-AusstellungWeltfrauentag-Ansicht-150x113.jpg 150w, https:\/\/www.rwg-bayreuth.de\/home\/wp-content\/uploads\/2025\/04\/24-25-Deutsch-AusstellungWeltfrauentag-Ansicht-450x338.jpg 450w, https:\/\/www.rwg-bayreuth.de\/home\/wp-content\/uploads\/2025\/04\/24-25-Deutsch-AusstellungWeltfrauentag-Ansicht-768x576.jpg 768w, https:\/\/www.rwg-bayreuth.de\/home\/wp-content\/uploads\/2025\/04\/24-25-Deutsch-AusstellungWeltfrauentag-Ansicht-250x188.jpg 250w\" sizes=\"(max-width: 1024px) 100vw, 1024px\" \/><\/a><\/p>\n<p>Im Rahmen des Unterrichtes besch\u00e4ftigte sich unser Deutschkurs intensiv mit diesen Fragestellungen. Schnell wurde beschlossen, aus der eigentlich fiktiven Aufgabenstellung eines \u00dcbungsaufsatzes zum informierenden Schreiben eine wirkliche Ausstellung zum Thema \u201eFrauen in der Welt der Literatur\u201c zu erstellen. Nachdem jeder sein Interessensgebiet gew\u00e4hlt hatte, begann die Recherche und die Erstellung der Ausstellungsbeitr\u00e4ge. Die informativen, kreativen und teilweise interaktiven Ergebnisse konnten vom 25. Februar bis zum 14. M\u00e4rz in der Oberen Bibliothek bestaunt und ausprobiert werden. Neben Infoplakaten und B\u00fcchertischen zu unterschiedlichen Schwerpunkten konnten Besucherinnen und Besucher ihr Wissen in einem Kahoot-Quiz testen und eigene literarische Vorlieben sichtbar machen. Erkl\u00e4rvideos zu Frauenfiguren in traditionellen und modernen M\u00e4rchen konnten aufgerufen und Instagram Profile von M\u00e4rchenprinzessinnen besucht werden.<\/p>\n<ul class=\"linkliste\">\n<li><a href=\"https:\/\/qrco.de\/bfsuxZ\">Quiz<\/a><\/li>\n<li><a href=\"https:\/\/youtu.be\/cTtypnLzdfk\">Frauenfiguren in traditionellen M\u00e4rchen von Hans Christian Andersen<\/a><\/li>\n<li><a href=\"https:\/\/youtu.be\/KEsvHZMYb0M\">Frauenfiguren in traditionellen M\u00e4rchen der Gebr\u00fcder Grimm<\/a><\/li>\n<li><a href=\"https:\/\/youtu.be\/mCAn8kUQ-X0\">Frauenfiguren im modernen M\u00e4rchen \u2013 Die unendliche Geschichte<\/a><\/li>\n<li><a href=\"https:\/\/youtu.be\/LYbRjE-bBvo\">Frauenfiguren im modernen M\u00e4rchen \u2013 Ronja R\u00e4ubertochter<\/a><\/li>\n<li><a href=\"https:\/\/instagram.com\/turmprinzessin\/\">Rapunzel auf Instagram<\/a><\/li>\n<li><a href=\"https:\/\/www.instragram.com\/schnee.white2025\">Schneewittchen auf Instagram<\/a><\/li>\n<\/ul>\n<div class=\"su-image-carousel  clear su-image-carousel-columns-2 su-image-carousel-has-spacing su-image-carousel-crop su-image-carousel-crop-4-3 su-image-carousel-has-lightbox su-image-carousel-has-outline su-image-carousel-slides-style-minimal su-image-carousel-controls-style-light su-image-carousel-align-center\" style=\"\" data-flickity-options='{\"groupCells\":true,\"cellSelector\":\".su-image-carousel-item\",\"adaptiveHeight\":false,\"cellAlign\":\"left\",\"prevNextButtons\":true,\"pageDots\":false,\"autoPlay\":4000,\"imagesLoaded\":true,\"contain\":true,\"selectedAttraction\":0.025000000000000001,\"friction\":0.28000000000000003}' id=\"su_image_carousel_69f1b24f2c8fc\"><div class=\"su-image-carousel-item\"><div class=\"su-image-carousel-item-content\"><a href=\"https:\/\/www.rwg-bayreuth.de\/home\/wp-content\/uploads\/2025\/04\/24-25-Deutsch-AusstellungWeltfrauentag-Autorinnen-von-der-Antike-bis-heute.jpg\" data-caption=\"\"><img loading=\"lazy\" decoding=\"async\" width=\"1024\" height=\"768\" src=\"https:\/\/www.rwg-bayreuth.de\/home\/wp-content\/uploads\/2025\/04\/24-25-Deutsch-AusstellungWeltfrauentag-Autorinnen-von-der-Antike-bis-heute.jpg\" class=\"\" alt=\"\" srcset=\"https:\/\/www.rwg-bayreuth.de\/home\/wp-content\/uploads\/2025\/04\/24-25-Deutsch-AusstellungWeltfrauentag-Autorinnen-von-der-Antike-bis-heute.jpg 1024w, https:\/\/www.rwg-bayreuth.de\/home\/wp-content\/uploads\/2025\/04\/24-25-Deutsch-AusstellungWeltfrauentag-Autorinnen-von-der-Antike-bis-heute-150x113.jpg 150w, https:\/\/www.rwg-bayreuth.de\/home\/wp-content\/uploads\/2025\/04\/24-25-Deutsch-AusstellungWeltfrauentag-Autorinnen-von-der-Antike-bis-heute-450x338.jpg 450w, https:\/\/www.rwg-bayreuth.de\/home\/wp-content\/uploads\/2025\/04\/24-25-Deutsch-AusstellungWeltfrauentag-Autorinnen-von-der-Antike-bis-heute-768x576.jpg 768w, https:\/\/www.rwg-bayreuth.de\/home\/wp-content\/uploads\/2025\/04\/24-25-Deutsch-AusstellungWeltfrauentag-Autorinnen-von-der-Antike-bis-heute-250x188.jpg 250w\" sizes=\"(max-width: 1024px) 100vw, 1024px\" \/><\/a><\/div><\/div><div class=\"su-image-carousel-item\"><div class=\"su-image-carousel-item-content\"><a href=\"https:\/\/www.rwg-bayreuth.de\/home\/wp-content\/uploads\/2025\/04\/24-25-Deutsch-AusstellungWeltfrauentag-bedeutende-Autorinnen.jpg\" data-caption=\"\"><img loading=\"lazy\" decoding=\"async\" width=\"1024\" height=\"768\" src=\"https:\/\/www.rwg-bayreuth.de\/home\/wp-content\/uploads\/2025\/04\/24-25-Deutsch-AusstellungWeltfrauentag-bedeutende-Autorinnen.jpg\" class=\"\" alt=\"\" srcset=\"https:\/\/www.rwg-bayreuth.de\/home\/wp-content\/uploads\/2025\/04\/24-25-Deutsch-AusstellungWeltfrauentag-bedeutende-Autorinnen.jpg 1024w, https:\/\/www.rwg-bayreuth.de\/home\/wp-content\/uploads\/2025\/04\/24-25-Deutsch-AusstellungWeltfrauentag-bedeutende-Autorinnen-150x113.jpg 150w, https:\/\/www.rwg-bayreuth.de\/home\/wp-content\/uploads\/2025\/04\/24-25-Deutsch-AusstellungWeltfrauentag-bedeutende-Autorinnen-450x338.jpg 450w, https:\/\/www.rwg-bayreuth.de\/home\/wp-content\/uploads\/2025\/04\/24-25-Deutsch-AusstellungWeltfrauentag-bedeutende-Autorinnen-768x576.jpg 768w, https:\/\/www.rwg-bayreuth.de\/home\/wp-content\/uploads\/2025\/04\/24-25-Deutsch-AusstellungWeltfrauentag-bedeutende-Autorinnen-250x188.jpg 250w\" sizes=\"(max-width: 1024px) 100vw, 1024px\" \/><\/a><\/div><\/div><div class=\"su-image-carousel-item\"><div class=\"su-image-carousel-item-content\"><a href=\"https:\/\/www.rwg-bayreuth.de\/home\/wp-content\/uploads\/2025\/04\/24-25-Deutsch-AusstellungWeltfrauentag-Autorinnen-und-ihre-weiblichen-Hauptfiguren.jpg\" data-caption=\"\"><img loading=\"lazy\" decoding=\"async\" width=\"1024\" height=\"768\" src=\"https:\/\/www.rwg-bayreuth.de\/home\/wp-content\/uploads\/2025\/04\/24-25-Deutsch-AusstellungWeltfrauentag-Autorinnen-und-ihre-weiblichen-Hauptfiguren.jpg\" class=\"\" alt=\"\" srcset=\"https:\/\/www.rwg-bayreuth.de\/home\/wp-content\/uploads\/2025\/04\/24-25-Deutsch-AusstellungWeltfrauentag-Autorinnen-und-ihre-weiblichen-Hauptfiguren.jpg 1024w, https:\/\/www.rwg-bayreuth.de\/home\/wp-content\/uploads\/2025\/04\/24-25-Deutsch-AusstellungWeltfrauentag-Autorinnen-und-ihre-weiblichen-Hauptfiguren-150x113.jpg 150w, https:\/\/www.rwg-bayreuth.de\/home\/wp-content\/uploads\/2025\/04\/24-25-Deutsch-AusstellungWeltfrauentag-Autorinnen-und-ihre-weiblichen-Hauptfiguren-450x338.jpg 450w, https:\/\/www.rwg-bayreuth.de\/home\/wp-content\/uploads\/2025\/04\/24-25-Deutsch-AusstellungWeltfrauentag-Autorinnen-und-ihre-weiblichen-Hauptfiguren-768x576.jpg 768w, https:\/\/www.rwg-bayreuth.de\/home\/wp-content\/uploads\/2025\/04\/24-25-Deutsch-AusstellungWeltfrauentag-Autorinnen-und-ihre-weiblichen-Hauptfiguren-250x188.jpg 250w\" sizes=\"(max-width: 1024px) 100vw, 1024px\" \/><\/a><\/div><\/div><div class=\"su-image-carousel-item\"><div class=\"su-image-carousel-item-content\"><a href=\"https:\/\/www.rwg-bayreuth.de\/home\/wp-content\/uploads\/2025\/04\/24-25-Deutsch-AusstellungWeltfrauentag-Frauenfiguren-in-traditionellen-und-modernen-Maerchen.jpg\" data-caption=\"\"><img loading=\"lazy\" decoding=\"async\" width=\"1024\" height=\"768\" src=\"https:\/\/www.rwg-bayreuth.de\/home\/wp-content\/uploads\/2025\/04\/24-25-Deutsch-AusstellungWeltfrauentag-Frauenfiguren-in-traditionellen-und-modernen-Maerchen.jpg\" class=\"\" alt=\"\" srcset=\"https:\/\/www.rwg-bayreuth.de\/home\/wp-content\/uploads\/2025\/04\/24-25-Deutsch-AusstellungWeltfrauentag-Frauenfiguren-in-traditionellen-und-modernen-Maerchen.jpg 1024w, https:\/\/www.rwg-bayreuth.de\/home\/wp-content\/uploads\/2025\/04\/24-25-Deutsch-AusstellungWeltfrauentag-Frauenfiguren-in-traditionellen-und-modernen-Maerchen-150x113.jpg 150w, https:\/\/www.rwg-bayreuth.de\/home\/wp-content\/uploads\/2025\/04\/24-25-Deutsch-AusstellungWeltfrauentag-Frauenfiguren-in-traditionellen-und-modernen-Maerchen-450x338.jpg 450w, https:\/\/www.rwg-bayreuth.de\/home\/wp-content\/uploads\/2025\/04\/24-25-Deutsch-AusstellungWeltfrauentag-Frauenfiguren-in-traditionellen-und-modernen-Maerchen-768x576.jpg 768w, https:\/\/www.rwg-bayreuth.de\/home\/wp-content\/uploads\/2025\/04\/24-25-Deutsch-AusstellungWeltfrauentag-Frauenfiguren-in-traditionellen-und-modernen-Maerchen-250x188.jpg 250w\" sizes=\"(max-width: 1024px) 100vw, 1024px\" \/><\/a><\/div><\/div><div class=\"su-image-carousel-item\"><div class=\"su-image-carousel-item-content\"><a href=\"https:\/\/www.rwg-bayreuth.de\/home\/wp-content\/uploads\/2025\/04\/24-25-Deutsch-AusstellungWeltfrauentag-Rapunzel-und-Schneewittchen-als-Influencerinnen.jpg\" data-caption=\"\"><img loading=\"lazy\" decoding=\"async\" width=\"1024\" height=\"768\" src=\"https:\/\/www.rwg-bayreuth.de\/home\/wp-content\/uploads\/2025\/04\/24-25-Deutsch-AusstellungWeltfrauentag-Rapunzel-und-Schneewittchen-als-Influencerinnen.jpg\" class=\"\" alt=\"\" srcset=\"https:\/\/www.rwg-bayreuth.de\/home\/wp-content\/uploads\/2025\/04\/24-25-Deutsch-AusstellungWeltfrauentag-Rapunzel-und-Schneewittchen-als-Influencerinnen.jpg 1024w, https:\/\/www.rwg-bayreuth.de\/home\/wp-content\/uploads\/2025\/04\/24-25-Deutsch-AusstellungWeltfrauentag-Rapunzel-und-Schneewittchen-als-Influencerinnen-150x113.jpg 150w, https:\/\/www.rwg-bayreuth.de\/home\/wp-content\/uploads\/2025\/04\/24-25-Deutsch-AusstellungWeltfrauentag-Rapunzel-und-Schneewittchen-als-Influencerinnen-450x338.jpg 450w, https:\/\/www.rwg-bayreuth.de\/home\/wp-content\/uploads\/2025\/04\/24-25-Deutsch-AusstellungWeltfrauentag-Rapunzel-und-Schneewittchen-als-Influencerinnen-768x576.jpg 768w, https:\/\/www.rwg-bayreuth.de\/home\/wp-content\/uploads\/2025\/04\/24-25-Deutsch-AusstellungWeltfrauentag-Rapunzel-und-Schneewittchen-als-Influencerinnen-250x188.jpg 250w\" sizes=\"(max-width: 1024px) 100vw, 1024px\" \/><\/a><\/div><\/div><div class=\"su-image-carousel-item\"><div class=\"su-image-carousel-item-content\"><a href=\"https:\/\/www.rwg-bayreuth.de\/home\/wp-content\/uploads\/2025\/04\/24-25-Deutsch-AusstellungWeltfrauentag-Frauenfiguren-in-Sagen-Mythos-und-Science-Fiction.jpg\" data-caption=\"\"><img loading=\"lazy\" decoding=\"async\" width=\"1024\" height=\"768\" src=\"https:\/\/www.rwg-bayreuth.de\/home\/wp-content\/uploads\/2025\/04\/24-25-Deutsch-AusstellungWeltfrauentag-Frauenfiguren-in-Sagen-Mythos-und-Science-Fiction.jpg\" class=\"\" alt=\"\" srcset=\"https:\/\/www.rwg-bayreuth.de\/home\/wp-content\/uploads\/2025\/04\/24-25-Deutsch-AusstellungWeltfrauentag-Frauenfiguren-in-Sagen-Mythos-und-Science-Fiction.jpg 1024w, https:\/\/www.rwg-bayreuth.de\/home\/wp-content\/uploads\/2025\/04\/24-25-Deutsch-AusstellungWeltfrauentag-Frauenfiguren-in-Sagen-Mythos-und-Science-Fiction-150x113.jpg 150w, https:\/\/www.rwg-bayreuth.de\/home\/wp-content\/uploads\/2025\/04\/24-25-Deutsch-AusstellungWeltfrauentag-Frauenfiguren-in-Sagen-Mythos-und-Science-Fiction-450x338.jpg 450w, https:\/\/www.rwg-bayreuth.de\/home\/wp-content\/uploads\/2025\/04\/24-25-Deutsch-AusstellungWeltfrauentag-Frauenfiguren-in-Sagen-Mythos-und-Science-Fiction-768x576.jpg 768w, https:\/\/www.rwg-bayreuth.de\/home\/wp-content\/uploads\/2025\/04\/24-25-Deutsch-AusstellungWeltfrauentag-Frauenfiguren-in-Sagen-Mythos-und-Science-Fiction-250x188.jpg 250w\" sizes=\"(max-width: 1024px) 100vw, 1024px\" \/><\/a><\/div><\/div><div class=\"su-image-carousel-item\"><div class=\"su-image-carousel-item-content\"><a href=\"https:\/\/www.rwg-bayreuth.de\/home\/wp-content\/uploads\/2025\/04\/24-25-Deutsch-AusstellungWeltfrauentag-Frauenfiguren-im-historischen-und-modernen-Roman.jpg\" data-caption=\"\"><img loading=\"lazy\" decoding=\"async\" width=\"1024\" height=\"768\" src=\"https:\/\/www.rwg-bayreuth.de\/home\/wp-content\/uploads\/2025\/04\/24-25-Deutsch-AusstellungWeltfrauentag-Frauenfiguren-im-historischen-und-modernen-Roman.jpg\" class=\"\" alt=\"\" srcset=\"https:\/\/www.rwg-bayreuth.de\/home\/wp-content\/uploads\/2025\/04\/24-25-Deutsch-AusstellungWeltfrauentag-Frauenfiguren-im-historischen-und-modernen-Roman.jpg 1024w, https:\/\/www.rwg-bayreuth.de\/home\/wp-content\/uploads\/2025\/04\/24-25-Deutsch-AusstellungWeltfrauentag-Frauenfiguren-im-historischen-und-modernen-Roman-150x113.jpg 150w, https:\/\/www.rwg-bayreuth.de\/home\/wp-content\/uploads\/2025\/04\/24-25-Deutsch-AusstellungWeltfrauentag-Frauenfiguren-im-historischen-und-modernen-Roman-450x338.jpg 450w, https:\/\/www.rwg-bayreuth.de\/home\/wp-content\/uploads\/2025\/04\/24-25-Deutsch-AusstellungWeltfrauentag-Frauenfiguren-im-historischen-und-modernen-Roman-768x576.jpg 768w, https:\/\/www.rwg-bayreuth.de\/home\/wp-content\/uploads\/2025\/04\/24-25-Deutsch-AusstellungWeltfrauentag-Frauenfiguren-im-historischen-und-modernen-Roman-250x188.jpg 250w\" sizes=\"(max-width: 1024px) 100vw, 1024px\" \/><\/a><\/div><\/div><div class=\"su-image-carousel-item\"><div class=\"su-image-carousel-item-content\"><a href=\"https:\/\/www.rwg-bayreuth.de\/home\/wp-content\/uploads\/2025\/04\/24-25-Deutsch-AusstellungWeltfrauentag-Was-liest-du-am-liebsten.jpg\" data-caption=\"\"><img loading=\"lazy\" decoding=\"async\" width=\"1024\" height=\"768\" src=\"https:\/\/www.rwg-bayreuth.de\/home\/wp-content\/uploads\/2025\/04\/24-25-Deutsch-AusstellungWeltfrauentag-Was-liest-du-am-liebsten.jpg\" class=\"\" alt=\"\" srcset=\"https:\/\/www.rwg-bayreuth.de\/home\/wp-content\/uploads\/2025\/04\/24-25-Deutsch-AusstellungWeltfrauentag-Was-liest-du-am-liebsten.jpg 1024w, https:\/\/www.rwg-bayreuth.de\/home\/wp-content\/uploads\/2025\/04\/24-25-Deutsch-AusstellungWeltfrauentag-Was-liest-du-am-liebsten-150x113.jpg 150w, https:\/\/www.rwg-bayreuth.de\/home\/wp-content\/uploads\/2025\/04\/24-25-Deutsch-AusstellungWeltfrauentag-Was-liest-du-am-liebsten-450x338.jpg 450w, https:\/\/www.rwg-bayreuth.de\/home\/wp-content\/uploads\/2025\/04\/24-25-Deutsch-AusstellungWeltfrauentag-Was-liest-du-am-liebsten-768x576.jpg 768w, https:\/\/www.rwg-bayreuth.de\/home\/wp-content\/uploads\/2025\/04\/24-25-Deutsch-AusstellungWeltfrauentag-Was-liest-du-am-liebsten-250x188.jpg 250w\" sizes=\"(max-width: 1024px) 100vw, 1024px\" \/><\/a><\/div><\/div><\/div><script id=\"su_image_carousel_69f1b24f2c8fc_script\">if(window.SUImageCarousel){setTimeout(function() {window.SUImageCarousel.initGallery(document.getElementById(\"su_image_carousel_69f1b24f2c8fc\"))}, 0);}var su_image_carousel_69f1b24f2c8fc_script=document.getElementById(\"su_image_carousel_69f1b24f2c8fc_script\");if(su_image_carousel_69f1b24f2c8fc_script){su_image_carousel_69f1b24f2c8fc_script.parentNode.removeChild(su_image_carousel_69f1b24f2c8fc_script);}<\/script>\n<p>Die Ausstellung zeigt, dass sich die Darstellung weiblicher Figuren\u00a0in der Literatur stetig wandelt. W\u00e4hrend Frauen lange Zeit entweder als schwach, passiv und anpassungsf\u00e4hig oder als eigenst\u00e4ndig und damit gef\u00e4hrlich gezeichnet wurden, brachen Autorinnen wie Jane Austen mit diesen Stereotypen und schufen selbstbewusste, vielschichtige Charaktere. Doch trotz dieser Fortschritte sind traditionelle Frauenbilder noch immer in vielen Erz\u00e4hlungen und gesellschaftlichen Vorstellungen verankert.<br \/>\n<a href=\"https:\/\/www.rwg-bayreuth.de\/home\/wp-content\/uploads\/2025\/04\/24-25-Deutsch-AusstellungWeltfrauentag-Von-Gleichberechtigung-weit-entfernt.jpg\"><img loading=\"lazy\" decoding=\"async\" src=\"https:\/\/www.rwg-bayreuth.de\/home\/wp-content\/uploads\/2025\/04\/24-25-Deutsch-AusstellungWeltfrauentag-Von-Gleichberechtigung-weit-entfernt-338x450.jpg\" alt=\"\" width=\"338\" height=\"450\" class=\"alignright size-medium wp-image-38558\" style=\"max-width: 35%\" srcset=\"https:\/\/www.rwg-bayreuth.de\/home\/wp-content\/uploads\/2025\/04\/24-25-Deutsch-AusstellungWeltfrauentag-Von-Gleichberechtigung-weit-entfernt-338x450.jpg 338w, https:\/\/www.rwg-bayreuth.de\/home\/wp-content\/uploads\/2025\/04\/24-25-Deutsch-AusstellungWeltfrauentag-Von-Gleichberechtigung-weit-entfernt-113x150.jpg 113w, https:\/\/www.rwg-bayreuth.de\/home\/wp-content\/uploads\/2025\/04\/24-25-Deutsch-AusstellungWeltfrauentag-Von-Gleichberechtigung-weit-entfernt-250x333.jpg 250w, https:\/\/www.rwg-bayreuth.de\/home\/wp-content\/uploads\/2025\/04\/24-25-Deutsch-AusstellungWeltfrauentag-Von-Gleichberechtigung-weit-entfernt.jpg 768w\" sizes=\"(max-width: 338px) 100vw, 338px\" \/><\/a>Auch im Unterricht erfahren wir oft, dass m\u00e4nnliche Autoren eine pr\u00e4sentere Rolle in der Literatur spielen. Im Zuge unserer Ausstellung fand eine Analyse bez\u00fcglich der Frauenquote unter den behandelten Schriftstellenden w\u00e4hrend der Schullaufbahn statt. Diese ergab, dass trotz fortgeschrittener Gleichberechtigung weibliche Autorinnen einen deutlich kleineren Anteil der Literatur verfassten, die in Bildungseinrichtungen vorgegeben werden. Insbesondere in der gymnasialen Oberstufe enthalten die Lekt\u00fcreempfehlungen kaum Werke von Frauen. Mangel besteht auch an literarischen Frauenfiguren, die als Vorbilder f\u00fcr M\u00e4dchen und junge Frauen auf dem Weg in ein selbstbestimmtes Leben dienen k\u00f6nnen.<\/p>\n<p>Die Reflexion \u00fcber Frauenfiguren in der Literatur bleibt daher ein wichtiger Bestandteil der Diskussion \u00fcber Gleichberechtigung und Rollenbilder \u2013 sowohl in der Vergangenheit als auch in der Gegenwart.<\/p>\n<p><em>von Corinna Heberle<\/em><\/p>\n","protected":false},"excerpt":{"rendered":"<p>Warum sind weibliche M\u00e4rchenfiguren wie Rotk\u00e4ppchen, Aschenbr\u00f6del und Schneewittchen stets als wundersch\u00f6n, gutgl\u00e4ubig und naiv dargestellt, ihre Gegenspielerinnen aber als kaltherzig, meist h\u00e4sslich, egoistisch und machtbesessen? Warum verst\u00e4rken die Frauenfiguren in den Romanen und Dramen, die wir in der Schule lesen, Geschlechterstereotype noch? Warum lesen wir im Unterricht eigentlich fast ausschlie\u00dflich Werke von m\u00e4nnlichen Autoren?&hellip;<\/p>\n","protected":false},"author":11,"featured_media":38562,"comment_status":"closed","ping_status":"closed","sticky":false,"template":"","format":"standard","meta":{"footnotes":""},"categories":[1],"tags":[59,51],"_links":{"self":[{"href":"https:\/\/www.rwg-bayreuth.de\/home\/index.php?rest_route=\/wp\/v2\/posts\/38549"}],"collection":[{"href":"https:\/\/www.rwg-bayreuth.de\/home\/index.php?rest_route=\/wp\/v2\/posts"}],"about":[{"href":"https:\/\/www.rwg-bayreuth.de\/home\/index.php?rest_route=\/wp\/v2\/types\/post"}],"author":[{"embeddable":true,"href":"https:\/\/www.rwg-bayreuth.de\/home\/index.php?rest_route=\/wp\/v2\/users\/11"}],"replies":[{"embeddable":true,"href":"https:\/\/www.rwg-bayreuth.de\/home\/index.php?rest_route=%2Fwp%2Fv2%2Fcomments&post=38549"}],"version-history":[{"count":13,"href":"https:\/\/www.rwg-bayreuth.de\/home\/index.php?rest_route=\/wp\/v2\/posts\/38549\/revisions"}],"predecessor-version":[{"id":38825,"href":"https:\/\/www.rwg-bayreuth.de\/home\/index.php?rest_route=\/wp\/v2\/posts\/38549\/revisions\/38825"}],"wp:featuredmedia":[{"embeddable":true,"href":"https:\/\/www.rwg-bayreuth.de\/home\/index.php?rest_route=\/wp\/v2\/media\/38562"}],"wp:attachment":[{"href":"https:\/\/www.rwg-bayreuth.de\/home\/index.php?rest_route=%2Fwp%2Fv2%2Fmedia&parent=38549"}],"wp:term":[{"taxonomy":"category","embeddable":true,"href":"https:\/\/www.rwg-bayreuth.de\/home\/index.php?rest_route=%2Fwp%2Fv2%2Fcategories&post=38549"},{"taxonomy":"post_tag","embeddable":true,"href":"https:\/\/www.rwg-bayreuth.de\/home\/index.php?rest_route=%2Fwp%2Fv2%2Ftags&post=38549"}],"curies":[{"name":"wp","href":"https:\/\/api.w.org\/{rel}","templated":true}]}}