{"id":38486,"date":"2025-04-03T16:53:05","date_gmt":"2025-04-03T14:53:05","guid":{"rendered":"https:\/\/www.rwg-bayreuth.de\/home\/?p=38486"},"modified":"2026-01-20T18:58:03","modified_gmt":"2026-01-20T17:58:03","slug":"die-zukunftsbaeume-des-rwg","status":"publish","type":"post","link":"https:\/\/www.rwg-bayreuth.de\/home\/?p=38486","title":{"rendered":"Die Zukunftsb\u00e4ume des RWG"},"content":{"rendered":"<p><a href=\"https:\/\/www.rwg-bayreuth.de\/home\/wp-content\/uploads\/2025\/04\/24-25-Zukunftstr-baeume-Titelfoto.jpg\"><img decoding=\"async\" src=\"https:\/\/www.rwg-bayreuth.de\/home\/wp-content\/uploads\/2025\/04\/24-25-Zukunftstr-baeume-Titelfoto.jpg\" alt=\"\" width=\"100%\" height=\"auto\" class=\"aligncenter size-full wp-image-38487 crop219\" srcset=\"https:\/\/www.rwg-bayreuth.de\/home\/wp-content\/uploads\/2025\/04\/24-25-Zukunftstr-baeume-Titelfoto.jpg 1024w, https:\/\/www.rwg-bayreuth.de\/home\/wp-content\/uploads\/2025\/04\/24-25-Zukunftstr-baeume-Titelfoto-150x93.jpg 150w, https:\/\/www.rwg-bayreuth.de\/home\/wp-content\/uploads\/2025\/04\/24-25-Zukunftstr-baeume-Titelfoto-450x279.jpg 450w, https:\/\/www.rwg-bayreuth.de\/home\/wp-content\/uploads\/2025\/04\/24-25-Zukunftstr-baeume-Titelfoto-768x476.jpg 768w, https:\/\/www.rwg-bayreuth.de\/home\/wp-content\/uploads\/2025\/04\/24-25-Zukunftstr-baeume-Titelfoto-250x155.jpg 250w\" sizes=\"(max-width: 1024px) 100vw, 1024px\" \/><\/a><\/p>\n<h3>Sch\u00fclerinnen und Sch\u00fcler des Richard-Wagner-Gymnasiums pflanzen mit dem Bezirkstagspr\u00e4sidenten Henry Schramm 500 B\u00e4ume im Wald zwischen Geigenreuth und Eckersdorf.<\/h3>\n<p>\u201eWir wollen ein Zeichen daf\u00fcr setzen, dass jede und jeder seinen Beitrag gegen den Klimawandel leisten kann\u201c, sagte eine Sch\u00fclerin des P-Seminars \u201eZukunfts(tr\/b)\u00e4ume\u201c. Dabei pflanzte sie mit rund 50 Helferinnen und Helfern aus der RWG-Schulfamilie B\u00e4ume, die gut an die sich \u00e4ndernden klimatischen Bedingungen angepasst sind. <\/p>\n<div class=\"su-image-carousel  clear su-image-carousel-columns-4 su-image-carousel-has-spacing su-image-carousel-crop su-image-carousel-crop-3-4 su-image-carousel-has-lightbox su-image-carousel-has-outline su-image-carousel-slides-style-minimal su-image-carousel-controls-style-light su-image-carousel-align-center\" style=\"\" data-flickity-options='{\"groupCells\":true,\"cellSelector\":\".su-image-carousel-item\",\"adaptiveHeight\":false,\"cellAlign\":\"left\",\"prevNextButtons\":true,\"pageDots\":false,\"autoPlay\":4000,\"imagesLoaded\":true,\"contain\":true,\"selectedAttraction\":0.025000000000000001,\"friction\":0.28000000000000003}' id=\"su_image_carousel_69f1bad5f2d6b\"><div class=\"su-image-carousel-item\"><div class=\"su-image-carousel-item-content\"><a href=\"https:\/\/www.rwg-bayreuth.de\/home\/wp-content\/uploads\/2025\/04\/24-25-Zukunftstr-baeume-1.jpg\" data-caption=\"\"><img loading=\"lazy\" decoding=\"async\" width=\"768\" height=\"1024\" src=\"https:\/\/www.rwg-bayreuth.de\/home\/wp-content\/uploads\/2025\/04\/24-25-Zukunftstr-baeume-1.jpg\" class=\"\" alt=\"\" srcset=\"https:\/\/www.rwg-bayreuth.de\/home\/wp-content\/uploads\/2025\/04\/24-25-Zukunftstr-baeume-1.jpg 768w, https:\/\/www.rwg-bayreuth.de\/home\/wp-content\/uploads\/2025\/04\/24-25-Zukunftstr-baeume-1-113x150.jpg 113w, https:\/\/www.rwg-bayreuth.de\/home\/wp-content\/uploads\/2025\/04\/24-25-Zukunftstr-baeume-1-338x450.jpg 338w, https:\/\/www.rwg-bayreuth.de\/home\/wp-content\/uploads\/2025\/04\/24-25-Zukunftstr-baeume-1-250x333.jpg 250w\" sizes=\"(max-width: 768px) 100vw, 768px\" \/><\/a><\/div><\/div><div class=\"su-image-carousel-item\"><div class=\"su-image-carousel-item-content\"><a href=\"https:\/\/www.rwg-bayreuth.de\/home\/wp-content\/uploads\/2025\/04\/24-25-Zukunftstr-baeume-9.jpg\" data-caption=\"\"><img loading=\"lazy\" decoding=\"async\" width=\"768\" height=\"1024\" src=\"https:\/\/www.rwg-bayreuth.de\/home\/wp-content\/uploads\/2025\/04\/24-25-Zukunftstr-baeume-9.jpg\" class=\"\" alt=\"\" srcset=\"https:\/\/www.rwg-bayreuth.de\/home\/wp-content\/uploads\/2025\/04\/24-25-Zukunftstr-baeume-9.jpg 768w, https:\/\/www.rwg-bayreuth.de\/home\/wp-content\/uploads\/2025\/04\/24-25-Zukunftstr-baeume-9-113x150.jpg 113w, https:\/\/www.rwg-bayreuth.de\/home\/wp-content\/uploads\/2025\/04\/24-25-Zukunftstr-baeume-9-338x450.jpg 338w, https:\/\/www.rwg-bayreuth.de\/home\/wp-content\/uploads\/2025\/04\/24-25-Zukunftstr-baeume-9-250x333.jpg 250w\" sizes=\"(max-width: 768px) 100vw, 768px\" \/><\/a><\/div><\/div><div class=\"su-image-carousel-item\"><div class=\"su-image-carousel-item-content\"><a href=\"https:\/\/www.rwg-bayreuth.de\/home\/wp-content\/uploads\/2025\/04\/24-25-Zukunftstr-baeume-3.jpg\" data-caption=\"\"><img loading=\"lazy\" decoding=\"async\" width=\"768\" height=\"1024\" src=\"https:\/\/www.rwg-bayreuth.de\/home\/wp-content\/uploads\/2025\/04\/24-25-Zukunftstr-baeume-3.jpg\" class=\"\" alt=\"\" srcset=\"https:\/\/www.rwg-bayreuth.de\/home\/wp-content\/uploads\/2025\/04\/24-25-Zukunftstr-baeume-3.jpg 768w, https:\/\/www.rwg-bayreuth.de\/home\/wp-content\/uploads\/2025\/04\/24-25-Zukunftstr-baeume-3-113x150.jpg 113w, https:\/\/www.rwg-bayreuth.de\/home\/wp-content\/uploads\/2025\/04\/24-25-Zukunftstr-baeume-3-338x450.jpg 338w, https:\/\/www.rwg-bayreuth.de\/home\/wp-content\/uploads\/2025\/04\/24-25-Zukunftstr-baeume-3-250x333.jpg 250w\" sizes=\"(max-width: 768px) 100vw, 768px\" \/><\/a><\/div><\/div><div class=\"su-image-carousel-item\"><div class=\"su-image-carousel-item-content\"><a href=\"https:\/\/www.rwg-bayreuth.de\/home\/wp-content\/uploads\/2025\/04\/24-25-Zukunftstr-baeume-4.jpg\" data-caption=\"\"><img loading=\"lazy\" decoding=\"async\" width=\"768\" height=\"1024\" src=\"https:\/\/www.rwg-bayreuth.de\/home\/wp-content\/uploads\/2025\/04\/24-25-Zukunftstr-baeume-4.jpg\" class=\"\" alt=\"\" srcset=\"https:\/\/www.rwg-bayreuth.de\/home\/wp-content\/uploads\/2025\/04\/24-25-Zukunftstr-baeume-4.jpg 768w, https:\/\/www.rwg-bayreuth.de\/home\/wp-content\/uploads\/2025\/04\/24-25-Zukunftstr-baeume-4-113x150.jpg 113w, https:\/\/www.rwg-bayreuth.de\/home\/wp-content\/uploads\/2025\/04\/24-25-Zukunftstr-baeume-4-338x450.jpg 338w, https:\/\/www.rwg-bayreuth.de\/home\/wp-content\/uploads\/2025\/04\/24-25-Zukunftstr-baeume-4-250x333.jpg 250w\" sizes=\"(max-width: 768px) 100vw, 768px\" \/><\/a><\/div><\/div><div class=\"su-image-carousel-item\"><div class=\"su-image-carousel-item-content\"><a href=\"https:\/\/www.rwg-bayreuth.de\/home\/wp-content\/uploads\/2025\/04\/24-25-Zukunftstr-baeume-10.jpg\" data-caption=\"\"><img loading=\"lazy\" decoding=\"async\" width=\"768\" height=\"1024\" src=\"https:\/\/www.rwg-bayreuth.de\/home\/wp-content\/uploads\/2025\/04\/24-25-Zukunftstr-baeume-10.jpg\" class=\"\" alt=\"\" srcset=\"https:\/\/www.rwg-bayreuth.de\/home\/wp-content\/uploads\/2025\/04\/24-25-Zukunftstr-baeume-10.jpg 768w, https:\/\/www.rwg-bayreuth.de\/home\/wp-content\/uploads\/2025\/04\/24-25-Zukunftstr-baeume-10-113x150.jpg 113w, https:\/\/www.rwg-bayreuth.de\/home\/wp-content\/uploads\/2025\/04\/24-25-Zukunftstr-baeume-10-338x450.jpg 338w, https:\/\/www.rwg-bayreuth.de\/home\/wp-content\/uploads\/2025\/04\/24-25-Zukunftstr-baeume-10-250x333.jpg 250w\" sizes=\"(max-width: 768px) 100vw, 768px\" \/><\/a><\/div><\/div><div class=\"su-image-carousel-item\"><div class=\"su-image-carousel-item-content\"><a href=\"https:\/\/www.rwg-bayreuth.de\/home\/wp-content\/uploads\/2025\/04\/24-25-Zukunftstr-baeume-2.jpg\" data-caption=\"\"><img loading=\"lazy\" decoding=\"async\" width=\"709\" height=\"1024\" src=\"https:\/\/www.rwg-bayreuth.de\/home\/wp-content\/uploads\/2025\/04\/24-25-Zukunftstr-baeume-2.jpg\" class=\"\" alt=\"\" srcset=\"https:\/\/www.rwg-bayreuth.de\/home\/wp-content\/uploads\/2025\/04\/24-25-Zukunftstr-baeume-2.jpg 709w, https:\/\/www.rwg-bayreuth.de\/home\/wp-content\/uploads\/2025\/04\/24-25-Zukunftstr-baeume-2-104x150.jpg 104w, https:\/\/www.rwg-bayreuth.de\/home\/wp-content\/uploads\/2025\/04\/24-25-Zukunftstr-baeume-2-312x450.jpg 312w, https:\/\/www.rwg-bayreuth.de\/home\/wp-content\/uploads\/2025\/04\/24-25-Zukunftstr-baeume-2-250x361.jpg 250w\" sizes=\"(max-width: 709px) 100vw, 709px\" \/><\/a><\/div><\/div><\/div><script id=\"su_image_carousel_69f1bad5f2d6b_script\">if(window.SUImageCarousel){setTimeout(function() {window.SUImageCarousel.initGallery(document.getElementById(\"su_image_carousel_69f1bad5f2d6b\"))}, 0);}var su_image_carousel_69f1bad5f2d6b_script=document.getElementById(\"su_image_carousel_69f1bad5f2d6b_script\");if(su_image_carousel_69f1bad5f2d6b_script){su_image_carousel_69f1bad5f2d6b_script.parentNode.removeChild(su_image_carousel_69f1bad5f2d6b_script);}<\/script>\n<p>Bei dem Kooperationsprojekt der Schule mit dem Bezirk Oberfranken und dem Amt f\u00fcr Ern\u00e4hrung, Landwirtschaft und Forsten (AELF) flossen sowohl \u00f6kologische, \u00f6konomische als auch klimatische \u00dcberlegungen in die Auswahl der Baumarten. Eine Mischung aus heimischen und nicht-heimischen B\u00e4umen soll dazu beitragen, einen nachhaltigen Wald, der auch f\u00fcr kommende Generationen Bestand hat, zu schaffen. <\/p>\n<div id=\"attachment_38501\" style=\"width: 1360px\" class=\"wp-caption aligncenter\"><a href=\"https:\/\/www.rwg-bayreuth.de\/home\/wp-content\/uploads\/2025\/04\/24-25-Zukunftstr-baeume-Pflanzaktion_RWG_Zukunftsbaeume.jpg\"><img loading=\"lazy\" decoding=\"async\" aria-describedby=\"caption-attachment-38501\" src=\"https:\/\/www.rwg-bayreuth.de\/home\/wp-content\/uploads\/2025\/04\/24-25-Zukunftstr-baeume-Pflanzaktion_RWG_Zukunftsbaeume.jpg\" alt=\"\" width=\"1350\" height=\"750\" class=\"size-full wp-image-38501 crop219\" srcset=\"https:\/\/www.rwg-bayreuth.de\/home\/wp-content\/uploads\/2025\/04\/24-25-Zukunftstr-baeume-Pflanzaktion_RWG_Zukunftsbaeume.jpg 1350w, https:\/\/www.rwg-bayreuth.de\/home\/wp-content\/uploads\/2025\/04\/24-25-Zukunftstr-baeume-Pflanzaktion_RWG_Zukunftsbaeume-150x83.jpg 150w, https:\/\/www.rwg-bayreuth.de\/home\/wp-content\/uploads\/2025\/04\/24-25-Zukunftstr-baeume-Pflanzaktion_RWG_Zukunftsbaeume-450x250.jpg 450w, https:\/\/www.rwg-bayreuth.de\/home\/wp-content\/uploads\/2025\/04\/24-25-Zukunftstr-baeume-Pflanzaktion_RWG_Zukunftsbaeume-768x427.jpg 768w, https:\/\/www.rwg-bayreuth.de\/home\/wp-content\/uploads\/2025\/04\/24-25-Zukunftstr-baeume-Pflanzaktion_RWG_Zukunftsbaeume-1024x569.jpg 1024w, https:\/\/www.rwg-bayreuth.de\/home\/wp-content\/uploads\/2025\/04\/24-25-Zukunftstr-baeume-Pflanzaktion_RWG_Zukunftsbaeume-250x139.jpg 250w\" sizes=\"(max-width: 1350px) 100vw, 1350px\" \/><\/a><p id=\"caption-attachment-38501\" class=\"wp-caption-text\">Foto: C. Schoberth<\/p><\/div>\n<p>Der Bezirkstagspr\u00e4sident Henry Schramm lie\u00df es sich in diesem Zusammenhang nicht nehmen, pers\u00f6nlich vorbei zu kommen, das au\u00dfergew\u00f6hnliche Engagement der Sch\u00fclerinnen und Sch\u00fcler sowie der betreuenden Lehrkraft Dr. Fred Thiele zu w\u00fcrdigen und seinen eigenen Zukunftsbaum zu pflanzen.<\/p>\n<div class=\"su-image-carousel  clear su-image-carousel-columns-3 su-image-carousel-has-spacing su-image-carousel-crop su-image-carousel-crop-4-3 su-image-carousel-has-lightbox su-image-carousel-has-outline su-image-carousel-slides-style-minimal su-image-carousel-controls-style-light su-image-carousel-align-center\" style=\"\" data-flickity-options='{\"groupCells\":true,\"cellSelector\":\".su-image-carousel-item\",\"adaptiveHeight\":false,\"cellAlign\":\"left\",\"prevNextButtons\":true,\"pageDots\":false,\"autoPlay\":4000,\"imagesLoaded\":true,\"contain\":true,\"selectedAttraction\":0.025000000000000001,\"friction\":0.28000000000000003}' id=\"su_image_carousel_69f1bad5f31a0\"><div class=\"su-image-carousel-item\"><div class=\"su-image-carousel-item-content\"><a href=\"https:\/\/www.rwg-bayreuth.de\/home\/wp-content\/uploads\/2025\/04\/24-25-Zukunftstr-baeume-5.jpg\" data-caption=\"\"><img loading=\"lazy\" decoding=\"async\" width=\"1024\" height=\"768\" src=\"https:\/\/www.rwg-bayreuth.de\/home\/wp-content\/uploads\/2025\/04\/24-25-Zukunftstr-baeume-5.jpg\" class=\"\" alt=\"\" srcset=\"https:\/\/www.rwg-bayreuth.de\/home\/wp-content\/uploads\/2025\/04\/24-25-Zukunftstr-baeume-5.jpg 1024w, https:\/\/www.rwg-bayreuth.de\/home\/wp-content\/uploads\/2025\/04\/24-25-Zukunftstr-baeume-5-150x113.jpg 150w, https:\/\/www.rwg-bayreuth.de\/home\/wp-content\/uploads\/2025\/04\/24-25-Zukunftstr-baeume-5-450x338.jpg 450w, https:\/\/www.rwg-bayreuth.de\/home\/wp-content\/uploads\/2025\/04\/24-25-Zukunftstr-baeume-5-768x576.jpg 768w, https:\/\/www.rwg-bayreuth.de\/home\/wp-content\/uploads\/2025\/04\/24-25-Zukunftstr-baeume-5-250x188.jpg 250w\" sizes=\"(max-width: 1024px) 100vw, 1024px\" \/><\/a><\/div><\/div><div class=\"su-image-carousel-item\"><div class=\"su-image-carousel-item-content\"><a href=\"https:\/\/www.rwg-bayreuth.de\/home\/wp-content\/uploads\/2025\/04\/24-25-Zukunftstr-baeume-6.jpg\" data-caption=\"\"><img loading=\"lazy\" decoding=\"async\" width=\"1024\" height=\"768\" src=\"https:\/\/www.rwg-bayreuth.de\/home\/wp-content\/uploads\/2025\/04\/24-25-Zukunftstr-baeume-6.jpg\" class=\"\" alt=\"\" srcset=\"https:\/\/www.rwg-bayreuth.de\/home\/wp-content\/uploads\/2025\/04\/24-25-Zukunftstr-baeume-6.jpg 1024w, https:\/\/www.rwg-bayreuth.de\/home\/wp-content\/uploads\/2025\/04\/24-25-Zukunftstr-baeume-6-150x113.jpg 150w, https:\/\/www.rwg-bayreuth.de\/home\/wp-content\/uploads\/2025\/04\/24-25-Zukunftstr-baeume-6-450x338.jpg 450w, https:\/\/www.rwg-bayreuth.de\/home\/wp-content\/uploads\/2025\/04\/24-25-Zukunftstr-baeume-6-768x576.jpg 768w, https:\/\/www.rwg-bayreuth.de\/home\/wp-content\/uploads\/2025\/04\/24-25-Zukunftstr-baeume-6-250x188.jpg 250w\" sizes=\"(max-width: 1024px) 100vw, 1024px\" \/><\/a><\/div><\/div><div class=\"su-image-carousel-item\"><div class=\"su-image-carousel-item-content\"><a href=\"https:\/\/www.rwg-bayreuth.de\/home\/wp-content\/uploads\/2025\/04\/24-25-Zukunftstr-baeume-7.jpg\" data-caption=\"\"><img loading=\"lazy\" decoding=\"async\" width=\"1024\" height=\"768\" src=\"https:\/\/www.rwg-bayreuth.de\/home\/wp-content\/uploads\/2025\/04\/24-25-Zukunftstr-baeume-7.jpg\" class=\"\" alt=\"\" srcset=\"https:\/\/www.rwg-bayreuth.de\/home\/wp-content\/uploads\/2025\/04\/24-25-Zukunftstr-baeume-7.jpg 1024w, https:\/\/www.rwg-bayreuth.de\/home\/wp-content\/uploads\/2025\/04\/24-25-Zukunftstr-baeume-7-150x113.jpg 150w, https:\/\/www.rwg-bayreuth.de\/home\/wp-content\/uploads\/2025\/04\/24-25-Zukunftstr-baeume-7-450x338.jpg 450w, https:\/\/www.rwg-bayreuth.de\/home\/wp-content\/uploads\/2025\/04\/24-25-Zukunftstr-baeume-7-768x576.jpg 768w, https:\/\/www.rwg-bayreuth.de\/home\/wp-content\/uploads\/2025\/04\/24-25-Zukunftstr-baeume-7-250x188.jpg 250w\" sizes=\"(max-width: 1024px) 100vw, 1024px\" \/><\/a><\/div><\/div><div class=\"su-image-carousel-item\"><div class=\"su-image-carousel-item-content\"><a href=\"https:\/\/www.rwg-bayreuth.de\/home\/wp-content\/uploads\/2025\/04\/24-25-Zukunftstr-baeume-8.jpg\" data-caption=\"\"><img loading=\"lazy\" decoding=\"async\" width=\"1024\" height=\"683\" src=\"https:\/\/www.rwg-bayreuth.de\/home\/wp-content\/uploads\/2025\/04\/24-25-Zukunftstr-baeume-8.jpg\" class=\"\" alt=\"\" srcset=\"https:\/\/www.rwg-bayreuth.de\/home\/wp-content\/uploads\/2025\/04\/24-25-Zukunftstr-baeume-8.jpg 1024w, https:\/\/www.rwg-bayreuth.de\/home\/wp-content\/uploads\/2025\/04\/24-25-Zukunftstr-baeume-8-150x100.jpg 150w, https:\/\/www.rwg-bayreuth.de\/home\/wp-content\/uploads\/2025\/04\/24-25-Zukunftstr-baeume-8-450x300.jpg 450w, https:\/\/www.rwg-bayreuth.de\/home\/wp-content\/uploads\/2025\/04\/24-25-Zukunftstr-baeume-8-768x512.jpg 768w, https:\/\/www.rwg-bayreuth.de\/home\/wp-content\/uploads\/2025\/04\/24-25-Zukunftstr-baeume-8-250x167.jpg 250w, https:\/\/www.rwg-bayreuth.de\/home\/wp-content\/uploads\/2025\/04\/24-25-Zukunftstr-baeume-8-900x600.jpg 900w\" sizes=\"(max-width: 1024px) 100vw, 1024px\" \/><\/a><\/div><\/div><\/div><script id=\"su_image_carousel_69f1bad5f31a0_script\">if(window.SUImageCarousel){setTimeout(function() {window.SUImageCarousel.initGallery(document.getElementById(\"su_image_carousel_69f1bad5f31a0\"))}, 0);}var su_image_carousel_69f1bad5f31a0_script=document.getElementById(\"su_image_carousel_69f1bad5f31a0_script\");if(su_image_carousel_69f1bad5f31a0_script){su_image_carousel_69f1bad5f31a0_script.parentNode.removeChild(su_image_carousel_69f1bad5f31a0_script);}<\/script>\n<p>Wer das Ergebnis der Arbeit bestaunen m\u00f6chte, kann dies am Radweg zwischen Eckersdorf und Geigenreuth tun.<\/p>\n<p>F\u00fcr den Bericht des Bezirks Oberfranken auf folgenden Link klicken:<br \/>\n<a href=\"https:\/\/www.bezirk-oberfranken.de\/landwirtschaft\/detailseite\/baeume-fuer-die-zukunft-pflanzen-bezirk-unterstuetzt-schuelerprojekt\" rel=\"noopener\" target=\"_blank\">https:\/\/www.bezirk-oberfranken.de\/landwirtschaft\/detailseite\/baeume-fuer-die-zukunft-pflanzen-bezirk-unterstuetzt-schuelerprojekt<\/a><\/p>\n<div class=\"su-youtube su-u-responsive-media-yes\"><iframe loading=\"lazy\" width=\"auto\" height=\"500\" src=\"https:\/\/www.youtube.com\/embed\/JRhHiFBzgwc?autohide=1&amp;autoplay=0&amp;mute=0&amp;controls=1&amp;fs=1&amp;loop=0&amp;modestbranding=1&amp;rel=0&amp;showinfo=1&amp;theme=light&amp;wmode=&amp;playsinline=1\" frameborder=\"0\" allowfullscreen allow=\"autoplay; encrypted-media; picture-in-picture\" title=\"RWG Zukunfts(tr\/b)\u00e4ume\"><\/iframe><\/div>\n","protected":false},"excerpt":{"rendered":"<p>Sch\u00fclerinnen und Sch\u00fcler des Richard-Wagner-Gymnasiums pflanzen mit dem Bezirkstagspr\u00e4sidenten Henry Schramm 500 B\u00e4ume im Wald zwischen Geigenreuth und Eckersdorf. \u201eWir wollen ein Zeichen daf\u00fcr setzen, dass jede und jeder seinen Beitrag gegen den Klimawandel leisten kann\u201c, sagte eine Sch\u00fclerin des P-Seminars \u201eZukunfts(tr\/b)\u00e4ume\u201c. Dabei pflanzte sie mit rund 50 Helferinnen und Helfern aus der RWG-Schulfamilie B\u00e4ume,&hellip;<\/p>\n","protected":false},"author":11,"featured_media":38498,"comment_status":"closed","ping_status":"closed","sticky":false,"template":"","format":"standard","meta":{"footnotes":""},"categories":[1],"tags":[119,51,64,136],"_links":{"self":[{"href":"https:\/\/www.rwg-bayreuth.de\/home\/index.php?rest_route=\/wp\/v2\/posts\/38486"}],"collection":[{"href":"https:\/\/www.rwg-bayreuth.de\/home\/index.php?rest_route=\/wp\/v2\/posts"}],"about":[{"href":"https:\/\/www.rwg-bayreuth.de\/home\/index.php?rest_route=\/wp\/v2\/types\/post"}],"author":[{"embeddable":true,"href":"https:\/\/www.rwg-bayreuth.de\/home\/index.php?rest_route=\/wp\/v2\/users\/11"}],"replies":[{"embeddable":true,"href":"https:\/\/www.rwg-bayreuth.de\/home\/index.php?rest_route=%2Fwp%2Fv2%2Fcomments&post=38486"}],"version-history":[{"count":9,"href":"https:\/\/www.rwg-bayreuth.de\/home\/index.php?rest_route=\/wp\/v2\/posts\/38486\/revisions"}],"predecessor-version":[{"id":38520,"href":"https:\/\/www.rwg-bayreuth.de\/home\/index.php?rest_route=\/wp\/v2\/posts\/38486\/revisions\/38520"}],"wp:featuredmedia":[{"embeddable":true,"href":"https:\/\/www.rwg-bayreuth.de\/home\/index.php?rest_route=\/wp\/v2\/media\/38498"}],"wp:attachment":[{"href":"https:\/\/www.rwg-bayreuth.de\/home\/index.php?rest_route=%2Fwp%2Fv2%2Fmedia&parent=38486"}],"wp:term":[{"taxonomy":"category","embeddable":true,"href":"https:\/\/www.rwg-bayreuth.de\/home\/index.php?rest_route=%2Fwp%2Fv2%2Fcategories&post=38486"},{"taxonomy":"post_tag","embeddable":true,"href":"https:\/\/www.rwg-bayreuth.de\/home\/index.php?rest_route=%2Fwp%2Fv2%2Ftags&post=38486"}],"curies":[{"name":"wp","href":"https:\/\/api.w.org\/{rel}","templated":true}]}}