{"id":38420,"date":"2025-03-29T05:32:33","date_gmt":"2025-03-29T04:32:33","guid":{"rendered":"https:\/\/www.rwg-bayreuth.de\/home\/?p=38420"},"modified":"2025-10-07T16:01:53","modified_gmt":"2025-10-07T14:01:53","slug":"evviva-lo-scambio","status":"publish","type":"post","link":"https:\/\/www.rwg-bayreuth.de\/home\/?p=38420","title":{"rendered":"Evviva lo scambio!"},"content":{"rendered":"<p><!-- F.D\u00f6rfler\n\n--><a href=\"https:\/\/www.rwg-bayreuth.de\/home\/wp-content\/uploads\/2025\/03\/24-25-AustauschItalienisch-Donnerstag-Ausflug-nach-Bamberg.jpg\"><img decoding=\"async\" src=\"https:\/\/www.rwg-bayreuth.de\/home\/wp-content\/uploads\/2025\/03\/24-25-AustauschItalienisch-Donnerstag-Ausflug-nach-Bamberg.jpg\" alt=\"\" width=\"100%\" height=\"auto\" class=\"aligncenter size-full wp-image-38421 crop219bottom\" style=\"object-position: 50% 90%;\" srcset=\"https:\/\/www.rwg-bayreuth.de\/home\/wp-content\/uploads\/2025\/03\/24-25-AustauschItalienisch-Donnerstag-Ausflug-nach-Bamberg.jpg 1024w, https:\/\/www.rwg-bayreuth.de\/home\/wp-content\/uploads\/2025\/03\/24-25-AustauschItalienisch-Donnerstag-Ausflug-nach-Bamberg-150x113.jpg 150w, https:\/\/www.rwg-bayreuth.de\/home\/wp-content\/uploads\/2025\/03\/24-25-AustauschItalienisch-Donnerstag-Ausflug-nach-Bamberg-450x338.jpg 450w, https:\/\/www.rwg-bayreuth.de\/home\/wp-content\/uploads\/2025\/03\/24-25-AustauschItalienisch-Donnerstag-Ausflug-nach-Bamberg-768x576.jpg 768w, https:\/\/www.rwg-bayreuth.de\/home\/wp-content\/uploads\/2025\/03\/24-25-AustauschItalienisch-Donnerstag-Ausflug-nach-Bamberg-250x188.jpg 250w\" sizes=\"(max-width: 1024px) 100vw, 1024px\" \/><\/a><\/p>\n<h3>Italienische Austauschsch\u00fcler zu Gast am Richard-Wagner-Gymnasium<\/h3>\n<p>Nach unserem Besuch in Ligurien im Oktober 2024 besuchten vom 22. bis 28. M\u00e4rz 2025 die italienischen Austauschsch\u00fcler aus La Spezia das Richard-Wagner-Gymnasium Bayreuth im Rahmen unseres langj\u00e4hrigen Sch\u00fcleraustausches mit der Hafenstadt. Eine Woche lang erlebten unsere G\u00e4ste ein abwechslungsreiches Programm, das kulturelle Erkundungen, gemeinsame Aktivit\u00e4ten und den echten Alltag in Familien und Schule umfasste.<\/p>\n<p>Nach ihrer Ankunft am Samstagabend wurden die <em>studenti italiani<\/em> herzlich von ihren Gastfamilien empfangen, in deren Rahmen sie auch den Sonntag verbrachten. Am Montag begann das Austauschprogramm mit einem <em>cordiale benvenuto<\/em> durch Frau Graf in der Aula der Schule. Anschlie\u00dfend erkundeten die italienischen G\u00e4ste die Stadt Bayreuth und wurden im Rathaus empfangen.<\/p>\n<p>Ein besonderes Highlight war der Ganztagesausflug nach N\u00fcrnberg am Dienstag, bei dem die Austauschsch\u00fcler das Zukunftsmuseum besuchten. Am Mittwoch standen eine Besichtigung der Villa Wahnfried sowie ein gemeinsames Kochprojekt in der hauseigenen Schulk\u00fcche auf dem Programm. <a href=\"https:\/\/www.rwg-bayreuth.de\/home\/wp-content\/uploads\/2025\/03\/24-25-AustauschItalienisch-Mittwoch-nachhaltiges-Kochen.jpg\"><img loading=\"lazy\" decoding=\"async\" src=\"https:\/\/www.rwg-bayreuth.de\/home\/wp-content\/uploads\/2025\/03\/24-25-AustauschItalienisch-Mittwoch-nachhaltiges-Kochen-450x338.jpg\" alt=\"\" width=\"450\" height=\"338\" class=\"alignright size-medium wp-image-38423\" style=\"max-width: 40%;\" srcset=\"https:\/\/www.rwg-bayreuth.de\/home\/wp-content\/uploads\/2025\/03\/24-25-AustauschItalienisch-Mittwoch-nachhaltiges-Kochen-450x338.jpg 450w, https:\/\/www.rwg-bayreuth.de\/home\/wp-content\/uploads\/2025\/03\/24-25-AustauschItalienisch-Mittwoch-nachhaltiges-Kochen-150x113.jpg 150w, https:\/\/www.rwg-bayreuth.de\/home\/wp-content\/uploads\/2025\/03\/24-25-AustauschItalienisch-Mittwoch-nachhaltiges-Kochen-768x576.jpg 768w, https:\/\/www.rwg-bayreuth.de\/home\/wp-content\/uploads\/2025\/03\/24-25-AustauschItalienisch-Mittwoch-nachhaltiges-Kochen-250x188.jpg 250w, https:\/\/www.rwg-bayreuth.de\/home\/wp-content\/uploads\/2025\/03\/24-25-AustauschItalienisch-Mittwoch-nachhaltiges-Kochen.jpg 800w\" sizes=\"(max-width: 450px) 100vw, 450px\" \/><\/a> Dabei wurde nicht nur am Herd gestanden und geschlemmt <em>come dalla nonna<\/em> sondern auch das Thema Nachhaltigkeit nicht nur theoretisch besprochen, sondern miteinander gelebt, um den kulturellen Austausch in geselliger, internationaler Atmosph\u00e4re zu f\u00f6rdern.<\/p>\n<p>Am Donnerstag unternahmen die italienischen G\u00e4ste gemeinsam mit ihren deutschen Partnern einen Ausflug nach Bamberg, wo sie die historische Altstadt erkundeten. Nach einer erlebnisreichen Woche hie\u00df es am Freitagmorgen Abschied nehmen, als die italienischen Sch\u00fcler ihre Heimreise antraten.<\/p>\n<p>Der Austausch war f\u00fcr alle Beteiligten eine wertvolle Erfahrung, die nicht nur die Fremdsprachenkenntnisse sowie das interkulturelle Lernen und Verst\u00e4ndnis f\u00fcreinander f\u00f6rderte, sondern auch neue Freundschaften entstehen lie\u00df. Ein gro\u00dfes <em>grazie di cuore a tutti<\/em> gilt allen, die zur erfolgreichen Gestaltung dieses Besuchs beigetragen haben. Nur in echten, tiefen und engagierten Begegnungen k\u00f6nnen in einem friedlichen Europa deutsch-italienische \u201eBr\u00fccken\u201c erbaut und die St\u00e4dtepartnerschaft zwischen La Spezia und Bayreuth nachhaltig gefestigt werden.<\/p>\n<p><em>Florian D\u00f6rfler f\u00fcr die Fachschaft Italienisch<\/em><\/p>\n","protected":false},"excerpt":{"rendered":"<p>Italienische Austauschsch\u00fcler zu Gast am Richard-Wagner-Gymnasium Nach unserem Besuch in Ligurien im Oktober 2024 besuchten vom 22. bis 28. M\u00e4rz 2025 die italienischen Austauschsch\u00fcler aus La Spezia das Richard-Wagner-Gymnasium Bayreuth im Rahmen unseres langj\u00e4hrigen Sch\u00fcleraustausches mit der Hafenstadt. Eine Woche lang erlebten unsere G\u00e4ste ein abwechslungsreiches Programm, das kulturelle Erkundungen, gemeinsame Aktivit\u00e4ten und den echten&hellip;<\/p>\n","protected":false},"author":11,"featured_media":38422,"comment_status":"closed","ping_status":"closed","sticky":false,"template":"","format":"standard","meta":{"footnotes":""},"categories":[1],"tags":[68,51,69],"_links":{"self":[{"href":"https:\/\/www.rwg-bayreuth.de\/home\/index.php?rest_route=\/wp\/v2\/posts\/38420"}],"collection":[{"href":"https:\/\/www.rwg-bayreuth.de\/home\/index.php?rest_route=\/wp\/v2\/posts"}],"about":[{"href":"https:\/\/www.rwg-bayreuth.de\/home\/index.php?rest_route=\/wp\/v2\/types\/post"}],"author":[{"embeddable":true,"href":"https:\/\/www.rwg-bayreuth.de\/home\/index.php?rest_route=\/wp\/v2\/users\/11"}],"replies":[{"embeddable":true,"href":"https:\/\/www.rwg-bayreuth.de\/home\/index.php?rest_route=%2Fwp%2Fv2%2Fcomments&post=38420"}],"version-history":[{"count":5,"href":"https:\/\/www.rwg-bayreuth.de\/home\/index.php?rest_route=\/wp\/v2\/posts\/38420\/revisions"}],"predecessor-version":[{"id":39928,"href":"https:\/\/www.rwg-bayreuth.de\/home\/index.php?rest_route=\/wp\/v2\/posts\/38420\/revisions\/39928"}],"wp:featuredmedia":[{"embeddable":true,"href":"https:\/\/www.rwg-bayreuth.de\/home\/index.php?rest_route=\/wp\/v2\/media\/38422"}],"wp:attachment":[{"href":"https:\/\/www.rwg-bayreuth.de\/home\/index.php?rest_route=%2Fwp%2Fv2%2Fmedia&parent=38420"}],"wp:term":[{"taxonomy":"category","embeddable":true,"href":"https:\/\/www.rwg-bayreuth.de\/home\/index.php?rest_route=%2Fwp%2Fv2%2Fcategories&post=38420"},{"taxonomy":"post_tag","embeddable":true,"href":"https:\/\/www.rwg-bayreuth.de\/home\/index.php?rest_route=%2Fwp%2Fv2%2Ftags&post=38420"}],"curies":[{"name":"wp","href":"https:\/\/api.w.org\/{rel}","templated":true}]}}