{"id":38294,"date":"2025-03-17T05:57:01","date_gmt":"2025-03-17T04:57:01","guid":{"rendered":"https:\/\/www.rwg-bayreuth.de\/home\/?p=38294"},"modified":"2025-03-22T19:57:14","modified_gmt":"2025-03-22T18:57:14","slug":"juniorwahl-am-richard-wagner-gymnasium-demokratie-hautnah-erleben","status":"publish","type":"post","link":"https:\/\/www.rwg-bayreuth.de\/home\/?p=38294","title":{"rendered":"Juniorwahl am Richard-Wagner-Gymnasium: Demokratie hautnah erleben"},"content":{"rendered":"<p><!-- von Kna\n\nver\u00f6ff: 27.2.25\n\n--><a href=\"https:\/\/www.rwg-bayreuth.de\/home\/wp-content\/uploads\/2025\/03\/24-25-Juniorwahl-2025-B.jpg\"><img decoding=\"async\" src=\"https:\/\/www.rwg-bayreuth.de\/home\/wp-content\/uploads\/2025\/03\/24-25-Juniorwahl-2025-B.jpg\" alt=\"\" width=\"100%\" height=\"auto\" class=\"aligncenter size-full wp-image-38299 crop219\" srcset=\"https:\/\/www.rwg-bayreuth.de\/home\/wp-content\/uploads\/2025\/03\/24-25-Juniorwahl-2025-B.jpg 1024w, https:\/\/www.rwg-bayreuth.de\/home\/wp-content\/uploads\/2025\/03\/24-25-Juniorwahl-2025-B-150x100.jpg 150w, https:\/\/www.rwg-bayreuth.de\/home\/wp-content\/uploads\/2025\/03\/24-25-Juniorwahl-2025-B-450x300.jpg 450w, https:\/\/www.rwg-bayreuth.de\/home\/wp-content\/uploads\/2025\/03\/24-25-Juniorwahl-2025-B-768x512.jpg 768w, https:\/\/www.rwg-bayreuth.de\/home\/wp-content\/uploads\/2025\/03\/24-25-Juniorwahl-2025-B-250x167.jpg 250w, https:\/\/www.rwg-bayreuth.de\/home\/wp-content\/uploads\/2025\/03\/24-25-Juniorwahl-2025-B-900x600.jpg 900w\" sizes=\"(max-width: 1024px) 100vw, 1024px\" \/><\/a><\/p>\n<p>Vom 24. bis 26. Februar 2025 fanden am Richard-Wagner-Gymnasium die Juniorwahlen zur vorgezogenen Bundestagswahl statt. Teilnehmen konnten alle Sch\u00fclerinnen und Sch\u00fcler, die das Fach Politik und Gesellschaft belegen. Organisiert wurde die Wahl von Sch\u00fclerinnen und Sch\u00fclern der 11. Jahrgangsstufe des sozialwissenschaftlichen Zweigs, die als Wahlhelferinnen und Wahlhelfer fungierten. Wahlverzeichnisse anlegen, Wahlbenachrichtigungen ausf\u00fcllen und verteilen, Werbung f\u00fcr die Juniorwahl machen, das Projekt in den teilnehmenden Klassen vorstellen und nat\u00fcrlich die eigentliche Durchf\u00fchrung der Wahl sowie die Ausz\u00e4hlung der Stimmen \u2013 es gab eine Menge Aufgaben zu erledigen.<\/p>\n<div class=\"su-image-carousel  clear su-image-carousel-columns-4 su-image-carousel-has-spacing su-image-carousel-crop su-image-carousel-crop-3-4 su-image-carousel-has-lightbox su-image-carousel-has-outline su-image-carousel-slides-style-minimal su-image-carousel-controls-style-light su-image-carousel-align-center\" style=\"\" data-flickity-options='{\"groupCells\":true,\"cellSelector\":\".su-image-carousel-item\",\"adaptiveHeight\":false,\"cellAlign\":\"left\",\"prevNextButtons\":true,\"pageDots\":false,\"autoPlay\":4000,\"imagesLoaded\":true,\"contain\":true,\"selectedAttraction\":0.025000000000000001,\"friction\":0.28000000000000003}' id=\"su_image_carousel_69f1b24eb92fd\"><div class=\"su-image-carousel-item\"><div class=\"su-image-carousel-item-content\"><a href=\"https:\/\/www.rwg-bayreuth.de\/home\/wp-content\/uploads\/2025\/03\/24-25-Juniorwahl-2025-0.jpg\" data-caption=\"\"><img loading=\"lazy\" decoding=\"async\" width=\"768\" height=\"1024\" src=\"https:\/\/www.rwg-bayreuth.de\/home\/wp-content\/uploads\/2025\/03\/24-25-Juniorwahl-2025-0.jpg\" class=\"\" alt=\"\" srcset=\"https:\/\/www.rwg-bayreuth.de\/home\/wp-content\/uploads\/2025\/03\/24-25-Juniorwahl-2025-0.jpg 768w, https:\/\/www.rwg-bayreuth.de\/home\/wp-content\/uploads\/2025\/03\/24-25-Juniorwahl-2025-0-113x150.jpg 113w, https:\/\/www.rwg-bayreuth.de\/home\/wp-content\/uploads\/2025\/03\/24-25-Juniorwahl-2025-0-338x450.jpg 338w, https:\/\/www.rwg-bayreuth.de\/home\/wp-content\/uploads\/2025\/03\/24-25-Juniorwahl-2025-0-250x333.jpg 250w\" sizes=\"(max-width: 768px) 100vw, 768px\" \/><\/a><\/div><\/div><div class=\"su-image-carousel-item\"><div class=\"su-image-carousel-item-content\"><a href=\"https:\/\/www.rwg-bayreuth.de\/home\/wp-content\/uploads\/2025\/03\/24-25-Juniorwahl-2025-1.jpg\" data-caption=\"\"><img loading=\"lazy\" decoding=\"async\" width=\"768\" height=\"1024\" src=\"https:\/\/www.rwg-bayreuth.de\/home\/wp-content\/uploads\/2025\/03\/24-25-Juniorwahl-2025-1.jpg\" class=\"\" alt=\"\" srcset=\"https:\/\/www.rwg-bayreuth.de\/home\/wp-content\/uploads\/2025\/03\/24-25-Juniorwahl-2025-1.jpg 768w, https:\/\/www.rwg-bayreuth.de\/home\/wp-content\/uploads\/2025\/03\/24-25-Juniorwahl-2025-1-113x150.jpg 113w, https:\/\/www.rwg-bayreuth.de\/home\/wp-content\/uploads\/2025\/03\/24-25-Juniorwahl-2025-1-338x450.jpg 338w, https:\/\/www.rwg-bayreuth.de\/home\/wp-content\/uploads\/2025\/03\/24-25-Juniorwahl-2025-1-250x333.jpg 250w\" sizes=\"(max-width: 768px) 100vw, 768px\" \/><\/a><\/div><\/div><div class=\"su-image-carousel-item\"><div class=\"su-image-carousel-item-content\"><a href=\"https:\/\/www.rwg-bayreuth.de\/home\/wp-content\/uploads\/2025\/03\/24-25-Juniorwahl-2025-2.jpg\" data-caption=\"\"><img loading=\"lazy\" decoding=\"async\" width=\"768\" height=\"1024\" src=\"https:\/\/www.rwg-bayreuth.de\/home\/wp-content\/uploads\/2025\/03\/24-25-Juniorwahl-2025-2.jpg\" class=\"\" alt=\"\" srcset=\"https:\/\/www.rwg-bayreuth.de\/home\/wp-content\/uploads\/2025\/03\/24-25-Juniorwahl-2025-2.jpg 768w, https:\/\/www.rwg-bayreuth.de\/home\/wp-content\/uploads\/2025\/03\/24-25-Juniorwahl-2025-2-113x150.jpg 113w, https:\/\/www.rwg-bayreuth.de\/home\/wp-content\/uploads\/2025\/03\/24-25-Juniorwahl-2025-2-338x450.jpg 338w, https:\/\/www.rwg-bayreuth.de\/home\/wp-content\/uploads\/2025\/03\/24-25-Juniorwahl-2025-2-250x333.jpg 250w\" sizes=\"(max-width: 768px) 100vw, 768px\" \/><\/a><\/div><\/div><div class=\"su-image-carousel-item\"><div class=\"su-image-carousel-item-content\"><a href=\"https:\/\/www.rwg-bayreuth.de\/home\/wp-content\/uploads\/2025\/03\/24-25-Juniorwahl-2025-3.jpg\" data-caption=\"\"><img loading=\"lazy\" decoding=\"async\" width=\"768\" height=\"1024\" src=\"https:\/\/www.rwg-bayreuth.de\/home\/wp-content\/uploads\/2025\/03\/24-25-Juniorwahl-2025-3.jpg\" class=\"\" alt=\"\" srcset=\"https:\/\/www.rwg-bayreuth.de\/home\/wp-content\/uploads\/2025\/03\/24-25-Juniorwahl-2025-3.jpg 768w, https:\/\/www.rwg-bayreuth.de\/home\/wp-content\/uploads\/2025\/03\/24-25-Juniorwahl-2025-3-113x150.jpg 113w, https:\/\/www.rwg-bayreuth.de\/home\/wp-content\/uploads\/2025\/03\/24-25-Juniorwahl-2025-3-338x450.jpg 338w, https:\/\/www.rwg-bayreuth.de\/home\/wp-content\/uploads\/2025\/03\/24-25-Juniorwahl-2025-3-250x333.jpg 250w\" sizes=\"(max-width: 768px) 100vw, 768px\" \/><\/a><\/div><\/div><\/div><script id=\"su_image_carousel_69f1b24eb92fd_script\">if(window.SUImageCarousel){setTimeout(function() {window.SUImageCarousel.initGallery(document.getElementById(\"su_image_carousel_69f1b24eb92fd\"))}, 0);}var su_image_carousel_69f1b24eb92fd_script=document.getElementById(\"su_image_carousel_69f1b24eb92fd_script\");if(su_image_carousel_69f1b24eb92fd_script){su_image_carousel_69f1b24eb92fd_script.parentNode.removeChild(su_image_carousel_69f1b24eb92fd_script);}<\/script>\n<p>Ziel der Juniorwahl ist es, das politische Bewusstsein der Jugendlichen zu st\u00e4rken und ihnen einen praxisnahen Einblick in demokratische Prozesse zu erm\u00f6glichen. Die Wahl wurde unter realit\u00e4tsnahen Bedingungen durchgef\u00fchrt. In der Aula, die als Wahllokal fungierte, konnten die Sch\u00fclerinnen und Sch\u00fcler ihre Stimme in einer Wahlkabine abgeben und ihren Stimmzettel anschlie\u00dfend in eine versiegelte Wahlurne werfen.<\/p>\n<p>Wahlen sind ein grundlegendes Element der Demokratie. Sie erm\u00f6glichen es den B\u00fcrgerinnen und B\u00fcrgern, politische Entscheidungen aktiv mitzugestalten und ihre Interessen zu vertreten. Die Juniorwahl zeigt, wie wichtig es ist, Demokratie zu \u00fcben, damit junge Menschen fr\u00fchzeitig lernen, Verantwortung zu \u00fcbernehmen und sich f\u00fcr ihre Zukunft einzusetzen. Sie stellt eine spannende Gelegenheit dar, das politische Interesse weiter zu. Viele Sch\u00fclerinnen und Sch\u00fcler nutzten die Gelegenheit, sich im Vorfeld zur Wahl intensiv mit den Wahlprogrammen der Parteien auseinanderzusetzen und so ein Gef\u00fchl f\u00fcr politische Verantwortung zu entwickeln. Denn: Demokratie lebt immer vom Mitmachen!<\/p>\n","protected":false},"excerpt":{"rendered":"<p>Vom 24. bis 26. Februar 2025 fanden am Richard-Wagner-Gymnasium die Juniorwahlen zur vorgezogenen Bundestagswahl statt. Teilnehmen konnten alle Sch\u00fclerinnen und Sch\u00fcler, die das Fach Politik und Gesellschaft belegen. Organisiert wurde die Wahl von Sch\u00fclerinnen und Sch\u00fclern der 11. Jahrgangsstufe des sozialwissenschaftlichen Zweigs, die als Wahlhelferinnen und Wahlhelfer fungierten. Wahlverzeichnisse anlegen, Wahlbenachrichtigungen ausf\u00fcllen und verteilen, Werbung&hellip;<\/p>\n","protected":false},"author":11,"featured_media":38299,"comment_status":"closed","ping_status":"closed","sticky":false,"template":"","format":"standard","meta":{"footnotes":""},"categories":[1],"tags":[51,52],"_links":{"self":[{"href":"https:\/\/www.rwg-bayreuth.de\/home\/index.php?rest_route=\/wp\/v2\/posts\/38294"}],"collection":[{"href":"https:\/\/www.rwg-bayreuth.de\/home\/index.php?rest_route=\/wp\/v2\/posts"}],"about":[{"href":"https:\/\/www.rwg-bayreuth.de\/home\/index.php?rest_route=\/wp\/v2\/types\/post"}],"author":[{"embeddable":true,"href":"https:\/\/www.rwg-bayreuth.de\/home\/index.php?rest_route=\/wp\/v2\/users\/11"}],"replies":[{"embeddable":true,"href":"https:\/\/www.rwg-bayreuth.de\/home\/index.php?rest_route=%2Fwp%2Fv2%2Fcomments&post=38294"}],"version-history":[{"count":4,"href":"https:\/\/www.rwg-bayreuth.de\/home\/index.php?rest_route=\/wp\/v2\/posts\/38294\/revisions"}],"predecessor-version":[{"id":38303,"href":"https:\/\/www.rwg-bayreuth.de\/home\/index.php?rest_route=\/wp\/v2\/posts\/38294\/revisions\/38303"}],"wp:featuredmedia":[{"embeddable":true,"href":"https:\/\/www.rwg-bayreuth.de\/home\/index.php?rest_route=\/wp\/v2\/media\/38299"}],"wp:attachment":[{"href":"https:\/\/www.rwg-bayreuth.de\/home\/index.php?rest_route=%2Fwp%2Fv2%2Fmedia&parent=38294"}],"wp:term":[{"taxonomy":"category","embeddable":true,"href":"https:\/\/www.rwg-bayreuth.de\/home\/index.php?rest_route=%2Fwp%2Fv2%2Fcategories&post=38294"},{"taxonomy":"post_tag","embeddable":true,"href":"https:\/\/www.rwg-bayreuth.de\/home\/index.php?rest_route=%2Fwp%2Fv2%2Ftags&post=38294"}],"curies":[{"name":"wp","href":"https:\/\/api.w.org\/{rel}","templated":true}]}}