{"id":3829,"date":"2014-07-28T12:47:18","date_gmt":"2014-07-28T10:47:18","guid":{"rendered":"http:\/\/www.rwg-bayreuth.de\/home\/?p=3829"},"modified":"2014-08-22T20:42:56","modified_gmt":"2014-08-22T18:42:56","slug":"der-sommer-als-tragoedie","status":"publish","type":"post","link":"https:\/\/www.rwg-bayreuth.de\/home\/?p=3829","title":{"rendered":"Der Sommer als Trag\u00f6die"},"content":{"rendered":"<div id=\"attachment_3768\" style=\"width: 185px\" class=\"wp-caption alignleft\"><a href=\"https:\/\/www.rwg-bayreuth.de\/home\/wp-content\/uploads\/2014\/07\/2014_Fr\u00fchlings_erwachen_Spass_web.jpg\"><img loading=\"lazy\" decoding=\"async\" aria-describedby=\"caption-attachment-3768\" class=\"size-full wp-image-3768\" src=\"https:\/\/www.rwg-bayreuth.de\/home\/wp-content\/uploads\/2014\/07\/2014_Fr\u00fchlings_erwachen_Spass_web.jpg\" alt=\"Moritz (Anna Schmidt, links) wird sich das Leben nehmen, auch die lebenslustige Ilse (Darleen Caudle, rechts), wird ihn davon nicht abhalten k\u00f6nnen\" width=\"175\" height=\"250\" srcset=\"https:\/\/www.rwg-bayreuth.de\/home\/wp-content\/uploads\/2014\/07\/2014_Fr\u00fchlings_erwachen_Spass_web.jpg 175w, https:\/\/www.rwg-bayreuth.de\/home\/wp-content\/uploads\/2014\/07\/2014_Fr\u00fchlings_erwachen_Spass_web-105x150.jpg 105w\" sizes=\"(max-width: 175px) 100vw, 175px\" \/><\/a><p id=\"caption-attachment-3768\" class=\"wp-caption-text\">Moritz (Anna Schmidt, links) wird sich das Leben nehmen, auch die lebenslustige Ilse (Darleen Caudle, rechts), wird ihn davon nicht abhalten k\u00f6nnen<\/p><\/div>\n<p>\u201eJetzt, wo der Sommer kommt&#8230;\u201c war der Titel des Theaterst\u00fcckes, welches die \u201eFreie Spielgruppe\u201c des RWG unter der Leitung von Evelin Wagnerin der Aula auff\u00fchrte. Wer eine heitere Teenagerromanze erwartet hatte, sah sich get\u00e4uscht, denn St\u00fcck war etwas ganz anderes <a title=\"Der Spa\u00df endet, wo der Spa\u00df beginnt\" href=\"https:\/\/www.rwg-bayreuth.de\/home\/?page_id=3771\">[zum Auff\u00fchrungsbericht\u2026]<\/a><\/p>\n<p>Mit der Auff\u00fchrung endete die diesj\u00e4hrige Theatersaison am RWG, die vielf\u00e4ltig war wie lange nicht mehr:<\/p>\n<p>&gt; Die Spielgruppe der Q11 zeigte Peter Shaffers &#8222;Kom\u00f6die im Dunkeln.&#8220; <a title=\"Kom\u00f6die im Dunkeln\" href=\"https:\/\/www.rwg-bayreuth.de\/home\/?page_id=3397\">[zum Auff\u00fchrungsbericht&#8230;]<\/a><br \/>\nDie Spielgruppe der 5. und 7. Klassen f\u00fchrte den &#8222;Froschk\u00f6nig&#8220; auf. <a title=\"Der Froschk\u00f6nig wollte nicht k\u00fcssen\" href=\"https:\/\/www.rwg-bayreuth.de\/home\/?page_id=3503\">[zum Auff\u00fchrungsbericht&#8230;]<\/a><br \/>\n&gt; Gespielt hat auch schon die Theatergruppe der Q11: Sie f\u00fchrte den Agatha-Christie-Krimi &#8222;10 kleine Negerlein&#8220; auf. Die 6. Klassen zeigten &#8222;Emil und die Detektive&#8220; nach Erich K\u00e4stner.<br \/>\n&gt; Die Theatergruppe der 8. Klassen zeigten den Krimi &#8222;Lottes l\u00e4stige Leichen <a title=\"Lottes l\u00e4stige Leichen\" href=\"https:\/\/www.rwg-bayreuth.de\/home\/?page_id=3724\">[zum Auff\u00fchrungsbericht&#8230;]<\/a><br \/>\n&gt; Die Theatergruppe der 9. Klassen f\u00fchrte &#8222;Wirbel um Klacks&#8220; auf (19:00 Uhr, Aula).<br \/>\nAlle diese Auff\u00fchrungen wurden von Angelika Guder-Sp\u00e4th einstudiert.<\/p>\n","protected":false},"excerpt":{"rendered":"<p>\u201eJetzt, wo der Sommer kommt&#8230;\u201c war der Titel des Theaterst\u00fcckes, welches die \u201eFreie Spielgruppe\u201c des RWG unter der Leitung von Evelin Wagnerin der Aula auff\u00fchrte. Wer eine heitere Teenagerromanze erwartet hatte, sah sich get\u00e4uscht, denn St\u00fcck war etwas ganz anderes [zum Auff\u00fchrungsbericht\u2026] Mit der Auff\u00fchrung endete die diesj\u00e4hrige Theatersaison am RWG, die vielf\u00e4ltig war wie&hellip;<\/p>\n","protected":false},"author":2,"featured_media":0,"comment_status":"closed","ping_status":"closed","sticky":false,"template":"","format":"standard","meta":{"footnotes":""},"categories":[1],"tags":[],"_links":{"self":[{"href":"https:\/\/www.rwg-bayreuth.de\/home\/index.php?rest_route=\/wp\/v2\/posts\/3829"}],"collection":[{"href":"https:\/\/www.rwg-bayreuth.de\/home\/index.php?rest_route=\/wp\/v2\/posts"}],"about":[{"href":"https:\/\/www.rwg-bayreuth.de\/home\/index.php?rest_route=\/wp\/v2\/types\/post"}],"author":[{"embeddable":true,"href":"https:\/\/www.rwg-bayreuth.de\/home\/index.php?rest_route=\/wp\/v2\/users\/2"}],"replies":[{"embeddable":true,"href":"https:\/\/www.rwg-bayreuth.de\/home\/index.php?rest_route=%2Fwp%2Fv2%2Fcomments&post=3829"}],"version-history":[{"count":3,"href":"https:\/\/www.rwg-bayreuth.de\/home\/index.php?rest_route=\/wp\/v2\/posts\/3829\/revisions"}],"predecessor-version":[{"id":3845,"href":"https:\/\/www.rwg-bayreuth.de\/home\/index.php?rest_route=\/wp\/v2\/posts\/3829\/revisions\/3845"}],"wp:attachment":[{"href":"https:\/\/www.rwg-bayreuth.de\/home\/index.php?rest_route=%2Fwp%2Fv2%2Fmedia&parent=3829"}],"wp:term":[{"taxonomy":"category","embeddable":true,"href":"https:\/\/www.rwg-bayreuth.de\/home\/index.php?rest_route=%2Fwp%2Fv2%2Fcategories&post=3829"},{"taxonomy":"post_tag","embeddable":true,"href":"https:\/\/www.rwg-bayreuth.de\/home\/index.php?rest_route=%2Fwp%2Fv2%2Ftags&post=3829"}],"curies":[{"name":"wp","href":"https:\/\/api.w.org\/{rel}","templated":true}]}}