{"id":38232,"date":"2025-02-27T05:56:53","date_gmt":"2025-02-27T04:56:53","guid":{"rendered":"https:\/\/www.rwg-bayreuth.de\/home\/?p=38232"},"modified":"2025-04-06T18:51:11","modified_gmt":"2025-04-06T16:51:11","slug":"antike-texte-und-gender-hochschultag-latein-2025","status":"publish","type":"post","link":"https:\/\/www.rwg-bayreuth.de\/home\/?p=38232","title":{"rendered":"Antike Texte und gender \u2013 Hochschultag Latein 2025"},"content":{"rendered":"<p><!--  Track\n\n--><a href=\"https:\/\/www.rwg-bayreuth.de\/home\/wp-content\/uploads\/2025\/03\/24-25-HochschultagLatein-Lateintag2025.jpg\"><img decoding=\"async\" src=\"https:\/\/www.rwg-bayreuth.de\/home\/wp-content\/uploads\/2025\/03\/24-25-HochschultagLatein-Lateintag2025.jpg\" alt=\"\" width=\"100%\" height=\"auto\" class=\"aligncenter size-full wp-image-38233 crop219\" srcset=\"https:\/\/www.rwg-bayreuth.de\/home\/wp-content\/uploads\/2025\/03\/24-25-HochschultagLatein-Lateintag2025.jpg 1024w, https:\/\/www.rwg-bayreuth.de\/home\/wp-content\/uploads\/2025\/03\/24-25-HochschultagLatein-Lateintag2025-150x100.jpg 150w, https:\/\/www.rwg-bayreuth.de\/home\/wp-content\/uploads\/2025\/03\/24-25-HochschultagLatein-Lateintag2025-450x300.jpg 450w, https:\/\/www.rwg-bayreuth.de\/home\/wp-content\/uploads\/2025\/03\/24-25-HochschultagLatein-Lateintag2025-768x512.jpg 768w, https:\/\/www.rwg-bayreuth.de\/home\/wp-content\/uploads\/2025\/03\/24-25-HochschultagLatein-Lateintag2025-250x167.jpg 250w, https:\/\/www.rwg-bayreuth.de\/home\/wp-content\/uploads\/2025\/03\/24-25-HochschultagLatein-Lateintag2025-900x600.jpg 900w\" sizes=\"(max-width: 1024px) 100vw, 1024px\" \/><\/a><\/p>\n<p>Vor den Faschingsferien durften zwei Sch\u00fclerinnen des RWG, Mia (Q12) und Laura (Jgst.11), im Rahmen der Regionalen Begabtenf\u00f6rderung einen besonderen Tag an der Otto-Friedrich-Universit\u00e4t in Bamberg verbringen. Das Titel der eint\u00e4gigen Pr\u00e4senzveranstaltung rund um das Fach Latein befasste sich dabei mit einem \u00e4u\u00dferst aktuellen Thema \u2013 immerhin steht das Rollenbild von \u201aMann und Frau\u2018 nicht erst seit der modernen Diskussion ums sog. \u201eGendern\u201c auf dem Pr\u00fcfstand. Ebenso finden sich in vielen Texten lateinischer Autoren typische, teils klischeehafte Verhaltensweisen f\u00fcr M\u00e4nner bzw. Frauen dargestellt, deren Rollenzuschreibungen nicht zuletzt einer hierarchisch-patriarchalischen Gesellschaftsstruktur bedingen. <\/p>\n<div class=\"su-image-carousel  clear su-image-carousel-columns-3 su-image-carousel-has-spacing su-image-carousel-crop su-image-carousel-crop-4-3 su-image-carousel-has-lightbox su-image-carousel-has-outline su-image-carousel-slides-style-minimal su-image-carousel-controls-style-light su-image-carousel-align-center\" style=\"\" data-flickity-options='{\"groupCells\":true,\"cellSelector\":\".su-image-carousel-item\",\"adaptiveHeight\":false,\"cellAlign\":\"left\",\"prevNextButtons\":true,\"pageDots\":false,\"autoPlay\":4000,\"imagesLoaded\":true,\"contain\":true,\"selectedAttraction\":0.025000000000000001,\"friction\":0.28000000000000003}' id=\"su_image_carousel_69f1b221325e9\"><div class=\"su-image-carousel-item\"><div class=\"su-image-carousel-item-content\"><a href=\"https:\/\/www.rwg-bayreuth.de\/home\/wp-content\/uploads\/2025\/03\/24-25-HochschultagLatein-Einfuehrung.jpg\" data-caption=\"\"><img loading=\"lazy\" decoding=\"async\" width=\"1024\" height=\"768\" src=\"https:\/\/www.rwg-bayreuth.de\/home\/wp-content\/uploads\/2025\/03\/24-25-HochschultagLatein-Einfuehrung.jpg\" class=\"\" alt=\"\" srcset=\"https:\/\/www.rwg-bayreuth.de\/home\/wp-content\/uploads\/2025\/03\/24-25-HochschultagLatein-Einfuehrung.jpg 1024w, https:\/\/www.rwg-bayreuth.de\/home\/wp-content\/uploads\/2025\/03\/24-25-HochschultagLatein-Einfuehrung-150x113.jpg 150w, https:\/\/www.rwg-bayreuth.de\/home\/wp-content\/uploads\/2025\/03\/24-25-HochschultagLatein-Einfuehrung-450x338.jpg 450w, https:\/\/www.rwg-bayreuth.de\/home\/wp-content\/uploads\/2025\/03\/24-25-HochschultagLatein-Einfuehrung-768x576.jpg 768w, https:\/\/www.rwg-bayreuth.de\/home\/wp-content\/uploads\/2025\/03\/24-25-HochschultagLatein-Einfuehrung-250x188.jpg 250w\" sizes=\"(max-width: 1024px) 100vw, 1024px\" \/><\/a><\/div><\/div><div class=\"su-image-carousel-item\"><div class=\"su-image-carousel-item-content\"><a href=\"https:\/\/www.rwg-bayreuth.de\/home\/wp-content\/uploads\/2025\/03\/24-25-HochschultagLatein-Teilnehmer1.jpg\" data-caption=\"\"><img loading=\"lazy\" decoding=\"async\" width=\"1024\" height=\"768\" src=\"https:\/\/www.rwg-bayreuth.de\/home\/wp-content\/uploads\/2025\/03\/24-25-HochschultagLatein-Teilnehmer1.jpg\" class=\"\" alt=\"\" srcset=\"https:\/\/www.rwg-bayreuth.de\/home\/wp-content\/uploads\/2025\/03\/24-25-HochschultagLatein-Teilnehmer1.jpg 1024w, https:\/\/www.rwg-bayreuth.de\/home\/wp-content\/uploads\/2025\/03\/24-25-HochschultagLatein-Teilnehmer1-150x113.jpg 150w, https:\/\/www.rwg-bayreuth.de\/home\/wp-content\/uploads\/2025\/03\/24-25-HochschultagLatein-Teilnehmer1-450x338.jpg 450w, https:\/\/www.rwg-bayreuth.de\/home\/wp-content\/uploads\/2025\/03\/24-25-HochschultagLatein-Teilnehmer1-768x576.jpg 768w, https:\/\/www.rwg-bayreuth.de\/home\/wp-content\/uploads\/2025\/03\/24-25-HochschultagLatein-Teilnehmer1-250x188.jpg 250w\" sizes=\"(max-width: 1024px) 100vw, 1024px\" \/><\/a><\/div><\/div><div class=\"su-image-carousel-item\"><div class=\"su-image-carousel-item-content\"><a href=\"https:\/\/www.rwg-bayreuth.de\/home\/wp-content\/uploads\/2025\/03\/24-25-HochschultagLatein-Teinehmer2.jpg\" data-caption=\"\"><img loading=\"lazy\" decoding=\"async\" width=\"1024\" height=\"768\" src=\"https:\/\/www.rwg-bayreuth.de\/home\/wp-content\/uploads\/2025\/03\/24-25-HochschultagLatein-Teinehmer2.jpg\" class=\"\" alt=\"\" srcset=\"https:\/\/www.rwg-bayreuth.de\/home\/wp-content\/uploads\/2025\/03\/24-25-HochschultagLatein-Teinehmer2.jpg 1024w, https:\/\/www.rwg-bayreuth.de\/home\/wp-content\/uploads\/2025\/03\/24-25-HochschultagLatein-Teinehmer2-150x113.jpg 150w, https:\/\/www.rwg-bayreuth.de\/home\/wp-content\/uploads\/2025\/03\/24-25-HochschultagLatein-Teinehmer2-450x338.jpg 450w, https:\/\/www.rwg-bayreuth.de\/home\/wp-content\/uploads\/2025\/03\/24-25-HochschultagLatein-Teinehmer2-768x576.jpg 768w, https:\/\/www.rwg-bayreuth.de\/home\/wp-content\/uploads\/2025\/03\/24-25-HochschultagLatein-Teinehmer2-250x188.jpg 250w\" sizes=\"(max-width: 1024px) 100vw, 1024px\" \/><\/a><\/div><\/div><\/div><script id=\"su_image_carousel_69f1b221325e9_script\">if(window.SUImageCarousel){setTimeout(function() {window.SUImageCarousel.initGallery(document.getElementById(\"su_image_carousel_69f1b221325e9\"))}, 0);}var su_image_carousel_69f1b221325e9_script=document.getElementById(\"su_image_carousel_69f1b221325e9_script\");if(su_image_carousel_69f1b221325e9_script){su_image_carousel_69f1b221325e9_script.parentNode.removeChild(su_image_carousel_69f1b221325e9_script);}<\/script>\n<p>Das Interesse f\u00fcr Fach und Thema war dabei gro\u00df, sodass sich insgesamt knapp 50 Sch\u00fcler\/-innen (samt begleitenden Lehrkr\u00e4ften) zu Beginn der Veranstaltung, die als Kooperation zwischen dem Lehrstuhl f\u00fcr Klassische Philologie\/Latinistik und der oberfr\u00e4nkischen Begabtenf\u00f6rderung organisiert war, im H\u00f6rsaal der Uni einfanden.<br \/>\nNach zwei einf\u00fchrenden Impulsvortr\u00e4gen zum Thema \u201aGender- was ist das eigentlich\u2018 von AR Dr. J. Brehm bzw. Prof. Dr. M. Schauer (Thema: Rollenbilder von \u201aMann und Frau\u2018 in Rom) erfolgte \u2013 je nach individueller Interessenslage \u2013 die Einteilung der Sch\u00fcler\/-innen zu den einzelnen Workshops. Dabei wurden u.a. besondere Frauenfiguren in der Antike in den Blick genommen, wie z.B. Sempronia und Fulvia in Sallusts \u201aConiuratio Catilinae\u2018; ebenso reflektierten die Teilnehmer\/-innen die Figur der Clodia bei Cicero oder aber befassten sich mit der Beziehung zwischen Dido und Aeneas in Vergils Epos \u201aAeneis\u2018 etc.<\/p>\n<div class=\"su-image-carousel  clear su-image-carousel-columns-3 su-image-carousel-has-spacing su-image-carousel-crop su-image-carousel-crop-4-3 su-image-carousel-has-lightbox su-image-carousel-has-outline su-image-carousel-slides-style-minimal su-image-carousel-controls-style-light su-image-carousel-align-center\" style=\"\" data-flickity-options='{\"groupCells\":true,\"cellSelector\":\".su-image-carousel-item\",\"adaptiveHeight\":false,\"cellAlign\":\"left\",\"prevNextButtons\":true,\"pageDots\":false,\"autoPlay\":4000,\"imagesLoaded\":true,\"contain\":true,\"selectedAttraction\":0.025000000000000001,\"friction\":0.28000000000000003}' id=\"su_image_carousel_69f1b22132ab0\"><div class=\"su-image-carousel-item\"><div class=\"su-image-carousel-item-content\"><a href=\"https:\/\/www.rwg-bayreuth.de\/home\/wp-content\/uploads\/2025\/03\/24-25-HochschultagLatein-Workshop1.jpg\" data-caption=\"\"><img loading=\"lazy\" decoding=\"async\" width=\"800\" height=\"600\" src=\"https:\/\/www.rwg-bayreuth.de\/home\/wp-content\/uploads\/2025\/03\/24-25-HochschultagLatein-Workshop1.jpg\" class=\"\" alt=\"\" srcset=\"https:\/\/www.rwg-bayreuth.de\/home\/wp-content\/uploads\/2025\/03\/24-25-HochschultagLatein-Workshop1.jpg 800w, https:\/\/www.rwg-bayreuth.de\/home\/wp-content\/uploads\/2025\/03\/24-25-HochschultagLatein-Workshop1-150x113.jpg 150w, https:\/\/www.rwg-bayreuth.de\/home\/wp-content\/uploads\/2025\/03\/24-25-HochschultagLatein-Workshop1-450x338.jpg 450w, https:\/\/www.rwg-bayreuth.de\/home\/wp-content\/uploads\/2025\/03\/24-25-HochschultagLatein-Workshop1-768x576.jpg 768w, https:\/\/www.rwg-bayreuth.de\/home\/wp-content\/uploads\/2025\/03\/24-25-HochschultagLatein-Workshop1-250x188.jpg 250w\" sizes=\"(max-width: 800px) 100vw, 800px\" \/><\/a><\/div><\/div><div class=\"su-image-carousel-item\"><div class=\"su-image-carousel-item-content\"><a href=\"https:\/\/www.rwg-bayreuth.de\/home\/wp-content\/uploads\/2025\/03\/24-25-HochschultagLatein-Workshop2.jpg\" data-caption=\"\"><img loading=\"lazy\" decoding=\"async\" width=\"1024\" height=\"768\" src=\"https:\/\/www.rwg-bayreuth.de\/home\/wp-content\/uploads\/2025\/03\/24-25-HochschultagLatein-Workshop2.jpg\" class=\"\" alt=\"\" srcset=\"https:\/\/www.rwg-bayreuth.de\/home\/wp-content\/uploads\/2025\/03\/24-25-HochschultagLatein-Workshop2.jpg 1024w, https:\/\/www.rwg-bayreuth.de\/home\/wp-content\/uploads\/2025\/03\/24-25-HochschultagLatein-Workshop2-150x113.jpg 150w, https:\/\/www.rwg-bayreuth.de\/home\/wp-content\/uploads\/2025\/03\/24-25-HochschultagLatein-Workshop2-450x338.jpg 450w, https:\/\/www.rwg-bayreuth.de\/home\/wp-content\/uploads\/2025\/03\/24-25-HochschultagLatein-Workshop2-768x576.jpg 768w, https:\/\/www.rwg-bayreuth.de\/home\/wp-content\/uploads\/2025\/03\/24-25-HochschultagLatein-Workshop2-250x188.jpg 250w\" sizes=\"(max-width: 1024px) 100vw, 1024px\" \/><\/a><\/div><\/div><div class=\"su-image-carousel-item\"><div class=\"su-image-carousel-item-content\"><a href=\"https:\/\/www.rwg-bayreuth.de\/home\/wp-content\/uploads\/2025\/03\/24-25-HochschultagLatein-Workshop3.jpg\" data-caption=\"\"><img loading=\"lazy\" decoding=\"async\" width=\"1024\" height=\"768\" src=\"https:\/\/www.rwg-bayreuth.de\/home\/wp-content\/uploads\/2025\/03\/24-25-HochschultagLatein-Workshop3.jpg\" class=\"\" alt=\"\" srcset=\"https:\/\/www.rwg-bayreuth.de\/home\/wp-content\/uploads\/2025\/03\/24-25-HochschultagLatein-Workshop3.jpg 1024w, https:\/\/www.rwg-bayreuth.de\/home\/wp-content\/uploads\/2025\/03\/24-25-HochschultagLatein-Workshop3-150x113.jpg 150w, https:\/\/www.rwg-bayreuth.de\/home\/wp-content\/uploads\/2025\/03\/24-25-HochschultagLatein-Workshop3-450x338.jpg 450w, https:\/\/www.rwg-bayreuth.de\/home\/wp-content\/uploads\/2025\/03\/24-25-HochschultagLatein-Workshop3-768x576.jpg 768w, https:\/\/www.rwg-bayreuth.de\/home\/wp-content\/uploads\/2025\/03\/24-25-HochschultagLatein-Workshop3-250x188.jpg 250w\" sizes=\"(max-width: 1024px) 100vw, 1024px\" \/><\/a><\/div><\/div><div class=\"su-image-carousel-item\"><div class=\"su-image-carousel-item-content\"><a href=\"https:\/\/www.rwg-bayreuth.de\/home\/wp-content\/uploads\/2025\/03\/24-25-HochschultagLatein-Workshop4.jpg\" data-caption=\"\"><img loading=\"lazy\" decoding=\"async\" width=\"1024\" height=\"768\" src=\"https:\/\/www.rwg-bayreuth.de\/home\/wp-content\/uploads\/2025\/03\/24-25-HochschultagLatein-Workshop4.jpg\" class=\"\" alt=\"\" srcset=\"https:\/\/www.rwg-bayreuth.de\/home\/wp-content\/uploads\/2025\/03\/24-25-HochschultagLatein-Workshop4.jpg 1024w, https:\/\/www.rwg-bayreuth.de\/home\/wp-content\/uploads\/2025\/03\/24-25-HochschultagLatein-Workshop4-150x113.jpg 150w, https:\/\/www.rwg-bayreuth.de\/home\/wp-content\/uploads\/2025\/03\/24-25-HochschultagLatein-Workshop4-450x338.jpg 450w, https:\/\/www.rwg-bayreuth.de\/home\/wp-content\/uploads\/2025\/03\/24-25-HochschultagLatein-Workshop4-768x576.jpg 768w, https:\/\/www.rwg-bayreuth.de\/home\/wp-content\/uploads\/2025\/03\/24-25-HochschultagLatein-Workshop4-250x188.jpg 250w\" sizes=\"(max-width: 1024px) 100vw, 1024px\" \/><\/a><\/div><\/div><div class=\"su-image-carousel-item\"><div class=\"su-image-carousel-item-content\"><a href=\"https:\/\/www.rwg-bayreuth.de\/home\/wp-content\/uploads\/2025\/03\/24-25-HochschultagLatein-Workshop5.jpg\" data-caption=\"\"><img loading=\"lazy\" decoding=\"async\" width=\"1024\" height=\"768\" src=\"https:\/\/www.rwg-bayreuth.de\/home\/wp-content\/uploads\/2025\/03\/24-25-HochschultagLatein-Workshop5.jpg\" class=\"\" alt=\"\" srcset=\"https:\/\/www.rwg-bayreuth.de\/home\/wp-content\/uploads\/2025\/03\/24-25-HochschultagLatein-Workshop5.jpg 1024w, https:\/\/www.rwg-bayreuth.de\/home\/wp-content\/uploads\/2025\/03\/24-25-HochschultagLatein-Workshop5-150x113.jpg 150w, https:\/\/www.rwg-bayreuth.de\/home\/wp-content\/uploads\/2025\/03\/24-25-HochschultagLatein-Workshop5-450x338.jpg 450w, https:\/\/www.rwg-bayreuth.de\/home\/wp-content\/uploads\/2025\/03\/24-25-HochschultagLatein-Workshop5-768x576.jpg 768w, https:\/\/www.rwg-bayreuth.de\/home\/wp-content\/uploads\/2025\/03\/24-25-HochschultagLatein-Workshop5-250x188.jpg 250w\" sizes=\"(max-width: 1024px) 100vw, 1024px\" \/><\/a><\/div><\/div><div class=\"su-image-carousel-item\"><div class=\"su-image-carousel-item-content\"><a href=\"https:\/\/www.rwg-bayreuth.de\/home\/wp-content\/uploads\/2025\/03\/24-25-HochschultagLatein-Workshop6.jpg\" data-caption=\"\"><img loading=\"lazy\" decoding=\"async\" width=\"1024\" height=\"768\" src=\"https:\/\/www.rwg-bayreuth.de\/home\/wp-content\/uploads\/2025\/03\/24-25-HochschultagLatein-Workshop6.jpg\" class=\"\" alt=\"\" srcset=\"https:\/\/www.rwg-bayreuth.de\/home\/wp-content\/uploads\/2025\/03\/24-25-HochschultagLatein-Workshop6.jpg 1024w, https:\/\/www.rwg-bayreuth.de\/home\/wp-content\/uploads\/2025\/03\/24-25-HochschultagLatein-Workshop6-150x113.jpg 150w, https:\/\/www.rwg-bayreuth.de\/home\/wp-content\/uploads\/2025\/03\/24-25-HochschultagLatein-Workshop6-450x338.jpg 450w, https:\/\/www.rwg-bayreuth.de\/home\/wp-content\/uploads\/2025\/03\/24-25-HochschultagLatein-Workshop6-768x576.jpg 768w, https:\/\/www.rwg-bayreuth.de\/home\/wp-content\/uploads\/2025\/03\/24-25-HochschultagLatein-Workshop6-250x188.jpg 250w\" sizes=\"(max-width: 1024px) 100vw, 1024px\" \/><\/a><\/div><\/div><\/div><script id=\"su_image_carousel_69f1b22132ab0_script\">if(window.SUImageCarousel){setTimeout(function() {window.SUImageCarousel.initGallery(document.getElementById(\"su_image_carousel_69f1b22132ab0\"))}, 0);}var su_image_carousel_69f1b22132ab0_script=document.getElementById(\"su_image_carousel_69f1b22132ab0_script\");if(su_image_carousel_69f1b22132ab0_script){su_image_carousel_69f1b22132ab0_script.parentNode.removeChild(su_image_carousel_69f1b22132ab0_script);}<\/script>\n<p>Die einzelnen Gruppen bekamen dabei unterschiedliche Auftr\u00e4ge, immer jedoch standen nat\u00fcrlich lateinische Textgrundlagen (inkl. deutscher \u00dcbersetzung) im Vordergrund, anhand derer Textverst\u00e4ndnis und Interpretation erarbeitet wurden. Im Laufe der ca. 90-min\u00fctigen Arbeitsphase entwickelten die Teilnehmer\/-innen dabei steckbriefartige Plakate zu einzelnen Frauenfiguren, andernorts bildete eine interaktiv gestaltete Stationenarbeit zu unterschiedlichen Aspekten des Themas die Grundlage f\u00fcr eine motivierte Diskussion im Anschluss.<br \/>\nNach einer sehr konzentrierten Arbeitsphase sowie angeregten Diskussionsrunden am Vormittag hatten sich alle Teilnehmenden die Mittagspause in der angrenzenden Mensa bei leckerem Essen nicht nur mehr als verdient, sondern konnten bei dieser Gelegenheit auch gleich einmal \u201aechte Uniluft schnuppern\u2018 &#8211; angeregter Austausch selbstverst\u00e4ndlich inklusive \uf04a<br \/>\nAm Nachmittag folgte dann ein zweite Runde Workshops, bevor in einer Abschlussrunde kurze Informationen zum (Latein-)Studium in Bamberg den gleicherma\u00dfen interessanten wie auch lehrreichen Tag f\u00fcr Sch\u00fcler\/-innen und begleitende Lehrkr\u00e4fte abrundeten.<br \/>\nEs bleibt zu hoffen, dass diese sehr gelungene Veranstaltung auch in den kommenden Jahren als eine feste Gr\u00f6\u00dfe i.S. einer Kooperation zwischen Schule und Universit\u00e4t erhalten bleibt!<\/p>\n<p><em>S. Track<\/em><\/p>\n","protected":false},"excerpt":{"rendered":"<p>Vor den Faschingsferien durften zwei Sch\u00fclerinnen des RWG, Mia (Q12) und Laura (Jgst.11), im Rahmen der Regionalen Begabtenf\u00f6rderung einen besonderen Tag an der Otto-Friedrich-Universit\u00e4t in Bamberg verbringen. Das Titel der eint\u00e4gigen Pr\u00e4senzveranstaltung rund um das Fach Latein befasste sich dabei mit einem \u00e4u\u00dferst aktuellen Thema \u2013 immerhin steht das Rollenbild von \u201aMann und Frau\u2018 nicht&hellip;<\/p>\n","protected":false},"author":11,"featured_media":38233,"comment_status":"closed","ping_status":"closed","sticky":false,"template":"","format":"standard","meta":{"footnotes":""},"categories":[1],"tags":[155,51,67],"_links":{"self":[{"href":"https:\/\/www.rwg-bayreuth.de\/home\/index.php?rest_route=\/wp\/v2\/posts\/38232"}],"collection":[{"href":"https:\/\/www.rwg-bayreuth.de\/home\/index.php?rest_route=\/wp\/v2\/posts"}],"about":[{"href":"https:\/\/www.rwg-bayreuth.de\/home\/index.php?rest_route=\/wp\/v2\/types\/post"}],"author":[{"embeddable":true,"href":"https:\/\/www.rwg-bayreuth.de\/home\/index.php?rest_route=\/wp\/v2\/users\/11"}],"replies":[{"embeddable":true,"href":"https:\/\/www.rwg-bayreuth.de\/home\/index.php?rest_route=%2Fwp%2Fv2%2Fcomments&post=38232"}],"version-history":[{"count":4,"href":"https:\/\/www.rwg-bayreuth.de\/home\/index.php?rest_route=\/wp\/v2\/posts\/38232\/revisions"}],"predecessor-version":[{"id":38535,"href":"https:\/\/www.rwg-bayreuth.de\/home\/index.php?rest_route=\/wp\/v2\/posts\/38232\/revisions\/38535"}],"wp:featuredmedia":[{"embeddable":true,"href":"https:\/\/www.rwg-bayreuth.de\/home\/index.php?rest_route=\/wp\/v2\/media\/38233"}],"wp:attachment":[{"href":"https:\/\/www.rwg-bayreuth.de\/home\/index.php?rest_route=%2Fwp%2Fv2%2Fmedia&parent=38232"}],"wp:term":[{"taxonomy":"category","embeddable":true,"href":"https:\/\/www.rwg-bayreuth.de\/home\/index.php?rest_route=%2Fwp%2Fv2%2Fcategories&post=38232"},{"taxonomy":"post_tag","embeddable":true,"href":"https:\/\/www.rwg-bayreuth.de\/home\/index.php?rest_route=%2Fwp%2Fv2%2Ftags&post=38232"}],"curies":[{"name":"wp","href":"https:\/\/api.w.org\/{rel}","templated":true}]}}