{"id":38208,"date":"2025-02-27T05:16:45","date_gmt":"2025-02-27T04:16:45","guid":{"rendered":"https:\/\/www.rwg-bayreuth.de\/home\/?p=38208"},"modified":"2025-04-02T17:46:05","modified_gmt":"2025-04-02T15:46:05","slug":"pfannkuchen-fuer-einen-guten-zweck","status":"publish","type":"post","link":"https:\/\/www.rwg-bayreuth.de\/home\/?p=38208","title":{"rendered":"Pfannkuchen f\u00fcr einen guten Zweck"},"content":{"rendered":"<p><!-- Feldm\u00fcller\n\n--><a href=\"https:\/\/www.rwg-bayreuth.de\/home\/wp-content\/uploads\/2025\/03\/24-25-Reli-Pfannkuchenaktion-3.jpg\"><img decoding=\"async\" src=\"https:\/\/www.rwg-bayreuth.de\/home\/wp-content\/uploads\/2025\/03\/24-25-Reli-Pfannkuchenaktion-3.jpg\" alt=\"\" width=\"100%\" height=\"auto\" class=\"aligncenter size-full wp-image-38219 crop219\" srcset=\"https:\/\/www.rwg-bayreuth.de\/home\/wp-content\/uploads\/2025\/03\/24-25-Reli-Pfannkuchenaktion-3.jpg 1024w, https:\/\/www.rwg-bayreuth.de\/home\/wp-content\/uploads\/2025\/03\/24-25-Reli-Pfannkuchenaktion-3-150x113.jpg 150w, https:\/\/www.rwg-bayreuth.de\/home\/wp-content\/uploads\/2025\/03\/24-25-Reli-Pfannkuchenaktion-3-450x338.jpg 450w, https:\/\/www.rwg-bayreuth.de\/home\/wp-content\/uploads\/2025\/03\/24-25-Reli-Pfannkuchenaktion-3-768x576.jpg 768w, https:\/\/www.rwg-bayreuth.de\/home\/wp-content\/uploads\/2025\/03\/24-25-Reli-Pfannkuchenaktion-3-250x188.jpg 250w\" sizes=\"(max-width: 1024px) 100vw, 1024px\" \/><\/a><\/p>\n<p>Am 26. Februar 2025 hat die Reliklasse 8def von Frau Feldm\u00fcller einen Pfannkuchenverkauf veranstaltet, um das Geld ans Hilfswerk Misereor zu spenden und damit einen kleinen Beitrag zu einer gerechteren Welt zu leisten. Die Klasse hat direkt am Morgen in der Schulk\u00fcche angefangen die Pfannkuchen vorzubereiten und hat sie anschlie\u00dfend in der gro\u00dfen Pause verkauft.\u00a0<\/p>\n<p  class=\"ohne\">Gedanken und Meinungen der Sch\u00fcler:<\/p>\n<ul>\n<li>Nicola: \u201eIch fand es lustig etwas gemeinsam mit der Religruppe zu machen. Vor allem ist es toll, dass wir das Geld f\u00fcr einen guten Zweck verwenden.\u201c<\/li>\n<li>Jonas: \u201eIch finde es sehr sch\u00f6n, dass wir eine Spendenaktion veranstalten und hoffe, dass wir viel Geld einnehmen.\u201c<\/li>\n<li>Sophie: \u201eEs war sch\u00f6n mit den anderen zusammen zu arbeiten und die Veranstaltung mit der Klasse auf die Beine zu stellen.\u201c<\/li>\n<\/ul>\n<div class=\"su-image-carousel  clear su-image-carousel-columns-3 su-image-carousel-has-spacing su-image-carousel-crop su-image-carousel-crop-4-3 su-image-carousel-has-lightbox su-image-carousel-has-outline su-image-carousel-slides-style-minimal su-image-carousel-controls-style-light su-image-carousel-align-center\" style=\"\" data-flickity-options='{\"groupCells\":true,\"cellSelector\":\".su-image-carousel-item\",\"adaptiveHeight\":false,\"cellAlign\":\"left\",\"prevNextButtons\":true,\"pageDots\":false,\"autoPlay\":4000,\"imagesLoaded\":true,\"contain\":true,\"selectedAttraction\":0.025000000000000001,\"friction\":0.28000000000000003}' id=\"su_image_carousel_69f1b29eb7da5\"><div class=\"su-image-carousel-item\"><div class=\"su-image-carousel-item-content\"><a href=\"https:\/\/www.rwg-bayreuth.de\/home\/wp-content\/uploads\/2025\/03\/24-25-Reli-Pfannkuchenaktion-1.jpg\" data-caption=\"\"><img loading=\"lazy\" decoding=\"async\" width=\"1024\" height=\"768\" src=\"https:\/\/www.rwg-bayreuth.de\/home\/wp-content\/uploads\/2025\/03\/24-25-Reli-Pfannkuchenaktion-1.jpg\" class=\"\" alt=\"\" srcset=\"https:\/\/www.rwg-bayreuth.de\/home\/wp-content\/uploads\/2025\/03\/24-25-Reli-Pfannkuchenaktion-1.jpg 1024w, https:\/\/www.rwg-bayreuth.de\/home\/wp-content\/uploads\/2025\/03\/24-25-Reli-Pfannkuchenaktion-1-150x113.jpg 150w, https:\/\/www.rwg-bayreuth.de\/home\/wp-content\/uploads\/2025\/03\/24-25-Reli-Pfannkuchenaktion-1-450x338.jpg 450w, https:\/\/www.rwg-bayreuth.de\/home\/wp-content\/uploads\/2025\/03\/24-25-Reli-Pfannkuchenaktion-1-768x576.jpg 768w, https:\/\/www.rwg-bayreuth.de\/home\/wp-content\/uploads\/2025\/03\/24-25-Reli-Pfannkuchenaktion-1-250x188.jpg 250w\" sizes=\"(max-width: 1024px) 100vw, 1024px\" \/><\/a><\/div><\/div><div class=\"su-image-carousel-item\"><div class=\"su-image-carousel-item-content\"><a href=\"https:\/\/www.rwg-bayreuth.de\/home\/wp-content\/uploads\/2025\/03\/24-25-Reli-Pfannkuchenaktion-2.jpg\" data-caption=\"\"><img loading=\"lazy\" decoding=\"async\" width=\"1024\" height=\"768\" src=\"https:\/\/www.rwg-bayreuth.de\/home\/wp-content\/uploads\/2025\/03\/24-25-Reli-Pfannkuchenaktion-2.jpg\" class=\"\" alt=\"\" srcset=\"https:\/\/www.rwg-bayreuth.de\/home\/wp-content\/uploads\/2025\/03\/24-25-Reli-Pfannkuchenaktion-2.jpg 1024w, https:\/\/www.rwg-bayreuth.de\/home\/wp-content\/uploads\/2025\/03\/24-25-Reli-Pfannkuchenaktion-2-150x113.jpg 150w, https:\/\/www.rwg-bayreuth.de\/home\/wp-content\/uploads\/2025\/03\/24-25-Reli-Pfannkuchenaktion-2-450x338.jpg 450w, https:\/\/www.rwg-bayreuth.de\/home\/wp-content\/uploads\/2025\/03\/24-25-Reli-Pfannkuchenaktion-2-768x576.jpg 768w, https:\/\/www.rwg-bayreuth.de\/home\/wp-content\/uploads\/2025\/03\/24-25-Reli-Pfannkuchenaktion-2-250x188.jpg 250w\" sizes=\"(max-width: 1024px) 100vw, 1024px\" \/><\/a><\/div><\/div><div class=\"su-image-carousel-item\"><div class=\"su-image-carousel-item-content\"><a href=\"https:\/\/www.rwg-bayreuth.de\/home\/wp-content\/uploads\/2025\/03\/24-25-Reli-Pfannkuchenaktion-4.jpg\" data-caption=\"\"><img loading=\"lazy\" decoding=\"async\" width=\"1024\" height=\"768\" src=\"https:\/\/www.rwg-bayreuth.de\/home\/wp-content\/uploads\/2025\/03\/24-25-Reli-Pfannkuchenaktion-4.jpg\" class=\"\" alt=\"\" srcset=\"https:\/\/www.rwg-bayreuth.de\/home\/wp-content\/uploads\/2025\/03\/24-25-Reli-Pfannkuchenaktion-4.jpg 1024w, https:\/\/www.rwg-bayreuth.de\/home\/wp-content\/uploads\/2025\/03\/24-25-Reli-Pfannkuchenaktion-4-150x113.jpg 150w, https:\/\/www.rwg-bayreuth.de\/home\/wp-content\/uploads\/2025\/03\/24-25-Reli-Pfannkuchenaktion-4-450x338.jpg 450w, https:\/\/www.rwg-bayreuth.de\/home\/wp-content\/uploads\/2025\/03\/24-25-Reli-Pfannkuchenaktion-4-768x576.jpg 768w, https:\/\/www.rwg-bayreuth.de\/home\/wp-content\/uploads\/2025\/03\/24-25-Reli-Pfannkuchenaktion-4-250x188.jpg 250w\" sizes=\"(max-width: 1024px) 100vw, 1024px\" \/><\/a><\/div><\/div><\/div><script id=\"su_image_carousel_69f1b29eb7da5_script\">if(window.SUImageCarousel){setTimeout(function() {window.SUImageCarousel.initGallery(document.getElementById(\"su_image_carousel_69f1b29eb7da5\"))}, 0);}var su_image_carousel_69f1b29eb7da5_script=document.getElementById(\"su_image_carousel_69f1b29eb7da5_script\");if(su_image_carousel_69f1b29eb7da5_script){su_image_carousel_69f1b29eb7da5_script.parentNode.removeChild(su_image_carousel_69f1b29eb7da5_script);}<\/script>\n<p>In der folgenden Stunde ging es ans Geld z\u00e4hlen: 115,90\u20ac haben die Sch\u00fcler eingenommen. Diese gehen an Projekte f\u00fcr Stra\u00dfenkinder in Indien und f\u00fcr Menschen im brasilianischen Regenwald. Frau Feldm\u00fcller ist stolz auf die Sch\u00fcler, die dieses Projekt von der ersten Idee an selbst entwickelt, geplant und durchgef\u00fchrt haben.<\/p>\n","protected":false},"excerpt":{"rendered":"<p>Am 26. Februar 2025 hat die Reliklasse 8def von Frau Feldm\u00fcller einen Pfannkuchenverkauf veranstaltet, um das Geld ans Hilfswerk Misereor zu spenden und damit einen kleinen Beitrag zu einer gerechteren Welt zu leisten. Die Klasse hat direkt am Morgen in der Schulk\u00fcche angefangen die Pfannkuchen vorzubereiten und hat sie anschlie\u00dfend in der gro\u00dfen Pause verkauft.\u00a0&hellip;<\/p>\n","protected":false},"author":11,"featured_media":38209,"comment_status":"closed","ping_status":"closed","sticky":false,"template":"","format":"standard","meta":{"footnotes":""},"categories":[1],"tags":[51,62],"_links":{"self":[{"href":"https:\/\/www.rwg-bayreuth.de\/home\/index.php?rest_route=\/wp\/v2\/posts\/38208"}],"collection":[{"href":"https:\/\/www.rwg-bayreuth.de\/home\/index.php?rest_route=\/wp\/v2\/posts"}],"about":[{"href":"https:\/\/www.rwg-bayreuth.de\/home\/index.php?rest_route=\/wp\/v2\/types\/post"}],"author":[{"embeddable":true,"href":"https:\/\/www.rwg-bayreuth.de\/home\/index.php?rest_route=\/wp\/v2\/users\/11"}],"replies":[{"embeddable":true,"href":"https:\/\/www.rwg-bayreuth.de\/home\/index.php?rest_route=%2Fwp%2Fv2%2Fcomments&post=38208"}],"version-history":[{"count":8,"href":"https:\/\/www.rwg-bayreuth.de\/home\/index.php?rest_route=\/wp\/v2\/posts\/38208\/revisions"}],"predecessor-version":[{"id":38461,"href":"https:\/\/www.rwg-bayreuth.de\/home\/index.php?rest_route=\/wp\/v2\/posts\/38208\/revisions\/38461"}],"wp:featuredmedia":[{"embeddable":true,"href":"https:\/\/www.rwg-bayreuth.de\/home\/index.php?rest_route=\/wp\/v2\/media\/38209"}],"wp:attachment":[{"href":"https:\/\/www.rwg-bayreuth.de\/home\/index.php?rest_route=%2Fwp%2Fv2%2Fmedia&parent=38208"}],"wp:term":[{"taxonomy":"category","embeddable":true,"href":"https:\/\/www.rwg-bayreuth.de\/home\/index.php?rest_route=%2Fwp%2Fv2%2Fcategories&post=38208"},{"taxonomy":"post_tag","embeddable":true,"href":"https:\/\/www.rwg-bayreuth.de\/home\/index.php?rest_route=%2Fwp%2Fv2%2Ftags&post=38208"}],"curies":[{"name":"wp","href":"https:\/\/api.w.org\/{rel}","templated":true}]}}