{"id":38127,"date":"2025-02-14T05:06:22","date_gmt":"2025-02-14T04:06:22","guid":{"rendered":"https:\/\/www.rwg-bayreuth.de\/home\/?p=38127"},"modified":"2025-03-14T06:45:48","modified_gmt":"2025-03-14T05:45:48","slug":"lateinischer-adventskalender-die-praemierten-sieger-stehen-fest","status":"publish","type":"post","link":"https:\/\/www.rwg-bayreuth.de\/home\/?p=38127","title":{"rendered":"Lateinischer Adventskalender &#8211; Die pr\u00e4mierten Sieger stehen fest!"},"content":{"rendered":"<p><a href=\"https:\/\/www.rwg-bayreuth.de\/home\/wp-content\/uploads\/2025\/02\/24-25-LatAdventskalender-Adventskalender.jpg\"><img decoding=\"async\" src=\"https:\/\/www.rwg-bayreuth.de\/home\/wp-content\/uploads\/2025\/02\/24-25-LatAdventskalender-Adventskalender.jpg\" alt=\"\" width=\"100%\" height=\"auto\" class=\"aligncenter size-full wp-image-38130 crop219bottom\" srcset=\"https:\/\/www.rwg-bayreuth.de\/home\/wp-content\/uploads\/2025\/02\/24-25-LatAdventskalender-Adventskalender.jpg 1024w, https:\/\/www.rwg-bayreuth.de\/home\/wp-content\/uploads\/2025\/02\/24-25-LatAdventskalender-Adventskalender-150x81.jpg 150w, https:\/\/www.rwg-bayreuth.de\/home\/wp-content\/uploads\/2025\/02\/24-25-LatAdventskalender-Adventskalender-450x244.jpg 450w, https:\/\/www.rwg-bayreuth.de\/home\/wp-content\/uploads\/2025\/02\/24-25-LatAdventskalender-Adventskalender-768x416.jpg 768w, https:\/\/www.rwg-bayreuth.de\/home\/wp-content\/uploads\/2025\/02\/24-25-LatAdventskalender-Adventskalender-250x135.jpg 250w\" sizes=\"(max-width: 1024px) 100vw, 1024px\" \/><\/a><\/p>\n<p>Rund um das Zwischenzeugnis fand die Preisverleihung des \u201aAdventskalenders der modernen lateinischen W\u00f6rter\u2018 statt, den die Fachschaft Latein im Advent 2024 ins Leben gerufen hatte. Diese besondere Aktion erfreute sich insgesamt gro\u00dfer Beliebtheit unter den Sch\u00fcler\/-innen \u2013 wurde damit doch in der Vorweihnachtszeit auch die eine oder andere Unterrichtsstunde mit dem Rezipieren von gleicherma\u00dfen lustigen wie lehrreichen TikTok-Videos des \u201amagister Kupfer\u2018 bereichert!<\/p>\n<p>Die Teilnehmer\/-innen hatten im Anschluss pro Tag die M\u00f6glichkeit, an einem spannenden Quiz teilzunehmen: Zu jedem Video wurden passgenau eigens von der Fachschaft kreierte Aufgaben im Single-Choice-System bereitgestellt. Die Themenvielfalt war beeindruckend: Von modernen technischen Vokabeln wie \u201eKopfh\u00f6rer\u201c, \u201eComputer\u201c und \u201eTablet\u201c \u00fcber allt\u00e4gliche Getr\u00e4nke und Essen wie \u201eCocktail\u201c, \u201eKaffee\u201c, \u201eLimonade\u201c und \u201eBaguette\u201c oder \u201eSpaghetti\u201c bis hin zu typischen Br\u00e4uchen und Gewohnheiten rund um Weihnachten \u2013 alles war abgestimmt auf die Idee dieses besonderen Adventskalenders.<\/p>\n<p>Eine gewisse Herausforderung stellte die Tatsache dar, dass s\u00e4mtliche Videos \u2013 abgesehen von phasenweise Untertitelungen \u2013 ausschlie\u00dflich (!) in lateinischer Sprache gedreht wurden. Dies bot den Sch\u00fcler\/-innen die M\u00f6glichkeit, ihre Fachkenntnisse auf unterhaltsame Weise zu pr\u00fcfen und \u2013 im wahrsten Sinne des Wortes \u2013 nachzuempfinden, wie es wohl geklungen haben mag, wenn der alten Sprache Latein \u201aechtes Leben\u2018 eingehaucht w\u00fcrde. Dass dies funktionieren kann, stellen die Videos des Latine loqui im heutigen Alltag eindrucksvoll unter Beweis! Ein ganz besonderer Dank geht an unseren Lateinlehrer-Kollegen, der mit seinen professionellen Vorlagen die Vorweihnachtszeit f\u00fcr uns alle vers\u00fc\u00dft hat \u2013 optime fecisti, Christiane! \ud83d\ude42<\/p>\n<p>Mit einer Abgabefrist Anfang Januar konnten schlie\u00dflich f\u00fcnf eifrige Sch\u00fcler\/-innen pr\u00e4miert werden, die sich der Herausforderung des Quizzens und Mitdenkens erfolgreich gestellt hatten. Es ist nicht allt\u00e4glich, dass es eine Art \u201eH\u00f6rverstehens-Aufgabe\u201c auf Latein gibt, sodass die Teilnehmer\/-innen diese Chance gro\u00dfartig genutzt haben. Wir gratulieren ganz herzlich den folgenden Teilnehmer(inne)n:<\/p>\n<p>Hannes Bauer, Klasse 7b<br \/>\nJoline Pitroff, Klasse 8f<br \/>\nLukas Jahn, Klasse 9a<br \/>\nEva Persau, Klasse 9a<br \/>\nLilli Seifert, Klasse 9d<\/p>\n<div class=\"su-image-carousel  clear su-image-carousel-columns-2 su-image-carousel-has-spacing su-image-carousel-crop su-image-carousel-crop-3-2 su-image-carousel-has-lightbox su-image-carousel-has-outline su-image-carousel-slides-style-minimal su-image-carousel-controls-style-light su-image-carousel-align-center\" style=\"\" data-flickity-options='{\"groupCells\":true,\"cellSelector\":\".su-image-carousel-item\",\"adaptiveHeight\":false,\"cellAlign\":\"left\",\"prevNextButtons\":true,\"pageDots\":false,\"autoPlay\":4000,\"imagesLoaded\":true,\"contain\":true,\"selectedAttraction\":0.025000000000000001,\"friction\":0.28000000000000003}' id=\"su_image_carousel_69f1b2a8c6ff1\"><div class=\"su-image-carousel-item\"><div class=\"su-image-carousel-item-content\"><a href=\"https:\/\/www.rwg-bayreuth.de\/home\/wp-content\/uploads\/2025\/02\/24-25-LatAdventskalender-Sieger1.jpg\" data-caption=\"\"><img loading=\"lazy\" decoding=\"async\" width=\"1024\" height=\"683\" src=\"https:\/\/www.rwg-bayreuth.de\/home\/wp-content\/uploads\/2025\/02\/24-25-LatAdventskalender-Sieger1.jpg\" class=\"\" alt=\"\" srcset=\"https:\/\/www.rwg-bayreuth.de\/home\/wp-content\/uploads\/2025\/02\/24-25-LatAdventskalender-Sieger1.jpg 1024w, https:\/\/www.rwg-bayreuth.de\/home\/wp-content\/uploads\/2025\/02\/24-25-LatAdventskalender-Sieger1-150x100.jpg 150w, https:\/\/www.rwg-bayreuth.de\/home\/wp-content\/uploads\/2025\/02\/24-25-LatAdventskalender-Sieger1-450x300.jpg 450w, https:\/\/www.rwg-bayreuth.de\/home\/wp-content\/uploads\/2025\/02\/24-25-LatAdventskalender-Sieger1-768x512.jpg 768w, https:\/\/www.rwg-bayreuth.de\/home\/wp-content\/uploads\/2025\/02\/24-25-LatAdventskalender-Sieger1-250x167.jpg 250w, https:\/\/www.rwg-bayreuth.de\/home\/wp-content\/uploads\/2025\/02\/24-25-LatAdventskalender-Sieger1-900x600.jpg 900w\" sizes=\"(max-width: 1024px) 100vw, 1024px\" \/><\/a><\/div><\/div><div class=\"su-image-carousel-item\"><div class=\"su-image-carousel-item-content\"><a href=\"https:\/\/www.rwg-bayreuth.de\/home\/wp-content\/uploads\/2025\/02\/24-25-LatAdventskalender-Sieger2.jpg\" data-caption=\"\"><img loading=\"lazy\" decoding=\"async\" width=\"1024\" height=\"683\" src=\"https:\/\/www.rwg-bayreuth.de\/home\/wp-content\/uploads\/2025\/02\/24-25-LatAdventskalender-Sieger2.jpg\" class=\"\" alt=\"\" srcset=\"https:\/\/www.rwg-bayreuth.de\/home\/wp-content\/uploads\/2025\/02\/24-25-LatAdventskalender-Sieger2.jpg 1024w, https:\/\/www.rwg-bayreuth.de\/home\/wp-content\/uploads\/2025\/02\/24-25-LatAdventskalender-Sieger2-150x100.jpg 150w, https:\/\/www.rwg-bayreuth.de\/home\/wp-content\/uploads\/2025\/02\/24-25-LatAdventskalender-Sieger2-450x300.jpg 450w, https:\/\/www.rwg-bayreuth.de\/home\/wp-content\/uploads\/2025\/02\/24-25-LatAdventskalender-Sieger2-768x512.jpg 768w, https:\/\/www.rwg-bayreuth.de\/home\/wp-content\/uploads\/2025\/02\/24-25-LatAdventskalender-Sieger2-250x167.jpg 250w, https:\/\/www.rwg-bayreuth.de\/home\/wp-content\/uploads\/2025\/02\/24-25-LatAdventskalender-Sieger2-900x600.jpg 900w\" sizes=\"(max-width: 1024px) 100vw, 1024px\" \/><\/a><\/div><\/div><\/div><script id=\"su_image_carousel_69f1b2a8c6ff1_script\">if(window.SUImageCarousel){setTimeout(function() {window.SUImageCarousel.initGallery(document.getElementById(\"su_image_carousel_69f1b2a8c6ff1\"))}, 0);}var su_image_carousel_69f1b2a8c6ff1_script=document.getElementById(\"su_image_carousel_69f1b2a8c6ff1_script\");if(su_image_carousel_69f1b2a8c6ff1_script){su_image_carousel_69f1b2a8c6ff1_script.parentNode.removeChild(su_image_carousel_69f1b2a8c6ff1_script);}<\/script>\n<p>Absolut bemerkenswert und daf\u00fcr umso h\u00f6her einzustufen ist dabei insbesondere die Leistung von Lukas, der in der Schule gar kein Latein gelernt hat und sich zum ersten Mal \u00fcberhaupt mit einem intensiveren Latine loqui versucht hat \u2026Chapeau!<br \/>\nNeben einer Urkunde f\u00fcr alle Pr\u00e4mierten gab es \u2013 nat\u00fcrlich passend zu der Aktion \u2013 einen Buchpreis zum Thema Alltagvokabeln in lateinischer Sprache.<br \/>\nWir freuen uns mit den erfolgreichen Gewinnern auf weitere kreative Projekte, die das Fach Latein lebendig und spannend gestalten!<\/p>\n<p><em>S. Track<\/em><\/p>\n","protected":false},"excerpt":{"rendered":"<p>Rund um das Zwischenzeugnis fand die Preisverleihung des \u201aAdventskalenders der modernen lateinischen W\u00f6rter\u2018 statt, den die Fachschaft Latein im Advent 2024 ins Leben gerufen hatte. Diese besondere Aktion erfreute sich insgesamt gro\u00dfer Beliebtheit unter den Sch\u00fcler\/-innen \u2013 wurde damit doch in der Vorweihnachtszeit auch die eine oder andere Unterrichtsstunde mit dem Rezipieren von gleicherma\u00dfen lustigen&hellip;<\/p>\n","protected":false},"author":11,"featured_media":38133,"comment_status":"closed","ping_status":"closed","sticky":false,"template":"","format":"standard","meta":{"footnotes":""},"categories":[1],"tags":[51,67],"_links":{"self":[{"href":"https:\/\/www.rwg-bayreuth.de\/home\/index.php?rest_route=\/wp\/v2\/posts\/38127"}],"collection":[{"href":"https:\/\/www.rwg-bayreuth.de\/home\/index.php?rest_route=\/wp\/v2\/posts"}],"about":[{"href":"https:\/\/www.rwg-bayreuth.de\/home\/index.php?rest_route=\/wp\/v2\/types\/post"}],"author":[{"embeddable":true,"href":"https:\/\/www.rwg-bayreuth.de\/home\/index.php?rest_route=\/wp\/v2\/users\/11"}],"replies":[{"embeddable":true,"href":"https:\/\/www.rwg-bayreuth.de\/home\/index.php?rest_route=%2Fwp%2Fv2%2Fcomments&post=38127"}],"version-history":[{"count":5,"href":"https:\/\/www.rwg-bayreuth.de\/home\/index.php?rest_route=\/wp\/v2\/posts\/38127\/revisions"}],"predecessor-version":[{"id":38292,"href":"https:\/\/www.rwg-bayreuth.de\/home\/index.php?rest_route=\/wp\/v2\/posts\/38127\/revisions\/38292"}],"wp:featuredmedia":[{"embeddable":true,"href":"https:\/\/www.rwg-bayreuth.de\/home\/index.php?rest_route=\/wp\/v2\/media\/38133"}],"wp:attachment":[{"href":"https:\/\/www.rwg-bayreuth.de\/home\/index.php?rest_route=%2Fwp%2Fv2%2Fmedia&parent=38127"}],"wp:term":[{"taxonomy":"category","embeddable":true,"href":"https:\/\/www.rwg-bayreuth.de\/home\/index.php?rest_route=%2Fwp%2Fv2%2Fcategories&post=38127"},{"taxonomy":"post_tag","embeddable":true,"href":"https:\/\/www.rwg-bayreuth.de\/home\/index.php?rest_route=%2Fwp%2Fv2%2Ftags&post=38127"}],"curies":[{"name":"wp","href":"https:\/\/api.w.org\/{rel}","templated":true}]}}