{"id":3804,"date":"2014-07-23T12:10:52","date_gmt":"2014-07-23T10:10:52","guid":{"rendered":"http:\/\/www.rwg-bayreuth.de\/home\/?page_id=3804"},"modified":"2016-11-20T12:09:29","modified_gmt":"2016-11-20T11:09:29","slug":"die-berufsmesse-am-rwg-war-ein-voller-erfolg","status":"publish","type":"post","link":"https:\/\/www.rwg-bayreuth.de\/home\/?p=3804","title":{"rendered":"Auch die zweite Berufsmesse  war ein voller Erfolg"},"content":{"rendered":"<div id=\"attachment_5373\" style=\"width: 360px\" class=\"wp-caption alignleft\"><a href=\"https:\/\/www.rwg-bayreuth.de\/home\/wp-content\/uploads\/2014\/07\/2015_Berufsmesse_web.jpg\"><img loading=\"lazy\" decoding=\"async\" aria-describedby=\"caption-attachment-5373\" src=\"https:\/\/www.rwg-bayreuth.de\/home\/wp-content\/uploads\/2014\/07\/2015_Berufsmesse_web.jpg\" alt=\"An den Infost\u00e4nden in der Turnhalle herrschte reger Andrang.\" width=\"350\" height=\"211\" class=\"size-full wp-image-5373\" srcset=\"https:\/\/www.rwg-bayreuth.de\/home\/wp-content\/uploads\/2014\/07\/2015_Berufsmesse_web.jpg 350w, https:\/\/www.rwg-bayreuth.de\/home\/wp-content\/uploads\/2014\/07\/2015_Berufsmesse_web-150x90.jpg 150w, https:\/\/www.rwg-bayreuth.de\/home\/wp-content\/uploads\/2014\/07\/2015_Berufsmesse_web-300x181.jpg 300w, https:\/\/www.rwg-bayreuth.de\/home\/wp-content\/uploads\/2014\/07\/2015_Berufsmesse_web-250x151.jpg 250w\" sizes=\"(max-width: 350px) 100vw, 350px\" \/><\/a><p id=\"caption-attachment-5373\" class=\"wp-caption-text\">An den Infost\u00e4nden in der Turnhalle herrschte<br \/>\nreger Andrang.<\/p><\/div>\n<p>Auf der zweiten schulinternen Berufsinformationsmesse am RWG hatten die Sch\u00fcler der Q11 die Chance, sich einen Abend lang intensiv \u00fcber Ausbildung und Studium zu informieren.<\/p>\n<p>Die schulinterne Berufsmesse fand im Rahmen der Berufs- und Studienorientierungsphase statt. Die Sch\u00fcler und Sch\u00fclerinnen der Q11 konnten an zahlreichen St\u00e4nden von Unternehmen und Institutionen offene Fragen und Unklarheiten \u00fcber Studium und Ausbildung kl\u00e4ren.<\/p>\n<p>Um 17.30 Uhr versammelten sich die Sch\u00fcler in der Turnhalle, dort begann der Abend mit einer kleinen Ansprache der Schulleiterin Frau Graf und der Begr\u00fc\u00dfung der Unternehmen. Anschlie\u00dfend ging es auch direkt los und alle Sch\u00fcler verteilten sich auf die jeweiligen Informationsst\u00e4nde, f\u00fcr die sie sich besonders interessierten. Unter anderem waren Walraven, die Diakonie, die Universit\u00e4t Bayreuth, die Sparkasse Bayreuth, die Fachhochschule des Mittelstandes, die Hotelfachschule Pegnitz, die Deutsche Rentenversicherung, der Baur-Versand, der Medienanbieter TMT, die Berufsfachschule f\u00fcr Fremdsprachenberufe, die Firma St\u00e4ubli und andere vertreten. <\/p>\n<div id=\"attachment_5372\" style=\"width: 360px\" class=\"wp-caption alignleft\"><a href=\"https:\/\/www.rwg-bayreuth.de\/home\/wp-content\/uploads\/2014\/07\/2015_Berufsmesse_Diakonie_web.jpg\"><img loading=\"lazy\" decoding=\"async\" aria-describedby=\"caption-attachment-5372\" src=\"https:\/\/www.rwg-bayreuth.de\/home\/wp-content\/uploads\/2014\/07\/2015_Berufsmesse_Diakonie_web.jpg\" alt=\"Die Diakonie ist ein Partner des RWG und bietet interessante Berufsm\u00f6glichkeiten.\" width=\"350\" height=\"233\" class=\"size-full wp-image-5372\" srcset=\"https:\/\/www.rwg-bayreuth.de\/home\/wp-content\/uploads\/2014\/07\/2015_Berufsmesse_Diakonie_web.jpg 350w, https:\/\/www.rwg-bayreuth.de\/home\/wp-content\/uploads\/2014\/07\/2015_Berufsmesse_Diakonie_web-150x100.jpg 150w, https:\/\/www.rwg-bayreuth.de\/home\/wp-content\/uploads\/2014\/07\/2015_Berufsmesse_Diakonie_web-300x200.jpg 300w, https:\/\/www.rwg-bayreuth.de\/home\/wp-content\/uploads\/2014\/07\/2015_Berufsmesse_Diakonie_web-250x166.jpg 250w\" sizes=\"(max-width: 350px) 100vw, 350px\" \/><\/a><p id=\"caption-attachment-5372\" class=\"wp-caption-text\">Die Diakonie ist ein Partner des RWG und bietet<br \/>\ninteressante Berufsm\u00f6glichkeiten.<\/p><\/div>\n<p>Zus\u00e4tzlich wurde uns die M\u00f6glichkeit geboten, aus einer Vielzahl von thematisch sehr unterschiedlichen Vortr\u00e4gen auszuw\u00e4hlen und diese in den jeweiligen Klassenr\u00e4umen zu besuchen. Es gab Vortr\u00e4ge \u00fcber die Zukunft der Zeitung\/Journalismus, Medizin und Biotechnologie, Jura, soziale Arbeit, Geo\u00f6kologie und viele mehr.<\/p>\n<p>Durch die Kombination von direkten Gespr\u00e4chen mit den Vertretern der Unternehmen und weiterf\u00fchrenden detaillierten Vortr\u00e4gen waren wir Sch\u00fcler den ganzen Abend besch\u00e4ftigt und konnten uns intensiv \u00fcber zuk\u00fcnftige M\u00f6glichkeiten informieren. Die schulinterne Berufsmesse war somit eine interessante und gelungene Veranstaltung, die den Sch\u00fclern helfen konnte, Fragen \u00fcber ihr sp\u00e4teres Berufsleben zu beantworten und gemeinsam herauszufinden, welche Berufslaufbahn durchaus geeignet ist und von welcher eher abzuraten ist, da sie doch nicht den gew\u00fcnschten Vorstellungen entspricht. <em>Isabel \u00d6chsler, Q11<\/em><\/p>\n<div id=\"attachment_5375\" style=\"width: 360px\" class=\"wp-caption alignleft\"><a href=\"https:\/\/www.rwg-bayreuth.de\/home\/wp-content\/uploads\/2014\/07\/2015_Berufsmesse_Walraven_web.jpg\"><img loading=\"lazy\" decoding=\"async\" aria-describedby=\"caption-attachment-5375\" src=\"https:\/\/www.rwg-bayreuth.de\/home\/wp-content\/uploads\/2014\/07\/2015_Berufsmesse_Walraven_web.jpg\" alt=\"Walraven f\u00fchrt am RWG auch immer wieder Bewerbungstraining durch.\" width=\"350\" height=\"253\" class=\"size-full wp-image-5375\" srcset=\"https:\/\/www.rwg-bayreuth.de\/home\/wp-content\/uploads\/2014\/07\/2015_Berufsmesse_Walraven_web.jpg 350w, https:\/\/www.rwg-bayreuth.de\/home\/wp-content\/uploads\/2014\/07\/2015_Berufsmesse_Walraven_web-150x108.jpg 150w, https:\/\/www.rwg-bayreuth.de\/home\/wp-content\/uploads\/2014\/07\/2015_Berufsmesse_Walraven_web-300x217.jpg 300w, https:\/\/www.rwg-bayreuth.de\/home\/wp-content\/uploads\/2014\/07\/2015_Berufsmesse_Walraven_web-250x181.jpg 250w\" sizes=\"(max-width: 350px) 100vw, 350px\" \/><\/a><p id=\"caption-attachment-5375\" class=\"wp-caption-text\">Walraven f\u00fchrt am RWG auch immer<br \/>\nwieder Bewerbungstraining durch.<\/p><\/div>\n","protected":false},"excerpt":{"rendered":"<p>Auf der zweiten schulinternen Berufsinformationsmesse am RWG hatten die Sch\u00fcler der Q11 die Chance, sich einen Abend lang intensiv \u00fcber Ausbildung und Studium zu informieren. Die schulinterne Berufsmesse fand im Rahmen der Berufs- und Studienorientierungsphase statt. Die Sch\u00fcler und Sch\u00fclerinnen der Q11 konnten an zahlreichen St\u00e4nden von Unternehmen und Institutionen offene Fragen und Unklarheiten \u00fcber&hellip;<\/p>\n","protected":false},"author":2,"featured_media":0,"comment_status":"closed","ping_status":"closed","sticky":false,"template":"","format":"standard","meta":{"footnotes":""},"categories":[],"tags":[],"_links":{"self":[{"href":"https:\/\/www.rwg-bayreuth.de\/home\/index.php?rest_route=\/wp\/v2\/posts\/3804"}],"collection":[{"href":"https:\/\/www.rwg-bayreuth.de\/home\/index.php?rest_route=\/wp\/v2\/posts"}],"about":[{"href":"https:\/\/www.rwg-bayreuth.de\/home\/index.php?rest_route=\/wp\/v2\/types\/post"}],"author":[{"embeddable":true,"href":"https:\/\/www.rwg-bayreuth.de\/home\/index.php?rest_route=\/wp\/v2\/users\/2"}],"replies":[{"embeddable":true,"href":"https:\/\/www.rwg-bayreuth.de\/home\/index.php?rest_route=%2Fwp%2Fv2%2Fcomments&post=3804"}],"version-history":[{"count":6,"href":"https:\/\/www.rwg-bayreuth.de\/home\/index.php?rest_route=\/wp\/v2\/posts\/3804\/revisions"}],"predecessor-version":[{"id":5378,"href":"https:\/\/www.rwg-bayreuth.de\/home\/index.php?rest_route=\/wp\/v2\/posts\/3804\/revisions\/5378"}],"wp:attachment":[{"href":"https:\/\/www.rwg-bayreuth.de\/home\/index.php?rest_route=%2Fwp%2Fv2%2Fmedia&parent=3804"}],"wp:term":[{"taxonomy":"category","embeddable":true,"href":"https:\/\/www.rwg-bayreuth.de\/home\/index.php?rest_route=%2Fwp%2Fv2%2Fcategories&post=3804"},{"taxonomy":"post_tag","embeddable":true,"href":"https:\/\/www.rwg-bayreuth.de\/home\/index.php?rest_route=%2Fwp%2Fv2%2Ftags&post=3804"}],"curies":[{"name":"wp","href":"https:\/\/api.w.org\/{rel}","templated":true}]}}