{"id":37682,"date":"2024-12-13T05:44:02","date_gmt":"2024-12-13T04:44:02","guid":{"rendered":"https:\/\/www.rwg-bayreuth.de\/home\/?p=37682"},"modified":"2025-02-03T15:32:47","modified_gmt":"2025-02-03T14:32:47","slug":"sport-mit-paralympics-star-medaillengewinnerin-leitet-rwg-schuelerinnen-durch-parcours","status":"publish","type":"post","link":"https:\/\/www.rwg-bayreuth.de\/home\/?p=37682","title":{"rendered":"Sport mit Paralympics-Star: Medaillengewinnerin leitet RWG-Sch\u00fclerinnen durch Parcours"},"content":{"rendered":"<p><a href=\"https:\/\/www.rwg-bayreuth.de\/home\/wp-content\/uploads\/2024\/12\/24-25-ParalympicsTeilnehmerin-B.jpg\"><img decoding=\"async\" src=\"https:\/\/www.rwg-bayreuth.de\/home\/wp-content\/uploads\/2024\/12\/24-25-ParalympicsTeilnehmerin-B.jpg\" alt=\"\" width=\"100%\" height=\"auto\" class=\"aligncenter size-full wp-image-37683 crop219\" srcset=\"https:\/\/www.rwg-bayreuth.de\/home\/wp-content\/uploads\/2024\/12\/24-25-ParalympicsTeilnehmerin-B.jpg 2016w, https:\/\/www.rwg-bayreuth.de\/home\/wp-content\/uploads\/2024\/12\/24-25-ParalympicsTeilnehmerin-B-1536x1024.jpg 1536w, https:\/\/www.rwg-bayreuth.de\/home\/wp-content\/uploads\/2024\/12\/24-25-ParalympicsTeilnehmerin-B-150x100.jpg 150w, https:\/\/www.rwg-bayreuth.de\/home\/wp-content\/uploads\/2024\/12\/24-25-ParalympicsTeilnehmerin-B-450x300.jpg 450w, https:\/\/www.rwg-bayreuth.de\/home\/wp-content\/uploads\/2024\/12\/24-25-ParalympicsTeilnehmerin-B-768x512.jpg 768w, https:\/\/www.rwg-bayreuth.de\/home\/wp-content\/uploads\/2024\/12\/24-25-ParalympicsTeilnehmerin-B-1024x683.jpg 1024w, https:\/\/www.rwg-bayreuth.de\/home\/wp-content\/uploads\/2024\/12\/24-25-ParalympicsTeilnehmerin-B-250x167.jpg 250w, https:\/\/www.rwg-bayreuth.de\/home\/wp-content\/uploads\/2024\/12\/24-25-ParalympicsTeilnehmerin-B-900x600.jpg 900w\" sizes=\"(max-width: 2016px) 100vw, 2016px\" \/><\/a><\/p>\n<p>Maria Paulig ist Guide \u2013 also Begleitperson \u2013 f\u00fcr die paralympische Triathletin Anja Renner. Sie ist damit eine von f\u00fcnf im deutschen Kader, die in Paris dabei waren und unterst\u00fctzte ihre sehbehinderte Partnerin dabei, 750 Meter zu schwimmen, 20 Kilometer Rad zu fahren und f\u00fcnf Kilometer zu laufen. Eine Stunde und acht Minuten brauchten Renner und Paulig daf\u00fcr und wurden mit der Bronzemedaille belohnt. <\/p>\n<p><a href=\"https:\/\/www.rwg-bayreuth.de\/home\/wp-content\/uploads\/2025\/01\/24-25-ParalympicsTeilnehmerin-1.jpg\"><img loading=\"lazy\" decoding=\"async\" src=\"https:\/\/www.rwg-bayreuth.de\/home\/wp-content\/uploads\/2025\/01\/24-25-ParalympicsTeilnehmerin-1-338x450.jpg\" alt=\"\" width=\"338\" height=\"450\" class=\"alignright size-medium wp-image-37706\" style=\"max-width:35%\" srcset=\"https:\/\/www.rwg-bayreuth.de\/home\/wp-content\/uploads\/2025\/01\/24-25-ParalympicsTeilnehmerin-1-338x450.jpg 338w, https:\/\/www.rwg-bayreuth.de\/home\/wp-content\/uploads\/2025\/01\/24-25-ParalympicsTeilnehmerin-1-1152x1536.jpg 1152w, https:\/\/www.rwg-bayreuth.de\/home\/wp-content\/uploads\/2025\/01\/24-25-ParalympicsTeilnehmerin-1-113x150.jpg 113w, https:\/\/www.rwg-bayreuth.de\/home\/wp-content\/uploads\/2025\/01\/24-25-ParalympicsTeilnehmerin-1-768x1024.jpg 768w, https:\/\/www.rwg-bayreuth.de\/home\/wp-content\/uploads\/2025\/01\/24-25-ParalympicsTeilnehmerin-1-250x333.jpg 250w, https:\/\/www.rwg-bayreuth.de\/home\/wp-content\/uploads\/2025\/01\/24-25-ParalympicsTeilnehmerin-1.jpg 1512w\" sizes=\"(max-width: 338px) 100vw, 338px\" \/><\/a>Am 11.12.24 erz\u00e4hlte sie am RWG viel Interessantes \u00fcber die Paralympics und zeigte dann, wie Hindernisse gemeinsam \u00fcberwunden werden.<\/p>\n<p>Zuerst ist in der evangelischen Religionsklasse 8de Verfassungsviertelstunde bei Frau K\u00f6rber angesagt, diese dauert ausnahmsweise einmal 45 Minuten. Der Bezug: Artikel 1 Grundgesetz \u2013 \u201eDie W\u00fcrde des Menschen ist unantastbar\u201c. Die Aussage: Alle Menschen sind gleichwertig und verdienen daher auch die gleichen Chancen. Ein Grundsatz, der auch f\u00fcr die aktive Gestaltung des eigenen Lebens in Bezug auf den Sport gilt und Maria Paulig unterst\u00fctzt mit ihrer Arbeit, die behinderten Sportlern hilft, eben genau diese Gleichwertigkeit.<\/p>\n<p>In der zweiten Schulstunde geht Paulig in die Sporthalle des RWG, wo Frau Rupp die M\u00e4dchen der neunten Klasse in Sport unterrichtet. Die beiden haben sich vorbereitet \u2013 gemeinsam mit ihrem Trainer hat Paulig einen Parcours entwickelt. Der soll einen Eindruck davon vermitteln, wie viel Teamarbeit drinsteckt, wenn Sehbehinderte mit ihren Guides antreten.<\/p>\n<div class=\"su-image-carousel  clear su-image-carousel-columns-2 su-image-carousel-has-spacing su-image-carousel-crop su-image-carousel-crop-4-3 su-image-carousel-has-lightbox su-image-carousel-has-outline su-image-carousel-slides-style-minimal su-image-carousel-controls-style-light su-image-carousel-align-center\" style=\"\" data-flickity-options='{\"groupCells\":true,\"cellSelector\":\".su-image-carousel-item\",\"adaptiveHeight\":false,\"cellAlign\":\"left\",\"prevNextButtons\":true,\"pageDots\":false,\"autoPlay\":4000,\"imagesLoaded\":true,\"contain\":true,\"selectedAttraction\":0.025000000000000001,\"friction\":0.28000000000000003}' id=\"su_image_carousel_69f1be137c837\"><div class=\"su-image-carousel-item\"><div class=\"su-image-carousel-item-content\"><a href=\"https:\/\/www.rwg-bayreuth.de\/home\/wp-content\/uploads\/2025\/01\/24-25-ParalympicsTeilnehmerin-2.jpg\" data-caption=\"\"><img loading=\"lazy\" decoding=\"async\" width=\"2016\" height=\"1512\" src=\"https:\/\/www.rwg-bayreuth.de\/home\/wp-content\/uploads\/2025\/01\/24-25-ParalympicsTeilnehmerin-2.jpg\" class=\"\" alt=\"\" srcset=\"https:\/\/www.rwg-bayreuth.de\/home\/wp-content\/uploads\/2025\/01\/24-25-ParalympicsTeilnehmerin-2.jpg 2016w, https:\/\/www.rwg-bayreuth.de\/home\/wp-content\/uploads\/2025\/01\/24-25-ParalympicsTeilnehmerin-2-1536x1152.jpg 1536w, https:\/\/www.rwg-bayreuth.de\/home\/wp-content\/uploads\/2025\/01\/24-25-ParalympicsTeilnehmerin-2-150x113.jpg 150w, https:\/\/www.rwg-bayreuth.de\/home\/wp-content\/uploads\/2025\/01\/24-25-ParalympicsTeilnehmerin-2-450x338.jpg 450w, https:\/\/www.rwg-bayreuth.de\/home\/wp-content\/uploads\/2025\/01\/24-25-ParalympicsTeilnehmerin-2-768x576.jpg 768w, https:\/\/www.rwg-bayreuth.de\/home\/wp-content\/uploads\/2025\/01\/24-25-ParalympicsTeilnehmerin-2-1024x768.jpg 1024w, https:\/\/www.rwg-bayreuth.de\/home\/wp-content\/uploads\/2025\/01\/24-25-ParalympicsTeilnehmerin-2-250x188.jpg 250w\" sizes=\"(max-width: 2016px) 100vw, 2016px\" \/><\/a><\/div><\/div><div class=\"su-image-carousel-item\"><div class=\"su-image-carousel-item-content\"><a href=\"https:\/\/www.rwg-bayreuth.de\/home\/wp-content\/uploads\/2025\/01\/24-25-ParalympicsTeilnehmerin-3.jpg\" data-caption=\"\"><img loading=\"lazy\" decoding=\"async\" width=\"2016\" height=\"1512\" src=\"https:\/\/www.rwg-bayreuth.de\/home\/wp-content\/uploads\/2025\/01\/24-25-ParalympicsTeilnehmerin-3.jpg\" class=\"\" alt=\"\" srcset=\"https:\/\/www.rwg-bayreuth.de\/home\/wp-content\/uploads\/2025\/01\/24-25-ParalympicsTeilnehmerin-3.jpg 2016w, https:\/\/www.rwg-bayreuth.de\/home\/wp-content\/uploads\/2025\/01\/24-25-ParalympicsTeilnehmerin-3-1536x1152.jpg 1536w, https:\/\/www.rwg-bayreuth.de\/home\/wp-content\/uploads\/2025\/01\/24-25-ParalympicsTeilnehmerin-3-150x113.jpg 150w, https:\/\/www.rwg-bayreuth.de\/home\/wp-content\/uploads\/2025\/01\/24-25-ParalympicsTeilnehmerin-3-450x338.jpg 450w, https:\/\/www.rwg-bayreuth.de\/home\/wp-content\/uploads\/2025\/01\/24-25-ParalympicsTeilnehmerin-3-768x576.jpg 768w, https:\/\/www.rwg-bayreuth.de\/home\/wp-content\/uploads\/2025\/01\/24-25-ParalympicsTeilnehmerin-3-1024x768.jpg 1024w, https:\/\/www.rwg-bayreuth.de\/home\/wp-content\/uploads\/2025\/01\/24-25-ParalympicsTeilnehmerin-3-250x188.jpg 250w\" sizes=\"(max-width: 2016px) 100vw, 2016px\" \/><\/a><\/div><\/div><\/div><script id=\"su_image_carousel_69f1be137c837_script\">if(window.SUImageCarousel){setTimeout(function() {window.SUImageCarousel.initGallery(document.getElementById(\"su_image_carousel_69f1be137c837\"))}, 0);}var su_image_carousel_69f1be137c837_script=document.getElementById(\"su_image_carousel_69f1be137c837_script\");if(su_image_carousel_69f1be137c837_script){su_image_carousel_69f1be137c837_script.parentNode.removeChild(su_image_carousel_69f1be137c837_script);}<\/script>\n<p>Erst m\u00fcssen die M\u00e4dchen Schwimmen simulieren: sich mit ihren Armen eine Bank entlangziehen. Anschlie\u00dfend einen Tennisball in einen Kasten werfen, danach ihre Partnerin auf einer Rutschmatte ziehen. Und zum Schluss: Ihre Turnschuhe wieder anziehen und der Partnerin mit der Brille dabei helfen. Denn die Guides m\u00fcssen w\u00e4hrend des Disziplinwechsels im Wettkampf auch darauf achten, dass alles korrekt angezogen ist. Auch die Original-Hilfsmittel, wie ein Band \u00fcber den Oberschenkel zum Schwimmen und eine Art Brustgeschirr zum Laufen d\u00fcrfen die Sch\u00fclerinnen ausprobieren. <\/p>\n<p>Im Anschluss werden zahlreiche Fragen beantwortet und nat\u00fcrlich d\u00fcrfen auch alle die Medaille in Augenschein nehmen. Hier zeigen sich viele \u00fcberraschte Gesichter, dar\u00fcber, wie schwer Pauligs Medaille ist. Viele Augenbrauen gehen \u00fcberrascht hoch, als Paulig ihre 455 Gramm schwere Medaille herumreicht.<\/p>\n<p>Nicht nur f\u00fcr die Sch\u00fclerinnen und Sch\u00fcler, sondern auch f\u00fcr Maria Paulig war es ein gelungener Vormittag. \u201eIch war etwas \u00fcberrascht, dass die Sch\u00fcler so viele tiefgr\u00fcndige Fragen haben und so aufmerksam sind \u2013 ich glaube in meiner Schulzeit war das anders\u201c, sagt sie im Gespr\u00e4ch mit der Redaktion des Nordbayerischen Kuriers, der w\u00e4hrend der Aktion vor Ort war und in seiner Ausgabe vom 13.12.24 berichtete. <\/p>\n<p>Wir bedanken uns bei Maria Paulig f\u00fcr das tolle Erlebnis und hoffe auf eine Wiederholung mit mehr Zeit, vielleicht an einem der n\u00e4chsten Projekttage. <\/p>\n<p><em>K. K\u00f6rber<\/em><\/p>\n","protected":false},"excerpt":{"rendered":"<p>Maria Paulig ist Guide \u2013 also Begleitperson \u2013 f\u00fcr die paralympische Triathletin Anja Renner. Sie ist damit eine von f\u00fcnf im deutschen Kader, die in Paris dabei waren und unterst\u00fctzte ihre sehbehinderte Partnerin dabei, 750 Meter zu schwimmen, 20 Kilometer Rad zu fahren und f\u00fcnf Kilometer zu laufen. Eine Stunde und acht Minuten brauchten Renner&hellip;<\/p>\n","protected":false},"author":11,"featured_media":37683,"comment_status":"closed","ping_status":"closed","sticky":false,"template":"","format":"standard","meta":{"footnotes":""},"categories":[1],"tags":[51,61,63],"_links":{"self":[{"href":"https:\/\/www.rwg-bayreuth.de\/home\/index.php?rest_route=\/wp\/v2\/posts\/37682"}],"collection":[{"href":"https:\/\/www.rwg-bayreuth.de\/home\/index.php?rest_route=\/wp\/v2\/posts"}],"about":[{"href":"https:\/\/www.rwg-bayreuth.de\/home\/index.php?rest_route=\/wp\/v2\/types\/post"}],"author":[{"embeddable":true,"href":"https:\/\/www.rwg-bayreuth.de\/home\/index.php?rest_route=\/wp\/v2\/users\/11"}],"replies":[{"embeddable":true,"href":"https:\/\/www.rwg-bayreuth.de\/home\/index.php?rest_route=%2Fwp%2Fv2%2Fcomments&post=37682"}],"version-history":[{"count":11,"href":"https:\/\/www.rwg-bayreuth.de\/home\/index.php?rest_route=\/wp\/v2\/posts\/37682\/revisions"}],"predecessor-version":[{"id":38040,"href":"https:\/\/www.rwg-bayreuth.de\/home\/index.php?rest_route=\/wp\/v2\/posts\/37682\/revisions\/38040"}],"wp:featuredmedia":[{"embeddable":true,"href":"https:\/\/www.rwg-bayreuth.de\/home\/index.php?rest_route=\/wp\/v2\/media\/37683"}],"wp:attachment":[{"href":"https:\/\/www.rwg-bayreuth.de\/home\/index.php?rest_route=%2Fwp%2Fv2%2Fmedia&parent=37682"}],"wp:term":[{"taxonomy":"category","embeddable":true,"href":"https:\/\/www.rwg-bayreuth.de\/home\/index.php?rest_route=%2Fwp%2Fv2%2Fcategories&post=37682"},{"taxonomy":"post_tag","embeddable":true,"href":"https:\/\/www.rwg-bayreuth.de\/home\/index.php?rest_route=%2Fwp%2Fv2%2Ftags&post=37682"}],"curies":[{"name":"wp","href":"https:\/\/api.w.org\/{rel}","templated":true}]}}