{"id":3759,"date":"2014-07-18T10:01:50","date_gmt":"2014-07-18T08:01:50","guid":{"rendered":"http:\/\/www.rwg-bayreuth.de\/home\/?p=3759"},"modified":"2014-07-18T11:09:44","modified_gmt":"2014-07-18T09:09:44","slug":"3759","status":"publish","type":"post","link":"https:\/\/www.rwg-bayreuth.de\/home\/?p=3759","title":{"rendered":"Preise f\u00fcr die jungen K\u00fcnstler"},"content":{"rendered":"<div id=\"attachment_3760\" style=\"width: 360px\" class=\"wp-caption alignleft\"><a href=\"https:\/\/www.rwg-bayreuth.de\/home\/wp-content\/uploads\/2014\/07\/2014_Kunstpause_Juli.jpg\"><img loading=\"lazy\" decoding=\"async\" aria-describedby=\"caption-attachment-3760\" src=\"https:\/\/www.rwg-bayreuth.de\/home\/wp-content\/uploads\/2014\/07\/2014_Kunstpause_Juli.jpg\" alt=\"Die Kunstpause war f\u00fcr Schulleiterin Graf (links)  eine gute Gelegenheit, die Preistr\u00e4ger zu ehren\" width=\"350\" height=\"252\" class=\"size-full wp-image-3760\" srcset=\"https:\/\/www.rwg-bayreuth.de\/home\/wp-content\/uploads\/2014\/07\/2014_Kunstpause_Juli.jpg 350w, https:\/\/www.rwg-bayreuth.de\/home\/wp-content\/uploads\/2014\/07\/2014_Kunstpause_Juli-150x108.jpg 150w, https:\/\/www.rwg-bayreuth.de\/home\/wp-content\/uploads\/2014\/07\/2014_Kunstpause_Juli-300x216.jpg 300w, https:\/\/www.rwg-bayreuth.de\/home\/wp-content\/uploads\/2014\/07\/2014_Kunstpause_Juli-250x180.jpg 250w\" sizes=\"(max-width: 350px) 100vw, 350px\" \/><\/a><p id=\"caption-attachment-3760\" class=\"wp-caption-text\">Die Kunstpause war f\u00fcr Schulleiterin Graf (links)  eine gute Gelegenheit, die Preistr\u00e4ger zu ehren<\/p><\/div>Beim diesj\u00e4hrigen Europ\u00e4ischen Wettbewerb 2014 zum Thema \u201eWie wollen wir le\u00acben in Europa\u201c erhielten unsere Sch\u00fclerinnen und Sch\u00fcler Preise und Urkunden f\u00fcr ihre Kunstarbeiten. Ge\u00aczeichnet und gemalt wurden Bilder, Comics und Daumenkinos, und in der Auseinander\u00acsetzung mit der \u201eSchule der Zukunft\u201c wurden sogar Architekturmodelle gebastelt. <\/p>\n<p>Wir haben zwei Bundessiegerinnen an unserer Schule. Zum Thema \u201eChillen oder Schuften\u201c erhielt die Sch\u00fclerin Samatha Reinhold (Klas\u00acse 10c) eine Reise in den Sommerferien in die Europ\u00e4ische Jugendbegegnungsst\u00e4tte Ot\u00aczenhausen. Stephanie Schreiner (Klasse 9b) erhielt einen Preis des Bundestagspr\u00e4sidenten. Die Urkunden f\u00fcr die ersten Siege\u00acrinnen wurden in einer feierlichen Stunde im Rektorat verliehen.<\/p>\n<p>Auch die Arbeiten von Antonia Hirsch (5d), die sich mit dem Thema \u201eZukunft\u201c auseinandersetzte, Jana Dimitrova (5e) und Tizian K\u00fcffner (5b), die das Thema \u201eEndlich Schulfrei\u201c bebilderten, sowie die Arbeiten von Emmi Gareis (8d) und Mara Wirth (8a) aus der Klassenstufe 8 wurden auf Bundesebene eingereicht und erhielten eine Teilnahmeurkunde.<\/p>\n<p>Eine Urkunde auf Landesebene erhielten Marie Leonhardt (5e), Antonia Meinhardt (6d), Valentina K\u00f6hler (5a), Merle Wei\u00df (5b), Chris P\u00f6hlmann (6b), Fabian Sailer (6b), Franziska Maier (10a), Konstanze Gleich (8c), Vjolca Mustafa (10a), Maja Lowack (8a), Samantha Reinhold (10c), Antonia Hirsch (5d), Jana Dimitrova (5e), Tizian K\u00fcffner (5b), Mara Wirth (8a), Emmi Gareis (8d) und Ste\u00acphanie Schreiner (9b).<\/p>\n","protected":false},"excerpt":{"rendered":"<p>Beim diesj\u00e4hrigen Europ\u00e4ischen Wettbewerb 2014 zum Thema \u201eWie wollen wir le\u00acben in Europa\u201c erhielten unsere Sch\u00fclerinnen und Sch\u00fcler Preise und Urkunden f\u00fcr ihre Kunstarbeiten. Ge\u00aczeichnet und gemalt wurden Bilder, Comics und Daumenkinos, und in der Auseinander\u00acsetzung mit der \u201eSchule der Zukunft\u201c wurden sogar Architekturmodelle gebastelt. Wir haben zwei Bundessiegerinnen an unserer Schule. Zum Thema \u201eChillen&hellip;<\/p>\n","protected":false},"author":2,"featured_media":0,"comment_status":"closed","ping_status":"closed","sticky":false,"template":"","format":"standard","meta":{"footnotes":""},"categories":[1],"tags":[],"_links":{"self":[{"href":"https:\/\/www.rwg-bayreuth.de\/home\/index.php?rest_route=\/wp\/v2\/posts\/3759"}],"collection":[{"href":"https:\/\/www.rwg-bayreuth.de\/home\/index.php?rest_route=\/wp\/v2\/posts"}],"about":[{"href":"https:\/\/www.rwg-bayreuth.de\/home\/index.php?rest_route=\/wp\/v2\/types\/post"}],"author":[{"embeddable":true,"href":"https:\/\/www.rwg-bayreuth.de\/home\/index.php?rest_route=\/wp\/v2\/users\/2"}],"replies":[{"embeddable":true,"href":"https:\/\/www.rwg-bayreuth.de\/home\/index.php?rest_route=%2Fwp%2Fv2%2Fcomments&post=3759"}],"version-history":[{"count":3,"href":"https:\/\/www.rwg-bayreuth.de\/home\/index.php?rest_route=\/wp\/v2\/posts\/3759\/revisions"}],"predecessor-version":[{"id":3763,"href":"https:\/\/www.rwg-bayreuth.de\/home\/index.php?rest_route=\/wp\/v2\/posts\/3759\/revisions\/3763"}],"wp:attachment":[{"href":"https:\/\/www.rwg-bayreuth.de\/home\/index.php?rest_route=%2Fwp%2Fv2%2Fmedia&parent=3759"}],"wp:term":[{"taxonomy":"category","embeddable":true,"href":"https:\/\/www.rwg-bayreuth.de\/home\/index.php?rest_route=%2Fwp%2Fv2%2Fcategories&post=3759"},{"taxonomy":"post_tag","embeddable":true,"href":"https:\/\/www.rwg-bayreuth.de\/home\/index.php?rest_route=%2Fwp%2Fv2%2Ftags&post=3759"}],"curies":[{"name":"wp","href":"https:\/\/api.w.org\/{rel}","templated":true}]}}